{"id":179245,"date":"2024-09-27T13:42:51","date_gmt":"2024-09-27T11:42:51","guid":{"rendered":"https:\/\/graziamagazine.com\/es\/?post_type=articles&#038;p=179245"},"modified":"2024-09-27T13:42:51","modified_gmt":"2024-09-27T11:42:51","slug":"pedro-almodovar-celebra-44-anos-de-carrera-en-san-sebastian","status":"publish","type":"articles","link":"https:\/\/graziamagazine.com\/es\/articles\/pedro-almodovar-celebra-44-anos-de-carrera-en-san-sebastian\/","title":{"rendered":"Pedro Almod\u00f3var celebra 44 a\u00f1os de carrera en San Sebasti\u00e1n"},"content":{"rendered":"<p><span style=\"font-weight: 400\">Tras ganar el Le\u00f3n de Oro en el Festival de Cine de Venecia por su debut en ingl\u00e9s, \u201cLa habitaci\u00f3n de al lado\u201d, el autor espa\u00f1ol Pedro Almod\u00f3var se acerc\u00f3 a su casa, al Festival de Cine de San Sebasti\u00e1n, para celebrar tanto la pel\u00edcula como su nuevo reconocimiento, el Premio Donostia a la trayectoria profesional.<\/span><\/p>\n<p><span style=\"font-weight: 400\">En la conferencia de prensa, Almod\u00f3var dijo que su primer largometraje, \u201cPepi, Luci, Bon\u201d, se estren\u00f3 por primera vez en San Sebasti\u00e1n en 1980 y que desde que lleg\u00f3 al festival el mi\u00e9rcoles, que tambi\u00e9n era su cumplea\u00f1os, 74 se hab\u00eda sentido abrumado por una \u201cenorme cantidad de emoci\u00f3n\u201d al reflexionar sobre los 44 a\u00f1os de cine desde entonces y el impacto que el festival hab\u00eda tenido en su carrera.<\/span><\/p>\n        <blockquote class=\"instagram-media \" style=\"background: #ffffff;border: 0;margin: 1px;width: 100%;padding: 0;\"  data-instgrm-permalink=\"https:\/\/www.instagram.com\/p\/DAY5Hsygoj8\/?img_index=2\" data-instgrm-version=\"14\"><\/blockquote>\n<p><span style=\"font-weight: 400\">\u201cNo pod\u00eda parar de llorar y las l\u00e1grimas corr\u00edan por mis mejillas\u201d, dijo. \u201cHa sido mucho m\u00e1s emotiva de lo que esperaba, casi excesivamente emotiva\u201d.<\/span><\/p>\n<p><span style=\"font-weight: 400\">Almod\u00f3var se\u00f1al\u00f3 que \u201cPepi, Luci, Bon\u201d \u2014que atrajo la atenci\u00f3n por su mezcla de melodrama, modernidad de la Movida y una escena de lluvia dorada m\u00e1s un anuncio de perfumes tirados por pedos creado por su protagonista, que trabaja en una agencia de publicidad\u2014 era una \u201cpel\u00edcula muy defectuosa\u201d. Pero dijo que tambi\u00e9n era \u201cel comienzo\u201d para \u00e9l y una carrera que abarcar\u00eda unas 23 pel\u00edculas.<\/span><\/p>\n<p><span style=\"font-weight: 400\">\u201cAs\u00ed que cuando llegu\u00e9 ayer al hotel, me di cuenta de que en estos 44 a\u00f1os desde entonces, las cosas hab\u00edan cambiado enormemente, en general en el mundo pero tambi\u00e9n en mi vida. Pero esta ciudad sigue provoc\u00e1ndome emociones muy profundas 44 a\u00f1os despu\u00e9s\u201d.<\/span><\/p>\n<p><span style=\"font-weight: 400\">A lo largo de su trayectoria, Pedro Almod\u00f3var dijo que \u201calgunos fueron mejores que otros, pero todos son m\u00edos, todos me pertenecen y creo que este es un privilegio que, lamentablemente, no todos los directores pueden decir\u201d.\u00a0<\/span><\/p>\n        <blockquote class=\"instagram-media \" style=\"background: #ffffff;border: 0;margin: 1px;width: 100%;padding: 0;\"  data-instgrm-permalink=\"https:\/\/www.instagram.com\/p\/DAanKkHpKb0\/\" data-instgrm-version=\"14\"><\/blockquote>\n<p><span style=\"font-weight: 400\">Agreg\u00f3 que, junto con su hermano productor Agust\u00edn Almod\u00f3var, con quien fund\u00f3 la productora El Deseo, los dos siempre hab\u00edan tenido el \u201cdeseo de ser aut\u00f3nomos e independientes y ser due\u00f1os de lo que hac\u00edamos\u201d.<\/span><\/p>\n<p><em>*Imagen: Getty Images<\/em><\/p>\n","protected":false},"author":16349,"featured_media":179268,"template":"","format":"standard","categories":[2971,5592],"acf":{"banner":null},"yoast_head":"<!-- This site is optimized with the Yoast SEO Premium plugin v18.5 (Yoast SEO v20.4) - https:\/\/yoast.com\/wordpress\/plugins\/seo\/ -->\n<title>Pedro Almod\u00f3var celebra 44 a\u00f1os de carrera en San Sebasti\u00e1n<\/title>\n<meta name=\"description\" content=\"El director manchego recogi\u00f3 el Premio Donostia y present\u00f3 su \u00faltima pel\u00edcula, &#039;La habitaci\u00f3n de al lado&#039;, junto a Tilda Swinton.\" \/>\n<meta name=\"robots\" content=\"index, follow, max-snippet:-1, max-image-preview:large, max-video-preview:-1\" \/>\n<link rel=\"canonical\" href=\"https:\/\/graziamagazine.com\/es\/articles\/pedro-almodovar-celebra-44-anos-de-carrera-en-san-sebastian\/\" \/>\n<meta property=\"og:locale\" content=\"es_ES\" \/>\n<meta property=\"og:type\" content=\"article\" \/>\n<meta property=\"og:title\" content=\"Pedro Almod\u00f3var celebra 44 a\u00f1os de carrera en San Sebasti\u00e1n\" \/>\n<meta property=\"og:description\" content=\"El director manchego recogi\u00f3 el Premio Donostia y present\u00f3 su \u00faltima pel\u00edcula, &#039;La habitaci\u00f3n de al lado&#039;, junto a Tilda Swinton.\" \/>\n<meta property=\"og:url\" content=\"https:\/\/graziamagazine.com\/es\/articles\/pedro-almodovar-celebra-44-anos-de-carrera-en-san-sebastian\/\" \/>\n<meta property=\"og:site_name\" content=\"Grazia\" \/>\n<meta property=\"og:image\" content=\"https:\/\/graziamagazine.com\/es\/wp-content\/uploads\/sites\/12\/2024\/09\/2OSZRL7RXZBR7JY34BFPJLZOIM-copia.jpg\" \/>\n\t<meta property=\"og:image:width\" content=\"1920\" \/>\n\t<meta property=\"og:image:height\" content=\"1440\" \/>\n\t<meta property=\"og:image:type\" content=\"image\/jpeg\" \/>\n<meta name=\"twitter:card\" content=\"summary_large_image\" \/>\n<meta name=\"twitter:label1\" content=\"Est. reading time\" \/>\n\t<meta name=\"twitter:data1\" content=\"2 minutos\" \/>\n<script type=\"application\/ld+json\" class=\"yoast-schema-graph\">{\"@context\":\"https:\/\/schema.org\",\"@graph\":[{\"@type\":\"WebPage\",\"@id\":\"https:\/\/graziamagazine.com\/es\/articles\/pedro-almodovar-celebra-44-anos-de-carrera-en-san-sebastian\/\",\"url\":\"https:\/\/graziamagazine.com\/es\/articles\/pedro-almodovar-celebra-44-anos-de-carrera-en-san-sebastian\/\",\"name\":\"Pedro Almod\u00f3var celebra 44 a\u00f1os de carrera en San Sebasti\u00e1n\",\"isPartOf\":{\"@id\":\"https:\/\/graziamagazine.com\/es\/#website\"},\"datePublished\":\"2024-09-27T11:42:51+00:00\",\"dateModified\":\"2024-09-27T11:42:51+00:00\",\"description\":\"El director manchego recogi\u00f3 el Premio Donostia y present\u00f3 su \u00faltima pel\u00edcula, 'La habitaci\u00f3n de al lado', junto a Tilda Swinton.\",\"breadcrumb\":{\"@id\":\"https:\/\/graziamagazine.com\/es\/articles\/pedro-almodovar-celebra-44-anos-de-carrera-en-san-sebastian\/#breadcrumb\"},\"inLanguage\":\"es\",\"potentialAction\":[{\"@type\":\"ReadAction\",\"target\":[\"https:\/\/graziamagazine.com\/es\/articles\/pedro-almodovar-celebra-44-anos-de-carrera-en-san-sebastian\/\"]}]},{\"@type\":\"BreadcrumbList\",\"@id\":\"https:\/\/graziamagazine.com\/es\/articles\/pedro-almodovar-celebra-44-anos-de-carrera-en-san-sebastian\/#breadcrumb\",\"itemListElement\":[{\"@type\":\"ListItem\",\"position\":1,\"name\":\"Portada\",\"item\":\"https:\/\/graziamagazine.com\/es\/\"},{\"@type\":\"ListItem\",\"position\":2,\"name\":\"Pedro Almod\u00f3var celebra 44 a\u00f1os de carrera en San Sebasti\u00e1n\"}]},{\"@type\":\"WebSite\",\"@id\":\"https:\/\/graziamagazine.com\/es\/#website\",\"url\":\"https:\/\/graziamagazine.com\/es\/\",\"name\":\"Grazia\",\"description\":\"Moda, belleza, celebrities, estilo de vida...\",\"potentialAction\":[{\"@type\":\"SearchAction\",\"target\":{\"@type\":\"EntryPoint\",\"urlTemplate\":\"https:\/\/graziamagazine.com\/es\/?s={search_term_string}\"},\"query-input\":\"required name=search_term_string\"}],\"inLanguage\":\"es\"}]}<\/script>\n<!-- \/ Yoast SEO Premium plugin. -->","yoast_head_json":{"title":"Pedro Almod\u00f3var celebra 44 a\u00f1os de carrera en San Sebasti\u00e1n","description":"El director manchego recogi\u00f3 el Premio Donostia y present\u00f3 su \u00faltima pel\u00edcula, 'La habitaci\u00f3n de al lado', junto a Tilda Swinton.","robots":{"index":"index","follow":"follow","max-snippet":"max-snippet:-1","max-image-preview":"max-image-preview:large","max-video-preview":"max-video-preview:-1"},"canonical":"https:\/\/graziamagazine.com\/es\/articles\/pedro-almodovar-celebra-44-anos-de-carrera-en-san-sebastian\/","og_locale":"es_ES","og_type":"article","og_title":"Pedro Almod\u00f3var celebra 44 a\u00f1os de carrera en San Sebasti\u00e1n","og_description":"El director manchego recogi\u00f3 el Premio Donostia y present\u00f3 su \u00faltima pel\u00edcula, 'La habitaci\u00f3n de al lado', junto a Tilda Swinton.","og_url":"https:\/\/graziamagazine.com\/es\/articles\/pedro-almodovar-celebra-44-anos-de-carrera-en-san-sebastian\/","og_site_name":"Grazia","og_image":[{"width":1920,"height":1440,"url":"https:\/\/graziamagazine.com\/es\/wp-content\/uploads\/sites\/12\/2024\/09\/2OSZRL7RXZBR7JY34BFPJLZOIM-copia.jpg","type":"image\/jpeg"}],"twitter_card":"summary_large_image","twitter_misc":{"Est. reading time":"2 minutos"},"schema":{"@context":"https:\/\/schema.org","@graph":[{"@type":"WebPage","@id":"https:\/\/graziamagazine.com\/es\/articles\/pedro-almodovar-celebra-44-anos-de-carrera-en-san-sebastian\/","url":"https:\/\/graziamagazine.com\/es\/articles\/pedro-almodovar-celebra-44-anos-de-carrera-en-san-sebastian\/","name":"Pedro Almod\u00f3var celebra 44 a\u00f1os de carrera en San Sebasti\u00e1n","isPartOf":{"@id":"https:\/\/graziamagazine.com\/es\/#website"},"datePublished":"2024-09-27T11:42:51+00:00","dateModified":"2024-09-27T11:42:51+00:00","description":"El director manchego recogi\u00f3 el Premio Donostia y present\u00f3 su \u00faltima pel\u00edcula, 'La habitaci\u00f3n de al lado', junto a Tilda Swinton.","breadcrumb":{"@id":"https:\/\/graziamagazine.com\/es\/articles\/pedro-almodovar-celebra-44-anos-de-carrera-en-san-sebastian\/#breadcrumb"},"inLanguage":"es","potentialAction":[{"@type":"ReadAction","target":["https:\/\/graziamagazine.com\/es\/articles\/pedro-almodovar-celebra-44-anos-de-carrera-en-san-sebastian\/"]}]},{"@type":"BreadcrumbList","@id":"https:\/\/graziamagazine.com\/es\/articles\/pedro-almodovar-celebra-44-anos-de-carrera-en-san-sebastian\/#breadcrumb","itemListElement":[{"@type":"ListItem","position":1,"name":"Portada","item":"https:\/\/graziamagazine.com\/es\/"},{"@type":"ListItem","position":2,"name":"Pedro Almod\u00f3var celebra 44 a\u00f1os de carrera en San Sebasti\u00e1n"}]},{"@type":"WebSite","@id":"https:\/\/graziamagazine.com\/es\/#website","url":"https:\/\/graziamagazine.com\/es\/","name":"Grazia","description":"Moda, belleza, celebrities, estilo de vida...","potentialAction":[{"@type":"SearchAction","target":{"@type":"EntryPoint","urlTemplate":"https:\/\/graziamagazine.com\/es\/?s={search_term_string}"},"query-input":"required name=search_term_string"}],"inLanguage":"es"}]}},"jetpack_sharing_enabled":true,"distributor_meta":false,"distributor_terms":false,"distributor_media":false,"distributor_original_site_name":"Grazia","distributor_original_site_url":"https:\/\/graziamagazine.com\/es","push-errors":false,"_links":{"self":[{"href":"https:\/\/graziamagazine.com\/es\/wp-json\/wp\/v2\/articles\/179245"}],"collection":[{"href":"https:\/\/graziamagazine.com\/es\/wp-json\/wp\/v2\/articles"}],"about":[{"href":"https:\/\/graziamagazine.com\/es\/wp-json\/wp\/v2\/types\/articles"}],"author":[{"embeddable":true,"href":"https:\/\/graziamagazine.com\/es\/wp-json\/wp\/v2\/users\/16349"}],"wp:featuredmedia":[{"embeddable":true,"href":"https:\/\/graziamagazine.com\/es\/wp-json\/wp\/v2\/media\/179268"}],"wp:attachment":[{"href":"https:\/\/graziamagazine.com\/es\/wp-json\/wp\/v2\/media?parent=179245"}],"wp:term":[{"taxonomy":"category","embeddable":true,"href":"https:\/\/graziamagazine.com\/es\/wp-json\/wp\/v2\/categories?post=179245"}],"curies":[{"name":"wp","href":"https:\/\/api.w.org\/{rel}","templated":true}]}}