{"id":179138,"date":"2024-09-23T11:57:54","date_gmt":"2024-09-23T09:57:54","guid":{"rendered":"https:\/\/graziamagazine.com\/es\/?post_type=articles&#038;p=179138"},"modified":"2024-09-23T11:57:54","modified_gmt":"2024-09-23T09:57:54","slug":"milan-fashion-week-ferragamo-ss25","status":"publish","type":"articles","link":"https:\/\/graziamagazine.com\/es\/articles\/milan-fashion-week-ferragamo-ss25\/","title":{"rendered":"Milan Fashion Week: Ferragamo SS25"},"content":{"rendered":"<p>Para la primavera-verano de 2025, Maximilian Davis explora la historia de\u00a0<span class=\"markq9mbj1e8y\" data-markjs=\"true\" data-ogac=\"\" data-ogab=\"\" data-ogsc=\"\" data-ogsb=\"\">Ferragamo<\/span>\u00a0con el ballet, celebrando su elegancia expresiva y encontrando nuevas armon\u00edas entre su trayectoria personal y la historia de la marca.<\/p>\n<p><img decoding=\"async\" src=\"https:\/\/mcusercontent.com\/0cf56b6f116a9cb7bc82f81c9\/images\/1a61494b-c2a8-66bc-5b8f-936cd976fdb2.jpg\" \/><\/p>\n<p>Un momento \u00edntimo captado entre Salvatore\u00a0<span class=\"markq9mbj1e8y\" data-markjs=\"true\" data-ogac=\"\" data-ogab=\"\" data-ogsc=\"\" data-ogsb=\"\">Ferragamo<\/span>\u00a0y la bailarina y antrop\u00f3loga Katherine Dunham; Rudolf Nureyev calzando unas bailarinas\u00a0<span class=\"markq9mbj1e8y\" data-markjs=\"true\" data-ogac=\"\" data-ogab=\"\" data-ogsc=\"\" data-ogsb=\"\">Ferragamo<\/span> hechas a medida en los a\u00f1os ochenta. Un zapato meticulosamente ajustado a una mujer negra en la Florencia de mediados de siglo; la sexualidad liberada de un icono radical. Fotograf\u00edas instant\u00e1neas en el tiempo, ahora en su m\u00e1xima esencia. La libertad expresada a trav\u00e9s de un armario.<\/p>\n<p><img decoding=\"async\" src=\"https:\/\/mcusercontent.com\/0cf56b6f116a9cb7bc82f81c9\/images\/4feb0a87-0888-40bc-2531-f68bd9759418.jpg\" \/><\/p>\n<p>\u00abSiempre he incorporado distintas \u00e9pocas hist\u00f3ricas a mi trabajo, \u00e9pocas que me resultan familiares y que reflejan mi herencia\u00bb, dice Davis.<\/p>\n<blockquote><p>\u00abEn <span class=\"markq9mbj1e8y\" data-markjs=\"true\" data-ogac=\"\" data-ogab=\"\" data-ogsc=\"\" data-ogsb=\"\">Ferragamo<\/span>, he buscado similitudes, y lo bonito de esta marca es que hay tantas historias diferentes con las que te puedes identificar. Cada zapato tiene un significado. Cada zapato tiene una historia\u00bb.<\/p><\/blockquote>\n<p><img decoding=\"async\" src=\"https:\/\/mcusercontent.com\/0cf56b6f116a9cb7bc82f81c9\/images\/83b6ceca-4afc-d823-8a0f-94c4b63f350c.jpg\" \/><\/p>\n<p>A trav\u00e9s del vocabulario visual de\u00a0<span class=\"markq9mbj1e8y\" data-markjs=\"true\" data-ogac=\"\" data-ogab=\"\" data-ogsc=\"\" data-ogsb=\"\">Ferragamo<\/span>, se une el esp\u00edritu del ballet de d\u00e9cadas dispares. Los uniformes de los ensayos son la inspiraci\u00f3n para un algod\u00f3n de cachemira de segunda piel superpuesto, retorcido y atado, mientras que la libertad del movimiento se materializa a trav\u00e9s de siluetas abombadas: abrigos y vestidos confeccionados en nylon de seda, ante y organza por igual. El vestuario ochentero de Nureyev sirve de inspiraci\u00f3n para la sastrer\u00eda oversize y los trajes de deporte t\u00e9cnicos; el glamour de mediados de siglo de Dunham se materializa en bordados de lentejuelas, modernizados con un tratamiento de resina.<\/p>\n<p><img decoding=\"async\" src=\"https:\/\/mcusercontent.com\/0cf56b6f116a9cb7bc82f81c9\/images\/13e4f24c-53df-22fa-2391-6511afce9aa4.jpg\" \/><\/p>\n<p>La colecci\u00f3n tambi\u00e9n aparece impregnada de la energ\u00eda del Caribe: denim deshilachado y desgastado; formas org\u00e1nicas; mocasines de goma gelatinosa. Los acabados en crudo contrastan con la pureza de la colecci\u00f3n; los dobladillos pronunciados combinan el romanticismo con el fetichismo.<\/p>\n<p><img decoding=\"async\" src=\"https:\/\/mcusercontent.com\/0cf56b6f116a9cb7bc82f81c9\/images\/f5ffa284-f082-1284-fb45-3cd2765ee595.jpg\" \/><\/p>\n<p>Las expresiones de la marca\u00a0<span class=\"markq9mbj1e8y\" data-markjs=\"true\" data-ogac=\"\" data-ogab=\"\" data-ogsc=\"\" data-ogsb=\"\">Ferragamo<\/span>\u00a0est\u00e1n discretamente omnipresentes: la artesan\u00eda del cuero en el coraz\u00f3n de la casa aparece a trav\u00e9s de formas Gancini intrincadamente entrelazadas, mientras que el monograma se expresa a trav\u00e9s de una l\u00ednea sostenible de jacquard vaquero desgastado y bolsos de mano perforados.<\/p>\n<p><img decoding=\"async\" src=\"https:\/\/mcusercontent.com\/0cf56b6f116a9cb7bc82f81c9\/images\/81ef6440-0387-b27e-db39-a2c734ddeab9.jpg\" \/><\/p>\n<p>En cuanto al calzado, los modelos puntiagudos del zapato Eva y una sandalia gr\u00e1fica se atan a la pantorrilla con cintas de seda mate, haciendo eco de la historia de la bailarina de la colecci\u00f3n con un minimalismo moderno. \u00a0Por otra parte, los mules de jacquard con flecos aparecen junto a los botines geom\u00e9tricos, una evoluci\u00f3n contempor\u00e1nea de un estilo de archivo de los a\u00f1os cuarenta.<\/p>\n<p><img decoding=\"async\" src=\"https:\/\/mcusercontent.com\/0cf56b6f116a9cb7bc82f81c9\/images\/c21bc0da-cde9-f869-9e8a-2fd1e527b075.jpg\" \/><\/p>\n<p>En cuanto a los accesorios, se introduce una silueta de bolso flexible, que se pliega suavemente sobre s\u00ed mismo, con su piel adornada con un Gancini met\u00e1lico. El emblem\u00e1tico bolso Hug se suaviza y se reconstruye, con su \u00fanica asa y su piel flexible que ahora dan forma a su estructura, o se transforma en un nuevo clutch. El Foulard toma su forma de la ca\u00edda de los pa\u00f1uelos, al igual que un bolso de dos piezas suspendido de una cadena Gancini de piel.<\/p>\n<p><em>*Im\u00e1genes: cortes\u00eda<\/em><\/p>\n","protected":false},"author":11653,"featured_media":179139,"template":"","format":"standard","categories":[1],"acf":[],"yoast_head":"<!-- This site is optimized with the Yoast SEO Premium plugin v18.5 (Yoast SEO v20.4) - https:\/\/yoast.com\/wordpress\/plugins\/seo\/ -->\n<title>Milan Fashion Week: Ferragamo SS25<\/title>\n<meta name=\"description\" content=\"Para primavera-verano de 2025, a trav\u00e9s del vocabulario visual de\u00a0Ferragamo, Maximilian Davis explora la historia de\u00a0Ferragamo\u00a0y el ballet.\" \/>\n<meta name=\"robots\" content=\"index, follow, max-snippet:-1, max-image-preview:large, max-video-preview:-1\" \/>\n<link rel=\"canonical\" href=\"https:\/\/graziamagazine.com\/es\/articles\/milan-fashion-week-ferragamo-ss25\/\" \/>\n<meta property=\"og:locale\" content=\"es_ES\" \/>\n<meta property=\"og:type\" content=\"article\" \/>\n<meta property=\"og:title\" content=\"Milan Fashion Week: Ferragamo SS25\" \/>\n<meta property=\"og:description\" content=\"Para primavera-verano de 2025, a trav\u00e9s del vocabulario visual de\u00a0Ferragamo, Maximilian Davis explora la historia de\u00a0Ferragamo\u00a0y el ballet.\" \/>\n<meta property=\"og:url\" content=\"https:\/\/graziamagazine.com\/es\/articles\/milan-fashion-week-ferragamo-ss25\/\" \/>\n<meta property=\"og:site_name\" content=\"Grazia\" \/>\n<meta property=\"og:image\" content=\"https:\/\/graziamagazine.com\/es\/wp-content\/uploads\/sites\/12\/2024\/09\/887671649_249395740_1706x960-copia.jpg\" \/>\n\t<meta property=\"og:image:width\" content=\"1706\" \/>\n\t<meta property=\"og:image:height\" content=\"960\" \/>\n\t<meta property=\"og:image:type\" content=\"image\/jpeg\" \/>\n<meta name=\"twitter:card\" content=\"summary_large_image\" \/>\n<meta name=\"twitter:label1\" content=\"Est. reading time\" \/>\n\t<meta name=\"twitter:data1\" content=\"4 minutos\" \/>\n<script type=\"application\/ld+json\" class=\"yoast-schema-graph\">{\"@context\":\"https:\/\/schema.org\",\"@graph\":[{\"@type\":\"WebPage\",\"@id\":\"https:\/\/graziamagazine.com\/es\/articles\/milan-fashion-week-ferragamo-ss25\/\",\"url\":\"https:\/\/graziamagazine.com\/es\/articles\/milan-fashion-week-ferragamo-ss25\/\",\"name\":\"Milan Fashion Week: Ferragamo SS25\",\"isPartOf\":{\"@id\":\"https:\/\/graziamagazine.com\/es\/#website\"},\"datePublished\":\"2024-09-23T09:57:54+00:00\",\"dateModified\":\"2024-09-23T09:57:54+00:00\",\"description\":\"Para primavera-verano de 2025, a trav\u00e9s del vocabulario visual de\u00a0Ferragamo, Maximilian Davis explora la historia de\u00a0Ferragamo\u00a0y el ballet.\",\"breadcrumb\":{\"@id\":\"https:\/\/graziamagazine.com\/es\/articles\/milan-fashion-week-ferragamo-ss25\/#breadcrumb\"},\"inLanguage\":\"es\",\"potentialAction\":[{\"@type\":\"ReadAction\",\"target\":[\"https:\/\/graziamagazine.com\/es\/articles\/milan-fashion-week-ferragamo-ss25\/\"]}]},{\"@type\":\"BreadcrumbList\",\"@id\":\"https:\/\/graziamagazine.com\/es\/articles\/milan-fashion-week-ferragamo-ss25\/#breadcrumb\",\"itemListElement\":[{\"@type\":\"ListItem\",\"position\":1,\"name\":\"Portada\",\"item\":\"https:\/\/graziamagazine.com\/es\/\"},{\"@type\":\"ListItem\",\"position\":2,\"name\":\"Milan Fashion Week: Ferragamo SS25\"}]},{\"@type\":\"WebSite\",\"@id\":\"https:\/\/graziamagazine.com\/es\/#website\",\"url\":\"https:\/\/graziamagazine.com\/es\/\",\"name\":\"Grazia\",\"description\":\"Moda, belleza, celebrities, estilo de vida...\",\"potentialAction\":[{\"@type\":\"SearchAction\",\"target\":{\"@type\":\"EntryPoint\",\"urlTemplate\":\"https:\/\/graziamagazine.com\/es\/?s={search_term_string}\"},\"query-input\":\"required name=search_term_string\"}],\"inLanguage\":\"es\"}]}<\/script>\n<!-- \/ Yoast SEO Premium plugin. -->","yoast_head_json":{"title":"Milan Fashion Week: Ferragamo SS25","description":"Para primavera-verano de 2025, a trav\u00e9s del vocabulario visual de\u00a0Ferragamo, Maximilian Davis explora la historia de\u00a0Ferragamo\u00a0y el ballet.","robots":{"index":"index","follow":"follow","max-snippet":"max-snippet:-1","max-image-preview":"max-image-preview:large","max-video-preview":"max-video-preview:-1"},"canonical":"https:\/\/graziamagazine.com\/es\/articles\/milan-fashion-week-ferragamo-ss25\/","og_locale":"es_ES","og_type":"article","og_title":"Milan Fashion Week: Ferragamo SS25","og_description":"Para primavera-verano de 2025, a trav\u00e9s del vocabulario visual de\u00a0Ferragamo, Maximilian Davis explora la historia de\u00a0Ferragamo\u00a0y el ballet.","og_url":"https:\/\/graziamagazine.com\/es\/articles\/milan-fashion-week-ferragamo-ss25\/","og_site_name":"Grazia","og_image":[{"width":1706,"height":960,"url":"https:\/\/graziamagazine.com\/es\/wp-content\/uploads\/sites\/12\/2024\/09\/887671649_249395740_1706x960-copia.jpg","type":"image\/jpeg"}],"twitter_card":"summary_large_image","twitter_misc":{"Est. reading time":"4 minutos"},"schema":{"@context":"https:\/\/schema.org","@graph":[{"@type":"WebPage","@id":"https:\/\/graziamagazine.com\/es\/articles\/milan-fashion-week-ferragamo-ss25\/","url":"https:\/\/graziamagazine.com\/es\/articles\/milan-fashion-week-ferragamo-ss25\/","name":"Milan Fashion Week: Ferragamo SS25","isPartOf":{"@id":"https:\/\/graziamagazine.com\/es\/#website"},"datePublished":"2024-09-23T09:57:54+00:00","dateModified":"2024-09-23T09:57:54+00:00","description":"Para primavera-verano de 2025, a trav\u00e9s del vocabulario visual de\u00a0Ferragamo, Maximilian Davis explora la historia de\u00a0Ferragamo\u00a0y el ballet.","breadcrumb":{"@id":"https:\/\/graziamagazine.com\/es\/articles\/milan-fashion-week-ferragamo-ss25\/#breadcrumb"},"inLanguage":"es","potentialAction":[{"@type":"ReadAction","target":["https:\/\/graziamagazine.com\/es\/articles\/milan-fashion-week-ferragamo-ss25\/"]}]},{"@type":"BreadcrumbList","@id":"https:\/\/graziamagazine.com\/es\/articles\/milan-fashion-week-ferragamo-ss25\/#breadcrumb","itemListElement":[{"@type":"ListItem","position":1,"name":"Portada","item":"https:\/\/graziamagazine.com\/es\/"},{"@type":"ListItem","position":2,"name":"Milan Fashion Week: Ferragamo SS25"}]},{"@type":"WebSite","@id":"https:\/\/graziamagazine.com\/es\/#website","url":"https:\/\/graziamagazine.com\/es\/","name":"Grazia","description":"Moda, belleza, celebrities, estilo de vida...","potentialAction":[{"@type":"SearchAction","target":{"@type":"EntryPoint","urlTemplate":"https:\/\/graziamagazine.com\/es\/?s={search_term_string}"},"query-input":"required name=search_term_string"}],"inLanguage":"es"}]}},"jetpack_sharing_enabled":true,"distributor_meta":false,"distributor_terms":false,"distributor_media":false,"distributor_original_site_name":"Grazia","distributor_original_site_url":"https:\/\/graziamagazine.com\/es","push-errors":false,"_links":{"self":[{"href":"https:\/\/graziamagazine.com\/es\/wp-json\/wp\/v2\/articles\/179138"}],"collection":[{"href":"https:\/\/graziamagazine.com\/es\/wp-json\/wp\/v2\/articles"}],"about":[{"href":"https:\/\/graziamagazine.com\/es\/wp-json\/wp\/v2\/types\/articles"}],"author":[{"embeddable":true,"href":"https:\/\/graziamagazine.com\/es\/wp-json\/wp\/v2\/users\/11653"}],"wp:featuredmedia":[{"embeddable":true,"href":"https:\/\/graziamagazine.com\/es\/wp-json\/wp\/v2\/media\/179139"}],"wp:attachment":[{"href":"https:\/\/graziamagazine.com\/es\/wp-json\/wp\/v2\/media?parent=179138"}],"wp:term":[{"taxonomy":"category","embeddable":true,"href":"https:\/\/graziamagazine.com\/es\/wp-json\/wp\/v2\/categories?post=179138"}],"curies":[{"name":"wp","href":"https:\/\/api.w.org\/{rel}","templated":true}]}}