{"id":179110,"date":"2024-09-19T09:00:42","date_gmt":"2024-09-19T07:00:42","guid":{"rendered":"https:\/\/graziamagazine.com\/es\/?post_type=articles&#038;p=179110"},"modified":"2024-09-20T09:15:01","modified_gmt":"2024-09-20T07:15:01","slug":"milan-fashion-week-marni-primavera-verano-2025","status":"publish","type":"articles","link":"https:\/\/graziamagazine.com\/es\/articles\/milan-fashion-week-marni-primavera-verano-2025\/","title":{"rendered":"Milan Fashion Week: Marni primavera-verano 2025"},"content":{"rendered":"<p>La belleza es un conejo blanco que corretea por tu jard\u00edn. Lo persigues. Aunque no lo consigas, en la loca carrera te encuentras en un lugar maravilloso. Como criaturas de rutina y ritual, hay pocas cosas en la vida que nos muevan de un lado a otro como la b\u00fasqueda de lo sublime. La belleza es una velocidad, no un destino.<\/p>\n<p>Como homenaje a esta velocidad, Marni Primavera\/Verano 2025 VOL.2 te invita a nuestra propia sala de exposiciones, donde el dise\u00f1o act\u00faa como un conducto para la electricidad del encanto. Continuando con la obra de Francesco Risso, Primavera\/Verano 2025 VOL.2 despoja al espect\u00e1culo del desfile de moda de una transformaci\u00f3n m\u00e1s tranquila, pero profunda, que enfatiza un retorno continuo tanto al arte como al coraz\u00f3n del dise\u00f1o.<\/p>\n<p><img decoding=\"async\" src=\"https:\/\/uc96392d976c615ee7f0f5d9232f.previews.dropboxusercontent.com\/p\/thumb\/ACZHCV3WS9gQlu2mAXFIO2rCvckMAKeOiseND_EuVXAml_PFiV9PJlNekwsjRS0RLpAlwaFy1DOlkRzPiIBG7Mem0nKEl3ZIZbBALt2PpYNqnxyhkicZFampGHi-5fR9s8LftyXt0wfMY6n0wWk-Pg6VtZZ6Eb4hqdGccoCYKVo5DY4xMAfT2fAFHfAaMm36Lq0lYtnSV9mxOnruFmoOW2zxsHoFTJC3xS2keE5s5vbU4080qanJ1kp4roqo_d1K3HV9svEOjmSN437L2QIwae_kjpr_5iP7-dO3owRZS-TGTwpzNmZfTAPPYoexFcdZaIAmeP6GePi2Skl1dsODZ8osf5Ld27tfdS-4lKpdKrksnA\/p.jpeg\" alt=\"MARNI SS25 VOL.2 LOOK (1).jpg\" \/><\/p>\n<p>La colecci\u00f3n lleva al p\u00fablico a un reino cada vez m\u00e1s maravilloso y fant\u00e1stico, con una zoolog\u00eda \u00fanica de criaturas: rosas que se despliegan, diamantes de imitaci\u00f3n que brillan, retazos de tela que se balancean y p\u00e1ginas de literatura pegadas a mano sobre jerseys que llaman la atenci\u00f3n del p\u00fablico. Risso evoca la belleza como una serie de s\u00edmbolos y gestos, para luego reducirla a su forma por excelencia.<\/p>\n<p><img decoding=\"async\" src=\"https:\/\/ucf05fc5f9466737ae88bdd7d068.previews.dropboxusercontent.com\/p\/thumb\/ACbaBgqIG5YjPEyUNviJQYs-kIKLVIL-C0gB1LNlzX9Tj4SSswSK7t82Kz3Yu46MrFU8MhaeJMR-ZYbbkFkPGjLKzrepWumrDIrL6jXO0HeH_2MMT6KUzdeiVwToFMha4lEmyrg1AvvMQU8T5WsSFM9VPPmc6QLUBNZr-OUl1n84R69oHzjYLa7qmfpmukdHrEKeLQKbQCOGpY3wyz2NPQy9VDYRG5GJ0JcFJlJkOjWXLW100TyMsdkmkM2VyQI0apv1slpvIPKPMg-3S5z_6PVJQLOROtfy6EQZaGDcdgTtajiki4lKhMKie0mrv12rUZPmlDlOFmbcTjSTx8szMz5IpODHGOMbE5KinpFP_qSXBQ\/p.jpeg\" alt=\"MARNI SS25 VOL.2 LOOK (6).jpg\" \/><\/p>\n<p>La personalidad material de la colecci\u00f3n se manifiesta como un esencialismo radical. El algod\u00f3n, el cuero y la gamuza ocupan el centro del escenario, actuando como un lienzo para los muchos motivos de la belleza, canalizando simb\u00f3licamente la fundamentalidad del hilo como la g\u00e9nesis del dise\u00f1o. Impecablemente dise\u00f1adas por Carlos Nazario, las piezas se presentan como una extensi\u00f3n natural del yo, eliminando cualquier pretensi\u00f3n y, en cambio, abrazando la forma org\u00e1nica.<\/p>\n<p><img decoding=\"async\" src=\"https:\/\/uc22c4896de0277030e7a7632b4d.previews.dropboxusercontent.com\/p\/thumb\/ACab1rdYsEU-v1b60I1P5quETYYeZ6qUDWw10bfH9NFP76yTcIymT4CSugBFrpSeFXLIZxTP_RWAlPxS1z7ZTINew6tLKYhr9L2mqaOJ655iFec-jy_bWYwpN4m6GLcgimRaZ5xP1NjQ4ajMRJu3aUIDuJB_kMxZTWRFrIg_j9BmxDj-IKoM7aAhKnHjZbZTWajqCVsKm3KdpH6nSrawjjvUwLLEm1yddPhWlJY8G2pC7LvgW2KFvU39IlQQv0TtmdNIkkOXciMUHlnGarsboyDPSTwdvn3i-vwekkeQ8IW7dX7_WVfCbRGgJslGJZ11tam5lbyQ1tcsZjz2GAGseCLCVZ4s6IyLf7Iq-TVLngOACg\/p.jpeg\" alt=\"MARNI SS25 VOL.2 LOOK (8).jpg\" \/><\/p>\n<p>La m\u00fasica, compuesta por el infalible Dev Hynes y dentro del mismo universo est\u00e9tico de la colecci\u00f3n, est\u00e1 compuesta \u00fanicamente por tres pianos, interpretados por Hynes, Sharleen Chidiac y Adam Tendler, y se inspira en las composiciones de Julius Eastman, cuyas obras est\u00e1n pensadas para ser vividas en directo. Tambi\u00e9n coreografiada por Sharleen Chidiac, las modelos desfilan en grupos de tres, sin un camino o pasarela definidos, evocando un paseo por el bosque encantado de Marni.<\/p>\n<p><img decoding=\"async\" src=\"https:\/\/uc4cf14b5641796f0ba53680fd04.previews.dropboxusercontent.com\/p\/thumb\/ACYM8lDNTzlnYVr5vx3RQ-_BaEWIrnANqwXseVrq7hASDuYUku9OLZDeGm6-D6XBqeUPmyOLxkroxIGya5AcEbBM1gQRuWedipzAxDM3_WhJq-q9qPdJk-KpluwIGDd_Y9Z7zZM6pWxoVyzw0010jLHmXfzcS3CZGncnxUUXBBSTstMDmXCrZilcxGm4RtOEFbM8ULog33sEfw1KrDPxaFDfDYe0HrcYg_p0TJIOaf1G0skwqoGc32aeHhn4DfMFrZOq0rsCKjx4svN8vb-XhUiT31QaiEocdZABW8_afX4yUGU2XqRY-I8u259XKIPELe4fqE15yOlgpYFuYUjPh9OVndw12scIJGY6nKLN__8HAw\/p.jpeg\" alt=\"MARNI SS25 VOL.2 LOOK (11).jpg\" \/><\/p>\n<p>La belleza es un gesto. Como homenaje a sus m\u00faltiples caras y facetas, hemos presentado esta colecci\u00f3n en la f\u00e1brica de sue\u00f1os de Marni, desde donde cada colecci\u00f3n se conceptualiza, se dise\u00f1a, se cose, se repara, se rasga y se vuelve a pegar.<\/p>\n<p><img decoding=\"async\" src=\"https:\/\/ucd108e33dff94bd80cacbb5218c.previews.dropboxusercontent.com\/p\/thumb\/ACazH6QnQyS1z3UbUi5qdpjlEVtJSdW9PP0c5_UYaitK7oFFmmSMUmA3QkwqB5HB6rYu0O7VYJKVc5BV7OJ5xjxot2khG97kkLNF2RCdUbUNkVsmglPL1cV0iOFIdV3nksQNWqQ3AU3Tc1b1n9pFCFdSi1HimBXjt45n6azjuOG3DH_7_QLTDCjT7hSjtjNHuEPXjqgK_6nN7J9oUen06g81wuzrHMgVjtSG4yYHoy7jYNKgMzf07OAthQEiSf7vQR-ZzV3BmOgcxl-Fy_ygif3E91J6Ukd6yAEnSWuysi5KcSaoT6Vw3BCwCLWSqdMkpgA9KeKr9jN-Jh5m_1xaWGET_jBVAPFmvZMCKLU_41SUFWCxp6Ty_ZuhdrD6jz7JHe9f0CfYxz56HFBneGgBcFjoMdcOG70C0totji1XulPlAg\/p.jpeg\" alt=\"MARNI SS25 VOL.2 LOOK (20).jpg\" \/><\/p>\n<p>Este es el romance de Marni: el deseo ef\u00edmero y persistente de ir a cazar conejos.<\/p>\n<p><em>*Im\u00e1genes: cortes\u00eda<\/em><\/p>\n","protected":false},"author":11653,"featured_media":179112,"template":"","format":"standard","categories":[1],"acf":[],"yoast_head":"<!-- This site is optimized with the Yoast SEO Premium plugin v18.5 (Yoast SEO v20.4) - https:\/\/yoast.com\/wordpress\/plugins\/seo\/ -->\n<title>Milan Fashion Week: Marni primavera-verano 2025 | Grazia<\/title>\n<meta name=\"description\" content=\"La belleza es un conejo blanco que corretea por tu jard\u00edn. Lo persigues. Aunque no lo consigas, en la loca carrera te encuentras en un lugar maravilloso.\" \/>\n<meta name=\"robots\" content=\"index, follow, max-snippet:-1, max-image-preview:large, max-video-preview:-1\" \/>\n<link rel=\"canonical\" href=\"https:\/\/graziamagazine.com\/es\/articles\/milan-fashion-week-marni-primavera-verano-2025\/\" \/>\n<meta property=\"og:locale\" content=\"es_ES\" \/>\n<meta property=\"og:type\" content=\"article\" \/>\n<meta property=\"og:title\" content=\"Milan Fashion Week: Marni primavera-verano 2025\" \/>\n<meta property=\"og:description\" content=\"La belleza es un conejo blanco que corretea por tu jard\u00edn. Lo persigues. Aunque no lo consigas, en la loca carrera te encuentras en un lugar maravilloso.\" \/>\n<meta property=\"og:url\" content=\"https:\/\/graziamagazine.com\/es\/articles\/milan-fashion-week-marni-primavera-verano-2025\/\" \/>\n<meta property=\"og:site_name\" content=\"Grazia\" \/>\n<meta property=\"article:modified_time\" content=\"2024-09-20T07:15:01+00:00\" \/>\n<meta property=\"og:image\" content=\"https:\/\/graziamagazine.com\/es\/wp-content\/uploads\/sites\/12\/2024\/09\/Marni-41-1-copia-scaled.jpg\" \/>\n\t<meta property=\"og:image:width\" content=\"2560\" \/>\n\t<meta property=\"og:image:height\" content=\"1920\" \/>\n\t<meta property=\"og:image:type\" content=\"image\/jpeg\" \/>\n<meta name=\"twitter:card\" content=\"summary_large_image\" \/>\n<meta name=\"twitter:label1\" content=\"Est. reading time\" \/>\n\t<meta name=\"twitter:data1\" content=\"3 minutos\" \/>\n<script type=\"application\/ld+json\" class=\"yoast-schema-graph\">{\"@context\":\"https:\/\/schema.org\",\"@graph\":[{\"@type\":\"WebPage\",\"@id\":\"https:\/\/graziamagazine.com\/es\/articles\/milan-fashion-week-marni-primavera-verano-2025\/\",\"url\":\"https:\/\/graziamagazine.com\/es\/articles\/milan-fashion-week-marni-primavera-verano-2025\/\",\"name\":\"Milan Fashion Week: Marni primavera-verano 2025 | Grazia\",\"isPartOf\":{\"@id\":\"https:\/\/graziamagazine.com\/es\/#website\"},\"datePublished\":\"2024-09-19T07:00:42+00:00\",\"dateModified\":\"2024-09-20T07:15:01+00:00\",\"description\":\"La belleza es un conejo blanco que corretea por tu jard\u00edn. Lo persigues. Aunque no lo consigas, en la loca carrera te encuentras en un lugar maravilloso.\",\"breadcrumb\":{\"@id\":\"https:\/\/graziamagazine.com\/es\/articles\/milan-fashion-week-marni-primavera-verano-2025\/#breadcrumb\"},\"inLanguage\":\"es\",\"potentialAction\":[{\"@type\":\"ReadAction\",\"target\":[\"https:\/\/graziamagazine.com\/es\/articles\/milan-fashion-week-marni-primavera-verano-2025\/\"]}]},{\"@type\":\"BreadcrumbList\",\"@id\":\"https:\/\/graziamagazine.com\/es\/articles\/milan-fashion-week-marni-primavera-verano-2025\/#breadcrumb\",\"itemListElement\":[{\"@type\":\"ListItem\",\"position\":1,\"name\":\"Portada\",\"item\":\"https:\/\/graziamagazine.com\/es\/\"},{\"@type\":\"ListItem\",\"position\":2,\"name\":\"Milan Fashion Week: Marni primavera-verano 2025\"}]},{\"@type\":\"WebSite\",\"@id\":\"https:\/\/graziamagazine.com\/es\/#website\",\"url\":\"https:\/\/graziamagazine.com\/es\/\",\"name\":\"Grazia\",\"description\":\"Moda, belleza, celebrities, estilo de vida...\",\"potentialAction\":[{\"@type\":\"SearchAction\",\"target\":{\"@type\":\"EntryPoint\",\"urlTemplate\":\"https:\/\/graziamagazine.com\/es\/?s={search_term_string}\"},\"query-input\":\"required name=search_term_string\"}],\"inLanguage\":\"es\"}]}<\/script>\n<!-- \/ Yoast SEO Premium plugin. -->","yoast_head_json":{"title":"Milan Fashion Week: Marni primavera-verano 2025 | Grazia","description":"La belleza es un conejo blanco que corretea por tu jard\u00edn. Lo persigues. Aunque no lo consigas, en la loca carrera te encuentras en un lugar maravilloso.","robots":{"index":"index","follow":"follow","max-snippet":"max-snippet:-1","max-image-preview":"max-image-preview:large","max-video-preview":"max-video-preview:-1"},"canonical":"https:\/\/graziamagazine.com\/es\/articles\/milan-fashion-week-marni-primavera-verano-2025\/","og_locale":"es_ES","og_type":"article","og_title":"Milan Fashion Week: Marni primavera-verano 2025","og_description":"La belleza es un conejo blanco que corretea por tu jard\u00edn. Lo persigues. Aunque no lo consigas, en la loca carrera te encuentras en un lugar maravilloso.","og_url":"https:\/\/graziamagazine.com\/es\/articles\/milan-fashion-week-marni-primavera-verano-2025\/","og_site_name":"Grazia","article_modified_time":"2024-09-20T07:15:01+00:00","og_image":[{"width":2560,"height":1920,"url":"https:\/\/graziamagazine.com\/es\/wp-content\/uploads\/sites\/12\/2024\/09\/Marni-41-1-copia-scaled.jpg","type":"image\/jpeg"}],"twitter_card":"summary_large_image","twitter_misc":{"Est. reading time":"3 minutos"},"schema":{"@context":"https:\/\/schema.org","@graph":[{"@type":"WebPage","@id":"https:\/\/graziamagazine.com\/es\/articles\/milan-fashion-week-marni-primavera-verano-2025\/","url":"https:\/\/graziamagazine.com\/es\/articles\/milan-fashion-week-marni-primavera-verano-2025\/","name":"Milan Fashion Week: Marni primavera-verano 2025 | Grazia","isPartOf":{"@id":"https:\/\/graziamagazine.com\/es\/#website"},"datePublished":"2024-09-19T07:00:42+00:00","dateModified":"2024-09-20T07:15:01+00:00","description":"La belleza es un conejo blanco que corretea por tu jard\u00edn. Lo persigues. Aunque no lo consigas, en la loca carrera te encuentras en un lugar maravilloso.","breadcrumb":{"@id":"https:\/\/graziamagazine.com\/es\/articles\/milan-fashion-week-marni-primavera-verano-2025\/#breadcrumb"},"inLanguage":"es","potentialAction":[{"@type":"ReadAction","target":["https:\/\/graziamagazine.com\/es\/articles\/milan-fashion-week-marni-primavera-verano-2025\/"]}]},{"@type":"BreadcrumbList","@id":"https:\/\/graziamagazine.com\/es\/articles\/milan-fashion-week-marni-primavera-verano-2025\/#breadcrumb","itemListElement":[{"@type":"ListItem","position":1,"name":"Portada","item":"https:\/\/graziamagazine.com\/es\/"},{"@type":"ListItem","position":2,"name":"Milan Fashion Week: Marni primavera-verano 2025"}]},{"@type":"WebSite","@id":"https:\/\/graziamagazine.com\/es\/#website","url":"https:\/\/graziamagazine.com\/es\/","name":"Grazia","description":"Moda, belleza, celebrities, estilo de vida...","potentialAction":[{"@type":"SearchAction","target":{"@type":"EntryPoint","urlTemplate":"https:\/\/graziamagazine.com\/es\/?s={search_term_string}"},"query-input":"required name=search_term_string"}],"inLanguage":"es"}]}},"jetpack_sharing_enabled":true,"distributor_meta":false,"distributor_terms":false,"distributor_media":false,"distributor_original_site_name":"Grazia","distributor_original_site_url":"https:\/\/graziamagazine.com\/es","push-errors":false,"_links":{"self":[{"href":"https:\/\/graziamagazine.com\/es\/wp-json\/wp\/v2\/articles\/179110"}],"collection":[{"href":"https:\/\/graziamagazine.com\/es\/wp-json\/wp\/v2\/articles"}],"about":[{"href":"https:\/\/graziamagazine.com\/es\/wp-json\/wp\/v2\/types\/articles"}],"author":[{"embeddable":true,"href":"https:\/\/graziamagazine.com\/es\/wp-json\/wp\/v2\/users\/11653"}],"wp:featuredmedia":[{"embeddable":true,"href":"https:\/\/graziamagazine.com\/es\/wp-json\/wp\/v2\/media\/179112"}],"wp:attachment":[{"href":"https:\/\/graziamagazine.com\/es\/wp-json\/wp\/v2\/media?parent=179110"}],"wp:term":[{"taxonomy":"category","embeddable":true,"href":"https:\/\/graziamagazine.com\/es\/wp-json\/wp\/v2\/categories?post=179110"}],"curies":[{"name":"wp","href":"https:\/\/api.w.org\/{rel}","templated":true}]}}