{"id":178953,"date":"2024-09-16T09:00:49","date_gmt":"2024-09-16T07:00:49","guid":{"rendered":"https:\/\/graziamagazine.com\/es\/?post_type=articles&#038;p=178953"},"modified":"2024-09-15T21:22:53","modified_gmt":"2024-09-15T19:22:53","slug":"los-ganadores-de-la-80a-edicion-de-la-mbfwmadrid","status":"publish","type":"articles","link":"https:\/\/graziamagazine.com\/es\/articles\/los-ganadores-de-la-80a-edicion-de-la-mbfwmadrid\/","title":{"rendered":"Los ganadores de la 80\u00aa edici\u00f3n de la MBFWMadrid"},"content":{"rendered":"<p>Una edici\u00f3n m\u00e1s de la pasarela m\u00e1s famosa de la moda espa\u00f1ola ha llegado a su fin, y como viene siendo habitual el momento \u00e1lgido ha sido conocer qui\u00e9nes han sido los mejores de esta edici\u00f3n tan especial, ya que se celebraba la 80\u00aa edici\u00f3n.<\/p>\n<p>Como cada \u00faltima jornada de la MBFWMadrid, se ha celebrado la entrega del Premio L\u2019Or\u00e9al Paris a la Mejor Colecci\u00f3n y a la Mejor Modelo de esta edici\u00f3n. Un acto conducido por la presentadora\u00a0<strong>Alba Lago y\u00a0<\/strong>en el que se celebr\u00f3 el 25 aniversario del patrocinio de L&#8217;Or\u00e9al Paris y las 50 ediciones de los premios, con el estreno del v\u00eddeo homenaje \u00ab<strong>L&#8217;Or\u00e9al Paris: 25 a\u00f1os premiando\u00a0<em>Porque t\u00fa lo vales<\/em><\/strong>\u00ab.<\/p>\n<p>Los premiados en esta edici\u00f3n fueron Pino Montesdeoca<strong>\u00a0<\/strong>como mejor modelo y, por primera vez en la historia, dos premiados a mejor colecci\u00f3n, Pedro del Hierro e Isabel Sanch\u00eds. Por primera vez en\u00a0<span class=\"marko4fj9h8nh\" data-markjs=\"true\" data-ogac=\"\" data-ogab=\"\" data-ogsc=\"\" data-ogsb=\"\">MBFWMadrid<\/span>, han ganado dos firmas el premio a Mejor Colecci\u00f3n. La firma\u00a0<strong>Pedro del Hierro<\/strong>, que en esta edici\u00f3n celebra su 50 aniversario, present\u00f3 su colecci\u00f3n \u00abLa leyenda del tiempo\u00bb, que toma su nombre del disco del artista Camar\u00f3n. Esta es la primera vez que la firma liderada por Nacho Aguayo y Alex Miralles se alza con el premio L&#8217;Or\u00e9al Paris a Mejor Colecci\u00f3n.<\/p>\n        <blockquote class=\"instagram-media \" style=\"background: #ffffff;border: 0;margin: 1px;width: 100%;padding: 0;\"  data-instgrm-permalink=\"https:\/\/www.instagram.com\/p\/C_1TcqTIa2h\/\" data-instgrm-version=\"14\"><\/blockquote>\n<p><strong>Isabel Sanch\u00eds<\/strong>, tambi\u00e9n ha resultado premiada con su colecci\u00f3n Primavera\/Verano 25 que se inspira en la escultura, con siluetas de vol\u00famenes puros y geom\u00e9tricos. Isabel Sanch\u00eds y Paula Maiques, directoras creativas de la firma, reciben el premio L&#8217;Or\u00e9al Paris por segunda ocasi\u00f3n.<\/p>\n        <blockquote class=\"instagram-media \" style=\"background: #ffffff;border: 0;margin: 1px;width: 100%;padding: 0;\"  data-instgrm-permalink=\"https:\/\/www.instagram.com\/p\/C_25kqJii0D\/\" data-instgrm-version=\"14\"><\/blockquote>\n<p><strong>\u00abL\u2019Or\u00e9al Paris: 25 a\u00f1os premiando\u00a0<em>Porque t\u00fa lo vales<\/em>\u201d<\/strong><\/p>\n<p>Con motivo de esta fecha tan se\u00f1alada, la marca ha creado el v\u00eddeo\u00a0<strong>\u00abL\u2019Or\u00e9al Paris: 25 a\u00f1os premiando\u00a0<em>Porque t\u00fa lo vales<\/em>\u201d<\/strong>, protagonizado por premiados a lo largo de estos 25 a\u00f1os como los dise\u00f1adores Juan Duyos, Isabel Sanch\u00eds y Juan Carlos Mesa y las modelos Lorena Dur\u00e1n, Ver\u00f3nica Blume, Natalia Sabe, Aya G\u00fceye y Madelaine Hj\u00f6rt.<\/p>\n<p>Este emotivo v\u00eddeo, que incide tambi\u00e9n en\u00a0<strong>valores de la marca como la diversidad, el empoderamiento femenino y la val\u00eda,<\/strong>\u00a0se present\u00f3 ayer a los asistentes al premio L&#8217;Or\u00e9al Paris en\u00a0<span class=\"marko4fj9h8nh\" data-markjs=\"true\" data-ogac=\"\" data-ogab=\"\" data-ogsc=\"\" data-ogsb=\"\">MBFWMadrid<\/span>\u00a0y est\u00e1 disponible en el canal de YouTube de L&#8217;Or\u00e9al Paris Espa\u00f1a.<\/p>\n<p><strong>Silvia Macedo, directora de L\u2019Or\u00e9al Paris<\/strong>\u00a0destaca:\u00a0\u201cnuestra apuesta pasa por reconocer y dar valor a profesionales empoderadas e independientes, tanto modelos como dise\u00f1adores y dise\u00f1adores que muestran su belleza y su arte por dentro y por fuera. En Espa\u00f1a contamos con profesionales de alt\u00edsima calidad en los sectores de la moda y la belleza. La ventana que ofrece la pasarela y el reconocimiento a su trabajo se convierte en una lanzadera para sus carreras profesionales y sus proyectos tanto a nivel nacional como internacional\u201d.<\/p>\n<p><em>*Im\u00e1genes: cortes\u00eda<\/em><\/p>\n","protected":false},"author":11653,"featured_media":178954,"template":"","format":"standard","categories":[1],"acf":[],"yoast_head":"<!-- This site is optimized with the Yoast SEO Premium plugin v18.5 (Yoast SEO v20.4) - https:\/\/yoast.com\/wordpress\/plugins\/seo\/ -->\n<title>Los ganadores de la 80\u00aa edici\u00f3n de la MBFWMadrid | Grazia<\/title>\n<meta name=\"description\" content=\"Pedro del Hierro, Isabel Sanch\u00eds y Pino Montesdeoca se convierten en ganadores de los premios L&#039;Or\u00e9al Paris a Mejor Colecci\u00f3n y Mejor Modelo.\" \/>\n<meta name=\"robots\" content=\"index, follow, max-snippet:-1, max-image-preview:large, max-video-preview:-1\" \/>\n<link rel=\"canonical\" href=\"https:\/\/graziamagazine.com\/es\/articles\/los-ganadores-de-la-80a-edicion-de-la-mbfwmadrid\/\" \/>\n<meta property=\"og:locale\" content=\"es_ES\" \/>\n<meta property=\"og:type\" content=\"article\" \/>\n<meta property=\"og:title\" content=\"Los ganadores de la 80\u00aa edici\u00f3n de la MBFWMadrid\" \/>\n<meta property=\"og:description\" content=\"Pedro del Hierro, Isabel Sanch\u00eds y Pino Montesdeoca se convierten en ganadores de los premios L&#039;Or\u00e9al Paris a Mejor Colecci\u00f3n y Mejor Modelo.\" \/>\n<meta property=\"og:url\" content=\"https:\/\/graziamagazine.com\/es\/articles\/los-ganadores-de-la-80a-edicion-de-la-mbfwmadrid\/\" \/>\n<meta property=\"og:site_name\" content=\"Grazia\" \/>\n<meta property=\"article:modified_time\" content=\"2024-09-15T19:22:53+00:00\" \/>\n<meta property=\"og:image\" content=\"https:\/\/graziamagazine.com\/es\/wp-content\/uploads\/sites\/12\/2024\/09\/6dc89f61-473a-ac8f-8ffd-09097f67960f.jpg\" \/>\n\t<meta property=\"og:image:width\" content=\"1500\" \/>\n\t<meta property=\"og:image:height\" content=\"1000\" \/>\n\t<meta property=\"og:image:type\" content=\"image\/jpeg\" \/>\n<meta name=\"twitter:card\" content=\"summary_large_image\" \/>\n<meta name=\"twitter:label1\" content=\"Est. reading time\" \/>\n\t<meta name=\"twitter:data1\" content=\"3 minutos\" \/>\n<script type=\"application\/ld+json\" class=\"yoast-schema-graph\">{\"@context\":\"https:\/\/schema.org\",\"@graph\":[{\"@type\":\"WebPage\",\"@id\":\"https:\/\/graziamagazine.com\/es\/articles\/los-ganadores-de-la-80a-edicion-de-la-mbfwmadrid\/\",\"url\":\"https:\/\/graziamagazine.com\/es\/articles\/los-ganadores-de-la-80a-edicion-de-la-mbfwmadrid\/\",\"name\":\"Los ganadores de la 80\u00aa edici\u00f3n de la MBFWMadrid | Grazia\",\"isPartOf\":{\"@id\":\"https:\/\/graziamagazine.com\/es\/#website\"},\"datePublished\":\"2024-09-16T07:00:49+00:00\",\"dateModified\":\"2024-09-15T19:22:53+00:00\",\"description\":\"Pedro del Hierro, Isabel Sanch\u00eds y Pino Montesdeoca se convierten en ganadores de los premios L'Or\u00e9al Paris a Mejor Colecci\u00f3n y Mejor Modelo.\",\"breadcrumb\":{\"@id\":\"https:\/\/graziamagazine.com\/es\/articles\/los-ganadores-de-la-80a-edicion-de-la-mbfwmadrid\/#breadcrumb\"},\"inLanguage\":\"es\",\"potentialAction\":[{\"@type\":\"ReadAction\",\"target\":[\"https:\/\/graziamagazine.com\/es\/articles\/los-ganadores-de-la-80a-edicion-de-la-mbfwmadrid\/\"]}]},{\"@type\":\"BreadcrumbList\",\"@id\":\"https:\/\/graziamagazine.com\/es\/articles\/los-ganadores-de-la-80a-edicion-de-la-mbfwmadrid\/#breadcrumb\",\"itemListElement\":[{\"@type\":\"ListItem\",\"position\":1,\"name\":\"Portada\",\"item\":\"https:\/\/graziamagazine.com\/es\/\"},{\"@type\":\"ListItem\",\"position\":2,\"name\":\"Los ganadores de la 80\u00aa edici\u00f3n de la MBFWMadrid\"}]},{\"@type\":\"WebSite\",\"@id\":\"https:\/\/graziamagazine.com\/es\/#website\",\"url\":\"https:\/\/graziamagazine.com\/es\/\",\"name\":\"Grazia\",\"description\":\"Moda, belleza, celebrities, estilo de vida...\",\"potentialAction\":[{\"@type\":\"SearchAction\",\"target\":{\"@type\":\"EntryPoint\",\"urlTemplate\":\"https:\/\/graziamagazine.com\/es\/?s={search_term_string}\"},\"query-input\":\"required name=search_term_string\"}],\"inLanguage\":\"es\"}]}<\/script>\n<!-- \/ Yoast SEO Premium plugin. -->","yoast_head_json":{"title":"Los ganadores de la 80\u00aa edici\u00f3n de la MBFWMadrid | Grazia","description":"Pedro del Hierro, Isabel Sanch\u00eds y Pino Montesdeoca se convierten en ganadores de los premios L'Or\u00e9al Paris a Mejor Colecci\u00f3n y Mejor Modelo.","robots":{"index":"index","follow":"follow","max-snippet":"max-snippet:-1","max-image-preview":"max-image-preview:large","max-video-preview":"max-video-preview:-1"},"canonical":"https:\/\/graziamagazine.com\/es\/articles\/los-ganadores-de-la-80a-edicion-de-la-mbfwmadrid\/","og_locale":"es_ES","og_type":"article","og_title":"Los ganadores de la 80\u00aa edici\u00f3n de la MBFWMadrid","og_description":"Pedro del Hierro, Isabel Sanch\u00eds y Pino Montesdeoca se convierten en ganadores de los premios L'Or\u00e9al Paris a Mejor Colecci\u00f3n y Mejor Modelo.","og_url":"https:\/\/graziamagazine.com\/es\/articles\/los-ganadores-de-la-80a-edicion-de-la-mbfwmadrid\/","og_site_name":"Grazia","article_modified_time":"2024-09-15T19:22:53+00:00","og_image":[{"width":1500,"height":1000,"url":"https:\/\/graziamagazine.com\/es\/wp-content\/uploads\/sites\/12\/2024\/09\/6dc89f61-473a-ac8f-8ffd-09097f67960f.jpg","type":"image\/jpeg"}],"twitter_card":"summary_large_image","twitter_misc":{"Est. reading time":"3 minutos"},"schema":{"@context":"https:\/\/schema.org","@graph":[{"@type":"WebPage","@id":"https:\/\/graziamagazine.com\/es\/articles\/los-ganadores-de-la-80a-edicion-de-la-mbfwmadrid\/","url":"https:\/\/graziamagazine.com\/es\/articles\/los-ganadores-de-la-80a-edicion-de-la-mbfwmadrid\/","name":"Los ganadores de la 80\u00aa edici\u00f3n de la MBFWMadrid | Grazia","isPartOf":{"@id":"https:\/\/graziamagazine.com\/es\/#website"},"datePublished":"2024-09-16T07:00:49+00:00","dateModified":"2024-09-15T19:22:53+00:00","description":"Pedro del Hierro, Isabel Sanch\u00eds y Pino Montesdeoca se convierten en ganadores de los premios L'Or\u00e9al Paris a Mejor Colecci\u00f3n y Mejor Modelo.","breadcrumb":{"@id":"https:\/\/graziamagazine.com\/es\/articles\/los-ganadores-de-la-80a-edicion-de-la-mbfwmadrid\/#breadcrumb"},"inLanguage":"es","potentialAction":[{"@type":"ReadAction","target":["https:\/\/graziamagazine.com\/es\/articles\/los-ganadores-de-la-80a-edicion-de-la-mbfwmadrid\/"]}]},{"@type":"BreadcrumbList","@id":"https:\/\/graziamagazine.com\/es\/articles\/los-ganadores-de-la-80a-edicion-de-la-mbfwmadrid\/#breadcrumb","itemListElement":[{"@type":"ListItem","position":1,"name":"Portada","item":"https:\/\/graziamagazine.com\/es\/"},{"@type":"ListItem","position":2,"name":"Los ganadores de la 80\u00aa edici\u00f3n de la MBFWMadrid"}]},{"@type":"WebSite","@id":"https:\/\/graziamagazine.com\/es\/#website","url":"https:\/\/graziamagazine.com\/es\/","name":"Grazia","description":"Moda, belleza, celebrities, estilo de vida...","potentialAction":[{"@type":"SearchAction","target":{"@type":"EntryPoint","urlTemplate":"https:\/\/graziamagazine.com\/es\/?s={search_term_string}"},"query-input":"required name=search_term_string"}],"inLanguage":"es"}]}},"jetpack_sharing_enabled":true,"distributor_meta":false,"distributor_terms":false,"distributor_media":false,"distributor_original_site_name":"Grazia","distributor_original_site_url":"https:\/\/graziamagazine.com\/es","push-errors":false,"_links":{"self":[{"href":"https:\/\/graziamagazine.com\/es\/wp-json\/wp\/v2\/articles\/178953"}],"collection":[{"href":"https:\/\/graziamagazine.com\/es\/wp-json\/wp\/v2\/articles"}],"about":[{"href":"https:\/\/graziamagazine.com\/es\/wp-json\/wp\/v2\/types\/articles"}],"author":[{"embeddable":true,"href":"https:\/\/graziamagazine.com\/es\/wp-json\/wp\/v2\/users\/11653"}],"wp:featuredmedia":[{"embeddable":true,"href":"https:\/\/graziamagazine.com\/es\/wp-json\/wp\/v2\/media\/178954"}],"wp:attachment":[{"href":"https:\/\/graziamagazine.com\/es\/wp-json\/wp\/v2\/media?parent=178953"}],"wp:term":[{"taxonomy":"category","embeddable":true,"href":"https:\/\/graziamagazine.com\/es\/wp-json\/wp\/v2\/categories?post=178953"}],"curies":[{"name":"wp","href":"https:\/\/api.w.org\/{rel}","templated":true}]}}