{"id":178932,"date":"2024-09-11T17:23:40","date_gmt":"2024-09-11T15:23:40","guid":{"rendered":"https:\/\/graziamagazine.com\/es\/?post_type=articles&#038;p=178932"},"modified":"2024-09-13T17:23:58","modified_gmt":"2024-09-13T15:23:58","slug":"maui-jim-abre-su-pop-up-en-barcelona-con-motivo-de-la-copa-america","status":"publish","type":"articles","link":"https:\/\/graziamagazine.com\/es\/articles\/maui-jim-abre-su-pop-up-en-barcelona-con-motivo-de-la-copa-america\/","title":{"rendered":"Maui Jim abre su pop-up en Barcelona con motivo de la Copa Am\u00e9rica"},"content":{"rendered":"<p>Desde el pasado 22 de agosto la ciudad de Barcelona se ha convertido en el epicentro para los amantes de los deportes na\u00faticos. Y es que <strong>las regatas de la 37\u00aa Copa Am\u00e9rica congregan dentro y fuera del agua a miles de seguidores, convirti\u00e9ndose en el lugar perfecto de moda y tendencias.<\/strong> No es de extra\u00f1ar que <a href=\"https:\/\/www.mauijim.com\/ES\/es_ES?srsltid=AfmBOoo9CIPAdfd3TxSajDELWxq6CJs-aK-fW1kORGhq8RAOeo4BQMrw\" target=\"_blank\">Maui Jim<\/a>, uno de las firmas de gafas de Grupo Kering, haya elegido el Port Vell de la Ciudad Condal para abrir su espacio ef\u00edmero.<\/p>\n<p>Se trata de<strong> un exclusivo espacio <i>pop-up <\/i>de 40 m\u00b2<\/strong> para mostrar sus gafas m\u00e1s ic\u00f3nicas y los nuevos modelos de sol de la colecci\u00f3n <b><i>&#8216;Ekahi<\/i><\/b>. La Marina Port Vell de Barcelona es una de las \u00e1reas comerciales de la ciudad m\u00e1s exclusivas, donde conviven marcas y tiendas de las m\u00e1s prestigiosas del mundo, y durante la Copa Am\u00e9rica ofrecer\u00e1 actividades y experiencias exclusivas bajo el lema\u00a0<em>The Superyacht Marina Experience,\u00a0the most exclusive atmosphere<\/em>. Es ah\u00ed donde se podr\u00e1 visitar este espacio ef\u00edmero de Maui Jim en colaboraci\u00f3n con <a href=\"https:\/\/www.opticauniversitaria.es\/?gad_source=1&amp;gclid=CjwKCAjwxY-3BhAuEiwAu7Y6s5iosYB7bJY8KCAUwtcZEHKh7t6ndSyJUQVlOIOvRBNLY6ngk8ls5BoCyUgQAvD_BwE\" target=\"_blank\">\u00d3ptica Universitaria<\/a>, y que permanecer\u00e1 abierto durante la 37.\u00aa Copa Am\u00e9rica que termina el pr\u00f3ximo 27 de octubre.<\/p>\n<p><img loading=\"lazy\" decoding=\"async\" class=\"aligncenter size-full wp-image-178933\" src=\"https:\/\/graziamagazine.com\/es\/wp-content\/uploads\/sites\/12\/2024\/09\/V6A1822-copy.jpg\" alt=\"\" width=\"1991\" height=\"1126\" srcset=\"https:\/\/graziamagazine.com\/es\/wp-content\/uploads\/sites\/12\/2024\/09\/V6A1822-copy.jpg 1991w, https:\/\/graziamagazine.com\/es\/wp-content\/uploads\/sites\/12\/2024\/09\/V6A1822-copy-300x170.jpg 300w, https:\/\/graziamagazine.com\/es\/wp-content\/uploads\/sites\/12\/2024\/09\/V6A1822-copy-1024x579.jpg 1024w, https:\/\/graziamagazine.com\/es\/wp-content\/uploads\/sites\/12\/2024\/09\/V6A1822-copy-768x434.jpg 768w, https:\/\/graziamagazine.com\/es\/wp-content\/uploads\/sites\/12\/2024\/09\/V6A1822-copy-1536x869.jpg 1536w, https:\/\/graziamagazine.com\/es\/wp-content\/uploads\/sites\/12\/2024\/09\/V6A1822-copy-830x470.jpg 830w, https:\/\/graziamagazine.com\/es\/wp-content\/uploads\/sites\/12\/2024\/09\/V6A1822-copy-400x226.jpg 400w, https:\/\/graziamagazine.com\/es\/wp-content\/uploads\/sites\/12\/2024\/09\/V6A1822-copy-155x88.jpg 155w\" sizes=\"(max-width: 1991px) 100vw, 1991px\" \/><\/p>\n<p><a href=\"https:\/\/marinaportvell.com\/superyacht-marina-experience\/es\/\" target=\"_blank\">Marina Port Vell\u00a0<\/a>tiene previsto recibir\u00a0m\u00e1s de 110 superyates, lo que se transforma en un d\u00eda cualquiera y unos 2.500 propietarios e invitados en el mismo espacio excepcional. Gracias a ese ambiente acu\u00e1tico y deportivo, es por lo que\u00a0Maui Jim ha elegido el puerto de superyates por ser el lugar perfecto para vivir una gran experiencia al aire libre.<\/p>\n<div class=\"content-gallery\"><div class=\"gallery-placeholder\"><div class=\"spinner\"><\/div><\/div><span class=\"gallery-pagination\"><\/span><div id=\"gallery-1\" class=\"gallery galleryid-178932 gallery-columns- gallery-size-\"><figure class=\"gallery-item\"><div class=\"gallery-icon landscape\"><img loading=\"lazy\" decoding=\"async\" width=\"2048\" height=\"1365\" src=\"https:\/\/graziamagazine.com\/es\/wp-content\/uploads\/sites\/12\/2024\/09\/V6A1665-copy-copia.jpeg\" class=\"lazy\" alt=\"\" srcset=\"https:\/\/graziamagazine.com\/es\/wp-content\/uploads\/sites\/12\/2024\/09\/V6A1665-copy-copia.jpeg 2048w, https:\/\/graziamagazine.com\/es\/wp-content\/uploads\/sites\/12\/2024\/09\/V6A1665-copy-copia-300x200.jpeg 300w, https:\/\/graziamagazine.com\/es\/wp-content\/uploads\/sites\/12\/2024\/09\/V6A1665-copy-copia-1024x683.jpeg 1024w, https:\/\/graziamagazine.com\/es\/wp-content\/uploads\/sites\/12\/2024\/09\/V6A1665-copy-copia-768x512.jpeg 768w, https:\/\/graziamagazine.com\/es\/wp-content\/uploads\/sites\/12\/2024\/09\/V6A1665-copy-copia-1536x1024.jpeg 1536w, https:\/\/graziamagazine.com\/es\/wp-content\/uploads\/sites\/12\/2024\/09\/V6A1665-copy-copia-400x267.jpeg 400w, https:\/\/graziamagazine.com\/es\/wp-content\/uploads\/sites\/12\/2024\/09\/V6A1665-copy-copia-155x103.jpeg 155w\" sizes=\"(max-width: 2048px) 100vw, 2048px\" \/><\/div><\/figure><figure class=\"gallery-item\"><div class=\"gallery-icon landscape\"><img loading=\"lazy\" decoding=\"async\" width=\"1640\" height=\"1093\" src=\"https:\/\/graziamagazine.com\/es\/wp-content\/uploads\/sites\/12\/2024\/09\/V6A1568-copy-copia.jpeg\" class=\"lazy\" alt=\"\" srcset=\"https:\/\/graziamagazine.com\/es\/wp-content\/uploads\/sites\/12\/2024\/09\/V6A1568-copy-copia.jpeg 1640w, https:\/\/graziamagazine.com\/es\/wp-content\/uploads\/sites\/12\/2024\/09\/V6A1568-copy-copia-300x200.jpeg 300w, https:\/\/graziamagazine.com\/es\/wp-content\/uploads\/sites\/12\/2024\/09\/V6A1568-copy-copia-1024x682.jpeg 1024w, https:\/\/graziamagazine.com\/es\/wp-content\/uploads\/sites\/12\/2024\/09\/V6A1568-copy-copia-768x512.jpeg 768w, https:\/\/graziamagazine.com\/es\/wp-content\/uploads\/sites\/12\/2024\/09\/V6A1568-copy-copia-1536x1024.jpeg 1536w, https:\/\/graziamagazine.com\/es\/wp-content\/uploads\/sites\/12\/2024\/09\/V6A1568-copy-copia-400x267.jpeg 400w, https:\/\/graziamagazine.com\/es\/wp-content\/uploads\/sites\/12\/2024\/09\/V6A1568-copy-copia-155x103.jpeg 155w\" sizes=\"(max-width: 1640px) 100vw, 1640px\" \/><\/div><\/figure><\/div><\/div>\n<p>Los visitantes se sumergir\u00e1n en el esp\u00edritu alegre de la marca, con interiores que recrean playas y puestas de sol hawaianas utilizando estanter\u00edas de madera al estilo de las tablas de surf, paredes de plexigl\u00e1s degradado y moqueta de fibra de coco. Aqu\u00ed podr\u00e1n descubrir la avanzada tecnolog\u00eda PolarizedPlus2 que confiere a las gafas de sol Maui Jim su caracter\u00edstica ventaja.<\/p>\n<p><img loading=\"lazy\" decoding=\"async\" class=\"aligncenter size-full wp-image-178935\" src=\"https:\/\/graziamagazine.com\/es\/wp-content\/uploads\/sites\/12\/2024\/09\/V6A1759-copy-copia.jpeg\" alt=\"\" width=\"1365\" height=\"1529\" srcset=\"https:\/\/graziamagazine.com\/es\/wp-content\/uploads\/sites\/12\/2024\/09\/V6A1759-copy-copia.jpeg 1365w, https:\/\/graziamagazine.com\/es\/wp-content\/uploads\/sites\/12\/2024\/09\/V6A1759-copy-copia-268x300.jpeg 268w, https:\/\/graziamagazine.com\/es\/wp-content\/uploads\/sites\/12\/2024\/09\/V6A1759-copy-copia-914x1024.jpeg 914w, https:\/\/graziamagazine.com\/es\/wp-content\/uploads\/sites\/12\/2024\/09\/V6A1759-copy-copia-768x860.jpeg 768w, https:\/\/graziamagazine.com\/es\/wp-content\/uploads\/sites\/12\/2024\/09\/V6A1759-copy-copia-400x448.jpeg 400w, https:\/\/graziamagazine.com\/es\/wp-content\/uploads\/sites\/12\/2024\/09\/V6A1759-copy-copia-155x174.jpeg 155w\" sizes=\"(max-width: 1365px) 100vw, 1365px\" \/><\/p>\n<p class=\"p2\">Navegar con las gafas adecuadas es m\u00e1s f\u00e1cil que nunca con las lentes polarizadas de alta eficacia de la marca, que incorporan tratamientos hidrof\u00f3bicos y oleof\u00f3bicos que repelen el agua y la grasa, para aportar una visi\u00f3n n\u00edtida y sin reflejos. Esta avanzada tecnolog\u00eda de lentes hace que las Maui Jim resulten perfectas para practicar deportes acu\u00e1ticos y todo tipo de actividades al aire libre. En l\u00ednea con sus ra\u00edces hawaianas, la colecci\u00f3n combina monturas de alto rendimiento con una intensa paleta crom\u00e1tica y lentes que realzan el color, haci\u00e9ndolas a la vez funcionales y elegantes para llevarlas en el mar o en el interior.<\/p>\n<p><strong>\u00bfD\u00f3nde?<\/strong> <a href=\"https:\/\/www.google.es\/maps\/place\/Marina+Port+Vell\/@41.3802647,2.1863628,17z\/data=!3m1!4b1!4m6!3m5!1s0x12a4a2ff95c91711:0x60e03fa1afb87010!8m2!3d41.3802647!4d2.1863628!16s%2Fg%2F1v401_w6?hl=es&amp;entry=ttu&amp;g_ep=EgoyMDI0MDkxMS4wIKXMDSoASAFQAw%3D%3D\" target=\"_blank\"><span class=\"p-street-address\">Moll de la Barceloneta 1, <\/span><span class=\"p-locality\">Barcelona<\/span><\/a><\/p>\n<p><em>*Im\u00e1genes: cortes\u00eda<\/em><\/p>\n","protected":false},"author":11653,"featured_media":178934,"template":"","format":"standard","categories":[2971],"acf":{"banner":null},"yoast_head":"<!-- This site is optimized with the Yoast SEO Premium plugin v18.5 (Yoast SEO v20.4) - https:\/\/yoast.com\/wordpress\/plugins\/seo\/ -->\n<title>Maui Jim abre pop-up en Barcelona con motivo de la Copa Am\u00e9rica<\/title>\n<meta name=\"description\" content=\"La marca de gafas propiedad de Grupo Kering no ha querido perderse uno de los eventos n\u00e1uticos m\u00e1s prestigiosos del mundo.\" \/>\n<meta name=\"robots\" content=\"index, follow, max-snippet:-1, max-image-preview:large, max-video-preview:-1\" \/>\n<link rel=\"canonical\" href=\"https:\/\/graziamagazine.com\/es\/articles\/maui-jim-abre-su-pop-up-en-barcelona-con-motivo-de-la-copa-america\/\" \/>\n<meta property=\"og:locale\" content=\"es_ES\" \/>\n<meta property=\"og:type\" content=\"article\" \/>\n<meta property=\"og:title\" content=\"Maui Jim abre su pop-up en Barcelona con motivo de la Copa Am\u00e9rica\" \/>\n<meta property=\"og:description\" content=\"La marca de gafas propiedad de Grupo Kering no ha querido perderse uno de los eventos n\u00e1uticos m\u00e1s prestigiosos del mundo.\" \/>\n<meta property=\"og:url\" content=\"https:\/\/graziamagazine.com\/es\/articles\/maui-jim-abre-su-pop-up-en-barcelona-con-motivo-de-la-copa-america\/\" \/>\n<meta property=\"og:site_name\" content=\"Grazia\" \/>\n<meta property=\"article:modified_time\" content=\"2024-09-13T15:23:58+00:00\" \/>\n<meta property=\"og:image\" content=\"https:\/\/graziamagazine.com\/es\/wp-content\/uploads\/sites\/12\/2024\/09\/V6A1799-copy.jpg\" \/>\n\t<meta property=\"og:image:width\" content=\"2400\" \/>\n\t<meta property=\"og:image:height\" content=\"1600\" \/>\n\t<meta property=\"og:image:type\" content=\"image\/jpeg\" \/>\n<meta name=\"twitter:card\" content=\"summary_large_image\" \/>\n<meta name=\"twitter:label1\" content=\"Est. reading time\" \/>\n\t<meta name=\"twitter:data1\" content=\"3 minutos\" \/>\n<script type=\"application\/ld+json\" class=\"yoast-schema-graph\">{\"@context\":\"https:\/\/schema.org\",\"@graph\":[{\"@type\":\"WebPage\",\"@id\":\"https:\/\/graziamagazine.com\/es\/articles\/maui-jim-abre-su-pop-up-en-barcelona-con-motivo-de-la-copa-america\/\",\"url\":\"https:\/\/graziamagazine.com\/es\/articles\/maui-jim-abre-su-pop-up-en-barcelona-con-motivo-de-la-copa-america\/\",\"name\":\"Maui Jim abre pop-up en Barcelona con motivo de la Copa Am\u00e9rica\",\"isPartOf\":{\"@id\":\"https:\/\/graziamagazine.com\/es\/#website\"},\"datePublished\":\"2024-09-11T15:23:40+00:00\",\"dateModified\":\"2024-09-13T15:23:58+00:00\",\"description\":\"La marca de gafas propiedad de Grupo Kering no ha querido perderse uno de los eventos n\u00e1uticos m\u00e1s prestigiosos del mundo.\",\"breadcrumb\":{\"@id\":\"https:\/\/graziamagazine.com\/es\/articles\/maui-jim-abre-su-pop-up-en-barcelona-con-motivo-de-la-copa-america\/#breadcrumb\"},\"inLanguage\":\"es\",\"potentialAction\":[{\"@type\":\"ReadAction\",\"target\":[\"https:\/\/graziamagazine.com\/es\/articles\/maui-jim-abre-su-pop-up-en-barcelona-con-motivo-de-la-copa-america\/\"]}]},{\"@type\":\"BreadcrumbList\",\"@id\":\"https:\/\/graziamagazine.com\/es\/articles\/maui-jim-abre-su-pop-up-en-barcelona-con-motivo-de-la-copa-america\/#breadcrumb\",\"itemListElement\":[{\"@type\":\"ListItem\",\"position\":1,\"name\":\"Portada\",\"item\":\"https:\/\/graziamagazine.com\/es\/\"},{\"@type\":\"ListItem\",\"position\":2,\"name\":\"Maui Jim abre su pop-up en Barcelona con motivo de la Copa Am\u00e9rica\"}]},{\"@type\":\"WebSite\",\"@id\":\"https:\/\/graziamagazine.com\/es\/#website\",\"url\":\"https:\/\/graziamagazine.com\/es\/\",\"name\":\"Grazia\",\"description\":\"Moda, belleza, celebrities, estilo de vida...\",\"potentialAction\":[{\"@type\":\"SearchAction\",\"target\":{\"@type\":\"EntryPoint\",\"urlTemplate\":\"https:\/\/graziamagazine.com\/es\/?s={search_term_string}\"},\"query-input\":\"required name=search_term_string\"}],\"inLanguage\":\"es\"}]}<\/script>\n<!-- \/ Yoast SEO Premium plugin. -->","yoast_head_json":{"title":"Maui Jim abre pop-up en Barcelona con motivo de la Copa Am\u00e9rica","description":"La marca de gafas propiedad de Grupo Kering no ha querido perderse uno de los eventos n\u00e1uticos m\u00e1s prestigiosos del mundo.","robots":{"index":"index","follow":"follow","max-snippet":"max-snippet:-1","max-image-preview":"max-image-preview:large","max-video-preview":"max-video-preview:-1"},"canonical":"https:\/\/graziamagazine.com\/es\/articles\/maui-jim-abre-su-pop-up-en-barcelona-con-motivo-de-la-copa-america\/","og_locale":"es_ES","og_type":"article","og_title":"Maui Jim abre su pop-up en Barcelona con motivo de la Copa Am\u00e9rica","og_description":"La marca de gafas propiedad de Grupo Kering no ha querido perderse uno de los eventos n\u00e1uticos m\u00e1s prestigiosos del mundo.","og_url":"https:\/\/graziamagazine.com\/es\/articles\/maui-jim-abre-su-pop-up-en-barcelona-con-motivo-de-la-copa-america\/","og_site_name":"Grazia","article_modified_time":"2024-09-13T15:23:58+00:00","og_image":[{"width":2400,"height":1600,"url":"https:\/\/graziamagazine.com\/es\/wp-content\/uploads\/sites\/12\/2024\/09\/V6A1799-copy.jpg","type":"image\/jpeg"}],"twitter_card":"summary_large_image","twitter_misc":{"Est. reading time":"3 minutos"},"schema":{"@context":"https:\/\/schema.org","@graph":[{"@type":"WebPage","@id":"https:\/\/graziamagazine.com\/es\/articles\/maui-jim-abre-su-pop-up-en-barcelona-con-motivo-de-la-copa-america\/","url":"https:\/\/graziamagazine.com\/es\/articles\/maui-jim-abre-su-pop-up-en-barcelona-con-motivo-de-la-copa-america\/","name":"Maui Jim abre pop-up en Barcelona con motivo de la Copa Am\u00e9rica","isPartOf":{"@id":"https:\/\/graziamagazine.com\/es\/#website"},"datePublished":"2024-09-11T15:23:40+00:00","dateModified":"2024-09-13T15:23:58+00:00","description":"La marca de gafas propiedad de Grupo Kering no ha querido perderse uno de los eventos n\u00e1uticos m\u00e1s prestigiosos del mundo.","breadcrumb":{"@id":"https:\/\/graziamagazine.com\/es\/articles\/maui-jim-abre-su-pop-up-en-barcelona-con-motivo-de-la-copa-america\/#breadcrumb"},"inLanguage":"es","potentialAction":[{"@type":"ReadAction","target":["https:\/\/graziamagazine.com\/es\/articles\/maui-jim-abre-su-pop-up-en-barcelona-con-motivo-de-la-copa-america\/"]}]},{"@type":"BreadcrumbList","@id":"https:\/\/graziamagazine.com\/es\/articles\/maui-jim-abre-su-pop-up-en-barcelona-con-motivo-de-la-copa-america\/#breadcrumb","itemListElement":[{"@type":"ListItem","position":1,"name":"Portada","item":"https:\/\/graziamagazine.com\/es\/"},{"@type":"ListItem","position":2,"name":"Maui Jim abre su pop-up en Barcelona con motivo de la Copa Am\u00e9rica"}]},{"@type":"WebSite","@id":"https:\/\/graziamagazine.com\/es\/#website","url":"https:\/\/graziamagazine.com\/es\/","name":"Grazia","description":"Moda, belleza, celebrities, estilo de vida...","potentialAction":[{"@type":"SearchAction","target":{"@type":"EntryPoint","urlTemplate":"https:\/\/graziamagazine.com\/es\/?s={search_term_string}"},"query-input":"required name=search_term_string"}],"inLanguage":"es"}]}},"jetpack_sharing_enabled":true,"distributor_meta":false,"distributor_terms":false,"distributor_media":false,"distributor_original_site_name":"Grazia","distributor_original_site_url":"https:\/\/graziamagazine.com\/es","push-errors":false,"_links":{"self":[{"href":"https:\/\/graziamagazine.com\/es\/wp-json\/wp\/v2\/articles\/178932"}],"collection":[{"href":"https:\/\/graziamagazine.com\/es\/wp-json\/wp\/v2\/articles"}],"about":[{"href":"https:\/\/graziamagazine.com\/es\/wp-json\/wp\/v2\/types\/articles"}],"author":[{"embeddable":true,"href":"https:\/\/graziamagazine.com\/es\/wp-json\/wp\/v2\/users\/11653"}],"wp:featuredmedia":[{"embeddable":true,"href":"https:\/\/graziamagazine.com\/es\/wp-json\/wp\/v2\/media\/178934"}],"wp:attachment":[{"href":"https:\/\/graziamagazine.com\/es\/wp-json\/wp\/v2\/media?parent=178932"}],"wp:term":[{"taxonomy":"category","embeddable":true,"href":"https:\/\/graziamagazine.com\/es\/wp-json\/wp\/v2\/categories?post=178932"}],"curies":[{"name":"wp","href":"https:\/\/api.w.org\/{rel}","templated":true}]}}