{"id":178862,"date":"2024-09-11T11:43:43","date_gmt":"2024-09-11T09:43:43","guid":{"rendered":"https:\/\/graziamagazine.com\/es\/?post_type=articles&#038;p=178862"},"modified":"2024-09-11T11:43:43","modified_gmt":"2024-09-11T09:43:43","slug":"semana-de-la-moda-de-nueva-york-off-white-ss25","status":"publish","type":"articles","link":"https:\/\/graziamagazine.com\/es\/articles\/semana-de-la-moda-de-nueva-york-off-white-ss25\/","title":{"rendered":"Semana de la Moda de Nueva York: Off-White SS25"},"content":{"rendered":"<p>Off-White, la ic\u00f3nica marca lanzada por el estadounidense <strong>Virgil Abloh<\/strong>, ha sido siempre una celebraci\u00f3n del esp\u00edritu global. Con sede en Mil\u00e1n y desfiles en Par\u00eds, la marca ha capturado la esencia de estar en todas partes y en ninguna al mismo tiempo, reflejando la naturaleza itinerante de su fundador.<\/p>\n<p>Esta filosof\u00eda es la que ha permitido a <strong>Ib Kamara<\/strong>, sucesor escogido personalmente por Abloh, llevar la marca a la Semana de la Moda de Nueva York por primera vez, marcando un momento hist\u00f3rico en la trayectoria de <strong>Off-White.<\/strong><\/p>\n<div class=\"content-gallery\">\n<div class=\"gallery-placeholder\">\n<div class=\"spinner\"><\/div>\n<\/div>\n<p>&nbsp;<\/p>\n<div id=\"gallery-1\" class=\"gallery galleryid- gallery-columns- gallery-size-\">\n<figure class=\"gallery-item\">\n<div class=\"gallery-icon landscape\"><img loading=\"lazy\" decoding=\"async\" class=\"lazy\" src=\"https:\/\/graziamagazine.com\/mx\/wp-content\/uploads\/sites\/13\/2024\/09\/Captura-de-Pantalla-2024-09-10-a-las-15.43.52.png\" alt=\"\" width=\"740\" height=\"1156\" \/><\/div>\n<\/figure>\n<figure class=\"gallery-item\">\n<div class=\"gallery-icon landscape\"><img loading=\"lazy\" decoding=\"async\" class=\"lazy\" src=\"https:\/\/graziamagazine.com\/mx\/wp-content\/uploads\/sites\/13\/2024\/09\/Captura-de-Pantalla-2024-09-10-a-las-15.44.02.png\" alt=\"\" width=\"740\" height=\"1188\" \/><\/div>\n<\/figure>\n<figure class=\"gallery-item\">\n<div class=\"gallery-icon landscape\"><img loading=\"lazy\" decoding=\"async\" class=\"lazy\" src=\"https:\/\/graziamagazine.com\/mx\/wp-content\/uploads\/sites\/13\/2024\/09\/Captura-de-Pantalla-2024-09-10-a-las-15.44.07.png\" alt=\"\" width=\"740\" height=\"1188\" \/><\/div>\n<\/figure>\n<figure class=\"gallery-item\">\n<div class=\"gallery-icon landscape\"><img loading=\"lazy\" decoding=\"async\" class=\"lazy\" src=\"https:\/\/graziamagazine.com\/mx\/wp-content\/uploads\/sites\/13\/2024\/09\/Captura-de-Pantalla-2024-09-10-a-las-15.44.09.png\" alt=\"\" width=\"740\" height=\"1188\" \/><\/div>\n<\/figure>\n<figure class=\"gallery-item\">\n<div class=\"gallery-icon landscape\"><img loading=\"lazy\" decoding=\"async\" class=\"lazy\" src=\"https:\/\/graziamagazine.com\/mx\/wp-content\/uploads\/sites\/13\/2024\/09\/Captura-de-Pantalla-2024-09-10-a-las-15.44.10.png\" alt=\"\" width=\"740\" height=\"1188\" \/><\/div>\n<\/figure>\n<\/div>\n<\/div>\n<p>Kamara, quien tambi\u00e9n es un estilista muy solicitado, est\u00e1 acostumbrado a estar en constante movimiento, lo que lo conecta profundamente con el legado de Abloh. \u201cEs como volver a casa, tanto para Off-White como para m\u00ed\u201d, coment\u00f3 Kamara tras bastidores.<\/p>\n<p>Esta colecci\u00f3n, titulada <strong>\u201cDuty Free\u201d<\/strong>, se inspir\u00f3 en un viaje que Kamara realiz\u00f3 a Ghana, pa\u00eds de origen de los padres de Abloh. La energ\u00eda vibrante de los mercados locales, los tejidos y el trabajo con artesanos ghaneses influyeron en el dise\u00f1o de las piezas, imbuyendo la colecci\u00f3n de un sentido de pertenencia global y confianza juvenil.<\/p>\n<p>La colecci\u00f3n femenina de Kamara destac\u00f3 por su \u00e9nfasis en la sensualidad, combinando elementos del vestuario deportivo con toques atrevidos. Los leotardos, con profundos escotes en V que llegaban m\u00e1s all\u00e1 del ombligo, y los leggings con aberturas en el dobladillo que dejaban ver sandalias de tac\u00f3n aguja, fueron piezas clave.<\/p>\n<div class=\"content-gallery\">\n<div class=\"gallery-placeholder\">\n<div class=\"spinner\"><\/div>\n<\/div>\n<p>&nbsp;<\/p>\n<div id=\"gallery-2\" class=\"gallery galleryid- gallery-columns- gallery-size-\">\n<figure class=\"gallery-item\">\n<div class=\"gallery-icon landscape\"><img loading=\"lazy\" decoding=\"async\" class=\"lazy\" src=\"https:\/\/graziamagazine.com\/mx\/wp-content\/uploads\/sites\/13\/2024\/09\/Captura-de-Pantalla-2024-09-10-a-las-15.44.11.png\" alt=\"\" width=\"740\" height=\"1188\" \/><\/div>\n<\/figure>\n<figure class=\"gallery-item\">\n<div class=\"gallery-icon landscape\"><img loading=\"lazy\" decoding=\"async\" class=\"lazy\" src=\"https:\/\/graziamagazine.com\/mx\/wp-content\/uploads\/sites\/13\/2024\/09\/Captura-de-Pantalla-2024-09-10-a-las-15.44.26.png\" alt=\"\" width=\"740\" height=\"1188\" \/><\/div>\n<\/figure>\n<figure class=\"gallery-item\">\n<div class=\"gallery-icon landscape\"><img loading=\"lazy\" decoding=\"async\" class=\"lazy\" src=\"https:\/\/graziamagazine.com\/mx\/wp-content\/uploads\/sites\/13\/2024\/09\/Captura-de-Pantalla-2024-09-10-a-las-15.44.30.png\" alt=\"\" width=\"740\" height=\"1188\" \/><\/div>\n<\/figure>\n<figure class=\"gallery-item\">\n<div class=\"gallery-icon landscape\"><img loading=\"lazy\" decoding=\"async\" class=\"lazy\" src=\"https:\/\/graziamagazine.com\/mx\/wp-content\/uploads\/sites\/13\/2024\/09\/Captura-de-Pantalla-2024-09-10-a-las-15.44.31.png\" alt=\"\" width=\"740\" height=\"1188\" \/><\/div>\n<\/figure>\n<figure class=\"gallery-item\">\n<div class=\"gallery-icon landscape\"><img loading=\"lazy\" decoding=\"async\" class=\"lazy\" src=\"https:\/\/graziamagazine.com\/mx\/wp-content\/uploads\/sites\/13\/2024\/09\/Captura-de-Pantalla-2024-09-10-a-las-15.44.33.png\" alt=\"\" width=\"740\" height=\"1188\" \/><\/div>\n<\/figure>\n<\/div>\n<\/div>\n<p>Estas prendas se complementaron con chaquetas deportivas ajustadas y faldas ligeras, muchas veces acompa\u00f1adas de una segunda chaqueta atada a la cintura para un toque casual pero estilizado.<\/p>\n<p>En la secci\u00f3n masculina, Kamara mostr\u00f3 su habilidad innata para el dise\u00f1o, introduciendo paneles con cremalleras en los dobladillos de chalecos y chaquetas, as\u00ed como en la parte frontal de los pantalones.<\/p>\n<p>Para su saludo final, Kamara apareci\u00f3 con un par de jeans con este detalle, donde los paneles desabrochados simulaban bolsillos utilitarios, a\u00f1adiendo un aire pr\u00e1ctico y moderno. La colecci\u00f3n tambi\u00e9n incluy\u00f3 una chaqueta varsity con parches de logotipos y una sudadera con la obra del artista ghan\u00e9s Nana Danso.<\/p>\n<div class=\"content-gallery\">\n<div class=\"gallery-placeholder\">\n<div class=\"spinner\"><\/div>\n<\/div>\n<p>&nbsp;<\/p>\n<div id=\"gallery-3\" class=\"gallery galleryid- gallery-columns- gallery-size-\">\n<figure class=\"gallery-item\">\n<div class=\"gallery-icon landscape\"><img loading=\"lazy\" decoding=\"async\" class=\"lazy\" src=\"https:\/\/graziamagazine.com\/mx\/wp-content\/uploads\/sites\/13\/2024\/09\/Captura-de-Pantalla-2024-09-10-a-las-15.44.35.png\" alt=\"\" width=\"740\" height=\"1188\" \/><\/div>\n<\/figure>\n<figure class=\"gallery-item\">\n<div class=\"gallery-icon landscape\"><img loading=\"lazy\" decoding=\"async\" class=\"lazy\" src=\"https:\/\/graziamagazine.com\/mx\/wp-content\/uploads\/sites\/13\/2024\/09\/Captura-de-Pantalla-2024-09-10-a-las-15.44.42.png\" alt=\"\" width=\"740\" height=\"1188\" \/><\/div>\n<\/figure>\n<figure class=\"gallery-item\">\n<div class=\"gallery-icon landscape\"><img loading=\"lazy\" decoding=\"async\" class=\"lazy\" src=\"https:\/\/graziamagazine.com\/mx\/wp-content\/uploads\/sites\/13\/2024\/09\/Captura-de-Pantalla-2024-09-10-a-las-15.44.45.png\" alt=\"\" width=\"740\" height=\"1188\" \/><\/div>\n<\/figure>\n<figure class=\"gallery-item\">\n<div class=\"gallery-icon landscape\"><img loading=\"lazy\" decoding=\"async\" class=\"lazy\" src=\"https:\/\/graziamagazine.com\/mx\/wp-content\/uploads\/sites\/13\/2024\/09\/Captura-de-Pantalla-2024-09-10-a-las-15.44.49.png\" alt=\"\" width=\"740\" height=\"1188\" \/><\/div>\n<\/figure>\n<figure class=\"gallery-item\">\n<div class=\"gallery-icon landscape\"><img loading=\"lazy\" decoding=\"async\" class=\"lazy\" src=\"https:\/\/graziamagazine.com\/mx\/wp-content\/uploads\/sites\/13\/2024\/09\/Captura-de-Pantalla-2024-09-10-a-las-15.44.51.png\" alt=\"\" width=\"740\" height=\"1188\" \/><\/div>\n<\/figure>\n<figure class=\"gallery-item\">\n<div class=\"gallery-icon landscape\"><img loading=\"lazy\" decoding=\"async\" class=\"lazy\" src=\"https:\/\/graziamagazine.com\/mx\/wp-content\/uploads\/sites\/13\/2024\/09\/Captura-de-Pantalla-2024-09-10-a-las-15.45.00.png\" alt=\"\" width=\"740\" height=\"1188\" \/><\/div>\n<\/figure>\n<\/div>\n<\/div>\n<p>El desfile se llev\u00f3 a cabo en el <strong>Muelle 2 del Parque del Puente de Brooklyn<\/strong>, un espacio rodeado de canchas de baloncesto y patinaje, con vistas impresionantes de los rascacielos de Manhattan al otro lado del East River.<\/p>\n<p>Aunque a\u00fan es pronto para saber si Off-White seguir\u00e1 desfilando en Nueva York o regresar\u00e1 a Par\u00eds, lo que es seguro es que Kamara ha marcado un nuevo hito para la marca, fusionando la esencia deportiva con una est\u00e9tica global y sofisticada, todo bajo la luz de la ciudad que nunca duerme.<\/p>\n<p><em>*Im\u00e1genes: Getty Images<\/em><\/p>\n","protected":false},"author":28953,"featured_media":178863,"template":"","format":"standard","categories":[1],"acf":[],"yoast_head":"<!-- This site is optimized with the Yoast SEO Premium plugin v18.5 (Yoast SEO v20.4) - https:\/\/yoast.com\/wordpress\/plugins\/seo\/ -->\n<title>Semana de la Moda de Nueva York: Off-White SS25<\/title>\n<meta name=\"description\" content=\"Ib Kamara trae la visi\u00f3n global de Off-White a la Semana de la Moda de Nueva York en un debut hist\u00f3rico y vibrante.\" \/>\n<meta name=\"robots\" content=\"index, follow, max-snippet:-1, max-image-preview:large, max-video-preview:-1\" \/>\n<link rel=\"canonical\" href=\"https:\/\/graziamagazine.com\/es\/articles\/semana-de-la-moda-de-nueva-york-off-white-ss25\/\" \/>\n<meta property=\"og:locale\" content=\"es_ES\" \/>\n<meta property=\"og:type\" content=\"article\" \/>\n<meta property=\"og:title\" content=\"Semana de la Moda de Nueva York: Off-White SS25\" \/>\n<meta property=\"og:description\" content=\"Ib Kamara trae la visi\u00f3n global de Off-White a la Semana de la Moda de Nueva York en un debut hist\u00f3rico y vibrante.\" \/>\n<meta property=\"og:url\" content=\"https:\/\/graziamagazine.com\/es\/articles\/semana-de-la-moda-de-nueva-york-off-white-ss25\/\" \/>\n<meta property=\"og:site_name\" content=\"Grazia\" \/>\n<meta property=\"og:image\" content=\"https:\/\/graziamagazine.com\/es\/wp-content\/uploads\/sites\/12\/2024\/09\/Captura-de-Pantalla-2024-09-10-a-las-15.45.05-e1726004984320.png\" \/>\n\t<meta property=\"og:image:width\" content=\"740\" \/>\n\t<meta property=\"og:image:height\" content=\"528\" \/>\n\t<meta property=\"og:image:type\" content=\"image\/png\" \/>\n<meta name=\"twitter:card\" content=\"summary_large_image\" \/>\n<meta name=\"twitter:label1\" content=\"Est. reading time\" \/>\n\t<meta name=\"twitter:data1\" content=\"6 minutos\" \/>\n<script type=\"application\/ld+json\" class=\"yoast-schema-graph\">{\"@context\":\"https:\/\/schema.org\",\"@graph\":[{\"@type\":\"WebPage\",\"@id\":\"https:\/\/graziamagazine.com\/es\/articles\/semana-de-la-moda-de-nueva-york-off-white-ss25\/\",\"url\":\"https:\/\/graziamagazine.com\/es\/articles\/semana-de-la-moda-de-nueva-york-off-white-ss25\/\",\"name\":\"Semana de la Moda de Nueva York: Off-White SS25\",\"isPartOf\":{\"@id\":\"https:\/\/graziamagazine.com\/es\/#website\"},\"datePublished\":\"2024-09-11T09:43:43+00:00\",\"dateModified\":\"2024-09-11T09:43:43+00:00\",\"description\":\"Ib Kamara trae la visi\u00f3n global de Off-White a la Semana de la Moda de Nueva York en un debut hist\u00f3rico y vibrante.\",\"breadcrumb\":{\"@id\":\"https:\/\/graziamagazine.com\/es\/articles\/semana-de-la-moda-de-nueva-york-off-white-ss25\/#breadcrumb\"},\"inLanguage\":\"es\",\"potentialAction\":[{\"@type\":\"ReadAction\",\"target\":[\"https:\/\/graziamagazine.com\/es\/articles\/semana-de-la-moda-de-nueva-york-off-white-ss25\/\"]}]},{\"@type\":\"BreadcrumbList\",\"@id\":\"https:\/\/graziamagazine.com\/es\/articles\/semana-de-la-moda-de-nueva-york-off-white-ss25\/#breadcrumb\",\"itemListElement\":[{\"@type\":\"ListItem\",\"position\":1,\"name\":\"Portada\",\"item\":\"https:\/\/graziamagazine.com\/es\/\"},{\"@type\":\"ListItem\",\"position\":2,\"name\":\"Semana de la Moda de Nueva York: Off-White SS25\"}]},{\"@type\":\"WebSite\",\"@id\":\"https:\/\/graziamagazine.com\/es\/#website\",\"url\":\"https:\/\/graziamagazine.com\/es\/\",\"name\":\"Grazia\",\"description\":\"Moda, belleza, celebrities, estilo de vida...\",\"potentialAction\":[{\"@type\":\"SearchAction\",\"target\":{\"@type\":\"EntryPoint\",\"urlTemplate\":\"https:\/\/graziamagazine.com\/es\/?s={search_term_string}\"},\"query-input\":\"required name=search_term_string\"}],\"inLanguage\":\"es\"}]}<\/script>\n<!-- \/ Yoast SEO Premium plugin. -->","yoast_head_json":{"title":"Semana de la Moda de Nueva York: Off-White SS25","description":"Ib Kamara trae la visi\u00f3n global de Off-White a la Semana de la Moda de Nueva York en un debut hist\u00f3rico y vibrante.","robots":{"index":"index","follow":"follow","max-snippet":"max-snippet:-1","max-image-preview":"max-image-preview:large","max-video-preview":"max-video-preview:-1"},"canonical":"https:\/\/graziamagazine.com\/es\/articles\/semana-de-la-moda-de-nueva-york-off-white-ss25\/","og_locale":"es_ES","og_type":"article","og_title":"Semana de la Moda de Nueva York: Off-White SS25","og_description":"Ib Kamara trae la visi\u00f3n global de Off-White a la Semana de la Moda de Nueva York en un debut hist\u00f3rico y vibrante.","og_url":"https:\/\/graziamagazine.com\/es\/articles\/semana-de-la-moda-de-nueva-york-off-white-ss25\/","og_site_name":"Grazia","og_image":[{"width":740,"height":528,"url":"https:\/\/graziamagazine.com\/es\/wp-content\/uploads\/sites\/12\/2024\/09\/Captura-de-Pantalla-2024-09-10-a-las-15.45.05-e1726004984320.png","type":"image\/png"}],"twitter_card":"summary_large_image","twitter_misc":{"Est. reading time":"6 minutos"},"schema":{"@context":"https:\/\/schema.org","@graph":[{"@type":"WebPage","@id":"https:\/\/graziamagazine.com\/es\/articles\/semana-de-la-moda-de-nueva-york-off-white-ss25\/","url":"https:\/\/graziamagazine.com\/es\/articles\/semana-de-la-moda-de-nueva-york-off-white-ss25\/","name":"Semana de la Moda de Nueva York: Off-White SS25","isPartOf":{"@id":"https:\/\/graziamagazine.com\/es\/#website"},"datePublished":"2024-09-11T09:43:43+00:00","dateModified":"2024-09-11T09:43:43+00:00","description":"Ib Kamara trae la visi\u00f3n global de Off-White a la Semana de la Moda de Nueva York en un debut hist\u00f3rico y vibrante.","breadcrumb":{"@id":"https:\/\/graziamagazine.com\/es\/articles\/semana-de-la-moda-de-nueva-york-off-white-ss25\/#breadcrumb"},"inLanguage":"es","potentialAction":[{"@type":"ReadAction","target":["https:\/\/graziamagazine.com\/es\/articles\/semana-de-la-moda-de-nueva-york-off-white-ss25\/"]}]},{"@type":"BreadcrumbList","@id":"https:\/\/graziamagazine.com\/es\/articles\/semana-de-la-moda-de-nueva-york-off-white-ss25\/#breadcrumb","itemListElement":[{"@type":"ListItem","position":1,"name":"Portada","item":"https:\/\/graziamagazine.com\/es\/"},{"@type":"ListItem","position":2,"name":"Semana de la Moda de Nueva York: Off-White SS25"}]},{"@type":"WebSite","@id":"https:\/\/graziamagazine.com\/es\/#website","url":"https:\/\/graziamagazine.com\/es\/","name":"Grazia","description":"Moda, belleza, celebrities, estilo de vida...","potentialAction":[{"@type":"SearchAction","target":{"@type":"EntryPoint","urlTemplate":"https:\/\/graziamagazine.com\/es\/?s={search_term_string}"},"query-input":"required name=search_term_string"}],"inLanguage":"es"}]}},"jetpack_sharing_enabled":true,"distributor_meta":false,"distributor_terms":false,"distributor_media":false,"distributor_original_site_name":"Grazia","distributor_original_site_url":"https:\/\/graziamagazine.com\/es","push-errors":false,"_links":{"self":[{"href":"https:\/\/graziamagazine.com\/es\/wp-json\/wp\/v2\/articles\/178862"}],"collection":[{"href":"https:\/\/graziamagazine.com\/es\/wp-json\/wp\/v2\/articles"}],"about":[{"href":"https:\/\/graziamagazine.com\/es\/wp-json\/wp\/v2\/types\/articles"}],"author":[{"embeddable":true,"href":"https:\/\/graziamagazine.com\/es\/wp-json\/wp\/v2\/users\/28953"}],"wp:featuredmedia":[{"embeddable":true,"href":"https:\/\/graziamagazine.com\/es\/wp-json\/wp\/v2\/media\/178863"}],"wp:attachment":[{"href":"https:\/\/graziamagazine.com\/es\/wp-json\/wp\/v2\/media?parent=178862"}],"wp:term":[{"taxonomy":"category","embeddable":true,"href":"https:\/\/graziamagazine.com\/es\/wp-json\/wp\/v2\/categories?post=178862"}],"curies":[{"name":"wp","href":"https:\/\/api.w.org\/{rel}","templated":true}]}}