{"id":178706,"date":"2024-09-04T13:02:18","date_gmt":"2024-09-04T11:02:18","guid":{"rendered":"https:\/\/graziamagazine.com\/es\/?post_type=articles&#038;p=178706"},"modified":"2024-09-04T13:02:18","modified_gmt":"2024-09-04T11:02:18","slug":"estas-son-las-peliculas-preseleccionadas-para-representar-a-espana-en-los-oscar","status":"publish","type":"articles","link":"https:\/\/graziamagazine.com\/es\/articles\/estas-son-las-peliculas-preseleccionadas-para-representar-a-espana-en-los-oscar\/","title":{"rendered":"Estas son las pel\u00edculas preseleccionadas para representar a Espa\u00f1a en los Oscar"},"content":{"rendered":"<p><em>La estrella azul<\/em>, de\u00a0<strong>Javier Macipe<\/strong>;\u00a0<em>Marco<\/em>, de\u00a0<strong>Aitor Arregi\u00a0<\/strong>y\u00a0<strong>Jon Gara\u00f1o<\/strong>; y\u00a0<em>Segundo premio<\/em>, de\u00a0<strong>Isaki Lacuesta<\/strong>\u00a0y\u00a0<strong>Pol Rodr\u00edguez<\/strong>, son los filmes preseleccionados por los miembros de la Academia de Cine para representar a Espa\u00f1a en la 97 edici\u00f3n de los Premios Oscar, en la categor\u00eda de Mejor Pel\u00edcula Internacional.<\/p>\n<p>Las actrices\u00a0<strong>Malena Alterio<\/strong>\u00a0(ganadora del Goya a la Mejor Actriz Protagonista por\u00a0<em>Que nadie duerma<\/em>),\u00a0<strong>Bel\u00e9n Cuesta<\/strong>\u00a0(ganadora del Goya a la Mejor Actriz Protagonista por\u00a0<em>La trinchera infinita<\/em>) y\u00a0<strong>Victoria Luengo<\/strong>\u00a0(nominada al Goya a la Mejor Actriz Protagonista por\u00a0<em>Suro<\/em>), han realizado la lectura de los t\u00edtulos preseleccionados, acompa\u00f1ados por el presidente de la Academia\u00a0<strong>Fernando M\u00e9ndez-Leite<\/strong>\u00a0y la notaria\u00a0<strong>Eva Fern\u00e1ndez Medina<\/strong>, en un acto que tuvo lugar este mi\u00e9rcoles en la sede de la instituci\u00f3n.<\/p>\n<p><img loading=\"lazy\" decoding=\"async\" class=\"aligncenter size-full wp-image-178707\" src=\"https:\/\/graziamagazine.com\/es\/wp-content\/uploads\/sites\/12\/2024\/09\/posado-institucional.jpg\" alt=\"\" width=\"1024\" height=\"618\" srcset=\"https:\/\/graziamagazine.com\/es\/wp-content\/uploads\/sites\/12\/2024\/09\/posado-institucional.jpg 1024w, https:\/\/graziamagazine.com\/es\/wp-content\/uploads\/sites\/12\/2024\/09\/posado-institucional-300x181.jpg 300w, https:\/\/graziamagazine.com\/es\/wp-content\/uploads\/sites\/12\/2024\/09\/posado-institucional-768x464.jpg 768w, https:\/\/graziamagazine.com\/es\/wp-content\/uploads\/sites\/12\/2024\/09\/posado-institucional-400x241.jpg 400w, https:\/\/graziamagazine.com\/es\/wp-content\/uploads\/sites\/12\/2024\/09\/posado-institucional-155x94.jpg 155w\" sizes=\"(max-width: 1024px) 100vw, 1024px\" \/><\/p>\n<p>De esta terna saldr\u00e1 la pel\u00edcula elegida finalmente, tras una segunda votaci\u00f3n. El pr\u00f3ximo 18 de septiembre se anunciar\u00e1 el t\u00edtulo que representar\u00e1 a nuestro pa\u00eds en los premios de la Academia de Hollywood.<\/p>\n<p><em>La estrella azul\u00a0<\/em>es una coproducci\u00f3n entre Argentina y Espa\u00f1a firmada por Javier Macipe, que sigue la epopeya de un famoso rockero espa\u00f1ol por el pa\u00eds latinoamericano, en su b\u00fasqueda por recobrar la pasi\u00f3n por la m\u00fasica.<\/p>\n<p><img decoding=\"async\" src=\"https:\/\/e00-elmundo.uecdn.es\/assets\/multimedia\/imagenes\/2024\/02\/23\/17087067412502.jpg\" alt=\"La estrella azul: el infinito placer de la tristura (****) | Cine\" \/><\/p>\n<p>Dirgida por Aitor Arregi y Jon Gara\u00f1o,\u00a0<em>Marco<\/em>\u00a0es un thriller dram\u00e1tico inspirado en la historia real de Enric Marco, al que da vida\u00a0<strong>Eduard Fern\u00e1ndez<\/strong>. Es el relato de un hombre que durante a\u00f1os fue capaz de mantener, ante la opini\u00f3n p\u00fablica y su propia familia, una gran mentira: haber sido prisionero en un campo de concentraci\u00f3n nazi. Se ha presentado en el Festival de Venecia, donde compite en la secci\u00f3n Orizzonti.<\/p>\n<p><img decoding=\"async\" src=\"https:\/\/hips.hearstapps.com\/hmg-prod\/images\/captura-de-pantalla-2024-08-30-a-las-19-15-07-66d1fe26994df.jpg?resize=980:*\" alt=\"Cr\u00edtica de 'Marco': Eduard Fern\u00e1ndez saca brillo a las contradicciones de  Enric Marco\" \/><\/p>\n<p>La pel\u00edcula de Isaki Lacuesta y Pol Rodr\u00edguez,\u00a0<em>Segundo premio,<\/em>\u00a0nos traslada a la ciudad de Granada en los a\u00f1os noventa para poner im\u00e1genes a la g\u00e9nesis de la leyenda en torno a la banda Los Planetas, con\u00a0<strong>Daniel Ib\u00e1\u00f1ez<\/strong>\u00a0y\u00a0<strong>Cristalino<\/strong>\u00a0en los papeles principales. Recibi\u00f3 la Biznaga de Oro a la Mejor Pel\u00edcula espa\u00f1ola del Festival de M\u00e1laga.<\/p>\n<p><img decoding=\"async\" src=\"https:\/\/pics.filmaffinity.com\/Segundo_premio-195030031-large.jpg\" alt=\"Segundo premio (2024) - Filmaffinity\" \/><\/p>\n<p><em>*Im\u00e1genes: cortes\u00eda<\/em><\/p>\n","protected":false},"author":11653,"featured_media":178708,"template":"","format":"standard","categories":[2971],"acf":{"banner":null},"yoast_head":"<!-- This site is optimized with the Yoast SEO Premium plugin v18.5 (Yoast SEO v20.4) - https:\/\/yoast.com\/wordpress\/plugins\/seo\/ -->\n<title>Las pel\u00edculas espa\u00f1olas preseleccionadas para los Oscar<\/title>\n<meta name=\"description\" content=\"Malena Alterio, Victoria Luengo y Bel\u00e9n Cuesta han anunciado las cintas que aspiran a representar a nuestro pa\u00eds en los Oscar.\" \/>\n<meta name=\"robots\" content=\"index, follow, max-snippet:-1, max-image-preview:large, max-video-preview:-1\" \/>\n<link rel=\"canonical\" href=\"https:\/\/graziamagazine.com\/es\/articles\/estas-son-las-peliculas-preseleccionadas-para-representar-a-espana-en-los-oscar\/\" \/>\n<meta property=\"og:locale\" content=\"es_ES\" \/>\n<meta property=\"og:type\" content=\"article\" \/>\n<meta property=\"og:title\" content=\"Estas son las pel\u00edculas preseleccionadas para representar a Espa\u00f1a en los Oscar\" \/>\n<meta property=\"og:description\" content=\"Malena Alterio, Victoria Luengo y Bel\u00e9n Cuesta han anunciado las cintas que aspiran a representar a nuestro pa\u00eds en los Oscar.\" \/>\n<meta property=\"og:url\" content=\"https:\/\/graziamagazine.com\/es\/articles\/estas-son-las-peliculas-preseleccionadas-para-representar-a-espana-en-los-oscar\/\" \/>\n<meta property=\"og:site_name\" content=\"Grazia\" \/>\n<meta property=\"og:image\" content=\"https:\/\/graziamagazine.com\/es\/wp-content\/uploads\/sites\/12\/2024\/09\/Captura-de-pantalla-2024-09-04-a-las-12.44.00-1024x436.png\" \/>\n\t<meta property=\"og:image:width\" content=\"1024\" \/>\n\t<meta property=\"og:image:height\" content=\"436\" \/>\n\t<meta property=\"og:image:type\" content=\"image\/png\" \/>\n<meta name=\"twitter:card\" content=\"summary_large_image\" \/>\n<meta name=\"twitter:label1\" content=\"Est. reading time\" \/>\n\t<meta name=\"twitter:data1\" content=\"3 minutos\" \/>\n<script type=\"application\/ld+json\" class=\"yoast-schema-graph\">{\"@context\":\"https:\/\/schema.org\",\"@graph\":[{\"@type\":\"WebPage\",\"@id\":\"https:\/\/graziamagazine.com\/es\/articles\/estas-son-las-peliculas-preseleccionadas-para-representar-a-espana-en-los-oscar\/\",\"url\":\"https:\/\/graziamagazine.com\/es\/articles\/estas-son-las-peliculas-preseleccionadas-para-representar-a-espana-en-los-oscar\/\",\"name\":\"Las pel\u00edculas espa\u00f1olas preseleccionadas para los Oscar\",\"isPartOf\":{\"@id\":\"https:\/\/graziamagazine.com\/es\/#website\"},\"datePublished\":\"2024-09-04T11:02:18+00:00\",\"dateModified\":\"2024-09-04T11:02:18+00:00\",\"description\":\"Malena Alterio, Victoria Luengo y Bel\u00e9n Cuesta han anunciado las cintas que aspiran a representar a nuestro pa\u00eds en los Oscar.\",\"breadcrumb\":{\"@id\":\"https:\/\/graziamagazine.com\/es\/articles\/estas-son-las-peliculas-preseleccionadas-para-representar-a-espana-en-los-oscar\/#breadcrumb\"},\"inLanguage\":\"es\",\"potentialAction\":[{\"@type\":\"ReadAction\",\"target\":[\"https:\/\/graziamagazine.com\/es\/articles\/estas-son-las-peliculas-preseleccionadas-para-representar-a-espana-en-los-oscar\/\"]}]},{\"@type\":\"BreadcrumbList\",\"@id\":\"https:\/\/graziamagazine.com\/es\/articles\/estas-son-las-peliculas-preseleccionadas-para-representar-a-espana-en-los-oscar\/#breadcrumb\",\"itemListElement\":[{\"@type\":\"ListItem\",\"position\":1,\"name\":\"Portada\",\"item\":\"https:\/\/graziamagazine.com\/es\/\"},{\"@type\":\"ListItem\",\"position\":2,\"name\":\"Estas son las pel\u00edculas preseleccionadas para representar a Espa\u00f1a en los Oscar\"}]},{\"@type\":\"WebSite\",\"@id\":\"https:\/\/graziamagazine.com\/es\/#website\",\"url\":\"https:\/\/graziamagazine.com\/es\/\",\"name\":\"Grazia\",\"description\":\"Moda, belleza, celebrities, estilo de vida...\",\"potentialAction\":[{\"@type\":\"SearchAction\",\"target\":{\"@type\":\"EntryPoint\",\"urlTemplate\":\"https:\/\/graziamagazine.com\/es\/?s={search_term_string}\"},\"query-input\":\"required name=search_term_string\"}],\"inLanguage\":\"es\"}]}<\/script>\n<!-- \/ Yoast SEO Premium plugin. -->","yoast_head_json":{"title":"Las pel\u00edculas espa\u00f1olas preseleccionadas para los Oscar","description":"Malena Alterio, Victoria Luengo y Bel\u00e9n Cuesta han anunciado las cintas que aspiran a representar a nuestro pa\u00eds en los Oscar.","robots":{"index":"index","follow":"follow","max-snippet":"max-snippet:-1","max-image-preview":"max-image-preview:large","max-video-preview":"max-video-preview:-1"},"canonical":"https:\/\/graziamagazine.com\/es\/articles\/estas-son-las-peliculas-preseleccionadas-para-representar-a-espana-en-los-oscar\/","og_locale":"es_ES","og_type":"article","og_title":"Estas son las pel\u00edculas preseleccionadas para representar a Espa\u00f1a en los Oscar","og_description":"Malena Alterio, Victoria Luengo y Bel\u00e9n Cuesta han anunciado las cintas que aspiran a representar a nuestro pa\u00eds en los Oscar.","og_url":"https:\/\/graziamagazine.com\/es\/articles\/estas-son-las-peliculas-preseleccionadas-para-representar-a-espana-en-los-oscar\/","og_site_name":"Grazia","og_image":[{"width":1024,"height":436,"url":"https:\/\/graziamagazine.com\/es\/wp-content\/uploads\/sites\/12\/2024\/09\/Captura-de-pantalla-2024-09-04-a-las-12.44.00-1024x436.png","type":"image\/png"}],"twitter_card":"summary_large_image","twitter_misc":{"Est. reading time":"3 minutos"},"schema":{"@context":"https:\/\/schema.org","@graph":[{"@type":"WebPage","@id":"https:\/\/graziamagazine.com\/es\/articles\/estas-son-las-peliculas-preseleccionadas-para-representar-a-espana-en-los-oscar\/","url":"https:\/\/graziamagazine.com\/es\/articles\/estas-son-las-peliculas-preseleccionadas-para-representar-a-espana-en-los-oscar\/","name":"Las pel\u00edculas espa\u00f1olas preseleccionadas para los Oscar","isPartOf":{"@id":"https:\/\/graziamagazine.com\/es\/#website"},"datePublished":"2024-09-04T11:02:18+00:00","dateModified":"2024-09-04T11:02:18+00:00","description":"Malena Alterio, Victoria Luengo y Bel\u00e9n Cuesta han anunciado las cintas que aspiran a representar a nuestro pa\u00eds en los Oscar.","breadcrumb":{"@id":"https:\/\/graziamagazine.com\/es\/articles\/estas-son-las-peliculas-preseleccionadas-para-representar-a-espana-en-los-oscar\/#breadcrumb"},"inLanguage":"es","potentialAction":[{"@type":"ReadAction","target":["https:\/\/graziamagazine.com\/es\/articles\/estas-son-las-peliculas-preseleccionadas-para-representar-a-espana-en-los-oscar\/"]}]},{"@type":"BreadcrumbList","@id":"https:\/\/graziamagazine.com\/es\/articles\/estas-son-las-peliculas-preseleccionadas-para-representar-a-espana-en-los-oscar\/#breadcrumb","itemListElement":[{"@type":"ListItem","position":1,"name":"Portada","item":"https:\/\/graziamagazine.com\/es\/"},{"@type":"ListItem","position":2,"name":"Estas son las pel\u00edculas preseleccionadas para representar a Espa\u00f1a en los Oscar"}]},{"@type":"WebSite","@id":"https:\/\/graziamagazine.com\/es\/#website","url":"https:\/\/graziamagazine.com\/es\/","name":"Grazia","description":"Moda, belleza, celebrities, estilo de vida...","potentialAction":[{"@type":"SearchAction","target":{"@type":"EntryPoint","urlTemplate":"https:\/\/graziamagazine.com\/es\/?s={search_term_string}"},"query-input":"required name=search_term_string"}],"inLanguage":"es"}]}},"jetpack_sharing_enabled":true,"distributor_meta":false,"distributor_terms":false,"distributor_media":false,"distributor_original_site_name":"Grazia","distributor_original_site_url":"https:\/\/graziamagazine.com\/es","push-errors":false,"_links":{"self":[{"href":"https:\/\/graziamagazine.com\/es\/wp-json\/wp\/v2\/articles\/178706"}],"collection":[{"href":"https:\/\/graziamagazine.com\/es\/wp-json\/wp\/v2\/articles"}],"about":[{"href":"https:\/\/graziamagazine.com\/es\/wp-json\/wp\/v2\/types\/articles"}],"author":[{"embeddable":true,"href":"https:\/\/graziamagazine.com\/es\/wp-json\/wp\/v2\/users\/11653"}],"wp:featuredmedia":[{"embeddable":true,"href":"https:\/\/graziamagazine.com\/es\/wp-json\/wp\/v2\/media\/178708"}],"wp:attachment":[{"href":"https:\/\/graziamagazine.com\/es\/wp-json\/wp\/v2\/media?parent=178706"}],"wp:term":[{"taxonomy":"category","embeddable":true,"href":"https:\/\/graziamagazine.com\/es\/wp-json\/wp\/v2\/categories?post=178706"}],"curies":[{"name":"wp","href":"https:\/\/api.w.org\/{rel}","templated":true}]}}