{"id":178705,"date":"2024-09-04T14:40:05","date_gmt":"2024-09-04T12:40:05","guid":{"rendered":"https:\/\/graziamagazine.com\/es\/?post_type=articles&#038;p=178705"},"modified":"2024-09-04T14:41:45","modified_gmt":"2024-09-04T12:41:45","slug":"zara-anuncia-su-nueva-colaboracion-capsula-con-stefano-pilati","status":"publish","type":"articles","link":"https:\/\/graziamagazine.com\/es\/articles\/zara-anuncia-su-nueva-colaboracion-capsula-con-stefano-pilati\/","title":{"rendered":"Zara anuncia su nueva colaboraci\u00f3n c\u00e1psula con Stefano Pilati"},"content":{"rendered":"<p>Parece que la vuelta a la rutina nos ha tra\u00eddo una de las noticias de la temporada, y es que Zara anuncia -aunque todav\u00eda no lo ha hecho oficial- que lanza una nueva colecci\u00f3n c\u00e1psula con Stefano Pilati, el antiguo director creativo de Yves Saint Laurent.<\/p>\n<p>Amigo personal de Marta Ortega, de hecho fue uno de los pocos invitados que s\u00ed asisti\u00f3 a su boda con Carlos Torretta en A Coru\u00f1a, el buque insignia de Inditex se une a en una colaboraci\u00f3n \u00fanica que adem\u00e1s contar\u00e1 con el lente del estadounidense Steven Meisel.<\/p>\n<p>Poco se sabe de lo que podremos ver, solo sabemos que la c\u00e1psula est\u00e1 pensada para mujer y hombre, en la que podremos encontarr <strong>30 looks de mujer y hombre, 80 prendas, junto con decenas de accesorios, zapatos y marroquiner\u00eda.\u00a0<\/strong><\/p>\n<p>Sabemos tambi\u00e9n que estar\u00e1 a la venta a principios de octubre, que habr\u00e1 una campa\u00f1a global y un evento de celebraci\u00f3n durante la Semana de la Moda de Par\u00eds, presentado por Marta Ortega\u00a0y el dise\u00f1ador.<\/p>\n<div data-event-boundary=\"click\" data-event-click=\"{&quot;pattern&quot;:&quot;CNEInterludeEmbed&quot;}\" data-in-view=\"{&quot;pattern&quot;:&quot;CNEInterludeEmbed&quot;}\" data-include-experiments=\"true\">\n<h3>La Trayectoria en Moda de Stefano Pilati<\/h3>\n<p>Stefano Pilati es uno de los dise\u00f1adores m\u00e1s influyentes y respetados de la moda contempor\u00e1nea. Su carrera, marcada por su talento innato para fusionar la elegancia cl\u00e1sica con la modernidad, ha dejado una huella imborrable en algunas de las casas de moda m\u00e1s prestigiosas del mundo. Desde sus inicios en la industria hasta su consolidaci\u00f3n como un \u00edcono del dise\u00f1o, Pilati ha demostrado ser un visionario que ha sabido reinventar la moda sin perder su esencia.<\/p>\n<p><strong>Los inicios de Stefano Pilati en la moda<\/strong><\/p>\n<p>Nacido en Mil\u00e1n en 1965, Stefano Pilati se adentr\u00f3 en el mundo de la moda en la d\u00e9cada de los 80, una \u00e9poca de grandes cambios y experimentaci\u00f3n en el sector. Comenz\u00f3 su carrera trabajando como asistente en la casa de moda de Nino Cerruti, donde aprendi\u00f3 los fundamentos del dise\u00f1o textil y el corte, habilidades que m\u00e1s tarde ser\u00edan fundamentales en su desarrollo como dise\u00f1ador.<\/p>\n<p>Despu\u00e9s de su experiencia en Cerruti, Pilati trabaj\u00f3 en la ic\u00f3nica firma de Giorgio Armani, donde perfeccion\u00f3 su estilo y gan\u00f3 un valioso conocimiento sobre la sastrer\u00eda y la moda masculina, elementos que ser\u00edan clave en su carrera futura.<\/p>\n<p><img loading=\"lazy\" decoding=\"async\" class=\"aligncenter size-full wp-image-178712\" src=\"https:\/\/graziamagazine.com\/es\/wp-content\/uploads\/sites\/12\/2024\/09\/stefanopilati.jpg\" alt=\"\" width=\"1440\" height=\"1800\" srcset=\"https:\/\/graziamagazine.com\/es\/wp-content\/uploads\/sites\/12\/2024\/09\/stefanopilati.jpg 1440w, https:\/\/graziamagazine.com\/es\/wp-content\/uploads\/sites\/12\/2024\/09\/stefanopilati-240x300.jpg 240w, https:\/\/graziamagazine.com\/es\/wp-content\/uploads\/sites\/12\/2024\/09\/stefanopilati-819x1024.jpg 819w, https:\/\/graziamagazine.com\/es\/wp-content\/uploads\/sites\/12\/2024\/09\/stefanopilati-768x960.jpg 768w, https:\/\/graziamagazine.com\/es\/wp-content\/uploads\/sites\/12\/2024\/09\/stefanopilati-1229x1536.jpg 1229w, https:\/\/graziamagazine.com\/es\/wp-content\/uploads\/sites\/12\/2024\/09\/stefanopilati-400x500.jpg 400w, https:\/\/graziamagazine.com\/es\/wp-content\/uploads\/sites\/12\/2024\/09\/stefanopilati-155x194.jpg 155w\" sizes=\"(max-width: 1440px) 100vw, 1440px\" \/><\/p>\n<p><strong>Su ascenso en Yves Saint Laurent<\/strong><\/p>\n<p>El verdadero reconocimiento para Stefano Pilati lleg\u00f3 cuando se uni\u00f3 a Yves Saint Laurent en 2000, inicialmente como director de dise\u00f1o bajo la direcci\u00f3n de Tom Ford. Fue en 2004 cuando Pilati asumi\u00f3 el cargo de director creativo, una posici\u00f3n que mantuvo hasta 2012. Durante este per\u00edodo, redefini\u00f3 la marca, manteniendo la sofisticaci\u00f3n y el legado de Yves Saint Laurent, pero infundi\u00e9ndole un aire contempor\u00e1neo que reson\u00f3 con una nueva generaci\u00f3n de clientes.<\/p>\n<p>Pilati es particularmente conocido por su reinterpretaci\u00f3n del \u00abLe Smoking\u00bb, el famoso traje de chaqueta femenina que Yves Saint Laurent introdujo en los a\u00f1os 60. Bajo su direcci\u00f3n, este icono de la moda fue reinventado con nuevas proporciones y detalles, convirti\u00e9ndose en una pieza clave de sus colecciones. Su capacidad para equilibrar la herencia de la marca con innovaciones audaces consolid\u00f3 su reputaci\u00f3n como uno de los dise\u00f1adores m\u00e1s talentosos de su generaci\u00f3n.<\/p>\n<p><strong>Su etapa en Ermenegildo Zegna y Agnona<\/strong><\/p>\n<p>En 2013, Stefano Pilati fue nombrado director creativo de Ermenegildo Zegna, una de las casas m\u00e1s prestigiosas de moda masculina. Durante su tiempo en Zegna, Pilati introdujo un enfoque m\u00e1s moderno y relajado a la sastrer\u00eda masculina, rompiendo con la rigidez tradicional de la marca sin sacrificar la calidad y el lujo que la han caracterizado durante d\u00e9cadas.<\/p>\n<p>Simult\u00e1neamente, Pilati tambi\u00e9n dirigi\u00f3 la marca femenina Agnona, propiedad del Grupo Zegna, donde aplic\u00f3 su refinado sentido del estilo para crear colecciones que combinaban la simplicidad elegante con un lujo discreto.<\/p>\n<p>Tras dejar Zegna en 2016, Stefano Pilati ha mantenido un perfil relativamente bajo, pero su influencia en la moda sigue siendo palpable. Ha trabajado en proyectos independientes y colaboraciones especiales, explorando nuevos caminos creativos y manteniendo su relevancia en un mundo de la moda en constante evoluci\u00f3n.<\/p>\n<p>Su visi\u00f3n de la moda ha trascendido las tendencias pasajeras, enfoc\u00e1ndose en la creaci\u00f3n de piezas atemporales que reflejan un profundo entendimiento de la est\u00e9tica, la cultura y la funcionalidad. Aunque Pilati no est\u00e9 actualmente al frente de una gran casa de moda, su legado contin\u00faa inspirando a dise\u00f1adores y amantes de la moda por igual.<\/p>\n<p><em>*Im\u00e1genes: Instagram<\/em><\/p>\n<p>&nbsp;<\/p>\n<\/div>\n","protected":false},"author":11653,"featured_media":178711,"template":"","format":"standard","categories":[1],"acf":[],"yoast_head":"<!-- This site is optimized with the Yoast SEO Premium plugin v18.5 (Yoast SEO v20.4) - https:\/\/yoast.com\/wordpress\/plugins\/seo\/ -->\n<title>Zara anuncia su nueva colaboraci\u00f3n c\u00e1psula con Stefano Pilati<\/title>\n<meta name=\"description\" content=\"El antiguo director creativo de Yves Saint Laurent, y amigo de Marta Ortega, se suma al buque de Inditex con la colaboraci\u00f3n m\u00e1s deseada.\" \/>\n<meta name=\"robots\" content=\"index, follow, max-snippet:-1, max-image-preview:large, max-video-preview:-1\" \/>\n<link rel=\"canonical\" href=\"https:\/\/graziamagazine.com\/es\/articles\/zara-anuncia-su-nueva-colaboracion-capsula-con-stefano-pilati\/\" \/>\n<meta property=\"og:locale\" content=\"es_ES\" \/>\n<meta property=\"og:type\" content=\"article\" \/>\n<meta property=\"og:title\" content=\"Zara anuncia su nueva colaboraci\u00f3n c\u00e1psula con Stefano Pilati\" \/>\n<meta property=\"og:description\" content=\"El antiguo director creativo de Yves Saint Laurent, y amigo de Marta Ortega, se suma al buque de Inditex con la colaboraci\u00f3n m\u00e1s deseada.\" \/>\n<meta property=\"og:url\" content=\"https:\/\/graziamagazine.com\/es\/articles\/zara-anuncia-su-nueva-colaboracion-capsula-con-stefano-pilati\/\" \/>\n<meta property=\"og:site_name\" content=\"Grazia\" \/>\n<meta property=\"article:modified_time\" content=\"2024-09-04T12:41:45+00:00\" \/>\n<meta property=\"og:image\" content=\"https:\/\/graziamagazine.com\/es\/wp-content\/uploads\/sites\/12\/2024\/09\/wwd-e1725449475604.jpg\" \/>\n\t<meta property=\"og:image:width\" content=\"1392\" \/>\n\t<meta property=\"og:image:height\" content=\"1260\" \/>\n\t<meta property=\"og:image:type\" content=\"image\/jpeg\" \/>\n<meta name=\"twitter:card\" content=\"summary_large_image\" \/>\n<meta name=\"twitter:label1\" content=\"Est. reading time\" \/>\n\t<meta name=\"twitter:data1\" content=\"4 minutos\" \/>\n<script type=\"application\/ld+json\" class=\"yoast-schema-graph\">{\"@context\":\"https:\/\/schema.org\",\"@graph\":[{\"@type\":\"WebPage\",\"@id\":\"https:\/\/graziamagazine.com\/es\/articles\/zara-anuncia-su-nueva-colaboracion-capsula-con-stefano-pilati\/\",\"url\":\"https:\/\/graziamagazine.com\/es\/articles\/zara-anuncia-su-nueva-colaboracion-capsula-con-stefano-pilati\/\",\"name\":\"Zara anuncia su nueva colaboraci\u00f3n c\u00e1psula con Stefano Pilati\",\"isPartOf\":{\"@id\":\"https:\/\/graziamagazine.com\/es\/#website\"},\"datePublished\":\"2024-09-04T12:40:05+00:00\",\"dateModified\":\"2024-09-04T12:41:45+00:00\",\"description\":\"El antiguo director creativo de Yves Saint Laurent, y amigo de Marta Ortega, se suma al buque de Inditex con la colaboraci\u00f3n m\u00e1s deseada.\",\"breadcrumb\":{\"@id\":\"https:\/\/graziamagazine.com\/es\/articles\/zara-anuncia-su-nueva-colaboracion-capsula-con-stefano-pilati\/#breadcrumb\"},\"inLanguage\":\"es\",\"potentialAction\":[{\"@type\":\"ReadAction\",\"target\":[\"https:\/\/graziamagazine.com\/es\/articles\/zara-anuncia-su-nueva-colaboracion-capsula-con-stefano-pilati\/\"]}]},{\"@type\":\"BreadcrumbList\",\"@id\":\"https:\/\/graziamagazine.com\/es\/articles\/zara-anuncia-su-nueva-colaboracion-capsula-con-stefano-pilati\/#breadcrumb\",\"itemListElement\":[{\"@type\":\"ListItem\",\"position\":1,\"name\":\"Portada\",\"item\":\"https:\/\/graziamagazine.com\/es\/\"},{\"@type\":\"ListItem\",\"position\":2,\"name\":\"Zara anuncia su nueva colaboraci\u00f3n c\u00e1psula con Stefano Pilati\"}]},{\"@type\":\"WebSite\",\"@id\":\"https:\/\/graziamagazine.com\/es\/#website\",\"url\":\"https:\/\/graziamagazine.com\/es\/\",\"name\":\"Grazia\",\"description\":\"Moda, belleza, celebrities, estilo de vida...\",\"potentialAction\":[{\"@type\":\"SearchAction\",\"target\":{\"@type\":\"EntryPoint\",\"urlTemplate\":\"https:\/\/graziamagazine.com\/es\/?s={search_term_string}\"},\"query-input\":\"required name=search_term_string\"}],\"inLanguage\":\"es\"}]}<\/script>\n<!-- \/ Yoast SEO Premium plugin. -->","yoast_head_json":{"title":"Zara anuncia su nueva colaboraci\u00f3n c\u00e1psula con Stefano Pilati","description":"El antiguo director creativo de Yves Saint Laurent, y amigo de Marta Ortega, se suma al buque de Inditex con la colaboraci\u00f3n m\u00e1s deseada.","robots":{"index":"index","follow":"follow","max-snippet":"max-snippet:-1","max-image-preview":"max-image-preview:large","max-video-preview":"max-video-preview:-1"},"canonical":"https:\/\/graziamagazine.com\/es\/articles\/zara-anuncia-su-nueva-colaboracion-capsula-con-stefano-pilati\/","og_locale":"es_ES","og_type":"article","og_title":"Zara anuncia su nueva colaboraci\u00f3n c\u00e1psula con Stefano Pilati","og_description":"El antiguo director creativo de Yves Saint Laurent, y amigo de Marta Ortega, se suma al buque de Inditex con la colaboraci\u00f3n m\u00e1s deseada.","og_url":"https:\/\/graziamagazine.com\/es\/articles\/zara-anuncia-su-nueva-colaboracion-capsula-con-stefano-pilati\/","og_site_name":"Grazia","article_modified_time":"2024-09-04T12:41:45+00:00","og_image":[{"width":1392,"height":1260,"url":"https:\/\/graziamagazine.com\/es\/wp-content\/uploads\/sites\/12\/2024\/09\/wwd-e1725449475604.jpg","type":"image\/jpeg"}],"twitter_card":"summary_large_image","twitter_misc":{"Est. reading time":"4 minutos"},"schema":{"@context":"https:\/\/schema.org","@graph":[{"@type":"WebPage","@id":"https:\/\/graziamagazine.com\/es\/articles\/zara-anuncia-su-nueva-colaboracion-capsula-con-stefano-pilati\/","url":"https:\/\/graziamagazine.com\/es\/articles\/zara-anuncia-su-nueva-colaboracion-capsula-con-stefano-pilati\/","name":"Zara anuncia su nueva colaboraci\u00f3n c\u00e1psula con Stefano Pilati","isPartOf":{"@id":"https:\/\/graziamagazine.com\/es\/#website"},"datePublished":"2024-09-04T12:40:05+00:00","dateModified":"2024-09-04T12:41:45+00:00","description":"El antiguo director creativo de Yves Saint Laurent, y amigo de Marta Ortega, se suma al buque de Inditex con la colaboraci\u00f3n m\u00e1s deseada.","breadcrumb":{"@id":"https:\/\/graziamagazine.com\/es\/articles\/zara-anuncia-su-nueva-colaboracion-capsula-con-stefano-pilati\/#breadcrumb"},"inLanguage":"es","potentialAction":[{"@type":"ReadAction","target":["https:\/\/graziamagazine.com\/es\/articles\/zara-anuncia-su-nueva-colaboracion-capsula-con-stefano-pilati\/"]}]},{"@type":"BreadcrumbList","@id":"https:\/\/graziamagazine.com\/es\/articles\/zara-anuncia-su-nueva-colaboracion-capsula-con-stefano-pilati\/#breadcrumb","itemListElement":[{"@type":"ListItem","position":1,"name":"Portada","item":"https:\/\/graziamagazine.com\/es\/"},{"@type":"ListItem","position":2,"name":"Zara anuncia su nueva colaboraci\u00f3n c\u00e1psula con Stefano Pilati"}]},{"@type":"WebSite","@id":"https:\/\/graziamagazine.com\/es\/#website","url":"https:\/\/graziamagazine.com\/es\/","name":"Grazia","description":"Moda, belleza, celebrities, estilo de vida...","potentialAction":[{"@type":"SearchAction","target":{"@type":"EntryPoint","urlTemplate":"https:\/\/graziamagazine.com\/es\/?s={search_term_string}"},"query-input":"required name=search_term_string"}],"inLanguage":"es"}]}},"jetpack_sharing_enabled":true,"distributor_meta":false,"distributor_terms":false,"distributor_media":false,"distributor_original_site_name":"Grazia","distributor_original_site_url":"https:\/\/graziamagazine.com\/es","push-errors":false,"_links":{"self":[{"href":"https:\/\/graziamagazine.com\/es\/wp-json\/wp\/v2\/articles\/178705"}],"collection":[{"href":"https:\/\/graziamagazine.com\/es\/wp-json\/wp\/v2\/articles"}],"about":[{"href":"https:\/\/graziamagazine.com\/es\/wp-json\/wp\/v2\/types\/articles"}],"author":[{"embeddable":true,"href":"https:\/\/graziamagazine.com\/es\/wp-json\/wp\/v2\/users\/11653"}],"wp:featuredmedia":[{"embeddable":true,"href":"https:\/\/graziamagazine.com\/es\/wp-json\/wp\/v2\/media\/178711"}],"wp:attachment":[{"href":"https:\/\/graziamagazine.com\/es\/wp-json\/wp\/v2\/media?parent=178705"}],"wp:term":[{"taxonomy":"category","embeddable":true,"href":"https:\/\/graziamagazine.com\/es\/wp-json\/wp\/v2\/categories?post=178705"}],"curies":[{"name":"wp","href":"https:\/\/api.w.org\/{rel}","templated":true}]}}