{"id":178700,"date":"2024-09-17T09:24:22","date_gmt":"2024-09-17T07:24:22","guid":{"rendered":"https:\/\/graziamagazine.com\/es\/?post_type=articles&#038;p=178700"},"modified":"2024-09-17T09:24:22","modified_gmt":"2024-09-17T07:24:22","slug":"el-rojo-es-el-color-de-pelo-para-el-otono-que-se-acerca","status":"publish","type":"articles","link":"https:\/\/graziamagazine.com\/es\/articles\/el-rojo-es-el-color-de-pelo-para-el-otono-que-se-acerca\/","title":{"rendered":"El rojo es el color de pelo para el oto\u00f1o que se acerca"},"content":{"rendered":"<p><span style=\"font-weight: 400\">El oto\u00f1o se acerca y con \u00e9l, la oportunidad perfecta para renovar tu look y darle vida a tu cabello con uno de los tonos m\u00e1s vers\u00e1tiles: el rojo. Desde el tono rub\u00ed hasta los sutiles toques cobrizos, este oto\u00f1o se trata de abrazar el fuego interior y dejar que tu melena hable por s\u00ed sola.\u00a0<\/span><\/p>\n<p><span style=\"font-weight: 400\">Si est\u00e1s pensando en darle un giro a tu estilo, aqu\u00ed te dejamos los tonos rojos que no puedes dejar pasar esta temporada.<\/span><\/p>\n<ol>\n<li><strong> Rojo cobrizo: la tendencia infalible<\/strong><\/li>\n<\/ol>\n<p><span style=\"font-weight: 400\">Si hay un tono que grita \u201coto\u00f1o\u201d desde la primera hoja ca\u00edda, es el rojo cobrizo. Este tono combina lo mejor de ambos mundos: la calidez del casta\u00f1o con el impacto vibrante del rojo. Perfecto para quienes buscan un cambio sutil pero notable, el cobrizo ilumina el rostro y le da ese toque de sofisticaci\u00f3n que tanto se busca en los meses m\u00e1s frescos.<\/span><\/p>\n<ol start=\"2\">\n<li><strong> Rojo pumpkin spice<\/strong><\/li>\n<\/ol>\n<p><span style=\"font-weight: 400\">El rojo pumpkin spice es el color ideal si est\u00e1s lista para hacer una declaraci\u00f3n audaz. Este tono es perfecto para las mujeres que no temen ser el centro de atenci\u00f3n y les encanta fusionarse con las tendencias. Con una base rica y profunda, el rojo pumpkin spice da un aire de poder y confianza, haci\u00e9ndolo el compa\u00f1ero perfecto para los d\u00edas grises del oto\u00f1o.<\/span><\/p>\n        <blockquote class=\"instagram-media \" style=\"background: #ffffff;border: 0;margin: 1px;width: 100%;padding: 0;\"  data-instgrm-permalink=\"https:\/\/www.instagram.com\/p\/C__WHyMNP5H\/\" data-instgrm-version=\"14\"><\/blockquote>\n<ol start=\"3\">\n<li><strong> Rojo cherry cola<\/strong><\/li>\n<\/ol>\n<p><span style=\"font-weight: 400\">El rojo cherry cola es sin\u00f3nimo de elegancia y misterio. Este tono oscuro, con matices de p\u00farpura, es perfecto para quienes buscan un look m\u00e1s sofisticado y enigm\u00e1tico. Adem\u00e1s, es un color que complementa perfectamente la paleta oto\u00f1al, desde los tonos marrones de la naturaleza hasta los verdes oscuros de la temporada. Si quieres un rojo que sea a la vez cl\u00e1sico y moderno, el cherry cola es tu mejor opci\u00f3n.<\/span><\/p>\n<ol start=\"4\">\n<li><strong> Ginger spice<\/strong><\/li>\n<\/ol>\n<p><span style=\"font-weight: 400\">Inspirado en los tonos naturales de las pelirrojas, el ginger spice es un rojo con una base naranja que da calidez y un toque divertido a cualquier look. Este tono es ideal para quienes buscan algo diferente, pero no tan dram\u00e1tico como un rojo intenso. Es un color que favorece especialmente a quienes tienen tonos de piel c\u00e1lidos y pecas, ya que resalta la naturalidad de la belleza oto\u00f1al.<\/span><\/p>\n<ol start=\"5\">\n<li><strong> Rojo balayage<\/strong><\/li>\n<\/ol>\n<p><span style=\"font-weight: 400\">Si quieres un estilo que tenga movimiento y profundidad, el rojo balayage es la opci\u00f3n ganadora. Con este t\u00e9cnica, se logra un degradado de colores que va desde un rojo intenso en las ra\u00edces hasta tonos m\u00e1s claros y suaves en las puntas. El resultado es un look fresco, moderno y lleno de vida, ideal para quienes buscan un cambio sin comprometer toda su cabellera.<\/span><\/p>\n        <blockquote class=\"instagram-media \" style=\"background: #ffffff;border: 0;margin: 1px;width: 100%;padding: 0;\"  data-instgrm-permalink=\"https:\/\/www.instagram.com\/p\/C_V5Y9WApB0\/\" data-instgrm-version=\"14\"><\/blockquote>\n<p><span style=\"font-weight: 400\">Recuerda que el rojo es un color que requiere cuidado. Para mantener tu melena vibrante y llena de vida, opta por productos espec\u00edficos para cabello te\u00f1ido, evita el uso excesivo de herramientas de calor y considera hacerte un retoque cada cuatro a seis semanas. \u00a1As\u00ed, tu rojo estar\u00e1 tan radiante como el primer d\u00eda!<\/span><\/p>\n","protected":false},"author":11628,"featured_media":179018,"template":"","format":"standard","categories":[7],"acf":[],"yoast_head":"<!-- This site is optimized with the Yoast SEO Premium plugin v18.5 (Yoast SEO v20.4) - https:\/\/yoast.com\/wordpress\/plugins\/seo\/ -->\n<title>El rojo es el color de pelo para el oto\u00f1o que se acerca | Grazia<\/title>\n<meta name=\"description\" content=\"El oto\u00f1o se acerca y con \u00e9l, la oportunidad perfecta para renovar tu look y darle vida a tu cabello con uno de los tonos m\u00e1s vers\u00e1tiles: el rojo. Desde el\" \/>\n<meta name=\"robots\" content=\"index, follow, max-snippet:-1, max-image-preview:large, max-video-preview:-1\" \/>\n<link rel=\"canonical\" href=\"https:\/\/graziamagazine.com\/es\/articles\/el-rojo-es-el-color-de-pelo-para-el-otono-que-se-acerca\/\" \/>\n<meta property=\"og:locale\" content=\"es_ES\" \/>\n<meta property=\"og:type\" content=\"article\" \/>\n<meta property=\"og:title\" content=\"El rojo es el color de pelo para el oto\u00f1o que se acerca\" \/>\n<meta property=\"og:description\" content=\"El oto\u00f1o se acerca y con \u00e9l, la oportunidad perfecta para renovar tu look y darle vida a tu cabello con uno de los tonos m\u00e1s vers\u00e1tiles: el rojo. Desde el\" \/>\n<meta property=\"og:url\" content=\"https:\/\/graziamagazine.com\/es\/articles\/el-rojo-es-el-color-de-pelo-para-el-otono-que-se-acerca\/\" \/>\n<meta property=\"og:site_name\" content=\"Grazia\" \/>\n<meta property=\"og:image\" content=\"https:\/\/graziamagazine.com\/es\/wp-content\/uploads\/sites\/12\/2024\/09\/Melena-roja-dua-lipa_20240110114423-R3svkkJLxd5KFAPyYMkqsDP-1200x840@Diario-Vasco-copia.jpg\" \/>\n\t<meta property=\"og:image:width\" content=\"1200\" \/>\n\t<meta property=\"og:image:height\" content=\"840\" \/>\n\t<meta property=\"og:image:type\" content=\"image\/jpeg\" \/>\n<meta name=\"twitter:card\" content=\"summary_large_image\" \/>\n<meta name=\"twitter:label1\" content=\"Est. reading time\" \/>\n\t<meta name=\"twitter:data1\" content=\"3 minutos\" \/>\n<script type=\"application\/ld+json\" class=\"yoast-schema-graph\">{\"@context\":\"https:\/\/schema.org\",\"@graph\":[{\"@type\":\"WebPage\",\"@id\":\"https:\/\/graziamagazine.com\/es\/articles\/el-rojo-es-el-color-de-pelo-para-el-otono-que-se-acerca\/\",\"url\":\"https:\/\/graziamagazine.com\/es\/articles\/el-rojo-es-el-color-de-pelo-para-el-otono-que-se-acerca\/\",\"name\":\"El rojo es el color de pelo para el oto\u00f1o que se acerca | Grazia\",\"isPartOf\":{\"@id\":\"https:\/\/graziamagazine.com\/es\/#website\"},\"datePublished\":\"2024-09-17T07:24:22+00:00\",\"dateModified\":\"2024-09-17T07:24:22+00:00\",\"description\":\"El oto\u00f1o se acerca y con \u00e9l, la oportunidad perfecta para renovar tu look y darle vida a tu cabello con uno de los tonos m\u00e1s vers\u00e1tiles: el rojo. Desde el\",\"breadcrumb\":{\"@id\":\"https:\/\/graziamagazine.com\/es\/articles\/el-rojo-es-el-color-de-pelo-para-el-otono-que-se-acerca\/#breadcrumb\"},\"inLanguage\":\"es\",\"potentialAction\":[{\"@type\":\"ReadAction\",\"target\":[\"https:\/\/graziamagazine.com\/es\/articles\/el-rojo-es-el-color-de-pelo-para-el-otono-que-se-acerca\/\"]}]},{\"@type\":\"BreadcrumbList\",\"@id\":\"https:\/\/graziamagazine.com\/es\/articles\/el-rojo-es-el-color-de-pelo-para-el-otono-que-se-acerca\/#breadcrumb\",\"itemListElement\":[{\"@type\":\"ListItem\",\"position\":1,\"name\":\"Portada\",\"item\":\"https:\/\/graziamagazine.com\/es\/\"},{\"@type\":\"ListItem\",\"position\":2,\"name\":\"El rojo es el color de pelo para el oto\u00f1o que se acerca\"}]},{\"@type\":\"WebSite\",\"@id\":\"https:\/\/graziamagazine.com\/es\/#website\",\"url\":\"https:\/\/graziamagazine.com\/es\/\",\"name\":\"Grazia\",\"description\":\"Moda, belleza, celebrities, estilo de vida...\",\"potentialAction\":[{\"@type\":\"SearchAction\",\"target\":{\"@type\":\"EntryPoint\",\"urlTemplate\":\"https:\/\/graziamagazine.com\/es\/?s={search_term_string}\"},\"query-input\":\"required name=search_term_string\"}],\"inLanguage\":\"es\"}]}<\/script>\n<!-- \/ Yoast SEO Premium plugin. -->","yoast_head_json":{"title":"El rojo es el color de pelo para el oto\u00f1o que se acerca | Grazia","description":"El oto\u00f1o se acerca y con \u00e9l, la oportunidad perfecta para renovar tu look y darle vida a tu cabello con uno de los tonos m\u00e1s vers\u00e1tiles: el rojo. Desde el","robots":{"index":"index","follow":"follow","max-snippet":"max-snippet:-1","max-image-preview":"max-image-preview:large","max-video-preview":"max-video-preview:-1"},"canonical":"https:\/\/graziamagazine.com\/es\/articles\/el-rojo-es-el-color-de-pelo-para-el-otono-que-se-acerca\/","og_locale":"es_ES","og_type":"article","og_title":"El rojo es el color de pelo para el oto\u00f1o que se acerca","og_description":"El oto\u00f1o se acerca y con \u00e9l, la oportunidad perfecta para renovar tu look y darle vida a tu cabello con uno de los tonos m\u00e1s vers\u00e1tiles: el rojo. Desde el","og_url":"https:\/\/graziamagazine.com\/es\/articles\/el-rojo-es-el-color-de-pelo-para-el-otono-que-se-acerca\/","og_site_name":"Grazia","og_image":[{"width":1200,"height":840,"url":"https:\/\/graziamagazine.com\/es\/wp-content\/uploads\/sites\/12\/2024\/09\/Melena-roja-dua-lipa_20240110114423-R3svkkJLxd5KFAPyYMkqsDP-1200x840@Diario-Vasco-copia.jpg","type":"image\/jpeg"}],"twitter_card":"summary_large_image","twitter_misc":{"Est. reading time":"3 minutos"},"schema":{"@context":"https:\/\/schema.org","@graph":[{"@type":"WebPage","@id":"https:\/\/graziamagazine.com\/es\/articles\/el-rojo-es-el-color-de-pelo-para-el-otono-que-se-acerca\/","url":"https:\/\/graziamagazine.com\/es\/articles\/el-rojo-es-el-color-de-pelo-para-el-otono-que-se-acerca\/","name":"El rojo es el color de pelo para el oto\u00f1o que se acerca | Grazia","isPartOf":{"@id":"https:\/\/graziamagazine.com\/es\/#website"},"datePublished":"2024-09-17T07:24:22+00:00","dateModified":"2024-09-17T07:24:22+00:00","description":"El oto\u00f1o se acerca y con \u00e9l, la oportunidad perfecta para renovar tu look y darle vida a tu cabello con uno de los tonos m\u00e1s vers\u00e1tiles: el rojo. Desde el","breadcrumb":{"@id":"https:\/\/graziamagazine.com\/es\/articles\/el-rojo-es-el-color-de-pelo-para-el-otono-que-se-acerca\/#breadcrumb"},"inLanguage":"es","potentialAction":[{"@type":"ReadAction","target":["https:\/\/graziamagazine.com\/es\/articles\/el-rojo-es-el-color-de-pelo-para-el-otono-que-se-acerca\/"]}]},{"@type":"BreadcrumbList","@id":"https:\/\/graziamagazine.com\/es\/articles\/el-rojo-es-el-color-de-pelo-para-el-otono-que-se-acerca\/#breadcrumb","itemListElement":[{"@type":"ListItem","position":1,"name":"Portada","item":"https:\/\/graziamagazine.com\/es\/"},{"@type":"ListItem","position":2,"name":"El rojo es el color de pelo para el oto\u00f1o que se acerca"}]},{"@type":"WebSite","@id":"https:\/\/graziamagazine.com\/es\/#website","url":"https:\/\/graziamagazine.com\/es\/","name":"Grazia","description":"Moda, belleza, celebrities, estilo de vida...","potentialAction":[{"@type":"SearchAction","target":{"@type":"EntryPoint","urlTemplate":"https:\/\/graziamagazine.com\/es\/?s={search_term_string}"},"query-input":"required name=search_term_string"}],"inLanguage":"es"}]}},"jetpack_sharing_enabled":true,"distributor_meta":false,"distributor_terms":false,"distributor_media":false,"distributor_original_site_name":"Grazia","distributor_original_site_url":"https:\/\/graziamagazine.com\/es","push-errors":false,"_links":{"self":[{"href":"https:\/\/graziamagazine.com\/es\/wp-json\/wp\/v2\/articles\/178700"}],"collection":[{"href":"https:\/\/graziamagazine.com\/es\/wp-json\/wp\/v2\/articles"}],"about":[{"href":"https:\/\/graziamagazine.com\/es\/wp-json\/wp\/v2\/types\/articles"}],"author":[{"embeddable":true,"href":"https:\/\/graziamagazine.com\/es\/wp-json\/wp\/v2\/users\/11628"}],"wp:featuredmedia":[{"embeddable":true,"href":"https:\/\/graziamagazine.com\/es\/wp-json\/wp\/v2\/media\/179018"}],"wp:attachment":[{"href":"https:\/\/graziamagazine.com\/es\/wp-json\/wp\/v2\/media?parent=178700"}],"wp:term":[{"taxonomy":"category","embeddable":true,"href":"https:\/\/graziamagazine.com\/es\/wp-json\/wp\/v2\/categories?post=178700"}],"curies":[{"name":"wp","href":"https:\/\/api.w.org\/{rel}","templated":true}]}}