{"id":178642,"date":"2024-09-05T09:00:21","date_gmt":"2024-09-05T07:00:21","guid":{"rendered":"https:\/\/graziamagazine.com\/es\/?post_type=articles&#038;p=178642"},"modified":"2024-09-05T00:04:14","modified_gmt":"2024-09-04T22:04:14","slug":"sauvage-eau-forte-la-nueva-fragancia-masculina-de-dior","status":"publish","type":"articles","link":"https:\/\/graziamagazine.com\/es\/articles\/sauvage-eau-forte-la-nueva-fragancia-masculina-de-dior\/","title":{"rendered":"Sauvage Eau Forte, la nueva fragancia masculina de Dior"},"content":{"rendered":"<p>El regreso a la rutina tras el par\u00f3n del verano trae consigo la llegada de novedades en el mundo de la belleza. En esta ocasi\u00f3n queremos hablaros de un nuevo perfume, una nueva versi\u00f3n de un cl\u00e1sico que lleva si\u00e9ndolo desde 1966 cuando lleg\u00f3 al mercado.<\/p>\n<p>Se trata de Sauvage de Dior, el perfume masculino m\u00e1s vendido del mundo, que ahora se reinventa, o m\u00e1s bien lo reinventa Francis Kurkdjian y suma una nueva propuesta al universo arom\u00e1tico de la maison: Sauvage Eau Forte, un perfume sin alcohol que se basa en la fuerza del agua y con la lavanda como protagonista,.<\/p>\n        <blockquote class=\"instagram-media \" style=\"background: #ffffff;border: 0;margin: 1px;width: 100%;padding: 0;\"  data-instgrm-permalink=\"https:\/\/www.instagram.com\/p\/C_LEG8Gt0Bq\/\" data-instgrm-version=\"14\"><\/blockquote>\n<p>Inspirado por el poder simb\u00f3lico, f\u00edsico y narrativo del agua, Francis Kurjdjian ha imaginado una composici\u00f3n a la vez especiada, amaderada, almizclada y sin embargo intensamente fresca. Un Eau Forte que une los opuestos con la imagen de una cascada de aguas tumultuosas que conectan el cielo y la tierra.<\/p>\n<p><img loading=\"lazy\" decoding=\"async\" class=\"aligncenter size-full wp-image-178738\" src=\"https:\/\/graziamagazine.com\/es\/wp-content\/uploads\/sites\/12\/2024\/09\/F094_SAUVAGE_EAU_FORTE_24_P03K_Gamme_5_L4_F39-scaled-1.jpg\" alt=\"\" width=\"2560\" height=\"1920\" srcset=\"https:\/\/graziamagazine.com\/es\/wp-content\/uploads\/sites\/12\/2024\/09\/F094_SAUVAGE_EAU_FORTE_24_P03K_Gamme_5_L4_F39-scaled-1.jpg 2560w, https:\/\/graziamagazine.com\/es\/wp-content\/uploads\/sites\/12\/2024\/09\/F094_SAUVAGE_EAU_FORTE_24_P03K_Gamme_5_L4_F39-scaled-1-300x225.jpg 300w, https:\/\/graziamagazine.com\/es\/wp-content\/uploads\/sites\/12\/2024\/09\/F094_SAUVAGE_EAU_FORTE_24_P03K_Gamme_5_L4_F39-scaled-1-1024x768.jpg 1024w, https:\/\/graziamagazine.com\/es\/wp-content\/uploads\/sites\/12\/2024\/09\/F094_SAUVAGE_EAU_FORTE_24_P03K_Gamme_5_L4_F39-scaled-1-768x576.jpg 768w, https:\/\/graziamagazine.com\/es\/wp-content\/uploads\/sites\/12\/2024\/09\/F094_SAUVAGE_EAU_FORTE_24_P03K_Gamme_5_L4_F39-scaled-1-1536x1152.jpg 1536w, https:\/\/graziamagazine.com\/es\/wp-content\/uploads\/sites\/12\/2024\/09\/F094_SAUVAGE_EAU_FORTE_24_P03K_Gamme_5_L4_F39-scaled-1-2048x1536.jpg 2048w, https:\/\/graziamagazine.com\/es\/wp-content\/uploads\/sites\/12\/2024\/09\/F094_SAUVAGE_EAU_FORTE_24_P03K_Gamme_5_L4_F39-scaled-1-400x300.jpg 400w, https:\/\/graziamagazine.com\/es\/wp-content\/uploads\/sites\/12\/2024\/09\/F094_SAUVAGE_EAU_FORTE_24_P03K_Gamme_5_L4_F39-scaled-1-155x116.jpg 155w\" sizes=\"(max-width: 2560px) 100vw, 2560px\" \/><\/p>\n<p><em>\u201cEl agua que cae de una cascada es un espect\u00e1culo poderoso, vertiginoso y magn\u00e9tico. <\/em><em>Me aferr\u00e9 a esta idea de un agua que se convierte en uni\u00f3n y pasaje entre el cielo y la tierra, en una estela en la que se encarna este poder extremo. Un dialogo de aromas que se inscriben en el coraz\u00f3n de un agua viva, exaltada. El frescor legendario de Sauvage se convierte en el punto de uni\u00f3n de antagonismos reconciliados, de movimientos opuestos que forman una unidad. Su estela se convierte verdaderamente en agua \u201cfuerte\u201d, expresi\u00f3n tenaz y ensordecedora de un frescor vivo, personificado.\u201d<\/em><\/p>\n<p><img loading=\"lazy\" decoding=\"async\" class=\"aligncenter wp-image-178739 size-large\" src=\"https:\/\/graziamagazine.com\/es\/wp-content\/uploads\/sites\/12\/2024\/09\/SAUVAGE-EAU-FORTE-alta-1-copia-scaled-e1725487326471-921x1024.jpeg\" alt=\"\" width=\"921\" height=\"1024\" srcset=\"https:\/\/graziamagazine.com\/es\/wp-content\/uploads\/sites\/12\/2024\/09\/SAUVAGE-EAU-FORTE-alta-1-copia-scaled-e1725487326471-921x1024.jpeg 921w, https:\/\/graziamagazine.com\/es\/wp-content\/uploads\/sites\/12\/2024\/09\/SAUVAGE-EAU-FORTE-alta-1-copia-scaled-e1725487326471-270x300.jpeg 270w, https:\/\/graziamagazine.com\/es\/wp-content\/uploads\/sites\/12\/2024\/09\/SAUVAGE-EAU-FORTE-alta-1-copia-scaled-e1725487326471-768x854.jpeg 768w, https:\/\/graziamagazine.com\/es\/wp-content\/uploads\/sites\/12\/2024\/09\/SAUVAGE-EAU-FORTE-alta-1-copia-scaled-e1725487326471-1381x1536.jpeg 1381w, https:\/\/graziamagazine.com\/es\/wp-content\/uploads\/sites\/12\/2024\/09\/SAUVAGE-EAU-FORTE-alta-1-copia-scaled-e1725487326471-400x445.jpeg 400w, https:\/\/graziamagazine.com\/es\/wp-content\/uploads\/sites\/12\/2024\/09\/SAUVAGE-EAU-FORTE-alta-1-copia-scaled-e1725487326471-155x172.jpeg 155w, https:\/\/graziamagazine.com\/es\/wp-content\/uploads\/sites\/12\/2024\/09\/SAUVAGE-EAU-FORTE-alta-1-copia-scaled-e1725487326471.jpeg 1642w\" sizes=\"(max-width: 921px) 100vw, 921px\" \/><\/p>\n<p>Disponible desde el 2 de septiembre en la p\u00e1gina web de la firma y en tiendas especializadas en belleza, <a href=\"https:\/\/www.dior.com\/es_es\/beauty\/products\/sauvage-eau-forte-Y0998025.html\" target=\"_blank\">tendr\u00e1 un precio oscila entre los 118 euros (60ml) y los 165 euros (100ml)<\/a>.<\/p>\n<p><em>*Im\u00e1genes: cortes\u00eda<\/em><\/p>\n","protected":false},"author":11653,"featured_media":178644,"template":"","format":"standard","categories":[7],"acf":[],"yoast_head":"<!-- This site is optimized with the Yoast SEO Premium plugin v18.5 (Yoast SEO v20.4) - https:\/\/yoast.com\/wordpress\/plugins\/seo\/ -->\n<title>Sauvage Eau Forte, la nueva fragancia masculina de Dior | Grazia<\/title>\n<meta name=\"description\" content=\"El perfume m\u00e1s vendido del mundo tiene una nueva versi\u00f3n que ya es todo un \u00e9xito y con Johnny Depp de nuevo como imagen.\" \/>\n<meta name=\"robots\" content=\"index, follow, max-snippet:-1, max-image-preview:large, max-video-preview:-1\" \/>\n<link rel=\"canonical\" href=\"https:\/\/graziamagazine.com\/es\/articles\/sauvage-eau-forte-la-nueva-fragancia-masculina-de-dior\/\" \/>\n<meta property=\"og:locale\" content=\"es_ES\" \/>\n<meta property=\"og:type\" content=\"article\" \/>\n<meta property=\"og:title\" content=\"Sauvage Eau Forte, la nueva fragancia masculina de Dior\" \/>\n<meta property=\"og:description\" content=\"El perfume m\u00e1s vendido del mundo tiene una nueva versi\u00f3n que ya es todo un \u00e9xito y con Johnny Depp de nuevo como imagen.\" \/>\n<meta property=\"og:url\" content=\"https:\/\/graziamagazine.com\/es\/articles\/sauvage-eau-forte-la-nueva-fragancia-masculina-de-dior\/\" \/>\n<meta property=\"og:site_name\" content=\"Grazia\" \/>\n<meta property=\"article:modified_time\" content=\"2024-09-04T22:04:14+00:00\" \/>\n<meta property=\"og:image\" content=\"https:\/\/graziamagazine.com\/es\/wp-content\/uploads\/sites\/12\/2024\/09\/F094-SAUVAGE-EAU-FORTE-24-M02M_L4_F39-1-scaled-1.jpg\" \/>\n\t<meta property=\"og:image:width\" content=\"2560\" \/>\n\t<meta property=\"og:image:height\" content=\"1881\" \/>\n\t<meta property=\"og:image:type\" content=\"image\/jpeg\" \/>\n<meta name=\"twitter:card\" content=\"summary_large_image\" \/>\n<meta name=\"twitter:label1\" content=\"Est. reading time\" \/>\n\t<meta name=\"twitter:data1\" content=\"2 minutos\" \/>\n<script type=\"application\/ld+json\" class=\"yoast-schema-graph\">{\"@context\":\"https:\/\/schema.org\",\"@graph\":[{\"@type\":\"WebPage\",\"@id\":\"https:\/\/graziamagazine.com\/es\/articles\/sauvage-eau-forte-la-nueva-fragancia-masculina-de-dior\/\",\"url\":\"https:\/\/graziamagazine.com\/es\/articles\/sauvage-eau-forte-la-nueva-fragancia-masculina-de-dior\/\",\"name\":\"Sauvage Eau Forte, la nueva fragancia masculina de Dior | Grazia\",\"isPartOf\":{\"@id\":\"https:\/\/graziamagazine.com\/es\/#website\"},\"datePublished\":\"2024-09-05T07:00:21+00:00\",\"dateModified\":\"2024-09-04T22:04:14+00:00\",\"description\":\"El perfume m\u00e1s vendido del mundo tiene una nueva versi\u00f3n que ya es todo un \u00e9xito y con Johnny Depp de nuevo como imagen.\",\"breadcrumb\":{\"@id\":\"https:\/\/graziamagazine.com\/es\/articles\/sauvage-eau-forte-la-nueva-fragancia-masculina-de-dior\/#breadcrumb\"},\"inLanguage\":\"es\",\"potentialAction\":[{\"@type\":\"ReadAction\",\"target\":[\"https:\/\/graziamagazine.com\/es\/articles\/sauvage-eau-forte-la-nueva-fragancia-masculina-de-dior\/\"]}]},{\"@type\":\"BreadcrumbList\",\"@id\":\"https:\/\/graziamagazine.com\/es\/articles\/sauvage-eau-forte-la-nueva-fragancia-masculina-de-dior\/#breadcrumb\",\"itemListElement\":[{\"@type\":\"ListItem\",\"position\":1,\"name\":\"Portada\",\"item\":\"https:\/\/graziamagazine.com\/es\/\"},{\"@type\":\"ListItem\",\"position\":2,\"name\":\"Sauvage Eau Forte, la nueva fragancia masculina de Dior\"}]},{\"@type\":\"WebSite\",\"@id\":\"https:\/\/graziamagazine.com\/es\/#website\",\"url\":\"https:\/\/graziamagazine.com\/es\/\",\"name\":\"Grazia\",\"description\":\"Moda, belleza, celebrities, estilo de vida...\",\"potentialAction\":[{\"@type\":\"SearchAction\",\"target\":{\"@type\":\"EntryPoint\",\"urlTemplate\":\"https:\/\/graziamagazine.com\/es\/?s={search_term_string}\"},\"query-input\":\"required name=search_term_string\"}],\"inLanguage\":\"es\"}]}<\/script>\n<!-- \/ Yoast SEO Premium plugin. -->","yoast_head_json":{"title":"Sauvage Eau Forte, la nueva fragancia masculina de Dior | Grazia","description":"El perfume m\u00e1s vendido del mundo tiene una nueva versi\u00f3n que ya es todo un \u00e9xito y con Johnny Depp de nuevo como imagen.","robots":{"index":"index","follow":"follow","max-snippet":"max-snippet:-1","max-image-preview":"max-image-preview:large","max-video-preview":"max-video-preview:-1"},"canonical":"https:\/\/graziamagazine.com\/es\/articles\/sauvage-eau-forte-la-nueva-fragancia-masculina-de-dior\/","og_locale":"es_ES","og_type":"article","og_title":"Sauvage Eau Forte, la nueva fragancia masculina de Dior","og_description":"El perfume m\u00e1s vendido del mundo tiene una nueva versi\u00f3n que ya es todo un \u00e9xito y con Johnny Depp de nuevo como imagen.","og_url":"https:\/\/graziamagazine.com\/es\/articles\/sauvage-eau-forte-la-nueva-fragancia-masculina-de-dior\/","og_site_name":"Grazia","article_modified_time":"2024-09-04T22:04:14+00:00","og_image":[{"width":2560,"height":1881,"url":"https:\/\/graziamagazine.com\/es\/wp-content\/uploads\/sites\/12\/2024\/09\/F094-SAUVAGE-EAU-FORTE-24-M02M_L4_F39-1-scaled-1.jpg","type":"image\/jpeg"}],"twitter_card":"summary_large_image","twitter_misc":{"Est. reading time":"2 minutos"},"schema":{"@context":"https:\/\/schema.org","@graph":[{"@type":"WebPage","@id":"https:\/\/graziamagazine.com\/es\/articles\/sauvage-eau-forte-la-nueva-fragancia-masculina-de-dior\/","url":"https:\/\/graziamagazine.com\/es\/articles\/sauvage-eau-forte-la-nueva-fragancia-masculina-de-dior\/","name":"Sauvage Eau Forte, la nueva fragancia masculina de Dior | Grazia","isPartOf":{"@id":"https:\/\/graziamagazine.com\/es\/#website"},"datePublished":"2024-09-05T07:00:21+00:00","dateModified":"2024-09-04T22:04:14+00:00","description":"El perfume m\u00e1s vendido del mundo tiene una nueva versi\u00f3n que ya es todo un \u00e9xito y con Johnny Depp de nuevo como imagen.","breadcrumb":{"@id":"https:\/\/graziamagazine.com\/es\/articles\/sauvage-eau-forte-la-nueva-fragancia-masculina-de-dior\/#breadcrumb"},"inLanguage":"es","potentialAction":[{"@type":"ReadAction","target":["https:\/\/graziamagazine.com\/es\/articles\/sauvage-eau-forte-la-nueva-fragancia-masculina-de-dior\/"]}]},{"@type":"BreadcrumbList","@id":"https:\/\/graziamagazine.com\/es\/articles\/sauvage-eau-forte-la-nueva-fragancia-masculina-de-dior\/#breadcrumb","itemListElement":[{"@type":"ListItem","position":1,"name":"Portada","item":"https:\/\/graziamagazine.com\/es\/"},{"@type":"ListItem","position":2,"name":"Sauvage Eau Forte, la nueva fragancia masculina de Dior"}]},{"@type":"WebSite","@id":"https:\/\/graziamagazine.com\/es\/#website","url":"https:\/\/graziamagazine.com\/es\/","name":"Grazia","description":"Moda, belleza, celebrities, estilo de vida...","potentialAction":[{"@type":"SearchAction","target":{"@type":"EntryPoint","urlTemplate":"https:\/\/graziamagazine.com\/es\/?s={search_term_string}"},"query-input":"required name=search_term_string"}],"inLanguage":"es"}]}},"jetpack_sharing_enabled":true,"distributor_meta":false,"distributor_terms":false,"distributor_media":false,"distributor_original_site_name":"Grazia","distributor_original_site_url":"https:\/\/graziamagazine.com\/es","push-errors":false,"_links":{"self":[{"href":"https:\/\/graziamagazine.com\/es\/wp-json\/wp\/v2\/articles\/178642"}],"collection":[{"href":"https:\/\/graziamagazine.com\/es\/wp-json\/wp\/v2\/articles"}],"about":[{"href":"https:\/\/graziamagazine.com\/es\/wp-json\/wp\/v2\/types\/articles"}],"author":[{"embeddable":true,"href":"https:\/\/graziamagazine.com\/es\/wp-json\/wp\/v2\/users\/11653"}],"wp:featuredmedia":[{"embeddable":true,"href":"https:\/\/graziamagazine.com\/es\/wp-json\/wp\/v2\/media\/178644"}],"wp:attachment":[{"href":"https:\/\/graziamagazine.com\/es\/wp-json\/wp\/v2\/media?parent=178642"}],"wp:term":[{"taxonomy":"category","embeddable":true,"href":"https:\/\/graziamagazine.com\/es\/wp-json\/wp\/v2\/categories?post=178642"}],"curies":[{"name":"wp","href":"https:\/\/api.w.org\/{rel}","templated":true}]}}