{"id":178398,"date":"2024-08-23T10:56:04","date_gmt":"2024-08-23T08:56:04","guid":{"rendered":"https:\/\/graziamagazine.com\/es\/?post_type=articles&#038;p=178398"},"modified":"2024-08-23T10:56:04","modified_gmt":"2024-08-23T08:56:04","slug":"emily-en-paris-truman-capote-y-eliza-doolittle-charme-parisino","status":"publish","type":"articles","link":"https:\/\/graziamagazine.com\/es\/articles\/emily-en-paris-truman-capote-y-eliza-doolittle-charme-parisino\/","title":{"rendered":"La historia detr\u00e1s del impresionante vestido de Harris Reed en &#8216;Emily en Par\u00eds&#8217;"},"content":{"rendered":"<p>En un mundo donde la moda y la cultura pop se entrelazan con la literatura cl\u00e1sica, la exitosa serie <strong>\u201cEmily in Paris\u201d<\/strong> ha logrado capturar la atenci\u00f3n del p\u00fablico con su est\u00e9tica encantadora y su enfoque en el estilo de vida parisino.<\/p>\n<p>Pero, \u00bfqu\u00e9 pasa cuando exploramos las sutiles referencias literarias y culturales que se esconden detr\u00e1s de su apariencia? Ah\u00ed es donde se encuentra el gui\u00f1o de <strong>Truman Capote y Eliza Doolittle<\/strong>, dos figuras ic\u00f3nicas que, aunque aparentemente dispares, encuentran un terreno com\u00fan en el sofisticado universo de Emily.<\/p>\n<figure id=\"attachment_140391\" class=\"wp-caption alignnone\" style=\"width: 793px\" aria-describedby=\"caption-attachment-140391\"><img loading=\"lazy\" decoding=\"async\" class=\"size-large wp-image-140391\" src=\"https:\/\/graziamagazine.com\/mx\/wp-content\/uploads\/sites\/13\/2024\/08\/Captura-de-Pantalla-2024-08-20-a-las-10.38.37-793x1024.png\" alt=\"Emily en Par\u00eds, Truman Capote y Eliza Doolittle: Charme Parisino\" width=\"793\" height=\"1024\" \/><\/figure>\n<p>En la \u00faltima temporada de<strong> \u201cEmily in Paris\u201d<\/strong>, la moda vuelve a ser protagonista con un momento ic\u00f3nico que fusiona historia, cultura y dise\u00f1o contempor\u00e1neo. La dise\u00f1adora de vestuario <strong>Marylin Fitoussi<\/strong> y el director creativo de <strong>Nina Ricci, Harris Reed<\/strong>, unieron fuerzas para crear un atuendo inolvidable que Emily Cooper luce durante un fastuoso baile de m\u00e1scaras.<\/p>\n<p><img loading=\"lazy\" decoding=\"async\" class=\"aligncenter size-full wp-image-178405\" src=\"https:\/\/graziamagazine.com\/es\/wp-content\/uploads\/sites\/12\/2024\/08\/harris_reed.jpg\" alt=\"\" width=\"1440\" height=\"1795\" srcset=\"https:\/\/graziamagazine.com\/es\/wp-content\/uploads\/sites\/12\/2024\/08\/harris_reed.jpg 1440w, https:\/\/graziamagazine.com\/es\/wp-content\/uploads\/sites\/12\/2024\/08\/harris_reed-241x300.jpg 241w, https:\/\/graziamagazine.com\/es\/wp-content\/uploads\/sites\/12\/2024\/08\/harris_reed-821x1024.jpg 821w, https:\/\/graziamagazine.com\/es\/wp-content\/uploads\/sites\/12\/2024\/08\/harris_reed-768x957.jpg 768w, https:\/\/graziamagazine.com\/es\/wp-content\/uploads\/sites\/12\/2024\/08\/harris_reed-1232x1536.jpg 1232w, https:\/\/graziamagazine.com\/es\/wp-content\/uploads\/sites\/12\/2024\/08\/harris_reed-400x499.jpg 400w, https:\/\/graziamagazine.com\/es\/wp-content\/uploads\/sites\/12\/2024\/08\/harris_reed-155x193.jpg 155w\" sizes=\"(max-width: 1440px) 100vw, 1440px\" \/><\/p>\n<p>Este look, una mezcla de referencias hist\u00f3ricas y la visi\u00f3n vanguardista de Reed, se convierte en una declaraci\u00f3n de estilo que resuena tanto con la audiencia moderna como con los conocedores de la moda cl\u00e1sica.<\/p>\n<p>El traje que Reed dise\u00f1\u00f3 para Emily es una interpretaci\u00f3n contempor\u00e1nea del emblem\u00e1tico vestido a rayas blancas y negras que fue un s\u00edmbolo de opulencia en el famoso baile en blanco y negro de <strong>Truman Capote en 1966.<\/strong><\/p>\n<figure id=\"attachment_140390\" class=\"wp-caption alignnone\" style=\"width: 772px\" aria-describedby=\"caption-attachment-140390\"><img loading=\"lazy\" decoding=\"async\" class=\"size-large wp-image-140390\" src=\"https:\/\/graziamagazine.com\/mx\/wp-content\/uploads\/sites\/13\/2024\/08\/Captura-de-Pantalla-2024-08-20-a-las-10.38.32-772x1024.png\" alt=\"Emily en Par\u00eds, Truman Capote y Eliza Doolittle: Charme Parisino\" width=\"772\" height=\"1024\" \/><figcaption id=\"caption-attachment-140390\" class=\"wp-caption-text\">Emily en Par\u00eds, Truman Capote y Eliza Doolittle: Charme Parisino<\/figcaption><\/figure>\n<p>Este evento, celebrado en el <strong>Plaza Hotel de Nueva York<\/strong>, fue un despliegue de glamour y sofisticaci\u00f3n, donde la alta sociedad mostr\u00f3 sus atuendos m\u00e1s atrevidos y arquitect\u00f3nicos. Inspirado en este ambiente, Reed cre\u00f3 un h\u00edbrido audaz que combina un vestido estructurado con un traje de gato a rayas, todo en una paleta monocrom\u00e1tica que evoca tanto el lujo como la modernidad.<\/p>\n<p>El toque final del look de Emily es un sombrero de ala ancha, un gui\u00f1o directo a Eliza Doolittle, el personaje de <strong>\u201cMy Fair Lady\u201d<\/strong> interpretado por Audrey Hepburn. En la pel\u00edcula, Doolittle sufre una transformaci\u00f3n total, ascendiendo desde las calles de Londres hasta las alturas de la sociedad inglesa.<\/p>\n<p>Al igual que Eliza, Emily tambi\u00e9n se enfrenta al desaf\u00edo de adaptarse a un entorno sofisticado y exigente, manteniendo su esencia \u00fanica en el proceso. Este sombrero no solo conecta a Emily con Doolittle, sino que tambi\u00e9n sirve como un s<strong>\u00edmbolo de su propio viaje<\/strong> de autoafirmaci\u00f3n en Par\u00eds.<\/p>\n<figure id=\"attachment_140389\" class=\"wp-caption alignnone\" style=\"width: 742px\" aria-describedby=\"caption-attachment-140389\"><img loading=\"lazy\" decoding=\"async\" class=\"size-large wp-image-140389\" src=\"https:\/\/graziamagazine.com\/mx\/wp-content\/uploads\/sites\/13\/2024\/08\/Captura-de-Pantalla-2024-08-20-a-las-10.38.27-742x1024.png\" alt=\"Emily en Par\u00eds, Truman Capote y Eliza Doolittle: Charme Parisino\" width=\"742\" height=\"1024\" \/><figcaption id=\"caption-attachment-140389\" class=\"wp-caption-text\">Emily en Par\u00eds, Truman Capote y Eliza Doolittle: Charme Parisino<\/figcaption><\/figure>\n<p>La colaboraci\u00f3n entre Reed y Fitoussi es un ejemplo perfecto de c\u00f3mo la moda puede ser una herramienta narrativa poderosa. Reed, quien como Emily ha experimentado la vida como un extranjero en <strong>Par\u00eds<\/strong>, encontr\u00f3 en este proyecto una oportunidad para expresar su propia identidad art\u00edstica mientras honraba a los \u00edconos que le precedieron.<\/p>\n<p>Su habilidad para reinterpretar el glamour de d\u00e9cadas pasadas y adaptarlo a la sensibilidad actual es lo que hace que este atuendo sea verdaderamente especial.<\/p>\n<p>El debut del primer traje personalizado de Harris Reed en \u201cEmily in Paris\u201d no solo marca un hito en la serie, sino tambi\u00e9n en la carrera del dise\u00f1ador. Este look es una celebraci\u00f3n de la moda como arte y una prueba de que, en manos de los visionarios correctos, las referencias del pasado pueden convertirse en las tendencias del futuro.<\/p>\n<p><em><strong>*IMAGEN: Google Images<\/strong><\/em><\/p>\n<p>&nbsp;<\/p>\n","protected":false},"author":16349,"featured_media":178399,"template":"","format":"standard","categories":[1],"acf":[],"yoast_head":"<!-- This site is optimized with the Yoast SEO Premium plugin v18.5 (Yoast SEO v20.4) - https:\/\/yoast.com\/wordpress\/plugins\/seo\/ -->\n<title>La historia detr\u00e1s del vestido de Harris Reed en &#039;Emily en Par\u00eds&#039;<\/title>\n<meta name=\"description\" content=\"El inesperado cruce entre el estilo parisino de &#039;Emily in Paris&#039;, la sofisticaci\u00f3n de Truman Capote y el encanto de Eliza Doolittle.\" \/>\n<meta name=\"robots\" content=\"index, follow, max-snippet:-1, max-image-preview:large, max-video-preview:-1\" \/>\n<link rel=\"canonical\" href=\"https:\/\/graziamagazine.com\/es\/articles\/emily-en-paris-truman-capote-y-eliza-doolittle-charme-parisino\/\" \/>\n<meta property=\"og:locale\" content=\"es_ES\" \/>\n<meta property=\"og:type\" content=\"article\" \/>\n<meta property=\"og:title\" content=\"La historia detr\u00e1s del impresionante vestido de Harris Reed en &#039;Emily en Par\u00eds&#039;\" \/>\n<meta property=\"og:description\" content=\"El inesperado cruce entre el estilo parisino de &#039;Emily in Paris&#039;, la sofisticaci\u00f3n de Truman Capote y el encanto de Eliza Doolittle.\" \/>\n<meta property=\"og:url\" content=\"https:\/\/graziamagazine.com\/es\/articles\/emily-en-paris-truman-capote-y-eliza-doolittle-charme-parisino\/\" \/>\n<meta property=\"og:site_name\" content=\"Grazia\" \/>\n<meta property=\"og:image\" content=\"https:\/\/graziamagazine.com\/es\/wp-content\/uploads\/sites\/12\/2024\/08\/Captura-de-Pantalla-2024-08-20-a-las-10.38.55-1024x665.png\" \/>\n\t<meta property=\"og:image:width\" content=\"1024\" \/>\n\t<meta property=\"og:image:height\" content=\"665\" \/>\n\t<meta property=\"og:image:type\" content=\"image\/png\" \/>\n<meta name=\"twitter:card\" content=\"summary_large_image\" \/>\n<meta name=\"twitter:label1\" content=\"Est. reading time\" \/>\n\t<meta name=\"twitter:data1\" content=\"4 minutos\" \/>\n<script type=\"application\/ld+json\" class=\"yoast-schema-graph\">{\"@context\":\"https:\/\/schema.org\",\"@graph\":[{\"@type\":\"WebPage\",\"@id\":\"https:\/\/graziamagazine.com\/es\/articles\/emily-en-paris-truman-capote-y-eliza-doolittle-charme-parisino\/\",\"url\":\"https:\/\/graziamagazine.com\/es\/articles\/emily-en-paris-truman-capote-y-eliza-doolittle-charme-parisino\/\",\"name\":\"La historia detr\u00e1s del vestido de Harris Reed en 'Emily en Par\u00eds'\",\"isPartOf\":{\"@id\":\"https:\/\/graziamagazine.com\/es\/#website\"},\"datePublished\":\"2024-08-23T08:56:04+00:00\",\"dateModified\":\"2024-08-23T08:56:04+00:00\",\"description\":\"El inesperado cruce entre el estilo parisino de 'Emily in Paris', la sofisticaci\u00f3n de Truman Capote y el encanto de Eliza Doolittle.\",\"breadcrumb\":{\"@id\":\"https:\/\/graziamagazine.com\/es\/articles\/emily-en-paris-truman-capote-y-eliza-doolittle-charme-parisino\/#breadcrumb\"},\"inLanguage\":\"es\",\"potentialAction\":[{\"@type\":\"ReadAction\",\"target\":[\"https:\/\/graziamagazine.com\/es\/articles\/emily-en-paris-truman-capote-y-eliza-doolittle-charme-parisino\/\"]}]},{\"@type\":\"BreadcrumbList\",\"@id\":\"https:\/\/graziamagazine.com\/es\/articles\/emily-en-paris-truman-capote-y-eliza-doolittle-charme-parisino\/#breadcrumb\",\"itemListElement\":[{\"@type\":\"ListItem\",\"position\":1,\"name\":\"Portada\",\"item\":\"https:\/\/graziamagazine.com\/es\/\"},{\"@type\":\"ListItem\",\"position\":2,\"name\":\"La historia detr\u00e1s del impresionante vestido de Harris Reed en &#8216;Emily en Par\u00eds&#8217;\"}]},{\"@type\":\"WebSite\",\"@id\":\"https:\/\/graziamagazine.com\/es\/#website\",\"url\":\"https:\/\/graziamagazine.com\/es\/\",\"name\":\"Grazia\",\"description\":\"Moda, belleza, celebrities, estilo de vida...\",\"potentialAction\":[{\"@type\":\"SearchAction\",\"target\":{\"@type\":\"EntryPoint\",\"urlTemplate\":\"https:\/\/graziamagazine.com\/es\/?s={search_term_string}\"},\"query-input\":\"required name=search_term_string\"}],\"inLanguage\":\"es\"}]}<\/script>\n<!-- \/ Yoast SEO Premium plugin. -->","yoast_head_json":{"title":"La historia detr\u00e1s del vestido de Harris Reed en 'Emily en Par\u00eds'","description":"El inesperado cruce entre el estilo parisino de 'Emily in Paris', la sofisticaci\u00f3n de Truman Capote y el encanto de Eliza Doolittle.","robots":{"index":"index","follow":"follow","max-snippet":"max-snippet:-1","max-image-preview":"max-image-preview:large","max-video-preview":"max-video-preview:-1"},"canonical":"https:\/\/graziamagazine.com\/es\/articles\/emily-en-paris-truman-capote-y-eliza-doolittle-charme-parisino\/","og_locale":"es_ES","og_type":"article","og_title":"La historia detr\u00e1s del impresionante vestido de Harris Reed en 'Emily en Par\u00eds'","og_description":"El inesperado cruce entre el estilo parisino de 'Emily in Paris', la sofisticaci\u00f3n de Truman Capote y el encanto de Eliza Doolittle.","og_url":"https:\/\/graziamagazine.com\/es\/articles\/emily-en-paris-truman-capote-y-eliza-doolittle-charme-parisino\/","og_site_name":"Grazia","og_image":[{"width":1024,"height":665,"url":"https:\/\/graziamagazine.com\/es\/wp-content\/uploads\/sites\/12\/2024\/08\/Captura-de-Pantalla-2024-08-20-a-las-10.38.55-1024x665.png","type":"image\/png"}],"twitter_card":"summary_large_image","twitter_misc":{"Est. reading time":"4 minutos"},"schema":{"@context":"https:\/\/schema.org","@graph":[{"@type":"WebPage","@id":"https:\/\/graziamagazine.com\/es\/articles\/emily-en-paris-truman-capote-y-eliza-doolittle-charme-parisino\/","url":"https:\/\/graziamagazine.com\/es\/articles\/emily-en-paris-truman-capote-y-eliza-doolittle-charme-parisino\/","name":"La historia detr\u00e1s del vestido de Harris Reed en 'Emily en Par\u00eds'","isPartOf":{"@id":"https:\/\/graziamagazine.com\/es\/#website"},"datePublished":"2024-08-23T08:56:04+00:00","dateModified":"2024-08-23T08:56:04+00:00","description":"El inesperado cruce entre el estilo parisino de 'Emily in Paris', la sofisticaci\u00f3n de Truman Capote y el encanto de Eliza Doolittle.","breadcrumb":{"@id":"https:\/\/graziamagazine.com\/es\/articles\/emily-en-paris-truman-capote-y-eliza-doolittle-charme-parisino\/#breadcrumb"},"inLanguage":"es","potentialAction":[{"@type":"ReadAction","target":["https:\/\/graziamagazine.com\/es\/articles\/emily-en-paris-truman-capote-y-eliza-doolittle-charme-parisino\/"]}]},{"@type":"BreadcrumbList","@id":"https:\/\/graziamagazine.com\/es\/articles\/emily-en-paris-truman-capote-y-eliza-doolittle-charme-parisino\/#breadcrumb","itemListElement":[{"@type":"ListItem","position":1,"name":"Portada","item":"https:\/\/graziamagazine.com\/es\/"},{"@type":"ListItem","position":2,"name":"La historia detr\u00e1s del impresionante vestido de Harris Reed en &#8216;Emily en Par\u00eds&#8217;"}]},{"@type":"WebSite","@id":"https:\/\/graziamagazine.com\/es\/#website","url":"https:\/\/graziamagazine.com\/es\/","name":"Grazia","description":"Moda, belleza, celebrities, estilo de vida...","potentialAction":[{"@type":"SearchAction","target":{"@type":"EntryPoint","urlTemplate":"https:\/\/graziamagazine.com\/es\/?s={search_term_string}"},"query-input":"required name=search_term_string"}],"inLanguage":"es"}]}},"jetpack_sharing_enabled":true,"distributor_meta":false,"distributor_terms":false,"distributor_media":false,"distributor_original_site_name":"Grazia","distributor_original_site_url":"https:\/\/graziamagazine.com\/es","push-errors":false,"_links":{"self":[{"href":"https:\/\/graziamagazine.com\/es\/wp-json\/wp\/v2\/articles\/178398"}],"collection":[{"href":"https:\/\/graziamagazine.com\/es\/wp-json\/wp\/v2\/articles"}],"about":[{"href":"https:\/\/graziamagazine.com\/es\/wp-json\/wp\/v2\/types\/articles"}],"author":[{"embeddable":true,"href":"https:\/\/graziamagazine.com\/es\/wp-json\/wp\/v2\/users\/16349"}],"wp:featuredmedia":[{"embeddable":true,"href":"https:\/\/graziamagazine.com\/es\/wp-json\/wp\/v2\/media\/178399"}],"wp:attachment":[{"href":"https:\/\/graziamagazine.com\/es\/wp-json\/wp\/v2\/media?parent=178398"}],"wp:term":[{"taxonomy":"category","embeddable":true,"href":"https:\/\/graziamagazine.com\/es\/wp-json\/wp\/v2\/categories?post=178398"}],"curies":[{"name":"wp","href":"https:\/\/api.w.org\/{rel}","templated":true}]}}