{"id":178313,"date":"2024-08-21T11:43:37","date_gmt":"2024-08-21T09:43:37","guid":{"rendered":"https:\/\/graziamagazine.com\/es\/?post_type=articles&#038;p=178313"},"modified":"2024-08-21T11:43:37","modified_gmt":"2024-08-21T09:43:37","slug":"este-es-el-labial-favorito-de-sabrina-carpenter","status":"publish","type":"articles","link":"https:\/\/graziamagazine.com\/es\/articles\/este-es-el-labial-favorito-de-sabrina-carpenter\/","title":{"rendered":"Este es el labial favorito de Sabrina Carpenter"},"content":{"rendered":"<p>Sabrina Carpenter se ha convertido en una de las artistas del momento, dentro y fuera de los escenarios. Su presencia en las alfombras rojas es contante y sus secretos de belleza son de lo m\u00e1s codiciado. Uno de los \u00faltimos secretos beauty de la artista ha sido revelado en uno de sus v\u00eddeos, concretamente en el del tema <em>Please, Please, Please,<\/em> donde la superestrella convirti\u00f3 en viral el labial con el que aparece y el b\u00e1lsamo arras\u00f3 en Internet consiguiendo que colgaran el cartel de <em>sold out<\/em>.<\/p>\n<p><img loading=\"lazy\" decoding=\"async\" class=\"aligncenter size-full wp-image-178346\" src=\"https:\/\/graziamagazine.com\/es\/wp-content\/uploads\/sites\/12\/2024\/08\/thumb-sabrina-carpenter-prada-beauty-1440x1080.jpg-copia-2.jpg\" alt=\"\" width=\"1440\" height=\"1080\" srcset=\"https:\/\/graziamagazine.com\/es\/wp-content\/uploads\/sites\/12\/2024\/08\/thumb-sabrina-carpenter-prada-beauty-1440x1080.jpg-copia-2.jpg 1440w, https:\/\/graziamagazine.com\/es\/wp-content\/uploads\/sites\/12\/2024\/08\/thumb-sabrina-carpenter-prada-beauty-1440x1080.jpg-copia-2-300x225.jpg 300w, https:\/\/graziamagazine.com\/es\/wp-content\/uploads\/sites\/12\/2024\/08\/thumb-sabrina-carpenter-prada-beauty-1440x1080.jpg-copia-2-1024x768.jpg 1024w, https:\/\/graziamagazine.com\/es\/wp-content\/uploads\/sites\/12\/2024\/08\/thumb-sabrina-carpenter-prada-beauty-1440x1080.jpg-copia-2-768x576.jpg 768w, https:\/\/graziamagazine.com\/es\/wp-content\/uploads\/sites\/12\/2024\/08\/thumb-sabrina-carpenter-prada-beauty-1440x1080.jpg-copia-2-400x300.jpg 400w, https:\/\/graziamagazine.com\/es\/wp-content\/uploads\/sites\/12\/2024\/08\/thumb-sabrina-carpenter-prada-beauty-1440x1080.jpg-copia-2-155x116.jpg 155w\" sizes=\"(max-width: 1440px) 100vw, 1440px\" \/><\/p>\n<p>Concretamente se trata de la barra de labios <strong>Blushing Care en el tono Astral Pink, de Prada Beauty<\/strong>, un b\u00e1lsamo labial en color rosa-lavanda que cuenta con tecnolog\u00eda Micro-Blusing, es decir, que se adapta al pH de la piel y cambia de color.<\/p>\n<div class=\"content__main__content\">\n<h3>El labial que hidrata y cambia de color<\/h3>\n<p>El b\u00e1lsamo labial Prada Blushing Care suaviza e hidrata los labios, y revela un tono personalizado con un acabado radiante gracias a la innovadora f\u00f3rmula que se adapta al pH de los labios, adem\u00e1s de que su punta triangular facilita una aplicaci\u00f3n sencilla en cualquier lugar. Su f\u00f3rmula innovadora, con extracto de b\u00edfidus y aceite de jojoba, suaviza y fortalece los labios y realza su color natural, consiguiendo una hidrataci\u00f3n con un acabado radiante.<\/p>\n<p><img loading=\"lazy\" decoding=\"async\" class=\"aligncenter size-full wp-image-178349\" src=\"https:\/\/graziamagazine.com\/es\/wp-content\/uploads\/sites\/12\/2024\/08\/3614274171099_lip-balm_u001-astralpink_main-1-copia.jpg\" alt=\"\" width=\"1000\" height=\"1000\" srcset=\"https:\/\/graziamagazine.com\/es\/wp-content\/uploads\/sites\/12\/2024\/08\/3614274171099_lip-balm_u001-astralpink_main-1-copia.jpg 1000w, https:\/\/graziamagazine.com\/es\/wp-content\/uploads\/sites\/12\/2024\/08\/3614274171099_lip-balm_u001-astralpink_main-1-copia-300x300.jpg 300w, https:\/\/graziamagazine.com\/es\/wp-content\/uploads\/sites\/12\/2024\/08\/3614274171099_lip-balm_u001-astralpink_main-1-copia-150x150.jpg 150w, https:\/\/graziamagazine.com\/es\/wp-content\/uploads\/sites\/12\/2024\/08\/3614274171099_lip-balm_u001-astralpink_main-1-copia-768x768.jpg 768w, https:\/\/graziamagazine.com\/es\/wp-content\/uploads\/sites\/12\/2024\/08\/3614274171099_lip-balm_u001-astralpink_main-1-copia-400x400.jpg 400w, https:\/\/graziamagazine.com\/es\/wp-content\/uploads\/sites\/12\/2024\/08\/3614274171099_lip-balm_u001-astralpink_main-1-copia-155x155.jpg 155w\" sizes=\"(max-width: 1000px) 100vw, 1000px\" \/><\/p>\n<p>&nbsp;<\/p>\n<\/div>\n<div class=\"content__main__content\">\n<p>La buena noticia es que el labial vuelve a estar disponible y lo encuentras en exclusiva en <strong>la\u00a0<a href=\"https:\/\/www.prada.com\/es\/es\/beauty-and-fragrances\/beauty\/c\/10565EU\" target=\"_blank\" rel=\"noreferrer noopener\" target=\"_blank\">web oficial<\/a>\u00a0de\u00a0Prada Beauty <\/strong>y en comercios minoristas seleccionados. <a href=\"https:\/\/www.prada.com\/es\/es\/p\/balsamo-labial-prada-blushing-care\/1A2751_2IAK_FBU01_P_OOO\" target=\"_blank\">Su precio es de 48 euros<\/a>.<\/p>\n<p><em>*Im\u00e1genes: Getty Images, Redes Sociales y cortes\u00eda<\/em><\/p>\n<\/div>\n","protected":false},"author":11653,"featured_media":178347,"template":"","format":"standard","categories":[7,13],"acf":[],"yoast_head":"<!-- This site is optimized with the Yoast SEO Premium plugin v18.5 (Yoast SEO v20.4) - https:\/\/yoast.com\/wordpress\/plugins\/seo\/ -->\n<title>Este es el labial favorito de Sabrina Carpenter | Grazia<\/title>\n<meta name=\"description\" content=\"Sabrina Carpenter se ha convertido en una de las artistas del momento, dentro y fuera de los escenarios. Su presencia en las alfombras rojas es contante y\" \/>\n<meta name=\"robots\" content=\"index, follow, max-snippet:-1, max-image-preview:large, max-video-preview:-1\" \/>\n<link rel=\"canonical\" href=\"https:\/\/graziamagazine.com\/es\/articles\/este-es-el-labial-favorito-de-sabrina-carpenter\/\" \/>\n<meta property=\"og:locale\" content=\"es_ES\" \/>\n<meta property=\"og:type\" content=\"article\" \/>\n<meta property=\"og:title\" content=\"Este es el labial favorito de Sabrina Carpenter\" \/>\n<meta property=\"og:description\" content=\"Sabrina Carpenter se ha convertido en una de las artistas del momento, dentro y fuera de los escenarios. Su presencia en las alfombras rojas es contante y\" \/>\n<meta property=\"og:url\" content=\"https:\/\/graziamagazine.com\/es\/articles\/este-es-el-labial-favorito-de-sabrina-carpenter\/\" \/>\n<meta property=\"og:site_name\" content=\"Grazia\" \/>\n<meta property=\"og:image\" content=\"https:\/\/graziamagazine.com\/es\/wp-content\/uploads\/sites\/12\/2024\/08\/sabrina-carpenter-performs-at-bbc-radio-1s-big-weekend-2024-news-photo-1720083028-copia-e1724232750752.jpg\" \/>\n\t<meta property=\"og:image:width\" content=\"1099\" \/>\n\t<meta property=\"og:image:height\" content=\"778\" \/>\n\t<meta property=\"og:image:type\" content=\"image\/jpeg\" \/>\n<meta name=\"twitter:card\" content=\"summary_large_image\" \/>\n<meta name=\"twitter:label1\" content=\"Est. reading time\" \/>\n\t<meta name=\"twitter:data1\" content=\"2 minutos\" \/>\n<script type=\"application\/ld+json\" class=\"yoast-schema-graph\">{\"@context\":\"https:\/\/schema.org\",\"@graph\":[{\"@type\":\"WebPage\",\"@id\":\"https:\/\/graziamagazine.com\/es\/articles\/este-es-el-labial-favorito-de-sabrina-carpenter\/\",\"url\":\"https:\/\/graziamagazine.com\/es\/articles\/este-es-el-labial-favorito-de-sabrina-carpenter\/\",\"name\":\"Este es el labial favorito de Sabrina Carpenter | Grazia\",\"isPartOf\":{\"@id\":\"https:\/\/graziamagazine.com\/es\/#website\"},\"datePublished\":\"2024-08-21T09:43:37+00:00\",\"dateModified\":\"2024-08-21T09:43:37+00:00\",\"description\":\"Sabrina Carpenter se ha convertido en una de las artistas del momento, dentro y fuera de los escenarios. Su presencia en las alfombras rojas es contante y\",\"breadcrumb\":{\"@id\":\"https:\/\/graziamagazine.com\/es\/articles\/este-es-el-labial-favorito-de-sabrina-carpenter\/#breadcrumb\"},\"inLanguage\":\"es\",\"potentialAction\":[{\"@type\":\"ReadAction\",\"target\":[\"https:\/\/graziamagazine.com\/es\/articles\/este-es-el-labial-favorito-de-sabrina-carpenter\/\"]}]},{\"@type\":\"BreadcrumbList\",\"@id\":\"https:\/\/graziamagazine.com\/es\/articles\/este-es-el-labial-favorito-de-sabrina-carpenter\/#breadcrumb\",\"itemListElement\":[{\"@type\":\"ListItem\",\"position\":1,\"name\":\"Portada\",\"item\":\"https:\/\/graziamagazine.com\/es\/\"},{\"@type\":\"ListItem\",\"position\":2,\"name\":\"Este es el labial favorito de Sabrina Carpenter\"}]},{\"@type\":\"WebSite\",\"@id\":\"https:\/\/graziamagazine.com\/es\/#website\",\"url\":\"https:\/\/graziamagazine.com\/es\/\",\"name\":\"Grazia\",\"description\":\"Moda, belleza, celebrities, estilo de vida...\",\"potentialAction\":[{\"@type\":\"SearchAction\",\"target\":{\"@type\":\"EntryPoint\",\"urlTemplate\":\"https:\/\/graziamagazine.com\/es\/?s={search_term_string}\"},\"query-input\":\"required name=search_term_string\"}],\"inLanguage\":\"es\"}]}<\/script>\n<!-- \/ Yoast SEO Premium plugin. -->","yoast_head_json":{"title":"Este es el labial favorito de Sabrina Carpenter | Grazia","description":"Sabrina Carpenter se ha convertido en una de las artistas del momento, dentro y fuera de los escenarios. Su presencia en las alfombras rojas es contante y","robots":{"index":"index","follow":"follow","max-snippet":"max-snippet:-1","max-image-preview":"max-image-preview:large","max-video-preview":"max-video-preview:-1"},"canonical":"https:\/\/graziamagazine.com\/es\/articles\/este-es-el-labial-favorito-de-sabrina-carpenter\/","og_locale":"es_ES","og_type":"article","og_title":"Este es el labial favorito de Sabrina Carpenter","og_description":"Sabrina Carpenter se ha convertido en una de las artistas del momento, dentro y fuera de los escenarios. Su presencia en las alfombras rojas es contante y","og_url":"https:\/\/graziamagazine.com\/es\/articles\/este-es-el-labial-favorito-de-sabrina-carpenter\/","og_site_name":"Grazia","og_image":[{"width":1099,"height":778,"url":"https:\/\/graziamagazine.com\/es\/wp-content\/uploads\/sites\/12\/2024\/08\/sabrina-carpenter-performs-at-bbc-radio-1s-big-weekend-2024-news-photo-1720083028-copia-e1724232750752.jpg","type":"image\/jpeg"}],"twitter_card":"summary_large_image","twitter_misc":{"Est. reading time":"2 minutos"},"schema":{"@context":"https:\/\/schema.org","@graph":[{"@type":"WebPage","@id":"https:\/\/graziamagazine.com\/es\/articles\/este-es-el-labial-favorito-de-sabrina-carpenter\/","url":"https:\/\/graziamagazine.com\/es\/articles\/este-es-el-labial-favorito-de-sabrina-carpenter\/","name":"Este es el labial favorito de Sabrina Carpenter | Grazia","isPartOf":{"@id":"https:\/\/graziamagazine.com\/es\/#website"},"datePublished":"2024-08-21T09:43:37+00:00","dateModified":"2024-08-21T09:43:37+00:00","description":"Sabrina Carpenter se ha convertido en una de las artistas del momento, dentro y fuera de los escenarios. Su presencia en las alfombras rojas es contante y","breadcrumb":{"@id":"https:\/\/graziamagazine.com\/es\/articles\/este-es-el-labial-favorito-de-sabrina-carpenter\/#breadcrumb"},"inLanguage":"es","potentialAction":[{"@type":"ReadAction","target":["https:\/\/graziamagazine.com\/es\/articles\/este-es-el-labial-favorito-de-sabrina-carpenter\/"]}]},{"@type":"BreadcrumbList","@id":"https:\/\/graziamagazine.com\/es\/articles\/este-es-el-labial-favorito-de-sabrina-carpenter\/#breadcrumb","itemListElement":[{"@type":"ListItem","position":1,"name":"Portada","item":"https:\/\/graziamagazine.com\/es\/"},{"@type":"ListItem","position":2,"name":"Este es el labial favorito de Sabrina Carpenter"}]},{"@type":"WebSite","@id":"https:\/\/graziamagazine.com\/es\/#website","url":"https:\/\/graziamagazine.com\/es\/","name":"Grazia","description":"Moda, belleza, celebrities, estilo de vida...","potentialAction":[{"@type":"SearchAction","target":{"@type":"EntryPoint","urlTemplate":"https:\/\/graziamagazine.com\/es\/?s={search_term_string}"},"query-input":"required name=search_term_string"}],"inLanguage":"es"}]}},"jetpack_sharing_enabled":true,"distributor_meta":false,"distributor_terms":false,"distributor_media":false,"distributor_original_site_name":"Grazia","distributor_original_site_url":"https:\/\/graziamagazine.com\/es","push-errors":false,"_links":{"self":[{"href":"https:\/\/graziamagazine.com\/es\/wp-json\/wp\/v2\/articles\/178313"}],"collection":[{"href":"https:\/\/graziamagazine.com\/es\/wp-json\/wp\/v2\/articles"}],"about":[{"href":"https:\/\/graziamagazine.com\/es\/wp-json\/wp\/v2\/types\/articles"}],"author":[{"embeddable":true,"href":"https:\/\/graziamagazine.com\/es\/wp-json\/wp\/v2\/users\/11653"}],"wp:featuredmedia":[{"embeddable":true,"href":"https:\/\/graziamagazine.com\/es\/wp-json\/wp\/v2\/media\/178347"}],"wp:attachment":[{"href":"https:\/\/graziamagazine.com\/es\/wp-json\/wp\/v2\/media?parent=178313"}],"wp:term":[{"taxonomy":"category","embeddable":true,"href":"https:\/\/graziamagazine.com\/es\/wp-json\/wp\/v2\/categories?post=178313"}],"curies":[{"name":"wp","href":"https:\/\/api.w.org\/{rel}","templated":true}]}}