{"id":178306,"date":"2024-08-22T09:00:24","date_gmt":"2024-08-22T07:00:24","guid":{"rendered":"https:\/\/graziamagazine.com\/es\/?post_type=articles&#038;p=178306"},"modified":"2024-08-21T23:07:51","modified_gmt":"2024-08-21T21:07:51","slug":"dyson-lanza-su-primera-linea-de-productos-de-styling","status":"publish","type":"articles","link":"https:\/\/graziamagazine.com\/es\/articles\/dyson-lanza-su-primera-linea-de-productos-de-styling\/","title":{"rendered":"Dyson lanza su primera l\u00ednea de productos de styling"},"content":{"rendered":"<p>El verano ya casi llega a su fin y con \u00e9l comienzan a llegar las novedades de cara a la rentr\u00e9e. Uno de los \u00faltimos lanzamientos y novedades es la nueva l\u00ednea de peinado de Dyson, la firma se adentra por primera vez en la cosm\u00e9tica capilar y lanza <strong><span class=\"mark573k77v1c\" data-markjs=\"true\" data-ogac=\"\" data-ogab=\"\" data-ogsc=\"\" data-ogsb=\"\">Dyson<\/span> Chitosan\u2122<\/strong>, dise\u00f1ada y pensada para usar con las herramientas de peinado de la marca y elevar el acabado final.<\/p>\n<p>Enriquecida con chitosan, una compleja macromol\u00e9cula derivada de la seta ostra y dise\u00f1ada con la tecnolog\u00eda <span class=\"mark573k77v1c\" data-markjs=\"true\" data-ogac=\"\" data-ogab=\"\" data-ogsc=\"\" data-ogsb=\"\">Dyson<\/span>\u00a0Triodetic\u2122, esta l\u00ednea es el resultado de m\u00e1s de una d\u00e9cada de estudio sobre la salud capilar. El paso a las formulaciones representa una nueva frontera para\u00a0<span class=\"mark573k77v1c\" data-markjs=\"true\" data-ogac=\"\" data-ogab=\"\" data-ogsc=\"\" data-ogsb=\"\">Dyson<\/span>, que se adentra en la investigaci\u00f3n de ingredientes y ha conseguido\u00a0una\u00a0<strong>fijaci\u00f3n flexible que se mantiene durante todo el d\u00eda<\/strong>, con movimiento y brillo, sin apelmazar, gracias al chitosan, una macromol\u00e9cula compleja que se encuentra en las paredes celulares del hongo, delicada pero fuerte y que proporciona la base de la sujeci\u00f3n flexible de <span class=\"mark573k77v1c\" data-markjs=\"true\" data-ogac=\"\" data-ogab=\"\" data-ogsc=\"\" data-ogsb=\"\">Dyson<\/span>.<\/p>\n<p>\u201c<em>A diferencia de otros productos de peinado que utilizan pol\u00edmeros simples que funcionan como pegamento para unir los mechones de cabello, las f\u00f3rmulas de\u00a0<span class=\"mark573k77v1c\" data-markjs=\"true\" data-ogac=\"\" data-ogab=\"\" data-ogsc=\"\" data-ogsb=\"\">Dyson<\/span>\u00a0se distinguen por su enfoque diferente. Al incluir chitosan, una macromol\u00e9cula compleja, en sus f\u00f3rmulas,\u00a0<span class=\"mark573k77v1c\" data-markjs=\"true\" data-ogac=\"\" data-ogab=\"\" data-ogsc=\"\" data-ogsb=\"\">Dyson<\/span>\u00a0facilita la formaci\u00f3n de uniones flexibles que sujetan cada mech\u00f3n de manera individual, duplicando la fijaci\u00f3n sin comprometer el movimiento y el brillo del cabello<\/em>\u201d, afirma\u00a0<strong>James\u00a0<span class=\"mark573k77v1c\" data-markjs=\"true\" data-ogac=\"\" data-ogab=\"\" data-ogsc=\"\" data-ogsb=\"\">Dyson<\/span>, Fundador e Ingeniero Jefe.<\/strong><\/p>\n        <blockquote class=\"instagram-media \" style=\"background: #ffffff;border: 0;margin: 1px;width: 100%;padding: 0;\"  data-instgrm-permalink=\"https:\/\/www.instagram.com\/p\/C-sR6_2sitb\/\" data-instgrm-version=\"14\"><\/blockquote>\n<h3>Los productos de la nueva l\u00ednea de styling<\/h3>\n<p><strong>Crema de peinado<\/strong><\/p>\n<p>Ideal para <strong>preparar, fijar y acondicionar<\/strong> el cabello, se\u00a0transforma de una crema a un s\u00e9rum ligero al trabajar la f\u00f3rmula en las manos para una aplicaci\u00f3n uniforme, proporcionando una fijaci\u00f3n duradera y manejable con una sensaci\u00f3n natural.<\/p>\n<p><img loading=\"lazy\" decoding=\"async\" class=\"aligncenter size-full wp-image-178354\" src=\"https:\/\/graziamagazine.com\/es\/wp-content\/uploads\/sites\/12\/2024\/08\/ffc385f7-4287-477d-f66c-d452b1a70f7e-e1724237366957.jpg\" alt=\"\" width=\"1688\" height=\"864\" srcset=\"https:\/\/graziamagazine.com\/es\/wp-content\/uploads\/sites\/12\/2024\/08\/ffc385f7-4287-477d-f66c-d452b1a70f7e-e1724237366957.jpg 1688w, https:\/\/graziamagazine.com\/es\/wp-content\/uploads\/sites\/12\/2024\/08\/ffc385f7-4287-477d-f66c-d452b1a70f7e-e1724237366957-300x154.jpg 300w, https:\/\/graziamagazine.com\/es\/wp-content\/uploads\/sites\/12\/2024\/08\/ffc385f7-4287-477d-f66c-d452b1a70f7e-e1724237366957-1024x524.jpg 1024w, https:\/\/graziamagazine.com\/es\/wp-content\/uploads\/sites\/12\/2024\/08\/ffc385f7-4287-477d-f66c-d452b1a70f7e-e1724237366957-768x393.jpg 768w, https:\/\/graziamagazine.com\/es\/wp-content\/uploads\/sites\/12\/2024\/08\/ffc385f7-4287-477d-f66c-d452b1a70f7e-e1724237366957-1536x786.jpg 1536w, https:\/\/graziamagazine.com\/es\/wp-content\/uploads\/sites\/12\/2024\/08\/ffc385f7-4287-477d-f66c-d452b1a70f7e-e1724237366957-400x205.jpg 400w, https:\/\/graziamagazine.com\/es\/wp-content\/uploads\/sites\/12\/2024\/08\/ffc385f7-4287-477d-f66c-d452b1a70f7e-e1724237366957-155x79.jpg 155w\" sizes=\"(max-width: 1688px) 100vw, 1688px\" \/><\/p>\n<p>La crema de peinado se divide en cuatros productos, adaptados a los cabellos lisos, onculados, rizados y muy rizados y ofrece tanto un acondicionamiento ligero como m\u00e1s intenso, adapt\u00e1ndose a todas las necesidades. Sus siliconas y aceites de alto rendimiento mezclados con precisi\u00f3n a\u00f1aden suavidad y mantienen el brillo, y consigue hasta un 50% menos de\u00a0encrespamiento.<\/p>\n<p><strong>S\u00e9rum<\/strong><\/p>\n<p>Pensada para fijar, hidratar y definir, est\u00e1 formulado para todo tipo de cabello, con una fijaci\u00f3n suave y flexible e hidrataci\u00f3n que define los estilos finales hasta por 12 horas.<\/p>\n<p><img loading=\"lazy\" decoding=\"async\" class=\"aligncenter wp-image-178356 size-full\" src=\"https:\/\/graziamagazine.com\/es\/wp-content\/uploads\/sites\/12\/2024\/08\/Captura-de-pantalla-2024-08-21-a-las-12.50.09-copia-e1724237466812.jpg\" alt=\"\" width=\"500\" height=\"853\" \/><\/p>\n<p><strong>Dosificaci\u00f3n precisa. Productos recargables.<\/strong><\/p>\n<p>La investigaci\u00f3n y el desarrollo de\u00a0<span class=\"mark573k77v1c\" data-markjs=\"true\" data-ogac=\"\" data-ogab=\"\" data-ogsc=\"\" data-ogsb=\"\">Dyson<\/span>\u00a0no se han detenido en las f\u00f3rmulas.\u00a0 Al explorar posibles formas de dosificar el producto, los ingenieros detectaron problemas con las soluciones existentes, como los tubos o los tarros, y decidieron dise\u00f1ar un sistema propio para resolverlos.<\/p>\n<p>El aplicador de precisi\u00f3n dise\u00f1ado por\u00a0<span class=\"mark573k77v1c\" data-markjs=\"true\" data-ogac=\"\" data-ogab=\"\" data-ogsc=\"\" data-ogsb=\"\">Dyson<\/span>\u00a0se ha sometido a rigurosas pruebas para suministrar la misma cantidad, pulsaci\u00f3n tras pulsaci\u00f3n. Cada vez que se aplica,\u00a0<strong>se dispensan 0,22 ml exactos<\/strong>, lo que ayuda a evitar el desperdicio o el uso excesivo del producto. La botella es rellenable y el envase exterior ha sido probado y fabricado para durar. Adem\u00e1s, los recambios pueden reciclarse en casa (consultar las directrices locales).<\/p>\n<p>&nbsp;<\/p>\n<p>La l\u00ednea <strong>Dyson Chitosan<\/strong> estar\u00e1 disponible despu\u00e9s del verano. Tanto la crema de peinado como el s\u00e9rum tendr\u00e1n un precio de <strong>59\u20ac y de 54\u20ac para el recambio<\/strong>,\u00a0y puedes registrarte para ser la primera en tenerla <a href=\"https:\/\/www.dyson.es\/newsletter\" target=\"_blank\">aqu\u00ed.<\/a><\/p>\n<p><em>*Im\u00e1genes: Instagram y cortes\u00eda<\/em><\/p>\n","protected":false},"author":11653,"featured_media":178357,"template":"","format":"standard","categories":[7],"acf":[],"yoast_head":"<!-- This site is optimized with the Yoast SEO Premium plugin v18.5 (Yoast SEO v20.4) - https:\/\/yoast.com\/wordpress\/plugins\/seo\/ -->\n<title>Dyson lanza su primera l\u00ednea de productos de styling<\/title>\n<meta name=\"description\" content=\"La compa\u00f1\u00eda experta en herramientas de peinado da un paso m\u00e1s y lleva la ingenier\u00eda a la belleza con este lanzamiento.\" \/>\n<meta name=\"robots\" content=\"index, follow, max-snippet:-1, max-image-preview:large, max-video-preview:-1\" \/>\n<link rel=\"canonical\" href=\"https:\/\/graziamagazine.com\/es\/articles\/dyson-lanza-su-primera-linea-de-productos-de-styling\/\" \/>\n<meta property=\"og:locale\" content=\"es_ES\" \/>\n<meta property=\"og:type\" content=\"article\" \/>\n<meta property=\"og:title\" content=\"Dyson lanza su primera l\u00ednea de productos de styling\" \/>\n<meta property=\"og:description\" content=\"La compa\u00f1\u00eda experta en herramientas de peinado da un paso m\u00e1s y lleva la ingenier\u00eda a la belleza con este lanzamiento.\" \/>\n<meta property=\"og:url\" content=\"https:\/\/graziamagazine.com\/es\/articles\/dyson-lanza-su-primera-linea-de-productos-de-styling\/\" \/>\n<meta property=\"og:site_name\" content=\"Grazia\" \/>\n<meta property=\"article:modified_time\" content=\"2024-08-21T21:07:51+00:00\" \/>\n<meta property=\"og:image\" content=\"https:\/\/graziamagazine.com\/es\/wp-content\/uploads\/sites\/12\/2024\/08\/modajustcoco-e1724274259892.jpg\" \/>\n\t<meta property=\"og:image:width\" content=\"1415\" \/>\n\t<meta property=\"og:image:height\" content=\"1409\" \/>\n\t<meta property=\"og:image:type\" content=\"image\/jpeg\" \/>\n<meta name=\"twitter:card\" content=\"summary_large_image\" \/>\n<meta name=\"twitter:label1\" content=\"Est. reading time\" \/>\n\t<meta name=\"twitter:data1\" content=\"3 minutos\" \/>\n<script type=\"application\/ld+json\" class=\"yoast-schema-graph\">{\"@context\":\"https:\/\/schema.org\",\"@graph\":[{\"@type\":\"WebPage\",\"@id\":\"https:\/\/graziamagazine.com\/es\/articles\/dyson-lanza-su-primera-linea-de-productos-de-styling\/\",\"url\":\"https:\/\/graziamagazine.com\/es\/articles\/dyson-lanza-su-primera-linea-de-productos-de-styling\/\",\"name\":\"Dyson lanza su primera l\u00ednea de productos de styling\",\"isPartOf\":{\"@id\":\"https:\/\/graziamagazine.com\/es\/#website\"},\"datePublished\":\"2024-08-22T07:00:24+00:00\",\"dateModified\":\"2024-08-21T21:07:51+00:00\",\"description\":\"La compa\u00f1\u00eda experta en herramientas de peinado da un paso m\u00e1s y lleva la ingenier\u00eda a la belleza con este lanzamiento.\",\"breadcrumb\":{\"@id\":\"https:\/\/graziamagazine.com\/es\/articles\/dyson-lanza-su-primera-linea-de-productos-de-styling\/#breadcrumb\"},\"inLanguage\":\"es\",\"potentialAction\":[{\"@type\":\"ReadAction\",\"target\":[\"https:\/\/graziamagazine.com\/es\/articles\/dyson-lanza-su-primera-linea-de-productos-de-styling\/\"]}]},{\"@type\":\"BreadcrumbList\",\"@id\":\"https:\/\/graziamagazine.com\/es\/articles\/dyson-lanza-su-primera-linea-de-productos-de-styling\/#breadcrumb\",\"itemListElement\":[{\"@type\":\"ListItem\",\"position\":1,\"name\":\"Portada\",\"item\":\"https:\/\/graziamagazine.com\/es\/\"},{\"@type\":\"ListItem\",\"position\":2,\"name\":\"Dyson lanza su primera l\u00ednea de productos de styling\"}]},{\"@type\":\"WebSite\",\"@id\":\"https:\/\/graziamagazine.com\/es\/#website\",\"url\":\"https:\/\/graziamagazine.com\/es\/\",\"name\":\"Grazia\",\"description\":\"Moda, belleza, celebrities, estilo de vida...\",\"potentialAction\":[{\"@type\":\"SearchAction\",\"target\":{\"@type\":\"EntryPoint\",\"urlTemplate\":\"https:\/\/graziamagazine.com\/es\/?s={search_term_string}\"},\"query-input\":\"required name=search_term_string\"}],\"inLanguage\":\"es\"}]}<\/script>\n<!-- \/ Yoast SEO Premium plugin. -->","yoast_head_json":{"title":"Dyson lanza su primera l\u00ednea de productos de styling","description":"La compa\u00f1\u00eda experta en herramientas de peinado da un paso m\u00e1s y lleva la ingenier\u00eda a la belleza con este lanzamiento.","robots":{"index":"index","follow":"follow","max-snippet":"max-snippet:-1","max-image-preview":"max-image-preview:large","max-video-preview":"max-video-preview:-1"},"canonical":"https:\/\/graziamagazine.com\/es\/articles\/dyson-lanza-su-primera-linea-de-productos-de-styling\/","og_locale":"es_ES","og_type":"article","og_title":"Dyson lanza su primera l\u00ednea de productos de styling","og_description":"La compa\u00f1\u00eda experta en herramientas de peinado da un paso m\u00e1s y lleva la ingenier\u00eda a la belleza con este lanzamiento.","og_url":"https:\/\/graziamagazine.com\/es\/articles\/dyson-lanza-su-primera-linea-de-productos-de-styling\/","og_site_name":"Grazia","article_modified_time":"2024-08-21T21:07:51+00:00","og_image":[{"width":1415,"height":1409,"url":"https:\/\/graziamagazine.com\/es\/wp-content\/uploads\/sites\/12\/2024\/08\/modajustcoco-e1724274259892.jpg","type":"image\/jpeg"}],"twitter_card":"summary_large_image","twitter_misc":{"Est. reading time":"3 minutos"},"schema":{"@context":"https:\/\/schema.org","@graph":[{"@type":"WebPage","@id":"https:\/\/graziamagazine.com\/es\/articles\/dyson-lanza-su-primera-linea-de-productos-de-styling\/","url":"https:\/\/graziamagazine.com\/es\/articles\/dyson-lanza-su-primera-linea-de-productos-de-styling\/","name":"Dyson lanza su primera l\u00ednea de productos de styling","isPartOf":{"@id":"https:\/\/graziamagazine.com\/es\/#website"},"datePublished":"2024-08-22T07:00:24+00:00","dateModified":"2024-08-21T21:07:51+00:00","description":"La compa\u00f1\u00eda experta en herramientas de peinado da un paso m\u00e1s y lleva la ingenier\u00eda a la belleza con este lanzamiento.","breadcrumb":{"@id":"https:\/\/graziamagazine.com\/es\/articles\/dyson-lanza-su-primera-linea-de-productos-de-styling\/#breadcrumb"},"inLanguage":"es","potentialAction":[{"@type":"ReadAction","target":["https:\/\/graziamagazine.com\/es\/articles\/dyson-lanza-su-primera-linea-de-productos-de-styling\/"]}]},{"@type":"BreadcrumbList","@id":"https:\/\/graziamagazine.com\/es\/articles\/dyson-lanza-su-primera-linea-de-productos-de-styling\/#breadcrumb","itemListElement":[{"@type":"ListItem","position":1,"name":"Portada","item":"https:\/\/graziamagazine.com\/es\/"},{"@type":"ListItem","position":2,"name":"Dyson lanza su primera l\u00ednea de productos de styling"}]},{"@type":"WebSite","@id":"https:\/\/graziamagazine.com\/es\/#website","url":"https:\/\/graziamagazine.com\/es\/","name":"Grazia","description":"Moda, belleza, celebrities, estilo de vida...","potentialAction":[{"@type":"SearchAction","target":{"@type":"EntryPoint","urlTemplate":"https:\/\/graziamagazine.com\/es\/?s={search_term_string}"},"query-input":"required name=search_term_string"}],"inLanguage":"es"}]}},"jetpack_sharing_enabled":true,"distributor_meta":false,"distributor_terms":false,"distributor_media":false,"distributor_original_site_name":"Grazia","distributor_original_site_url":"https:\/\/graziamagazine.com\/es","push-errors":false,"_links":{"self":[{"href":"https:\/\/graziamagazine.com\/es\/wp-json\/wp\/v2\/articles\/178306"}],"collection":[{"href":"https:\/\/graziamagazine.com\/es\/wp-json\/wp\/v2\/articles"}],"about":[{"href":"https:\/\/graziamagazine.com\/es\/wp-json\/wp\/v2\/types\/articles"}],"author":[{"embeddable":true,"href":"https:\/\/graziamagazine.com\/es\/wp-json\/wp\/v2\/users\/11653"}],"wp:featuredmedia":[{"embeddable":true,"href":"https:\/\/graziamagazine.com\/es\/wp-json\/wp\/v2\/media\/178357"}],"wp:attachment":[{"href":"https:\/\/graziamagazine.com\/es\/wp-json\/wp\/v2\/media?parent=178306"}],"wp:term":[{"taxonomy":"category","embeddable":true,"href":"https:\/\/graziamagazine.com\/es\/wp-json\/wp\/v2\/categories?post=178306"}],"curies":[{"name":"wp","href":"https:\/\/api.w.org\/{rel}","templated":true}]}}