{"id":178267,"date":"2024-08-14T09:00:04","date_gmt":"2024-08-14T07:00:04","guid":{"rendered":"https:\/\/graziamagazine.com\/es\/?post_type=articles&#038;p=178267"},"modified":"2024-08-14T02:07:54","modified_gmt":"2024-08-14T00:07:54","slug":"10-mitos-que-no-conocias-de-los-antioxidantes-y-el-verano","status":"publish","type":"articles","link":"https:\/\/graziamagazine.com\/es\/articles\/10-mitos-que-no-conocias-de-los-antioxidantes-y-el-verano\/","title":{"rendered":"10 mitos que no conoc\u00edas de los antioxidantes y el verano"},"content":{"rendered":"<p>Todas las\u00a0<strong>c\u00e9lulas<\/strong>\u00a0de nuestro cuerpo\u00a0<strong>necesitan respirar<\/strong>\u00a0para vivir, pero esta acci\u00f3n trae consigo la oxidaci\u00f3n y, por lo tanto, el envejecimiento celular. Hoy en d\u00eda es com\u00fan intentar evitar que las c\u00e9lulas se\u00a0<strong>oxiden<\/strong>, se da\u00f1en y envejezcan\u00a0<strong>aplic\u00e1ndonos antioxidantes<\/strong>, porque no hay\u00a0<strong>mejor tratamiento antiedad que la prevenci\u00f3n.\u00a0<\/strong>Los\u00a0<strong>antioxidantes evitan\u00a0<\/strong>el da\u00f1o cut\u00e1neo protegi\u00e9ndonos de las\u00a0<strong>agresiones externas<\/strong>\u00a0que provocan el fotoenvejecimiento y\u00a0<strong>captando y neutralizando los radicales libres<\/strong>\u00a0que aparecen por la contaminaci\u00f3n, el sol, el humo del tabaco o los procesos metab\u00f3licos que producen el da\u00f1o celular. Adem\u00e1s,\u00a0<strong>unifican el tono de la piel y aportan luminosidad<\/strong>, disminuyendo\u00a0la hiperpigmentaci\u00f3n y evitando la aparici\u00f3n de manchas.<\/p>\n<p>Sin embargo, hay\u00a0<strong>varios mitos en torno a los antioxidantes<\/strong> que te vamos a despejar.<\/p>\n<h3><strong>Los antioxidantes como la vitamina C solo se encuentran en las frutas naranjas:<\/strong>\u00a0<strong>Falso<\/strong><\/h3>\n<p>Todos conocemos la Vitamina C como el principal antioxidante y la naranja como fuente de Vitamina C. Sin embargo, existen otros alimentos con mayor cantidad de vitamina C, como el br\u00f3coli, las espinacas, las fresas, los kiwis, el pimiento rojo, la pi\u00f1a o incluso las algas tienen una capacidad antioxidante por encima del 15%. Adem\u00e1s, hay una fruta australiana que puede contener hasta 100 veces m\u00e1s vitamina C que una naranja y 5 veces m\u00e1s antioxidantes que en los ar\u00e1ndanos: la ciruela de Kakadu.<\/p>\n<h3><strong>La vitamina C es hidrosoluble y le cuesta penetrar en la piel:<\/strong>\u00a0<strong>Verdadero<\/strong><\/h3>\n<p>Por ello en cosm\u00e9tica se utilizan veh\u00edculos como los aceites, los derivados de sales o la encapsulaci\u00f3n de la vitamina.<\/p>\n<h3><strong>Los antioxidantes no son buenos para pieles sensibles<\/strong>:\u00a0<strong>Falso<\/strong><\/h3>\n<p>Algunos cosm\u00e9ticos consiguen mantener los antioxidantes estables y en concentraciones que todo tipo de pieles pueden asimilar.<\/p>\n<h3><strong>Son la mejor forma de frenar el envejecimiento: <\/strong><strong>Verdadero<\/strong><\/h3>\n<p>Siempre que est\u00e9n combinados con otros componentes que interfieran positivamente.<\/p>\n<h3><strong>Las vitaminas pierden sus propiedades en contacto con el aire:<\/strong>\u00a0<strong>Falso<\/strong>,<\/h3>\n<p>La vitamina C se conserva perfectamente en el zumo durante varias horas, incluso hasta 12 seg\u00fan algunos estudios. Aunque el cosm\u00e9tico cambie ligeramente de color, se puede seguir utilizando.<\/p>\n<h3><strong>Las antioxidantes no se pueden mezclar entre s\u00ed:<\/strong>\u00a0<strong>Falso<\/strong><\/h3>\n<p>Depende del tipo de antioxidante y de su compatibilidad. GERMINAL<sup>\u00ae\u00a0<\/sup>ha conseguido incluir 4 ultra-antioxidantes en su formulaci\u00f3n:\u00a0Redotioxil<sup>\u00ae<\/sup>, extracto de ciruela de Kakad\u00fa, Nanochloropsis Occulata y Vitamina E.<\/p>\n<h3><strong>Pueden ocasionar manchas en la piel:<\/strong>\u00a0<strong>Falso<\/strong><\/h3>\n<p>No producen hiperpigmentaci\u00f3n, de hecho, en una concentraci\u00f3n entre el 5 y el 15% tienen un efecto despigmentante para mejorar el tono e iluminar la piel.<\/p>\n<h3><strong>Es necesario usar un antioxidante tambi\u00e9n por la noche:<\/strong>\u00a0<strong>Verdadero<\/strong><\/h3>\n<p>Se trata de cosm\u00e9tica integrada. Se usa por la noche para potenciar los efectos del antioxidante de d\u00eda por efecto acumulativo. Ya que, aunque el da\u00f1o oxidativo se produzca por el d\u00eda, se necesita reparar la cascada de da\u00f1o celular por la noche.<\/p>\n<h3><strong>No se pueden usar en verano:<\/strong>\u00a0<strong>Falso<\/strong><\/h3>\n<p>Se pueden y deben usar, ya que en verano el sol produce muchos radicales libres y estr\u00e9s oxidativo. Sin embargo, es obligatorio usar protecci\u00f3n solar alta despu\u00e9s. Los antioxidantes junto con la protecci\u00f3n solar son el combo perfecto para una piel sana.<\/p>\n<h3><strong>El antioxidante es lo primero que debe tocar la piel:<\/strong>\u00a0<strong>Verdadero<\/strong><\/h3>\n<p>Hay que aplicarlo despu\u00e9s de la limpieza y es lo primero que tiene que tocar nuestra piel, porque as\u00ed ya vamos protegidos frente a ese da\u00f1o ambiental exterior que hacen que envejezcamos m\u00e1s r\u00e1pido.<\/p>\n<p>En el mercado existe una amplia variedad de productos que previenen la oxidaci\u00f3n celular, pero\u00a0\u00bfsab\u00edas que ahora es posible combinar el efecto antioxidante con el efecto\u00a0<em>lifting<\/em> progresivo? Para ello\u00a0GERMINAL<sup>\u00ae<\/sup>\u00a0lanza su\u00a0ULTRA ANTIOXIDANT [4] LIFT SERUM\u00a0en versiones D\u00cdA y NOCHE. Gracias a la biotecnolog\u00eda y a su combinaci\u00f3n de ingredientes, entre los que destacan\u00a04 antioxidantes\u00a0(como el\u00a0Redotioxil<sup>\u00ae<\/sup>) y una estudiada combinaci\u00f3n de p\u00e9ptidos, consigue dos ansiadas funciones: doble efecto antioxidante de prevenci\u00f3n y ataque disminuyendo las manchas y las arrugas y por otro lado una acci\u00f3n antiedad progresiva que suaviza las arrugas.<\/p>\n<p><img loading=\"lazy\" decoding=\"async\" class=\"aligncenter wp-image-178271 size-full\" src=\"https:\/\/graziamagazine.com\/es\/wp-content\/uploads\/sites\/12\/2024\/08\/RADIANCE-anti-age-lifting-serum-DI\u0301A-scaled-e1723593751147.jpg\" alt=\"\" width=\"2461\" height=\"1868\" srcset=\"https:\/\/graziamagazine.com\/es\/wp-content\/uploads\/sites\/12\/2024\/08\/RADIANCE-anti-age-lifting-serum-DI\u0301A-scaled-e1723593751147.jpg 2461w, https:\/\/graziamagazine.com\/es\/wp-content\/uploads\/sites\/12\/2024\/08\/RADIANCE-anti-age-lifting-serum-DI\u0301A-scaled-e1723593751147-300x228.jpg 300w, https:\/\/graziamagazine.com\/es\/wp-content\/uploads\/sites\/12\/2024\/08\/RADIANCE-anti-age-lifting-serum-DI\u0301A-scaled-e1723593751147-1024x777.jpg 1024w, https:\/\/graziamagazine.com\/es\/wp-content\/uploads\/sites\/12\/2024\/08\/RADIANCE-anti-age-lifting-serum-DI\u0301A-scaled-e1723593751147-768x583.jpg 768w, https:\/\/graziamagazine.com\/es\/wp-content\/uploads\/sites\/12\/2024\/08\/RADIANCE-anti-age-lifting-serum-DI\u0301A-scaled-e1723593751147-1536x1166.jpg 1536w, https:\/\/graziamagazine.com\/es\/wp-content\/uploads\/sites\/12\/2024\/08\/RADIANCE-anti-age-lifting-serum-DI\u0301A-scaled-e1723593751147-2048x1555.jpg 2048w, https:\/\/graziamagazine.com\/es\/wp-content\/uploads\/sites\/12\/2024\/08\/RADIANCE-anti-age-lifting-serum-DI\u0301A-scaled-e1723593751147-400x304.jpg 400w, https:\/\/graziamagazine.com\/es\/wp-content\/uploads\/sites\/12\/2024\/08\/RADIANCE-anti-age-lifting-serum-DI\u0301A-scaled-e1723593751147-155x118.jpg 155w\" sizes=\"(max-width: 2461px) 100vw, 2461px\" \/><\/p>\n<p>Ultra Antioxidant [4] Lift Day Serum:\u00a055\u20ac 30ml.<\/p>\n<p>Es ideal para todo tipo de pieles a partir de los\u00a0<strong>35 a\u00f1os<\/strong>\u00a0que deseen prevenir el envejecimiento prematuro de la piel producido por los radicales libres (radiaci\u00f3n solar, poluci\u00f3n\u2026), corregir las manchas y aportar firmeza y luminosidad a diario. El s\u00e9rum de d\u00eda, adem\u00e1s, tiene\u00a0<strong>SPF 30 y un escudo antipoluci\u00f3n\u00a0<\/strong>que previene y ataca a los radicales libres. Mientras que\u00a0<strong>el de noche potencia los efectos del de d\u00eda<\/strong>, sobre todo el\u00a0<strong>mecanismo BOTOX LIKE<\/strong>, que produce la reducci\u00f3n de las arrugas de expresi\u00f3n.<\/p>\n<p><img loading=\"lazy\" decoding=\"async\" class=\"aligncenter size-full wp-image-178272\" src=\"https:\/\/graziamagazine.com\/es\/wp-content\/uploads\/sites\/12\/2024\/08\/RADIANCE-anti-age-lifting-serum-NOCHE-scaled-e1723593781326.jpg\" alt=\"\" width=\"2474\" height=\"1813\" srcset=\"https:\/\/graziamagazine.com\/es\/wp-content\/uploads\/sites\/12\/2024\/08\/RADIANCE-anti-age-lifting-serum-NOCHE-scaled-e1723593781326.jpg 2474w, https:\/\/graziamagazine.com\/es\/wp-content\/uploads\/sites\/12\/2024\/08\/RADIANCE-anti-age-lifting-serum-NOCHE-scaled-e1723593781326-300x220.jpg 300w, https:\/\/graziamagazine.com\/es\/wp-content\/uploads\/sites\/12\/2024\/08\/RADIANCE-anti-age-lifting-serum-NOCHE-scaled-e1723593781326-1024x750.jpg 1024w, https:\/\/graziamagazine.com\/es\/wp-content\/uploads\/sites\/12\/2024\/08\/RADIANCE-anti-age-lifting-serum-NOCHE-scaled-e1723593781326-768x563.jpg 768w, https:\/\/graziamagazine.com\/es\/wp-content\/uploads\/sites\/12\/2024\/08\/RADIANCE-anti-age-lifting-serum-NOCHE-scaled-e1723593781326-1536x1126.jpg 1536w, https:\/\/graziamagazine.com\/es\/wp-content\/uploads\/sites\/12\/2024\/08\/RADIANCE-anti-age-lifting-serum-NOCHE-scaled-e1723593781326-2048x1501.jpg 2048w, https:\/\/graziamagazine.com\/es\/wp-content\/uploads\/sites\/12\/2024\/08\/RADIANCE-anti-age-lifting-serum-NOCHE-scaled-e1723593781326-400x293.jpg 400w, https:\/\/graziamagazine.com\/es\/wp-content\/uploads\/sites\/12\/2024\/08\/RADIANCE-anti-age-lifting-serum-NOCHE-scaled-e1723593781326-155x114.jpg 155w\" sizes=\"(max-width: 2474px) 100vw, 2474px\" \/><\/p>\n<p>Ultra Antioxidant [4] Lift Night Serum: 55\u20ac 30ml.<\/p>\n<p>Modo de uso: aplicar a diario, con el rostro limpio y seco. Aplicar con peque\u00f1os toquecitos en rostro, cuello y escote por la ma\u00f1ana o la noche, en funci\u00f3n del tipo de producto. Para conseguir un tratamiento intensivo se recomienda la combinaci\u00f3n de ambos.<strong>\u00a0<\/strong><\/p>\n<p><em>*Im\u00e1genes: Pexels y cortes\u00eda<\/em><\/p>\n","protected":false},"author":11653,"featured_media":178273,"template":"","format":"standard","categories":[7],"acf":[],"yoast_head":"<!-- This site is optimized with the Yoast SEO Premium plugin v18.5 (Yoast SEO v20.4) - https:\/\/yoast.com\/wordpress\/plugins\/seo\/ -->\n<title>10 mitos que no conoc\u00edas de los antioxidantes y el verano | Grazia<\/title>\n<meta name=\"description\" content=\"Todas las\u00a0c\u00e9lulas\u00a0de nuestro cuerpo\u00a0necesitan respirar\u00a0para vivir, pero esta acci\u00f3n trae consigo la oxidaci\u00f3n y, por lo tanto, el envejecimiento celular.\" \/>\n<meta name=\"robots\" content=\"index, follow, max-snippet:-1, max-image-preview:large, max-video-preview:-1\" \/>\n<link rel=\"canonical\" href=\"https:\/\/graziamagazine.com\/es\/articles\/10-mitos-que-no-conocias-de-los-antioxidantes-y-el-verano\/\" \/>\n<meta property=\"og:locale\" content=\"es_ES\" \/>\n<meta property=\"og:type\" content=\"article\" \/>\n<meta property=\"og:title\" content=\"10 mitos que no conoc\u00edas de los antioxidantes y el verano\" \/>\n<meta property=\"og:description\" content=\"Todas las\u00a0c\u00e9lulas\u00a0de nuestro cuerpo\u00a0necesitan respirar\u00a0para vivir, pero esta acci\u00f3n trae consigo la oxidaci\u00f3n y, por lo tanto, el envejecimiento celular.\" \/>\n<meta property=\"og:url\" content=\"https:\/\/graziamagazine.com\/es\/articles\/10-mitos-que-no-conocias-de-los-antioxidantes-y-el-verano\/\" \/>\n<meta property=\"og:site_name\" content=\"Grazia\" \/>\n<meta property=\"article:modified_time\" content=\"2024-08-14T00:07:54+00:00\" \/>\n<meta property=\"og:image\" content=\"https:\/\/graziamagazine.com\/es\/wp-content\/uploads\/sites\/12\/2024\/08\/pexels-wesleydavi-25946904-e1723593704476.jpg\" \/>\n\t<meta property=\"og:image:width\" content=\"1242\" \/>\n\t<meta property=\"og:image:height\" content=\"1226\" \/>\n\t<meta property=\"og:image:type\" content=\"image\/jpeg\" \/>\n<meta name=\"twitter:card\" content=\"summary_large_image\" \/>\n<meta name=\"twitter:label1\" content=\"Est. reading time\" \/>\n\t<meta name=\"twitter:data1\" content=\"5 minutos\" \/>\n<script type=\"application\/ld+json\" class=\"yoast-schema-graph\">{\"@context\":\"https:\/\/schema.org\",\"@graph\":[{\"@type\":\"WebPage\",\"@id\":\"https:\/\/graziamagazine.com\/es\/articles\/10-mitos-que-no-conocias-de-los-antioxidantes-y-el-verano\/\",\"url\":\"https:\/\/graziamagazine.com\/es\/articles\/10-mitos-que-no-conocias-de-los-antioxidantes-y-el-verano\/\",\"name\":\"10 mitos que no conoc\u00edas de los antioxidantes y el verano | Grazia\",\"isPartOf\":{\"@id\":\"https:\/\/graziamagazine.com\/es\/#website\"},\"datePublished\":\"2024-08-14T07:00:04+00:00\",\"dateModified\":\"2024-08-14T00:07:54+00:00\",\"description\":\"Todas las\u00a0c\u00e9lulas\u00a0de nuestro cuerpo\u00a0necesitan respirar\u00a0para vivir, pero esta acci\u00f3n trae consigo la oxidaci\u00f3n y, por lo tanto, el envejecimiento celular.\",\"breadcrumb\":{\"@id\":\"https:\/\/graziamagazine.com\/es\/articles\/10-mitos-que-no-conocias-de-los-antioxidantes-y-el-verano\/#breadcrumb\"},\"inLanguage\":\"es\",\"potentialAction\":[{\"@type\":\"ReadAction\",\"target\":[\"https:\/\/graziamagazine.com\/es\/articles\/10-mitos-que-no-conocias-de-los-antioxidantes-y-el-verano\/\"]}]},{\"@type\":\"BreadcrumbList\",\"@id\":\"https:\/\/graziamagazine.com\/es\/articles\/10-mitos-que-no-conocias-de-los-antioxidantes-y-el-verano\/#breadcrumb\",\"itemListElement\":[{\"@type\":\"ListItem\",\"position\":1,\"name\":\"Portada\",\"item\":\"https:\/\/graziamagazine.com\/es\/\"},{\"@type\":\"ListItem\",\"position\":2,\"name\":\"10 mitos que no conoc\u00edas de los antioxidantes y el verano\"}]},{\"@type\":\"WebSite\",\"@id\":\"https:\/\/graziamagazine.com\/es\/#website\",\"url\":\"https:\/\/graziamagazine.com\/es\/\",\"name\":\"Grazia\",\"description\":\"Moda, belleza, celebrities, estilo de vida...\",\"potentialAction\":[{\"@type\":\"SearchAction\",\"target\":{\"@type\":\"EntryPoint\",\"urlTemplate\":\"https:\/\/graziamagazine.com\/es\/?s={search_term_string}\"},\"query-input\":\"required name=search_term_string\"}],\"inLanguage\":\"es\"}]}<\/script>\n<!-- \/ Yoast SEO Premium plugin. -->","yoast_head_json":{"title":"10 mitos que no conoc\u00edas de los antioxidantes y el verano | Grazia","description":"Todas las\u00a0c\u00e9lulas\u00a0de nuestro cuerpo\u00a0necesitan respirar\u00a0para vivir, pero esta acci\u00f3n trae consigo la oxidaci\u00f3n y, por lo tanto, el envejecimiento celular.","robots":{"index":"index","follow":"follow","max-snippet":"max-snippet:-1","max-image-preview":"max-image-preview:large","max-video-preview":"max-video-preview:-1"},"canonical":"https:\/\/graziamagazine.com\/es\/articles\/10-mitos-que-no-conocias-de-los-antioxidantes-y-el-verano\/","og_locale":"es_ES","og_type":"article","og_title":"10 mitos que no conoc\u00edas de los antioxidantes y el verano","og_description":"Todas las\u00a0c\u00e9lulas\u00a0de nuestro cuerpo\u00a0necesitan respirar\u00a0para vivir, pero esta acci\u00f3n trae consigo la oxidaci\u00f3n y, por lo tanto, el envejecimiento celular.","og_url":"https:\/\/graziamagazine.com\/es\/articles\/10-mitos-que-no-conocias-de-los-antioxidantes-y-el-verano\/","og_site_name":"Grazia","article_modified_time":"2024-08-14T00:07:54+00:00","og_image":[{"width":1242,"height":1226,"url":"https:\/\/graziamagazine.com\/es\/wp-content\/uploads\/sites\/12\/2024\/08\/pexels-wesleydavi-25946904-e1723593704476.jpg","type":"image\/jpeg"}],"twitter_card":"summary_large_image","twitter_misc":{"Est. reading time":"5 minutos"},"schema":{"@context":"https:\/\/schema.org","@graph":[{"@type":"WebPage","@id":"https:\/\/graziamagazine.com\/es\/articles\/10-mitos-que-no-conocias-de-los-antioxidantes-y-el-verano\/","url":"https:\/\/graziamagazine.com\/es\/articles\/10-mitos-que-no-conocias-de-los-antioxidantes-y-el-verano\/","name":"10 mitos que no conoc\u00edas de los antioxidantes y el verano | Grazia","isPartOf":{"@id":"https:\/\/graziamagazine.com\/es\/#website"},"datePublished":"2024-08-14T07:00:04+00:00","dateModified":"2024-08-14T00:07:54+00:00","description":"Todas las\u00a0c\u00e9lulas\u00a0de nuestro cuerpo\u00a0necesitan respirar\u00a0para vivir, pero esta acci\u00f3n trae consigo la oxidaci\u00f3n y, por lo tanto, el envejecimiento celular.","breadcrumb":{"@id":"https:\/\/graziamagazine.com\/es\/articles\/10-mitos-que-no-conocias-de-los-antioxidantes-y-el-verano\/#breadcrumb"},"inLanguage":"es","potentialAction":[{"@type":"ReadAction","target":["https:\/\/graziamagazine.com\/es\/articles\/10-mitos-que-no-conocias-de-los-antioxidantes-y-el-verano\/"]}]},{"@type":"BreadcrumbList","@id":"https:\/\/graziamagazine.com\/es\/articles\/10-mitos-que-no-conocias-de-los-antioxidantes-y-el-verano\/#breadcrumb","itemListElement":[{"@type":"ListItem","position":1,"name":"Portada","item":"https:\/\/graziamagazine.com\/es\/"},{"@type":"ListItem","position":2,"name":"10 mitos que no conoc\u00edas de los antioxidantes y el verano"}]},{"@type":"WebSite","@id":"https:\/\/graziamagazine.com\/es\/#website","url":"https:\/\/graziamagazine.com\/es\/","name":"Grazia","description":"Moda, belleza, celebrities, estilo de vida...","potentialAction":[{"@type":"SearchAction","target":{"@type":"EntryPoint","urlTemplate":"https:\/\/graziamagazine.com\/es\/?s={search_term_string}"},"query-input":"required name=search_term_string"}],"inLanguage":"es"}]}},"jetpack_sharing_enabled":true,"distributor_meta":false,"distributor_terms":false,"distributor_media":false,"distributor_original_site_name":"Grazia","distributor_original_site_url":"https:\/\/graziamagazine.com\/es","push-errors":false,"_links":{"self":[{"href":"https:\/\/graziamagazine.com\/es\/wp-json\/wp\/v2\/articles\/178267"}],"collection":[{"href":"https:\/\/graziamagazine.com\/es\/wp-json\/wp\/v2\/articles"}],"about":[{"href":"https:\/\/graziamagazine.com\/es\/wp-json\/wp\/v2\/types\/articles"}],"author":[{"embeddable":true,"href":"https:\/\/graziamagazine.com\/es\/wp-json\/wp\/v2\/users\/11653"}],"wp:featuredmedia":[{"embeddable":true,"href":"https:\/\/graziamagazine.com\/es\/wp-json\/wp\/v2\/media\/178273"}],"wp:attachment":[{"href":"https:\/\/graziamagazine.com\/es\/wp-json\/wp\/v2\/media?parent=178267"}],"wp:term":[{"taxonomy":"category","embeddable":true,"href":"https:\/\/graziamagazine.com\/es\/wp-json\/wp\/v2\/categories?post=178267"}],"curies":[{"name":"wp","href":"https:\/\/api.w.org\/{rel}","templated":true}]}}