{"id":178218,"date":"2024-08-13T09:00:36","date_gmt":"2024-08-13T07:00:36","guid":{"rendered":"https:\/\/graziamagazine.com\/es\/?post_type=articles&#038;p=178218"},"modified":"2024-08-13T00:56:36","modified_gmt":"2024-08-12T22:56:36","slug":"asi-puedes-revivir-tu-cabello-seco-y-danado-tras-el-verano","status":"publish","type":"articles","link":"https:\/\/graziamagazine.com\/es\/articles\/asi-puedes-revivir-tu-cabello-seco-y-danado-tras-el-verano\/","title":{"rendered":"As\u00ed puedes revivir tu cabello seco y da\u00f1ado tras el verano"},"content":{"rendered":"<div class=\"field field-name-field-quehaydenuevo-teaser field-type-text-long field-label-hidden\">\n<div class=\"field-items\">\n<div class=\"field-item even\">\n<p>Si cuando tocas tu cabello lo notas m\u00e1s \u00e1spero o has notado que se rompe con m\u00e1s facilidad, \u00a1que no cunda el p\u00e1nico! No eres ni a la primera ni a la \u00faltima persona que le ocurre esto. Y es que, aunque el verano es maravilloso por la cantidad de experiencias que nos invita a vivir, el buen tiempo y los d\u00edas m\u00e1s largos, lo cierto es que, para la salud capilar, no es la mejor temporada del a\u00f1o.<\/p>\n<\/div>\n<\/div>\n<\/div>\n<div class=\"field field-name-field-foto-principal field-type-image field-label-hidden\">\n<div class=\"field-items\">\n<p>Pero \u00a1keep calm! Antes de que se te ocurra pedir cita en tu centro de belleza para darle un buen corte a tu cabello, desde la\u00a0<strong>firma de Champ\u00fa en Seco\u00a0<a href=\"https:\/\/www.batistehair.es\/\" target=\"_blank\">Batiste<\/a>,<\/strong>\u00a0expertos en cuidado capilar, queremos compartir contigo unos consejos que te ayudar\u00e1n a revivir tu melena y mantenerla fuerte y sana.<\/p>\n<h3><strong>consejos para revivir tu cabello tras el verano<\/strong><\/h3>\n<p>Cuando se tiene el cabello da\u00f1ado, se sabe por m\u00faltiples factores: no brilla igual, se rompe, se encrespa con mayor facilidad\u2026 Y un largo etc\u00e9tera. Desde Batiste te compartimos algunas soluciones para devolverle su vitalidad:<\/p>\n<p><strong>Corta las puntas regularmente: <\/strong>No tienes que cortar dr\u00e1sticamente tu cabello para sanearlo. Tan solo el hecho de\u00a0\u00a0cortar las puntas abiertas y da\u00f1adas te ayudar\u00e1 a prevenir que el da\u00f1o se extienda y promover\u00e1 un crecimiento m\u00e1s saludable del cabello.<\/p>\n<p><strong>Dale un plus de vitalidad a trav\u00e9s de un tratamiento intensivo: <\/strong>Aunque para evitar que el cabello se da\u00f1e de forma excesiva, durante el verano, es beneficioso mantenerlo hidratado a trav\u00e9s de productos espec\u00edficos, no siempre tenemos el tiempo necesario para ello. Por eso,podr\u00edas aprovechar al volver de vacaciones y regresar a la calma para aplicarte una mascarilla capilar y hacerte un tratamiento hidratante una o dos veces por semana. Te ayudar\u00e1n a nutrir en profundidad tu cabello y a fortalecerlo desde dentro.<\/p>\n<p><strong>Considera la posibilidad de integrar nutricosm\u00e9ticos: <\/strong>En ocasiones, esta p\u00e9rdida de volumen capilar y de rotura puede deberse a que algo en nuestro interior no funciona como es debido o existe alguna carencia nutricional. En estos casos, existen m\u00faltiples opciones de suplementos que incluyen biotina, minerales esenciales, calcio o vitaminas que pueden contribuir positivamente a que se reconstruya y que crezca con m\u00e1s fuerza. Sin embargo, siempre ser\u00e1 necesario consultar con un profesional de la salud para saber qu\u00e9 ocurre realmente.<\/p>\n<p><strong>Evita el uso de herramientas de calor: <\/strong>Aunque las planchas de pelo, los secadores o rizadores pueden da\u00f1ar la queratina del cabello en cualquier momento del a\u00f1o, en verano estas herramientas son doblemente perjudiciales. Y es que, a los da\u00f1os causados por los rayos solares se une la deshidrataci\u00f3n que provocan estas herramientas t\u00e9rmicas. Nuestro consejo es que las evites todo lo posible y en caso de ser esenciales en tu look, no te olvides de aplicarte un protector t\u00e9rmico que minimice los da\u00f1os.<\/p>\n<p><strong>Protege tu cabello de los rayos UVA: <\/strong>Unido al anterior consejo, ser\u00e1 muy beneficioso que siempre que salgas y te vayas a exponer al sol, valores la opci\u00f3n de cubrir tu cabello, tanto con un sombrero como con un pa\u00f1uelo para protegerlo de los da\u00f1inos rayos UV.<\/p>\n<p><strong>Usa un champ\u00fa en seco: <\/strong>El proceso de lavado y posterior secado del cabello pueden empeorar su calidad. En estos casos, para evitarlo, puedes probar a espaciar lo m\u00e1ximo posible cada lavado para no tener que exponerlo a herramientas de calor. \u00bfC\u00f3mo? Utilizando Champ\u00fa en Seco Batiste, n\u00ba1 en Espa\u00f1a, que, adem\u00e1s de contar con una f\u00f3rmula a base de almid\u00f3n de arroz, ligera y de r\u00e1pida absorci\u00f3n, revitaliza el cabello, absorbe el exceso de grasa y le proporciona textura y volumen.<\/p>\n<p><img loading=\"lazy\" decoding=\"async\" class=\"aligncenter size-full wp-image-178219\" src=\"https:\/\/graziamagazine.com\/es\/wp-content\/uploads\/sites\/12\/2024\/08\/Our-Products-Page-All-products-image.png\" alt=\"\" width=\"963\" height=\"571\" srcset=\"https:\/\/graziamagazine.com\/es\/wp-content\/uploads\/sites\/12\/2024\/08\/Our-Products-Page-All-products-image.png 963w, https:\/\/graziamagazine.com\/es\/wp-content\/uploads\/sites\/12\/2024\/08\/Our-Products-Page-All-products-image-300x178.png 300w, https:\/\/graziamagazine.com\/es\/wp-content\/uploads\/sites\/12\/2024\/08\/Our-Products-Page-All-products-image-768x455.png 768w, https:\/\/graziamagazine.com\/es\/wp-content\/uploads\/sites\/12\/2024\/08\/Our-Products-Page-All-products-image-400x237.png 400w, https:\/\/graziamagazine.com\/es\/wp-content\/uploads\/sites\/12\/2024\/08\/Our-Products-Page-All-products-image-155x92.png 155w\" sizes=\"(max-width: 963px) 100vw, 963px\" \/><\/p>\n<p>El<span class=\"larger-italic-bold\"><strong>\u00a0champ\u00fa en seco<\/strong><\/span>\u00a0es un producto maravilloso que revitaliza el cabello sin esfuerzo y sin tener que lavarlo. Su ingrediente principal es el\u00a0<span class=\"larger-italic-bold\"><strong>almid\u00f3n de arroz,\u00a0<\/strong><\/span>un absorbente natural del aceite y la grasa que refresca las ra\u00edces y da al cabello un aspecto precioso. Sin complicaciones, dentro o fuera de casa. Consigue una\u00a0<strong><span class=\"larger-italic-bold\">transformaci\u00f3n instant\u00e1nea\u00a0<\/span><\/strong>con el champ\u00fa en seco de Batiste. \u00a1Voil\u00e0! Adem\u00e1s, puedes elegir entre una amplia gama de fragancias (Original, Cherry, Oriental, Fresh, Blush, Tropical).<\/p>\n<p>Lo encuentras en Primor a un precio de 1,75 euros la versi\u00f3n Original.<\/p>\n<p><em>*Im\u00e1genes: cortes\u00eda\u00a0<\/em><\/p>\n<p>&nbsp;<\/p>\n<\/div>\n<\/div>\n<p>&nbsp;<\/p>\n<p id=\"quehaydenuevo_title\">\n","protected":false},"author":11653,"featured_media":178220,"template":"","format":"standard","categories":[7],"acf":[],"yoast_head":"<!-- This site is optimized with the Yoast SEO Premium plugin v18.5 (Yoast SEO v20.4) - https:\/\/yoast.com\/wordpress\/plugins\/seo\/ -->\n<title>As\u00ed puedes revivir tu cabello seco y da\u00f1ado tras el verano<\/title>\n<meta name=\"description\" content=\"Aunque el verano es maravilloso, lo cierto es que, para la salud capilar, no es la mejor temporada del a\u00f1o, pero puedes revivirlo.\" \/>\n<meta name=\"robots\" content=\"index, follow, max-snippet:-1, max-image-preview:large, max-video-preview:-1\" \/>\n<link rel=\"canonical\" href=\"https:\/\/graziamagazine.com\/es\/articles\/asi-puedes-revivir-tu-cabello-seco-y-danado-tras-el-verano\/\" \/>\n<meta property=\"og:locale\" content=\"es_ES\" \/>\n<meta property=\"og:type\" content=\"article\" \/>\n<meta property=\"og:title\" content=\"As\u00ed puedes revivir tu cabello seco y da\u00f1ado tras el verano\" \/>\n<meta property=\"og:description\" content=\"Aunque el verano es maravilloso, lo cierto es que, para la salud capilar, no es la mejor temporada del a\u00f1o, pero puedes revivirlo.\" \/>\n<meta property=\"og:url\" content=\"https:\/\/graziamagazine.com\/es\/articles\/asi-puedes-revivir-tu-cabello-seco-y-danado-tras-el-verano\/\" \/>\n<meta property=\"og:site_name\" content=\"Grazia\" \/>\n<meta property=\"article:modified_time\" content=\"2024-08-12T22:56:36+00:00\" \/>\n<meta property=\"og:image\" content=\"https:\/\/graziamagazine.com\/es\/wp-content\/uploads\/sites\/12\/2024\/08\/2024_05_MelenaPlaya_IMG01-1.jpg\" \/>\n\t<meta property=\"og:image:width\" content=\"1200\" \/>\n\t<meta property=\"og:image:height\" content=\"760\" \/>\n\t<meta property=\"og:image:type\" content=\"image\/jpeg\" \/>\n<meta name=\"twitter:card\" content=\"summary_large_image\" \/>\n<meta name=\"twitter:label1\" content=\"Est. reading time\" \/>\n\t<meta name=\"twitter:data1\" content=\"4 minutos\" \/>\n<script type=\"application\/ld+json\" class=\"yoast-schema-graph\">{\"@context\":\"https:\/\/schema.org\",\"@graph\":[{\"@type\":\"WebPage\",\"@id\":\"https:\/\/graziamagazine.com\/es\/articles\/asi-puedes-revivir-tu-cabello-seco-y-danado-tras-el-verano\/\",\"url\":\"https:\/\/graziamagazine.com\/es\/articles\/asi-puedes-revivir-tu-cabello-seco-y-danado-tras-el-verano\/\",\"name\":\"As\u00ed puedes revivir tu cabello seco y da\u00f1ado tras el verano\",\"isPartOf\":{\"@id\":\"https:\/\/graziamagazine.com\/es\/#website\"},\"datePublished\":\"2024-08-13T07:00:36+00:00\",\"dateModified\":\"2024-08-12T22:56:36+00:00\",\"description\":\"Aunque el verano es maravilloso, lo cierto es que, para la salud capilar, no es la mejor temporada del a\u00f1o, pero puedes revivirlo.\",\"breadcrumb\":{\"@id\":\"https:\/\/graziamagazine.com\/es\/articles\/asi-puedes-revivir-tu-cabello-seco-y-danado-tras-el-verano\/#breadcrumb\"},\"inLanguage\":\"es\",\"potentialAction\":[{\"@type\":\"ReadAction\",\"target\":[\"https:\/\/graziamagazine.com\/es\/articles\/asi-puedes-revivir-tu-cabello-seco-y-danado-tras-el-verano\/\"]}]},{\"@type\":\"BreadcrumbList\",\"@id\":\"https:\/\/graziamagazine.com\/es\/articles\/asi-puedes-revivir-tu-cabello-seco-y-danado-tras-el-verano\/#breadcrumb\",\"itemListElement\":[{\"@type\":\"ListItem\",\"position\":1,\"name\":\"Portada\",\"item\":\"https:\/\/graziamagazine.com\/es\/\"},{\"@type\":\"ListItem\",\"position\":2,\"name\":\"As\u00ed puedes revivir tu cabello seco y da\u00f1ado tras el verano\"}]},{\"@type\":\"WebSite\",\"@id\":\"https:\/\/graziamagazine.com\/es\/#website\",\"url\":\"https:\/\/graziamagazine.com\/es\/\",\"name\":\"Grazia\",\"description\":\"Moda, belleza, celebrities, estilo de vida...\",\"potentialAction\":[{\"@type\":\"SearchAction\",\"target\":{\"@type\":\"EntryPoint\",\"urlTemplate\":\"https:\/\/graziamagazine.com\/es\/?s={search_term_string}\"},\"query-input\":\"required name=search_term_string\"}],\"inLanguage\":\"es\"}]}<\/script>\n<!-- \/ Yoast SEO Premium plugin. -->","yoast_head_json":{"title":"As\u00ed puedes revivir tu cabello seco y da\u00f1ado tras el verano","description":"Aunque el verano es maravilloso, lo cierto es que, para la salud capilar, no es la mejor temporada del a\u00f1o, pero puedes revivirlo.","robots":{"index":"index","follow":"follow","max-snippet":"max-snippet:-1","max-image-preview":"max-image-preview:large","max-video-preview":"max-video-preview:-1"},"canonical":"https:\/\/graziamagazine.com\/es\/articles\/asi-puedes-revivir-tu-cabello-seco-y-danado-tras-el-verano\/","og_locale":"es_ES","og_type":"article","og_title":"As\u00ed puedes revivir tu cabello seco y da\u00f1ado tras el verano","og_description":"Aunque el verano es maravilloso, lo cierto es que, para la salud capilar, no es la mejor temporada del a\u00f1o, pero puedes revivirlo.","og_url":"https:\/\/graziamagazine.com\/es\/articles\/asi-puedes-revivir-tu-cabello-seco-y-danado-tras-el-verano\/","og_site_name":"Grazia","article_modified_time":"2024-08-12T22:56:36+00:00","og_image":[{"width":1200,"height":760,"url":"https:\/\/graziamagazine.com\/es\/wp-content\/uploads\/sites\/12\/2024\/08\/2024_05_MelenaPlaya_IMG01-1.jpg","type":"image\/jpeg"}],"twitter_card":"summary_large_image","twitter_misc":{"Est. reading time":"4 minutos"},"schema":{"@context":"https:\/\/schema.org","@graph":[{"@type":"WebPage","@id":"https:\/\/graziamagazine.com\/es\/articles\/asi-puedes-revivir-tu-cabello-seco-y-danado-tras-el-verano\/","url":"https:\/\/graziamagazine.com\/es\/articles\/asi-puedes-revivir-tu-cabello-seco-y-danado-tras-el-verano\/","name":"As\u00ed puedes revivir tu cabello seco y da\u00f1ado tras el verano","isPartOf":{"@id":"https:\/\/graziamagazine.com\/es\/#website"},"datePublished":"2024-08-13T07:00:36+00:00","dateModified":"2024-08-12T22:56:36+00:00","description":"Aunque el verano es maravilloso, lo cierto es que, para la salud capilar, no es la mejor temporada del a\u00f1o, pero puedes revivirlo.","breadcrumb":{"@id":"https:\/\/graziamagazine.com\/es\/articles\/asi-puedes-revivir-tu-cabello-seco-y-danado-tras-el-verano\/#breadcrumb"},"inLanguage":"es","potentialAction":[{"@type":"ReadAction","target":["https:\/\/graziamagazine.com\/es\/articles\/asi-puedes-revivir-tu-cabello-seco-y-danado-tras-el-verano\/"]}]},{"@type":"BreadcrumbList","@id":"https:\/\/graziamagazine.com\/es\/articles\/asi-puedes-revivir-tu-cabello-seco-y-danado-tras-el-verano\/#breadcrumb","itemListElement":[{"@type":"ListItem","position":1,"name":"Portada","item":"https:\/\/graziamagazine.com\/es\/"},{"@type":"ListItem","position":2,"name":"As\u00ed puedes revivir tu cabello seco y da\u00f1ado tras el verano"}]},{"@type":"WebSite","@id":"https:\/\/graziamagazine.com\/es\/#website","url":"https:\/\/graziamagazine.com\/es\/","name":"Grazia","description":"Moda, belleza, celebrities, estilo de vida...","potentialAction":[{"@type":"SearchAction","target":{"@type":"EntryPoint","urlTemplate":"https:\/\/graziamagazine.com\/es\/?s={search_term_string}"},"query-input":"required name=search_term_string"}],"inLanguage":"es"}]}},"jetpack_sharing_enabled":true,"distributor_meta":false,"distributor_terms":false,"distributor_media":false,"distributor_original_site_name":"Grazia","distributor_original_site_url":"https:\/\/graziamagazine.com\/es","push-errors":false,"_links":{"self":[{"href":"https:\/\/graziamagazine.com\/es\/wp-json\/wp\/v2\/articles\/178218"}],"collection":[{"href":"https:\/\/graziamagazine.com\/es\/wp-json\/wp\/v2\/articles"}],"about":[{"href":"https:\/\/graziamagazine.com\/es\/wp-json\/wp\/v2\/types\/articles"}],"author":[{"embeddable":true,"href":"https:\/\/graziamagazine.com\/es\/wp-json\/wp\/v2\/users\/11653"}],"wp:featuredmedia":[{"embeddable":true,"href":"https:\/\/graziamagazine.com\/es\/wp-json\/wp\/v2\/media\/178220"}],"wp:attachment":[{"href":"https:\/\/graziamagazine.com\/es\/wp-json\/wp\/v2\/media?parent=178218"}],"wp:term":[{"taxonomy":"category","embeddable":true,"href":"https:\/\/graziamagazine.com\/es\/wp-json\/wp\/v2\/categories?post=178218"}],"curies":[{"name":"wp","href":"https:\/\/api.w.org\/{rel}","templated":true}]}}