{"id":178210,"date":"2024-09-23T10:36:45","date_gmt":"2024-09-23T08:36:45","guid":{"rendered":"https:\/\/graziamagazine.com\/es\/?post_type=articles&#038;p=178210"},"modified":"2024-09-23T10:36:45","modified_gmt":"2024-09-23T08:36:45","slug":"5-hair-looks-que-arrasaran-este-otono-invierno","status":"publish","type":"articles","link":"https:\/\/graziamagazine.com\/es\/articles\/5-hair-looks-que-arrasaran-este-otono-invierno\/","title":{"rendered":"5 hair looks que arrasar\u00e1n este oto\u00f1o\/invierno"},"content":{"rendered":"<p>El oto\u00f1o y el invierno no solo traen consigo temperaturas m\u00e1s fr\u00edas y un cambio en la moda, sino tambi\u00e9n nuevas tendencias en el mundo del cabello. En la temporada 2024, las tendencias capilares van desde lo cl\u00e1sico y elegante hasta lo audaz y atrevido.<\/p>\n<p>\u00a1Aqu\u00ed te presentamos los estilos que ser\u00e1n un must-have para lucir fabulosa en los pr\u00f3ximos meses!<\/p>\n<h3>Aristocra-Chic: La Elegancia Conquista el Invierno<\/h3>\n<figure id=\"attachment_140153\" class=\"wp-caption alignnone\" style=\"width: 762px\" aria-describedby=\"caption-attachment-140153\"><img loading=\"lazy\" decoding=\"async\" class=\"size-full wp-image-140153\" src=\"https:\/\/graziamagazine.com\/mx\/wp-content\/uploads\/sites\/13\/2024\/08\/Captura-de-Pantalla-2024-08-09-a-las-16.49.22.png\" alt=\"\u00a1Melena de Estaci\u00f3n! Cinco looks de cabello que arrasan este oto\u00f1o\/invierno\" width=\"762\" height=\"990\" \/><\/figure>\n<p>Este oto\u00f1o\/invierno, la tendencia m\u00e1s llamativa es el <em>Aristocra-Chic<\/em>. Inspirada en la realeza y la alta sociedad, este estilo destaca por su elegancia refinada. Piensa en peinados pulidos, ondas suaves y volumen controlado.<\/p>\n<p>Los accesorios como diademas de terciopelo o broches dorados realzan esta tendencia, aportando un toque de distinci\u00f3n que te har\u00e1 sentir como si hubieras salido de un retrato renacentista. Es la elecci\u00f3n perfecta para quienes buscan un look sofisticado y eterno.<\/p>\n<h3>Flequillo Entrecortado: Rebeld\u00eda con Estilo<\/h3>\n<figure id=\"attachment_140154\" class=\"wp-caption alignnone\" style=\"width: 694px\" aria-describedby=\"caption-attachment-140154\"><img loading=\"lazy\" decoding=\"async\" class=\"size-large wp-image-140154\" src=\"https:\/\/graziamagazine.com\/mx\/wp-content\/uploads\/sites\/13\/2024\/08\/Captura-de-Pantalla-2024-08-09-a-las-16.49.41-694x1024.png\" alt=\"\u00a1Melena de Estaci\u00f3n! Cinco looks de cabello que arrasan este oto\u00f1o\/invierno\" width=\"694\" height=\"1024\" \/><\/figure>\n<p>Para quienes desean a\u00f1adir un toque de frescura a su look, el <em>flequillo entrecortado<\/em> es la opci\u00f3n perfecta. Este estilo, que combina un flequillo irregular con mechones sueltos, aporta una vibra juvenil y desenfadada.<\/p>\n<p>Es un gui\u00f1o a los a\u00f1os 70, pero con un toque moderno. Ideal para darle un twist a cualquier corte, este flequillo se adapta a cualquier longitud de cabello y es perfecto para enmarcar el rostro, d\u00e1ndole un toque misterioso y chic.<\/p>\n<h3>Acabado Limpio: Sencillez que Impacta<\/h3>\n<figure id=\"attachment_140152\" class=\"wp-caption alignnone\" style=\"width: 790px\" aria-describedby=\"caption-attachment-140152\"><img loading=\"lazy\" decoding=\"async\" class=\"size-full wp-image-140152\" src=\"https:\/\/graziamagazine.com\/mx\/wp-content\/uploads\/sites\/13\/2024\/08\/Captura-de-Pantalla-2024-08-09-a-las-16.49.07.png\" alt=\"\u00a1Melena de Estaci\u00f3n! Cinco looks de cabello que arrasan este oto\u00f1o\/invierno\" width=\"790\" height=\"994\" \/><\/figure>\n<p>En un mundo donde menos es m\u00e1s, el <em>acabado limpio<\/em> se ha consolidado como un must para este oto\u00f1o\/invierno. Este estilo apuesta por la pureza y la simplicidad, con cabellos lisos y brillantes, sin un solo cabello fuera de lugar.<\/p>\n<p>Es ideal para quienes prefieren un look minimalista, que resalta la salud y el brillo natural del cabello. Con este acabado, la elegancia radica en la precisi\u00f3n y en la calidad del cuidado capilar, destacando el cabello como el protagonista absoluto.<\/p>\n<h3>Rojos del Renacimiento: Una Explosi\u00f3n de Color<\/h3>\n<figure id=\"attachment_140155\" class=\"wp-caption alignnone\" style=\"width: 730px\" aria-describedby=\"caption-attachment-140155\"><img loading=\"lazy\" decoding=\"async\" class=\"size-full wp-image-140155\" src=\"https:\/\/graziamagazine.com\/mx\/wp-content\/uploads\/sites\/13\/2024\/08\/Captura-de-Pantalla-2024-08-09-a-las-16.50.04.png\" alt=\"\u00a1Melena de Estaci\u00f3n! Cinco looks de cabello que arrasan este oto\u00f1o\/invierno\" width=\"730\" height=\"1002\" \/><\/figure>\n<p>El <em>rojo renacentista<\/em> est\u00e1 de vuelta y m\u00e1s vibrante que nunca. Este tono c\u00e1lido, que va desde el cobre hasta el burdeos, es ideal para a\u00f1adir calidez al fr\u00edo invernal.<\/p>\n<p>Inspirado en las paletas de los grandes maestros de la pintura, este color tiene la capacidad de transformar cualquier look, d\u00e1ndole profundidad y car\u00e1cter. Adem\u00e1s, es un tono que complementa perfectamente tanto a pieles claras como a tonos m\u00e1s oscuros, destacando los rasgos y aportando un aura de misterio.<\/p>\n<h3>Silver Edge: El Toque Futurista<\/h3>\n<figure id=\"attachment_140151\" class=\"wp-caption alignnone\" style=\"width: 769px\" aria-describedby=\"caption-attachment-140151\"><img loading=\"lazy\" decoding=\"async\" class=\"size-large wp-image-140151\" src=\"https:\/\/graziamagazine.com\/mx\/wp-content\/uploads\/sites\/13\/2024\/08\/Captura-de-Pantalla-2024-08-09-a-las-16.48.46-769x1024.png\" alt=\"\u00a1Melena de Estaci\u00f3n! Cinco looks de cabello que arrasan este oto\u00f1o\/invierno\" width=\"769\" height=\"1024\" \/><\/figure>\n<p>Finalmente, el <em>Silver Edge<\/em> es la tendencia m\u00e1s audaz para quienes buscan un look futurista. Este estilo juega con tonos plateados, grises y blancos, dando un aspecto et\u00e9reo y vanguardista.<\/p>\n<p>Ya sea con reflejos sutiles o un tinte completo, el Silver Edge a\u00f1ade un aire de modernidad y distinci\u00f3n que te har\u00e1 destacar. Es una opci\u00f3n perfecta para quienes buscan romper con la monoton\u00eda y a\u00f1adir un toque de fantas\u00eda a su estilo invernal.<\/p>\n<p><em>*Im\u00e1genes: Getty Images y Redes<\/em><\/p>\n","protected":false},"author":16349,"featured_media":178212,"template":"","format":"standard","categories":[7],"acf":[],"yoast_head":"<!-- This site is optimized with the Yoast SEO Premium plugin v18.5 (Yoast SEO v20.4) - https:\/\/yoast.com\/wordpress\/plugins\/seo\/ -->\n<title>5 hair looks que arrasar\u00e1n este oto\u00f1o\/invierno<\/title>\n<meta name=\"description\" content=\"Es hora de darle la bienvenida al oto\u00f1o con estos estilos que mezclan lo cl\u00e1sico y lo moderno para un look de impacto.\" \/>\n<meta name=\"robots\" content=\"index, follow, max-snippet:-1, max-image-preview:large, max-video-preview:-1\" \/>\n<link rel=\"canonical\" href=\"https:\/\/graziamagazine.com\/es\/articles\/5-hair-looks-que-arrasaran-este-otono-invierno\/\" \/>\n<meta property=\"og:locale\" content=\"es_ES\" \/>\n<meta property=\"og:type\" content=\"article\" \/>\n<meta property=\"og:title\" content=\"5 hair looks que arrasar\u00e1n este oto\u00f1o\/invierno\" \/>\n<meta property=\"og:description\" content=\"Es hora de darle la bienvenida al oto\u00f1o con estos estilos que mezclan lo cl\u00e1sico y lo moderno para un look de impacto.\" \/>\n<meta property=\"og:url\" content=\"https:\/\/graziamagazine.com\/es\/articles\/5-hair-looks-que-arrasaran-este-otono-invierno\/\" \/>\n<meta property=\"og:site_name\" content=\"Grazia\" \/>\n<meta property=\"og:image\" content=\"https:\/\/graziamagazine.com\/es\/wp-content\/uploads\/sites\/12\/2024\/08\/09111601-nyfw-backstage-beauty-2-tatler0919_cover_1000x666.jpg\" \/>\n\t<meta property=\"og:image:width\" content=\"1000\" \/>\n\t<meta property=\"og:image:height\" content=\"666\" \/>\n\t<meta property=\"og:image:type\" content=\"image\/jpeg\" \/>\n<meta name=\"twitter:card\" content=\"summary_large_image\" \/>\n<meta name=\"twitter:label1\" content=\"Est. reading time\" \/>\n\t<meta name=\"twitter:data1\" content=\"4 minutos\" \/>\n<script type=\"application\/ld+json\" class=\"yoast-schema-graph\">{\"@context\":\"https:\/\/schema.org\",\"@graph\":[{\"@type\":\"WebPage\",\"@id\":\"https:\/\/graziamagazine.com\/es\/articles\/5-hair-looks-que-arrasaran-este-otono-invierno\/\",\"url\":\"https:\/\/graziamagazine.com\/es\/articles\/5-hair-looks-que-arrasaran-este-otono-invierno\/\",\"name\":\"5 hair looks que arrasar\u00e1n este oto\u00f1o\/invierno\",\"isPartOf\":{\"@id\":\"https:\/\/graziamagazine.com\/es\/#website\"},\"datePublished\":\"2024-09-23T08:36:45+00:00\",\"dateModified\":\"2024-09-23T08:36:45+00:00\",\"description\":\"Es hora de darle la bienvenida al oto\u00f1o con estos estilos que mezclan lo cl\u00e1sico y lo moderno para un look de impacto.\",\"breadcrumb\":{\"@id\":\"https:\/\/graziamagazine.com\/es\/articles\/5-hair-looks-que-arrasaran-este-otono-invierno\/#breadcrumb\"},\"inLanguage\":\"es\",\"potentialAction\":[{\"@type\":\"ReadAction\",\"target\":[\"https:\/\/graziamagazine.com\/es\/articles\/5-hair-looks-que-arrasaran-este-otono-invierno\/\"]}]},{\"@type\":\"BreadcrumbList\",\"@id\":\"https:\/\/graziamagazine.com\/es\/articles\/5-hair-looks-que-arrasaran-este-otono-invierno\/#breadcrumb\",\"itemListElement\":[{\"@type\":\"ListItem\",\"position\":1,\"name\":\"Portada\",\"item\":\"https:\/\/graziamagazine.com\/es\/\"},{\"@type\":\"ListItem\",\"position\":2,\"name\":\"5 hair looks que arrasar\u00e1n este oto\u00f1o\/invierno\"}]},{\"@type\":\"WebSite\",\"@id\":\"https:\/\/graziamagazine.com\/es\/#website\",\"url\":\"https:\/\/graziamagazine.com\/es\/\",\"name\":\"Grazia\",\"description\":\"Moda, belleza, celebrities, estilo de vida...\",\"potentialAction\":[{\"@type\":\"SearchAction\",\"target\":{\"@type\":\"EntryPoint\",\"urlTemplate\":\"https:\/\/graziamagazine.com\/es\/?s={search_term_string}\"},\"query-input\":\"required name=search_term_string\"}],\"inLanguage\":\"es\"}]}<\/script>\n<!-- \/ Yoast SEO Premium plugin. -->","yoast_head_json":{"title":"5 hair looks que arrasar\u00e1n este oto\u00f1o\/invierno","description":"Es hora de darle la bienvenida al oto\u00f1o con estos estilos que mezclan lo cl\u00e1sico y lo moderno para un look de impacto.","robots":{"index":"index","follow":"follow","max-snippet":"max-snippet:-1","max-image-preview":"max-image-preview:large","max-video-preview":"max-video-preview:-1"},"canonical":"https:\/\/graziamagazine.com\/es\/articles\/5-hair-looks-que-arrasaran-este-otono-invierno\/","og_locale":"es_ES","og_type":"article","og_title":"5 hair looks que arrasar\u00e1n este oto\u00f1o\/invierno","og_description":"Es hora de darle la bienvenida al oto\u00f1o con estos estilos que mezclan lo cl\u00e1sico y lo moderno para un look de impacto.","og_url":"https:\/\/graziamagazine.com\/es\/articles\/5-hair-looks-que-arrasaran-este-otono-invierno\/","og_site_name":"Grazia","og_image":[{"width":1000,"height":666,"url":"https:\/\/graziamagazine.com\/es\/wp-content\/uploads\/sites\/12\/2024\/08\/09111601-nyfw-backstage-beauty-2-tatler0919_cover_1000x666.jpg","type":"image\/jpeg"}],"twitter_card":"summary_large_image","twitter_misc":{"Est. reading time":"4 minutos"},"schema":{"@context":"https:\/\/schema.org","@graph":[{"@type":"WebPage","@id":"https:\/\/graziamagazine.com\/es\/articles\/5-hair-looks-que-arrasaran-este-otono-invierno\/","url":"https:\/\/graziamagazine.com\/es\/articles\/5-hair-looks-que-arrasaran-este-otono-invierno\/","name":"5 hair looks que arrasar\u00e1n este oto\u00f1o\/invierno","isPartOf":{"@id":"https:\/\/graziamagazine.com\/es\/#website"},"datePublished":"2024-09-23T08:36:45+00:00","dateModified":"2024-09-23T08:36:45+00:00","description":"Es hora de darle la bienvenida al oto\u00f1o con estos estilos que mezclan lo cl\u00e1sico y lo moderno para un look de impacto.","breadcrumb":{"@id":"https:\/\/graziamagazine.com\/es\/articles\/5-hair-looks-que-arrasaran-este-otono-invierno\/#breadcrumb"},"inLanguage":"es","potentialAction":[{"@type":"ReadAction","target":["https:\/\/graziamagazine.com\/es\/articles\/5-hair-looks-que-arrasaran-este-otono-invierno\/"]}]},{"@type":"BreadcrumbList","@id":"https:\/\/graziamagazine.com\/es\/articles\/5-hair-looks-que-arrasaran-este-otono-invierno\/#breadcrumb","itemListElement":[{"@type":"ListItem","position":1,"name":"Portada","item":"https:\/\/graziamagazine.com\/es\/"},{"@type":"ListItem","position":2,"name":"5 hair looks que arrasar\u00e1n este oto\u00f1o\/invierno"}]},{"@type":"WebSite","@id":"https:\/\/graziamagazine.com\/es\/#website","url":"https:\/\/graziamagazine.com\/es\/","name":"Grazia","description":"Moda, belleza, celebrities, estilo de vida...","potentialAction":[{"@type":"SearchAction","target":{"@type":"EntryPoint","urlTemplate":"https:\/\/graziamagazine.com\/es\/?s={search_term_string}"},"query-input":"required name=search_term_string"}],"inLanguage":"es"}]}},"jetpack_sharing_enabled":true,"distributor_meta":false,"distributor_terms":false,"distributor_media":false,"distributor_original_site_name":"Grazia","distributor_original_site_url":"https:\/\/graziamagazine.com\/es","push-errors":false,"_links":{"self":[{"href":"https:\/\/graziamagazine.com\/es\/wp-json\/wp\/v2\/articles\/178210"}],"collection":[{"href":"https:\/\/graziamagazine.com\/es\/wp-json\/wp\/v2\/articles"}],"about":[{"href":"https:\/\/graziamagazine.com\/es\/wp-json\/wp\/v2\/types\/articles"}],"author":[{"embeddable":true,"href":"https:\/\/graziamagazine.com\/es\/wp-json\/wp\/v2\/users\/16349"}],"wp:featuredmedia":[{"embeddable":true,"href":"https:\/\/graziamagazine.com\/es\/wp-json\/wp\/v2\/media\/178212"}],"wp:attachment":[{"href":"https:\/\/graziamagazine.com\/es\/wp-json\/wp\/v2\/media?parent=178210"}],"wp:term":[{"taxonomy":"category","embeddable":true,"href":"https:\/\/graziamagazine.com\/es\/wp-json\/wp\/v2\/categories?post=178210"}],"curies":[{"name":"wp","href":"https:\/\/api.w.org\/{rel}","templated":true}]}}