{"id":178144,"date":"2024-08-09T09:00:05","date_gmt":"2024-08-09T07:00:05","guid":{"rendered":"https:\/\/graziamagazine.com\/es\/?post_type=articles&#038;p=178144"},"modified":"2024-08-08T23:26:41","modified_gmt":"2024-08-08T21:26:41","slug":"stranger-things-tendra-obra-treatro-broadway","status":"publish","type":"articles","link":"https:\/\/graziamagazine.com\/es\/articles\/stranger-things-tendra-obra-treatro-broadway\/","title":{"rendered":"Stranger Things tendr\u00e1 obra de treatro en Broadway"},"content":{"rendered":"<p>Fan\u00e1ticos de la exitosa serie de <strong>Netflix<\/strong> <em><strong>Stranger Things<\/strong><\/em> podr\u00e1n brincar de felicidad, pues la historia tendr\u00e1 obra de teatro en <strong>Broadway<\/strong> con el t\u00edtulo<em><strong> Stranger Things: The First Shadow<\/strong><\/em> y ser\u00e1 estrenada el pr\u00f3ximo a\u00f1o.<\/p>\n<p>Netflix y <strong>Sonia Friedman Productions<\/strong> anunciaron este martes que la producci\u00f3n comenzar\u00e1 y se espera que se estrene en el <strong>Teatro Marquis<\/strong> el viernes 28 de marzo de 2025 para despu\u00e9s estrenarse oficialmente el martes 22 de abril de 2025.<\/p>\n<p>La obra ser\u00e1 dirigida por <strong>Stephen Daldry<\/strong>, quien trabaj\u00f3 en la serie de televisi\u00f3n <em><strong>The Crown<\/strong> <\/em>y la obra de Broadway<em><strong> The Inheritance<\/strong><\/em>, y por el codirector Justin Martin quien dirigi\u00f3 Prima Facie de Broadway y The Inheritance.<\/p>\n<p><img loading=\"lazy\" decoding=\"async\" class=\"aligncenter size-full wp-image-178173\" src=\"https:\/\/graziamagazine.com\/es\/wp-content\/uploads\/sites\/12\/2024\/08\/tour121_of_1722984891_3428968259847155504_59802042311.jpg\" alt=\"\" width=\"1440\" height=\"1520\" srcset=\"https:\/\/graziamagazine.com\/es\/wp-content\/uploads\/sites\/12\/2024\/08\/tour121_of_1722984891_3428968259847155504_59802042311.jpg 1440w, https:\/\/graziamagazine.com\/es\/wp-content\/uploads\/sites\/12\/2024\/08\/tour121_of_1722984891_3428968259847155504_59802042311-284x300.jpg 284w, https:\/\/graziamagazine.com\/es\/wp-content\/uploads\/sites\/12\/2024\/08\/tour121_of_1722984891_3428968259847155504_59802042311-970x1024.jpg 970w, https:\/\/graziamagazine.com\/es\/wp-content\/uploads\/sites\/12\/2024\/08\/tour121_of_1722984891_3428968259847155504_59802042311-768x811.jpg 768w, https:\/\/graziamagazine.com\/es\/wp-content\/uploads\/sites\/12\/2024\/08\/tour121_of_1722984891_3428968259847155504_59802042311-400x422.jpg 400w, https:\/\/graziamagazine.com\/es\/wp-content\/uploads\/sites\/12\/2024\/08\/tour121_of_1722984891_3428968259847155504_59802042311-155x164.jpg 155w\" sizes=\"(max-width: 1440px) 100vw, 1440px\" \/><\/p>\n<p>Se espera que la puesta en escena est\u00e1 basada en una historia original de los hermanos Duffer, Jack Thorne y Kate Trefry, escrita por Kate Trefry.<\/p>\n<p>Hasta el momento no se han dado a conocer los detalles del elenco de la obra, pero s\u00ed hay una sinopsis oficial.<\/p>\n<p>\u201cAntes de que el mundo se pusiera patas arriba. Hawkins, 1959: un pueblo normal con preocupaciones normales. El coche del joven Jim Hopper no arranca, la hermana de Bob Newby no se toma en serio su programa de radio y Joyce Maldonado solo quiere graduarse y largarse de la ciudad\u201d, se\u00f1ala la rese\u00f1a.<\/p>\n<p>\u201cCuando llega el nuevo estudiante Henry Creel, su familia descubre que un nuevo comienzo no es tan f\u00e1cil\u2026 y las sombras del pasado tienen un alcance muy amplio\u201d, contin\u00faa.<\/p>\n<p><img loading=\"lazy\" decoding=\"async\" class=\"aligncenter size-full wp-image-178171\" src=\"https:\/\/graziamagazine.com\/es\/wp-content\/uploads\/sites\/12\/2024\/08\/image-618.png\" alt=\"\" width=\"1063\" height=\"720\" srcset=\"https:\/\/graziamagazine.com\/es\/wp-content\/uploads\/sites\/12\/2024\/08\/image-618.png 1063w, https:\/\/graziamagazine.com\/es\/wp-content\/uploads\/sites\/12\/2024\/08\/image-618-300x203.png 300w, https:\/\/graziamagazine.com\/es\/wp-content\/uploads\/sites\/12\/2024\/08\/image-618-1024x694.png 1024w, https:\/\/graziamagazine.com\/es\/wp-content\/uploads\/sites\/12\/2024\/08\/image-618-768x520.png 768w, https:\/\/graziamagazine.com\/es\/wp-content\/uploads\/sites\/12\/2024\/08\/image-618-400x271.png 400w, https:\/\/graziamagazine.com\/es\/wp-content\/uploads\/sites\/12\/2024\/08\/image-618-155x105.png 155w\" sizes=\"(max-width: 1063px) 100vw, 1063px\" \/><\/p>\n<p><em>Stranger Things: The First Shadow<\/em> es una obra independiente que muestra los inicios de la historia que se volvi\u00f3 un \u00e9xito de Netflix, en diciembre pasado la revista <em><strong>Deadline<\/strong><\/em> revel\u00f3 los planes de trasladar la obra a Broadway.<\/p>\n<p>Adem\u00e1s, en marzo pasado se publicaron anuncio de las audiciones de Broadway, con lo cual aumentaron los rumores que este martes fueron confirmados por los productores.<\/p>\n<p><em>*Im\u00e1genes: Redes Sociales<\/em><\/p>\n","protected":false},"author":36289,"featured_media":178172,"template":"","format":"standard","categories":[2971],"acf":{"banner":null},"yoast_head":"<!-- This site is optimized with the Yoast SEO Premium plugin v18.5 (Yoast SEO v20.4) - https:\/\/yoast.com\/wordpress\/plugins\/seo\/ -->\n<title>Stranger Things tendr\u00e1 obra de treatro en Broadway | Grazia<\/title>\n<meta name=\"description\" content=\"Te damos todos los detalles de la puesta en escena de la serie de Netflix que se espera se estrene en 2025 en Nueva York.\" \/>\n<meta name=\"robots\" content=\"index, follow, max-snippet:-1, max-image-preview:large, max-video-preview:-1\" \/>\n<link rel=\"canonical\" href=\"https:\/\/graziamagazine.com\/es\/articles\/stranger-things-tendra-obra-treatro-broadway\/\" \/>\n<meta property=\"og:locale\" content=\"es_ES\" \/>\n<meta property=\"og:type\" content=\"article\" \/>\n<meta property=\"og:title\" content=\"Stranger Things tendr\u00e1 obra de treatro en Broadway\" \/>\n<meta property=\"og:description\" content=\"Te damos todos los detalles de la puesta en escena de la serie de Netflix que se espera se estrene en 2025 en Nueva York.\" \/>\n<meta property=\"og:url\" content=\"https:\/\/graziamagazine.com\/es\/articles\/stranger-things-tendra-obra-treatro-broadway\/\" \/>\n<meta property=\"og:site_name\" content=\"Grazia\" \/>\n<meta property=\"article:modified_time\" content=\"2024-08-08T21:26:41+00:00\" \/>\n<meta property=\"og:image\" content=\"https:\/\/graziamagazine.com\/es\/wp-content\/uploads\/sites\/12\/2024\/08\/XXDIETOFMBD5NPQG6UNQAOYE4E-copia.jpg\" \/>\n\t<meta property=\"og:image:width\" content=\"1200\" \/>\n\t<meta property=\"og:image:height\" content=\"630\" \/>\n\t<meta property=\"og:image:type\" content=\"image\/jpeg\" \/>\n<meta name=\"twitter:card\" content=\"summary_large_image\" \/>\n<meta name=\"twitter:label1\" content=\"Est. reading time\" \/>\n\t<meta name=\"twitter:data1\" content=\"2 minutos\" \/>\n<script type=\"application\/ld+json\" class=\"yoast-schema-graph\">{\"@context\":\"https:\/\/schema.org\",\"@graph\":[{\"@type\":\"WebPage\",\"@id\":\"https:\/\/graziamagazine.com\/es\/articles\/stranger-things-tendra-obra-treatro-broadway\/\",\"url\":\"https:\/\/graziamagazine.com\/es\/articles\/stranger-things-tendra-obra-treatro-broadway\/\",\"name\":\"Stranger Things tendr\u00e1 obra de treatro en Broadway | Grazia\",\"isPartOf\":{\"@id\":\"https:\/\/graziamagazine.com\/es\/#website\"},\"datePublished\":\"2024-08-09T07:00:05+00:00\",\"dateModified\":\"2024-08-08T21:26:41+00:00\",\"description\":\"Te damos todos los detalles de la puesta en escena de la serie de Netflix que se espera se estrene en 2025 en Nueva York.\",\"breadcrumb\":{\"@id\":\"https:\/\/graziamagazine.com\/es\/articles\/stranger-things-tendra-obra-treatro-broadway\/#breadcrumb\"},\"inLanguage\":\"es\",\"potentialAction\":[{\"@type\":\"ReadAction\",\"target\":[\"https:\/\/graziamagazine.com\/es\/articles\/stranger-things-tendra-obra-treatro-broadway\/\"]}]},{\"@type\":\"BreadcrumbList\",\"@id\":\"https:\/\/graziamagazine.com\/es\/articles\/stranger-things-tendra-obra-treatro-broadway\/#breadcrumb\",\"itemListElement\":[{\"@type\":\"ListItem\",\"position\":1,\"name\":\"Portada\",\"item\":\"https:\/\/graziamagazine.com\/es\/\"},{\"@type\":\"ListItem\",\"position\":2,\"name\":\"Stranger Things tendr\u00e1 obra de treatro en Broadway\"}]},{\"@type\":\"WebSite\",\"@id\":\"https:\/\/graziamagazine.com\/es\/#website\",\"url\":\"https:\/\/graziamagazine.com\/es\/\",\"name\":\"Grazia\",\"description\":\"Moda, belleza, celebrities, estilo de vida...\",\"potentialAction\":[{\"@type\":\"SearchAction\",\"target\":{\"@type\":\"EntryPoint\",\"urlTemplate\":\"https:\/\/graziamagazine.com\/es\/?s={search_term_string}\"},\"query-input\":\"required name=search_term_string\"}],\"inLanguage\":\"es\"}]}<\/script>\n<!-- \/ Yoast SEO Premium plugin. -->","yoast_head_json":{"title":"Stranger Things tendr\u00e1 obra de treatro en Broadway | Grazia","description":"Te damos todos los detalles de la puesta en escena de la serie de Netflix que se espera se estrene en 2025 en Nueva York.","robots":{"index":"index","follow":"follow","max-snippet":"max-snippet:-1","max-image-preview":"max-image-preview:large","max-video-preview":"max-video-preview:-1"},"canonical":"https:\/\/graziamagazine.com\/es\/articles\/stranger-things-tendra-obra-treatro-broadway\/","og_locale":"es_ES","og_type":"article","og_title":"Stranger Things tendr\u00e1 obra de treatro en Broadway","og_description":"Te damos todos los detalles de la puesta en escena de la serie de Netflix que se espera se estrene en 2025 en Nueva York.","og_url":"https:\/\/graziamagazine.com\/es\/articles\/stranger-things-tendra-obra-treatro-broadway\/","og_site_name":"Grazia","article_modified_time":"2024-08-08T21:26:41+00:00","og_image":[{"width":1200,"height":630,"url":"https:\/\/graziamagazine.com\/es\/wp-content\/uploads\/sites\/12\/2024\/08\/XXDIETOFMBD5NPQG6UNQAOYE4E-copia.jpg","type":"image\/jpeg"}],"twitter_card":"summary_large_image","twitter_misc":{"Est. reading time":"2 minutos"},"schema":{"@context":"https:\/\/schema.org","@graph":[{"@type":"WebPage","@id":"https:\/\/graziamagazine.com\/es\/articles\/stranger-things-tendra-obra-treatro-broadway\/","url":"https:\/\/graziamagazine.com\/es\/articles\/stranger-things-tendra-obra-treatro-broadway\/","name":"Stranger Things tendr\u00e1 obra de treatro en Broadway | Grazia","isPartOf":{"@id":"https:\/\/graziamagazine.com\/es\/#website"},"datePublished":"2024-08-09T07:00:05+00:00","dateModified":"2024-08-08T21:26:41+00:00","description":"Te damos todos los detalles de la puesta en escena de la serie de Netflix que se espera se estrene en 2025 en Nueva York.","breadcrumb":{"@id":"https:\/\/graziamagazine.com\/es\/articles\/stranger-things-tendra-obra-treatro-broadway\/#breadcrumb"},"inLanguage":"es","potentialAction":[{"@type":"ReadAction","target":["https:\/\/graziamagazine.com\/es\/articles\/stranger-things-tendra-obra-treatro-broadway\/"]}]},{"@type":"BreadcrumbList","@id":"https:\/\/graziamagazine.com\/es\/articles\/stranger-things-tendra-obra-treatro-broadway\/#breadcrumb","itemListElement":[{"@type":"ListItem","position":1,"name":"Portada","item":"https:\/\/graziamagazine.com\/es\/"},{"@type":"ListItem","position":2,"name":"Stranger Things tendr\u00e1 obra de treatro en Broadway"}]},{"@type":"WebSite","@id":"https:\/\/graziamagazine.com\/es\/#website","url":"https:\/\/graziamagazine.com\/es\/","name":"Grazia","description":"Moda, belleza, celebrities, estilo de vida...","potentialAction":[{"@type":"SearchAction","target":{"@type":"EntryPoint","urlTemplate":"https:\/\/graziamagazine.com\/es\/?s={search_term_string}"},"query-input":"required name=search_term_string"}],"inLanguage":"es"}]}},"jetpack_sharing_enabled":true,"distributor_meta":false,"distributor_terms":false,"distributor_media":false,"distributor_original_site_name":"Grazia","distributor_original_site_url":"https:\/\/graziamagazine.com\/es","push-errors":false,"_links":{"self":[{"href":"https:\/\/graziamagazine.com\/es\/wp-json\/wp\/v2\/articles\/178144"}],"collection":[{"href":"https:\/\/graziamagazine.com\/es\/wp-json\/wp\/v2\/articles"}],"about":[{"href":"https:\/\/graziamagazine.com\/es\/wp-json\/wp\/v2\/types\/articles"}],"author":[{"embeddable":true,"href":"https:\/\/graziamagazine.com\/es\/wp-json\/wp\/v2\/users\/36289"}],"wp:featuredmedia":[{"embeddable":true,"href":"https:\/\/graziamagazine.com\/es\/wp-json\/wp\/v2\/media\/178172"}],"wp:attachment":[{"href":"https:\/\/graziamagazine.com\/es\/wp-json\/wp\/v2\/media?parent=178144"}],"wp:term":[{"taxonomy":"category","embeddable":true,"href":"https:\/\/graziamagazine.com\/es\/wp-json\/wp\/v2\/categories?post=178144"}],"curies":[{"name":"wp","href":"https:\/\/api.w.org\/{rel}","templated":true}]}}