{"id":178062,"date":"2024-08-06T08:55:46","date_gmt":"2024-08-06T06:55:46","guid":{"rendered":"https:\/\/graziamagazine.com\/es\/?post_type=articles&#038;p=178062"},"modified":"2024-08-06T08:55:46","modified_gmt":"2024-08-06T06:55:46","slug":"la-reina-letizia-apuesta-por-la-moda-adlib-en-mallorca","status":"publish","type":"articles","link":"https:\/\/graziamagazine.com\/es\/articles\/la-reina-letizia-apuesta-por-la-moda-adlib-en-mallorca\/","title":{"rendered":"La reina Letizia apuesta por la moda Adlib en Mallorca"},"content":{"rendered":"<p>Sin duda alguna la aparici\u00f3n de SSMM Felipe y Letizia en Palma de Mallorca es una de las citas m\u00e1s destacadas del verano. En los \u00faltimos a\u00f1os el posado de los Reyes con sus hijas se ha convertido en uno de los momentos \u00e1lgidos del verano espa\u00f1ol, aunque \u00faltimamente los Reyes est\u00e1n sorprendiendo con alguna aparici\u00f3n sorpresa.<\/p>\n<p>Eso ocurri\u00f3 el pasado domingo, cuando los Reyes y sus hijas, la princesa Leonor y la infanta Sof\u00eda, acompa\u00f1ados de la reina em\u00e9rita do\u00f1a Sof\u00eda y Tatiana Radziwill a Mia, aparecieron por sorpresa en la zona del Portixol mallorqu\u00edn para cenar en un restaurante que ya visitaron el verano pasado.<\/p>\n<p><img loading=\"lazy\" decoding=\"async\" class=\"aligncenter size-full wp-image-178067\" src=\"https:\/\/graziamagazine.com\/es\/wp-content\/uploads\/sites\/12\/2024\/08\/vanitatis-8.jpg\" alt=\"\" width=\"1328\" height=\"1225\" srcset=\"https:\/\/graziamagazine.com\/es\/wp-content\/uploads\/sites\/12\/2024\/08\/vanitatis-8.jpg 1328w, https:\/\/graziamagazine.com\/es\/wp-content\/uploads\/sites\/12\/2024\/08\/vanitatis-8-300x277.jpg 300w, https:\/\/graziamagazine.com\/es\/wp-content\/uploads\/sites\/12\/2024\/08\/vanitatis-8-1024x945.jpg 1024w, https:\/\/graziamagazine.com\/es\/wp-content\/uploads\/sites\/12\/2024\/08\/vanitatis-8-768x708.jpg 768w, https:\/\/graziamagazine.com\/es\/wp-content\/uploads\/sites\/12\/2024\/08\/vanitatis-8-400x369.jpg 400w, https:\/\/graziamagazine.com\/es\/wp-content\/uploads\/sites\/12\/2024\/08\/vanitatis-8-155x143.jpg 155w\" sizes=\"(max-width: 1328px) 100vw, 1328px\" \/><\/p>\n<p>Para la ocasi\u00f3n S.M. la Reina Do\u00f1a Letizia acudi\u00f3 con su familia a una cena privada en Palma de Mallorca luciendo un dise\u00f1o de costura de la creadora del <strong>sello Adlib Ibiza, Virginia Vald<\/strong>. El vestido pertenece a la nueva colecci\u00f3n SS25 y es\u00a0un dise\u00f1o exclusivo. El <strong>vestido Brisa<\/strong> se trata de\u00a0un vestido midi asim\u00e9trico con flores bordadas en tonos rosa, fucsia y blanco, con un elegante cuello halter y falda con vuelo.<\/p>\n<p>La dise\u00f1adora Virginia Vald naci\u00f3 en Barcelona y lleg\u00f3 a Ibiza con 18 a\u00f1os. Despu\u00e9s de 20 a\u00f1os en la isla, cre\u00f3 su primera colecci\u00f3n pr\u00eat \u00e0 porter en 2013 de manera completamente autodidacta, y desde hace 5 a\u00f1os tambi\u00e9n crea piezas para novias y de Alta Costura, siendo a d\u00eda de hoy una de las marcas m\u00e1s consagradas Made in Ibiza. Todo ello gracias a sus propuestas nupciales y alta costura\u00a0 que han ocupado portadas y editoriales de las principales revistas de moda en Espa\u00f1a e internacionales, y tambi\u00e9n porque ha vestido a grandes celebridades en las alfombras rojas m\u00e1s importantes.<\/p>\n<p>Sus ra\u00edces andaluzas se sienten en todos sus dise\u00f1os, en un estilo <em>hippy-chic<\/em>, inconfundiblemente ibicencos e isle\u00f1os, pero con un toque cosmopolita. Luchadora por el Made in Spain, y actualmente Made in Ibiza 100%, crea moda en todos sus procesos desde la isla que le rob\u00f3 el coraz\u00f3n y le inspira.<\/p>\n<p><img loading=\"lazy\" decoding=\"async\" class=\"size-full wp-image-178068 alignright\" src=\"https:\/\/graziamagazine.com\/es\/wp-content\/uploads\/sites\/12\/2024\/08\/hermanas.borbonyortiz.jpg\" alt=\"\" width=\"1080\" height=\"1350\" srcset=\"https:\/\/graziamagazine.com\/es\/wp-content\/uploads\/sites\/12\/2024\/08\/hermanas.borbonyortiz.jpg 1080w, https:\/\/graziamagazine.com\/es\/wp-content\/uploads\/sites\/12\/2024\/08\/hermanas.borbonyortiz-240x300.jpg 240w, https:\/\/graziamagazine.com\/es\/wp-content\/uploads\/sites\/12\/2024\/08\/hermanas.borbonyortiz-819x1024.jpg 819w, https:\/\/graziamagazine.com\/es\/wp-content\/uploads\/sites\/12\/2024\/08\/hermanas.borbonyortiz-768x960.jpg 768w, https:\/\/graziamagazine.com\/es\/wp-content\/uploads\/sites\/12\/2024\/08\/hermanas.borbonyortiz-400x500.jpg 400w, https:\/\/graziamagazine.com\/es\/wp-content\/uploads\/sites\/12\/2024\/08\/hermanas.borbonyortiz-155x194.jpg 155w\" sizes=\"(max-width: 1080px) 100vw, 1080px\" \/><\/p>\n<p>Esta no es la primera ocasi\u00f3n en la que la Reina luce prendas y accesorios de los dise\u00f1adores pertenecientes al sello Adlib Ibiza, ya que en otras ocasiones ha lucido piezas de Espardenyes Torres o\u00a0Vintage Ibiza.<\/p>\n<p><img loading=\"lazy\" decoding=\"async\" class=\"aligncenter size-full wp-image-178069\" src=\"https:\/\/graziamagazine.com\/es\/wp-content\/uploads\/sites\/12\/2024\/08\/17228021341073-copia.jpg\" alt=\"\" width=\"1340\" height=\"1699\" srcset=\"https:\/\/graziamagazine.com\/es\/wp-content\/uploads\/sites\/12\/2024\/08\/17228021341073-copia.jpg 1340w, https:\/\/graziamagazine.com\/es\/wp-content\/uploads\/sites\/12\/2024\/08\/17228021341073-copia-237x300.jpg 237w, https:\/\/graziamagazine.com\/es\/wp-content\/uploads\/sites\/12\/2024\/08\/17228021341073-copia-808x1024.jpg 808w, https:\/\/graziamagazine.com\/es\/wp-content\/uploads\/sites\/12\/2024\/08\/17228021341073-copia-768x974.jpg 768w, https:\/\/graziamagazine.com\/es\/wp-content\/uploads\/sites\/12\/2024\/08\/17228021341073-copia-1211x1536.jpg 1211w, https:\/\/graziamagazine.com\/es\/wp-content\/uploads\/sites\/12\/2024\/08\/17228021341073-copia-400x507.jpg 400w, https:\/\/graziamagazine.com\/es\/wp-content\/uploads\/sites\/12\/2024\/08\/17228021341073-copia-155x197.jpg 155w\" sizes=\"(max-width: 1340px) 100vw, 1340px\" \/><\/p>\n<p>La buena noticia es que este modelo s\u00ed estar\u00e1 disponible m\u00e1s adelante en Virginia Vald, aunque ya sabemos que no ser\u00e1 el mismo pero s\u00ed en otras versiones, y <strong>tendr\u00e1 un precio de unos 850 euros<\/strong>.<\/p>\n<p><em>*Im\u00e1genes: Getty Images y Casa Real<\/em><\/p>\n<div><\/div>\n","protected":false},"author":11653,"featured_media":178070,"template":"","format":"standard","categories":[2971],"acf":{"banner":null},"yoast_head":"<!-- This site is optimized with the Yoast SEO Premium plugin v18.5 (Yoast SEO v20.4) - https:\/\/yoast.com\/wordpress\/plugins\/seo\/ -->\n<title>La reina Letizia apuesta por la moda Adlib en Mallorca<\/title>\n<meta name=\"description\" content=\"La reina volvi\u00f3 a hacer un gui\u00f1o a la moda de la isla y la dise\u00f1adora Virginia Vald lo ha ideado y creado en exclusiva para ella.\" \/>\n<meta name=\"robots\" content=\"index, follow, max-snippet:-1, max-image-preview:large, max-video-preview:-1\" \/>\n<link rel=\"canonical\" href=\"https:\/\/graziamagazine.com\/es\/articles\/la-reina-letizia-apuesta-por-la-moda-adlib-en-mallorca\/\" \/>\n<meta property=\"og:locale\" content=\"es_ES\" \/>\n<meta property=\"og:type\" content=\"article\" \/>\n<meta property=\"og:title\" content=\"La reina Letizia apuesta por la moda Adlib en Mallorca\" \/>\n<meta property=\"og:description\" content=\"La reina volvi\u00f3 a hacer un gui\u00f1o a la moda de la isla y la dise\u00f1adora Virginia Vald lo ha ideado y creado en exclusiva para ella.\" \/>\n<meta property=\"og:url\" content=\"https:\/\/graziamagazine.com\/es\/articles\/la-reina-letizia-apuesta-por-la-moda-adlib-en-mallorca\/\" \/>\n<meta property=\"og:site_name\" content=\"Grazia\" \/>\n<meta property=\"og:image\" content=\"https:\/\/graziamagazine.com\/es\/wp-content\/uploads\/sites\/12\/2024\/08\/f.elconfidencial.com_original_63d_eca_378_63deca378ecb08f8d65d6d7e2979a7b4-copia.jpeg\" \/>\n\t<meta property=\"og:image:width\" content=\"1200\" \/>\n\t<meta property=\"og:image:height\" content=\"900\" \/>\n\t<meta property=\"og:image:type\" content=\"image\/jpeg\" \/>\n<meta name=\"twitter:card\" content=\"summary_large_image\" \/>\n<meta name=\"twitter:label1\" content=\"Est. reading time\" \/>\n\t<meta name=\"twitter:data1\" content=\"3 minutos\" \/>\n<script type=\"application\/ld+json\" class=\"yoast-schema-graph\">{\"@context\":\"https:\/\/schema.org\",\"@graph\":[{\"@type\":\"WebPage\",\"@id\":\"https:\/\/graziamagazine.com\/es\/articles\/la-reina-letizia-apuesta-por-la-moda-adlib-en-mallorca\/\",\"url\":\"https:\/\/graziamagazine.com\/es\/articles\/la-reina-letizia-apuesta-por-la-moda-adlib-en-mallorca\/\",\"name\":\"La reina Letizia apuesta por la moda Adlib en Mallorca\",\"isPartOf\":{\"@id\":\"https:\/\/graziamagazine.com\/es\/#website\"},\"datePublished\":\"2024-08-06T06:55:46+00:00\",\"dateModified\":\"2024-08-06T06:55:46+00:00\",\"description\":\"La reina volvi\u00f3 a hacer un gui\u00f1o a la moda de la isla y la dise\u00f1adora Virginia Vald lo ha ideado y creado en exclusiva para ella.\",\"breadcrumb\":{\"@id\":\"https:\/\/graziamagazine.com\/es\/articles\/la-reina-letizia-apuesta-por-la-moda-adlib-en-mallorca\/#breadcrumb\"},\"inLanguage\":\"es\",\"potentialAction\":[{\"@type\":\"ReadAction\",\"target\":[\"https:\/\/graziamagazine.com\/es\/articles\/la-reina-letizia-apuesta-por-la-moda-adlib-en-mallorca\/\"]}]},{\"@type\":\"BreadcrumbList\",\"@id\":\"https:\/\/graziamagazine.com\/es\/articles\/la-reina-letizia-apuesta-por-la-moda-adlib-en-mallorca\/#breadcrumb\",\"itemListElement\":[{\"@type\":\"ListItem\",\"position\":1,\"name\":\"Portada\",\"item\":\"https:\/\/graziamagazine.com\/es\/\"},{\"@type\":\"ListItem\",\"position\":2,\"name\":\"La reina Letizia apuesta por la moda Adlib en Mallorca\"}]},{\"@type\":\"WebSite\",\"@id\":\"https:\/\/graziamagazine.com\/es\/#website\",\"url\":\"https:\/\/graziamagazine.com\/es\/\",\"name\":\"Grazia\",\"description\":\"Moda, belleza, celebrities, estilo de vida...\",\"potentialAction\":[{\"@type\":\"SearchAction\",\"target\":{\"@type\":\"EntryPoint\",\"urlTemplate\":\"https:\/\/graziamagazine.com\/es\/?s={search_term_string}\"},\"query-input\":\"required name=search_term_string\"}],\"inLanguage\":\"es\"}]}<\/script>\n<!-- \/ Yoast SEO Premium plugin. -->","yoast_head_json":{"title":"La reina Letizia apuesta por la moda Adlib en Mallorca","description":"La reina volvi\u00f3 a hacer un gui\u00f1o a la moda de la isla y la dise\u00f1adora Virginia Vald lo ha ideado y creado en exclusiva para ella.","robots":{"index":"index","follow":"follow","max-snippet":"max-snippet:-1","max-image-preview":"max-image-preview:large","max-video-preview":"max-video-preview:-1"},"canonical":"https:\/\/graziamagazine.com\/es\/articles\/la-reina-letizia-apuesta-por-la-moda-adlib-en-mallorca\/","og_locale":"es_ES","og_type":"article","og_title":"La reina Letizia apuesta por la moda Adlib en Mallorca","og_description":"La reina volvi\u00f3 a hacer un gui\u00f1o a la moda de la isla y la dise\u00f1adora Virginia Vald lo ha ideado y creado en exclusiva para ella.","og_url":"https:\/\/graziamagazine.com\/es\/articles\/la-reina-letizia-apuesta-por-la-moda-adlib-en-mallorca\/","og_site_name":"Grazia","og_image":[{"width":1200,"height":900,"url":"https:\/\/graziamagazine.com\/es\/wp-content\/uploads\/sites\/12\/2024\/08\/f.elconfidencial.com_original_63d_eca_378_63deca378ecb08f8d65d6d7e2979a7b4-copia.jpeg","type":"image\/jpeg"}],"twitter_card":"summary_large_image","twitter_misc":{"Est. reading time":"3 minutos"},"schema":{"@context":"https:\/\/schema.org","@graph":[{"@type":"WebPage","@id":"https:\/\/graziamagazine.com\/es\/articles\/la-reina-letizia-apuesta-por-la-moda-adlib-en-mallorca\/","url":"https:\/\/graziamagazine.com\/es\/articles\/la-reina-letizia-apuesta-por-la-moda-adlib-en-mallorca\/","name":"La reina Letizia apuesta por la moda Adlib en Mallorca","isPartOf":{"@id":"https:\/\/graziamagazine.com\/es\/#website"},"datePublished":"2024-08-06T06:55:46+00:00","dateModified":"2024-08-06T06:55:46+00:00","description":"La reina volvi\u00f3 a hacer un gui\u00f1o a la moda de la isla y la dise\u00f1adora Virginia Vald lo ha ideado y creado en exclusiva para ella.","breadcrumb":{"@id":"https:\/\/graziamagazine.com\/es\/articles\/la-reina-letizia-apuesta-por-la-moda-adlib-en-mallorca\/#breadcrumb"},"inLanguage":"es","potentialAction":[{"@type":"ReadAction","target":["https:\/\/graziamagazine.com\/es\/articles\/la-reina-letizia-apuesta-por-la-moda-adlib-en-mallorca\/"]}]},{"@type":"BreadcrumbList","@id":"https:\/\/graziamagazine.com\/es\/articles\/la-reina-letizia-apuesta-por-la-moda-adlib-en-mallorca\/#breadcrumb","itemListElement":[{"@type":"ListItem","position":1,"name":"Portada","item":"https:\/\/graziamagazine.com\/es\/"},{"@type":"ListItem","position":2,"name":"La reina Letizia apuesta por la moda Adlib en Mallorca"}]},{"@type":"WebSite","@id":"https:\/\/graziamagazine.com\/es\/#website","url":"https:\/\/graziamagazine.com\/es\/","name":"Grazia","description":"Moda, belleza, celebrities, estilo de vida...","potentialAction":[{"@type":"SearchAction","target":{"@type":"EntryPoint","urlTemplate":"https:\/\/graziamagazine.com\/es\/?s={search_term_string}"},"query-input":"required name=search_term_string"}],"inLanguage":"es"}]}},"jetpack_sharing_enabled":true,"distributor_meta":false,"distributor_terms":false,"distributor_media":false,"distributor_original_site_name":"Grazia","distributor_original_site_url":"https:\/\/graziamagazine.com\/es","push-errors":false,"_links":{"self":[{"href":"https:\/\/graziamagazine.com\/es\/wp-json\/wp\/v2\/articles\/178062"}],"collection":[{"href":"https:\/\/graziamagazine.com\/es\/wp-json\/wp\/v2\/articles"}],"about":[{"href":"https:\/\/graziamagazine.com\/es\/wp-json\/wp\/v2\/types\/articles"}],"author":[{"embeddable":true,"href":"https:\/\/graziamagazine.com\/es\/wp-json\/wp\/v2\/users\/11653"}],"wp:featuredmedia":[{"embeddable":true,"href":"https:\/\/graziamagazine.com\/es\/wp-json\/wp\/v2\/media\/178070"}],"wp:attachment":[{"href":"https:\/\/graziamagazine.com\/es\/wp-json\/wp\/v2\/media?parent=178062"}],"wp:term":[{"taxonomy":"category","embeddable":true,"href":"https:\/\/graziamagazine.com\/es\/wp-json\/wp\/v2\/categories?post=178062"}],"curies":[{"name":"wp","href":"https:\/\/api.w.org\/{rel}","templated":true}]}}