{"id":177915,"date":"2024-07-31T09:00:08","date_gmt":"2024-07-31T07:00:08","guid":{"rendered":"https:\/\/graziamagazine.com\/es\/?post_type=articles&#038;p=177915"},"modified":"2024-07-31T00:26:31","modified_gmt":"2024-07-30T22:26:31","slug":"la-herramienta-favorita-de-lolalolita-para-presumir-de-melena-este-verano","status":"publish","type":"articles","link":"https:\/\/graziamagazine.com\/es\/articles\/la-herramienta-favorita-de-lolalolita-para-presumir-de-melena-este-verano\/","title":{"rendered":"La herramienta favorita de Lolalolita para presumir de melena este verano"},"content":{"rendered":"<p dir=\"ltr\">Peinar el cabello en verano a veces se convierte en una de las tareas m\u00e1s complicadas de conseguir, sobre todo cuando queremos encontrar el dif\u00edcil equilibrio entre tener un pelo sano &#8211; estilizado y someterlo a las altas temperaturas de las herramientas de calor. Algo todav\u00eda m\u00e1s complicado de evitar si se trata de una rutina que realizamos a diario de vacaciones.<\/p>\n<p dir=\"ltr\">Dominar el pelo rebelde con encrespamiento requiere dedicaci\u00f3n y paciencia, pero ayer la influencer Lolalolita compart\u00eda v\u00eda stories la herramienta que utiliza durante sus vacaciones para no comprometer la salud de su melena sin renunciar al estilo. Se trata de la herramienta 2 en 1 GHD Duet Style que seca y plancha al pelo a la vez desde la primera pasada. Adem\u00e1s, ahora est\u00e1 rebajada con 60\u20ac menos de su precio original.<\/p>\n<p dir=\"ltr\"><img loading=\"lazy\" decoding=\"async\" class=\"aligncenter size-full wp-image-177917\" src=\"https:\/\/graziamagazine.com\/es\/wp-content\/uploads\/sites\/12\/2024\/07\/NdP_IMAGEN_INTERIOR_7.png\" alt=\"\" width=\"900\" height=\"1350\" srcset=\"https:\/\/graziamagazine.com\/es\/wp-content\/uploads\/sites\/12\/2024\/07\/NdP_IMAGEN_INTERIOR_7.png 900w, https:\/\/graziamagazine.com\/es\/wp-content\/uploads\/sites\/12\/2024\/07\/NdP_IMAGEN_INTERIOR_7-200x300.png 200w, https:\/\/graziamagazine.com\/es\/wp-content\/uploads\/sites\/12\/2024\/07\/NdP_IMAGEN_INTERIOR_7-683x1024.png 683w, https:\/\/graziamagazine.com\/es\/wp-content\/uploads\/sites\/12\/2024\/07\/NdP_IMAGEN_INTERIOR_7-768x1152.png 768w, https:\/\/graziamagazine.com\/es\/wp-content\/uploads\/sites\/12\/2024\/07\/NdP_IMAGEN_INTERIOR_7-400x600.png 400w, https:\/\/graziamagazine.com\/es\/wp-content\/uploads\/sites\/12\/2024\/07\/NdP_IMAGEN_INTERIOR_7-143x215.png 143w\" sizes=\"(max-width: 900px) 100vw, 900px\" \/><\/p>\n<h3 dir=\"ltr\">\u00bfQu\u00e9 consigue esta herramienta?<\/h3>\n<p dir=\"ltr\">La plancha de pelo de aire caliente 2 en 1 GHD Duet Style, con tecnolog\u00eda Air-Fusion, es capaz de trabajar tambi\u00e9n con pelo h\u00famero, al estar espec\u00edficamente dise\u00f1ada para ello. \u00bfEl secreto? Es capaz de secar y estilizar sin resecar el cabello, ya que gracias a su tecnolog\u00eda retiene la humedad natural. Funciona a trav\u00e9s de una c\u00e1mara de secado que trabaja en combinaci\u00f3n con cuatro placas de peinado inteligentes (todo ello a baja temperatura) y que alisan el cabello. Tambi\u00e9n incorpora un innovador sistema ac\u00fastico reduce los niveles de sonido durante el modo de secado, ideal para aquellos d\u00edas en los que necesitamos ser todo lo eficientes posibles y conseguir un acabado r\u00e1pido con sus m\u00faltiples funciones. Sumado a lo anterior, cuenta con sensores capaces de predecir tus necesidades, con los que consigue que el pelo est\u00e9 extremadamente liso, pulido y brillante.<\/p>\n<p dir=\"ltr\"><img loading=\"lazy\" decoding=\"async\" class=\"aligncenter size-full wp-image-177916\" src=\"https:\/\/graziamagazine.com\/es\/wp-content\/uploads\/sites\/12\/2024\/07\/GHD_Duet_Style_box_419E-e1722378229491.png\" alt=\"\" width=\"994\" height=\"576\" srcset=\"https:\/\/graziamagazine.com\/es\/wp-content\/uploads\/sites\/12\/2024\/07\/GHD_Duet_Style_box_419E-e1722378229491.png 994w, https:\/\/graziamagazine.com\/es\/wp-content\/uploads\/sites\/12\/2024\/07\/GHD_Duet_Style_box_419E-e1722378229491-300x174.png 300w, https:\/\/graziamagazine.com\/es\/wp-content\/uploads\/sites\/12\/2024\/07\/GHD_Duet_Style_box_419E-e1722378229491-768x445.png 768w, https:\/\/graziamagazine.com\/es\/wp-content\/uploads\/sites\/12\/2024\/07\/GHD_Duet_Style_box_419E-e1722378229491-400x232.png 400w, https:\/\/graziamagazine.com\/es\/wp-content\/uploads\/sites\/12\/2024\/07\/GHD_Duet_Style_box_419E-e1722378229491-155x90.png 155w\" sizes=\"(max-width: 994px) 100vw, 994px\" \/><\/p>\n<p dir=\"ltr\"><a href=\"https:\/\/www.ghdhair.com\/es\/planchas-de-aire-caliente\/plancha-duet-style-negra-p-612\" target=\"_blank\" rel=\"noopener noreferrer\" data-auth=\"NotApplicable\" data-linkindex=\"4\" target=\"_blank\">GHD Duet Style, plancha de pelo de aire caliente de GHD. PVP: antes 419\u20ac, (ahora 359\u20ac<\/a>)<\/p>\n<p dir=\"ltr\">Al mantener una temperatura de peinado baja, es \u00f3ptimo para el peinado desde la ra\u00edz hasta las puntas, mientras se respeta la hidrataci\u00f3n natural de tu cabello, sin da\u00f1o t\u00e9rmico, sin resecar, ni quemar. El resultado es un pelo suave que dura hasta 48 horas y con 2 veces m\u00e1s brillo. La soluci\u00f3n definitiva para no volver a ver ni una se\u00f1al de \u2018frizz\u2019 en todo el d\u00eda.<\/p>\n<p dir=\"ltr\"><em>*Im\u00e1genes: Instagram y cortes\u00eda<\/em><\/p>\n","protected":false},"author":11653,"featured_media":177919,"template":"","format":"standard","categories":[13],"acf":[],"yoast_head":"<!-- This site is optimized with the Yoast SEO Premium plugin v18.5 (Yoast SEO v20.4) - https:\/\/yoast.com\/wordpress\/plugins\/seo\/ -->\n<title>La herramienta favorita de Lolalolita para presumir de melena<\/title>\n<meta name=\"description\" content=\"Secar y estilizar tu pelo despu\u00e9s de la playa nunca fue tan f\u00e1cil gracias a esta herramienta 2 en 1 que no da\u00f1ar\u00e1 tu cabello.\" \/>\n<meta name=\"robots\" content=\"index, follow, max-snippet:-1, max-image-preview:large, max-video-preview:-1\" \/>\n<link rel=\"canonical\" href=\"https:\/\/graziamagazine.com\/es\/articles\/la-herramienta-favorita-de-lolalolita-para-presumir-de-melena-este-verano\/\" \/>\n<meta property=\"og:locale\" content=\"es_ES\" \/>\n<meta property=\"og:type\" content=\"article\" \/>\n<meta property=\"og:title\" content=\"La herramienta favorita de Lolalolita para presumir de melena este verano\" \/>\n<meta property=\"og:description\" content=\"Secar y estilizar tu pelo despu\u00e9s de la playa nunca fue tan f\u00e1cil gracias a esta herramienta 2 en 1 que no da\u00f1ar\u00e1 tu cabello.\" \/>\n<meta property=\"og:url\" content=\"https:\/\/graziamagazine.com\/es\/articles\/la-herramienta-favorita-de-lolalolita-para-presumir-de-melena-este-verano\/\" \/>\n<meta property=\"og:site_name\" content=\"Grazia\" \/>\n<meta property=\"article:modified_time\" content=\"2024-07-30T22:26:31+00:00\" \/>\n<meta property=\"og:image\" content=\"https:\/\/graziamagazine.com\/es\/wp-content\/uploads\/sites\/12\/2024\/07\/NdP_IMAGEN_PORTADA_72.png\" \/>\n\t<meta property=\"og:image:width\" content=\"1500\" \/>\n\t<meta property=\"og:image:height\" content=\"1000\" \/>\n\t<meta property=\"og:image:type\" content=\"image\/png\" \/>\n<meta name=\"twitter:card\" content=\"summary_large_image\" \/>\n<meta name=\"twitter:label1\" content=\"Est. reading time\" \/>\n\t<meta name=\"twitter:data1\" content=\"3 minutos\" \/>\n<script type=\"application\/ld+json\" class=\"yoast-schema-graph\">{\"@context\":\"https:\/\/schema.org\",\"@graph\":[{\"@type\":\"WebPage\",\"@id\":\"https:\/\/graziamagazine.com\/es\/articles\/la-herramienta-favorita-de-lolalolita-para-presumir-de-melena-este-verano\/\",\"url\":\"https:\/\/graziamagazine.com\/es\/articles\/la-herramienta-favorita-de-lolalolita-para-presumir-de-melena-este-verano\/\",\"name\":\"La herramienta favorita de Lolalolita para presumir de melena\",\"isPartOf\":{\"@id\":\"https:\/\/graziamagazine.com\/es\/#website\"},\"datePublished\":\"2024-07-31T07:00:08+00:00\",\"dateModified\":\"2024-07-30T22:26:31+00:00\",\"description\":\"Secar y estilizar tu pelo despu\u00e9s de la playa nunca fue tan f\u00e1cil gracias a esta herramienta 2 en 1 que no da\u00f1ar\u00e1 tu cabello.\",\"breadcrumb\":{\"@id\":\"https:\/\/graziamagazine.com\/es\/articles\/la-herramienta-favorita-de-lolalolita-para-presumir-de-melena-este-verano\/#breadcrumb\"},\"inLanguage\":\"es\",\"potentialAction\":[{\"@type\":\"ReadAction\",\"target\":[\"https:\/\/graziamagazine.com\/es\/articles\/la-herramienta-favorita-de-lolalolita-para-presumir-de-melena-este-verano\/\"]}]},{\"@type\":\"BreadcrumbList\",\"@id\":\"https:\/\/graziamagazine.com\/es\/articles\/la-herramienta-favorita-de-lolalolita-para-presumir-de-melena-este-verano\/#breadcrumb\",\"itemListElement\":[{\"@type\":\"ListItem\",\"position\":1,\"name\":\"Portada\",\"item\":\"https:\/\/graziamagazine.com\/es\/\"},{\"@type\":\"ListItem\",\"position\":2,\"name\":\"La herramienta favorita de Lolalolita para presumir de melena este verano\"}]},{\"@type\":\"WebSite\",\"@id\":\"https:\/\/graziamagazine.com\/es\/#website\",\"url\":\"https:\/\/graziamagazine.com\/es\/\",\"name\":\"Grazia\",\"description\":\"Moda, belleza, celebrities, estilo de vida...\",\"potentialAction\":[{\"@type\":\"SearchAction\",\"target\":{\"@type\":\"EntryPoint\",\"urlTemplate\":\"https:\/\/graziamagazine.com\/es\/?s={search_term_string}\"},\"query-input\":\"required name=search_term_string\"}],\"inLanguage\":\"es\"}]}<\/script>\n<!-- \/ Yoast SEO Premium plugin. -->","yoast_head_json":{"title":"La herramienta favorita de Lolalolita para presumir de melena","description":"Secar y estilizar tu pelo despu\u00e9s de la playa nunca fue tan f\u00e1cil gracias a esta herramienta 2 en 1 que no da\u00f1ar\u00e1 tu cabello.","robots":{"index":"index","follow":"follow","max-snippet":"max-snippet:-1","max-image-preview":"max-image-preview:large","max-video-preview":"max-video-preview:-1"},"canonical":"https:\/\/graziamagazine.com\/es\/articles\/la-herramienta-favorita-de-lolalolita-para-presumir-de-melena-este-verano\/","og_locale":"es_ES","og_type":"article","og_title":"La herramienta favorita de Lolalolita para presumir de melena este verano","og_description":"Secar y estilizar tu pelo despu\u00e9s de la playa nunca fue tan f\u00e1cil gracias a esta herramienta 2 en 1 que no da\u00f1ar\u00e1 tu cabello.","og_url":"https:\/\/graziamagazine.com\/es\/articles\/la-herramienta-favorita-de-lolalolita-para-presumir-de-melena-este-verano\/","og_site_name":"Grazia","article_modified_time":"2024-07-30T22:26:31+00:00","og_image":[{"width":1500,"height":1000,"url":"https:\/\/graziamagazine.com\/es\/wp-content\/uploads\/sites\/12\/2024\/07\/NdP_IMAGEN_PORTADA_72.png","type":"image\/png"}],"twitter_card":"summary_large_image","twitter_misc":{"Est. reading time":"3 minutos"},"schema":{"@context":"https:\/\/schema.org","@graph":[{"@type":"WebPage","@id":"https:\/\/graziamagazine.com\/es\/articles\/la-herramienta-favorita-de-lolalolita-para-presumir-de-melena-este-verano\/","url":"https:\/\/graziamagazine.com\/es\/articles\/la-herramienta-favorita-de-lolalolita-para-presumir-de-melena-este-verano\/","name":"La herramienta favorita de Lolalolita para presumir de melena","isPartOf":{"@id":"https:\/\/graziamagazine.com\/es\/#website"},"datePublished":"2024-07-31T07:00:08+00:00","dateModified":"2024-07-30T22:26:31+00:00","description":"Secar y estilizar tu pelo despu\u00e9s de la playa nunca fue tan f\u00e1cil gracias a esta herramienta 2 en 1 que no da\u00f1ar\u00e1 tu cabello.","breadcrumb":{"@id":"https:\/\/graziamagazine.com\/es\/articles\/la-herramienta-favorita-de-lolalolita-para-presumir-de-melena-este-verano\/#breadcrumb"},"inLanguage":"es","potentialAction":[{"@type":"ReadAction","target":["https:\/\/graziamagazine.com\/es\/articles\/la-herramienta-favorita-de-lolalolita-para-presumir-de-melena-este-verano\/"]}]},{"@type":"BreadcrumbList","@id":"https:\/\/graziamagazine.com\/es\/articles\/la-herramienta-favorita-de-lolalolita-para-presumir-de-melena-este-verano\/#breadcrumb","itemListElement":[{"@type":"ListItem","position":1,"name":"Portada","item":"https:\/\/graziamagazine.com\/es\/"},{"@type":"ListItem","position":2,"name":"La herramienta favorita de Lolalolita para presumir de melena este verano"}]},{"@type":"WebSite","@id":"https:\/\/graziamagazine.com\/es\/#website","url":"https:\/\/graziamagazine.com\/es\/","name":"Grazia","description":"Moda, belleza, celebrities, estilo de vida...","potentialAction":[{"@type":"SearchAction","target":{"@type":"EntryPoint","urlTemplate":"https:\/\/graziamagazine.com\/es\/?s={search_term_string}"},"query-input":"required name=search_term_string"}],"inLanguage":"es"}]}},"jetpack_sharing_enabled":true,"distributor_meta":false,"distributor_terms":false,"distributor_media":false,"distributor_original_site_name":"Grazia","distributor_original_site_url":"https:\/\/graziamagazine.com\/es","push-errors":false,"_links":{"self":[{"href":"https:\/\/graziamagazine.com\/es\/wp-json\/wp\/v2\/articles\/177915"}],"collection":[{"href":"https:\/\/graziamagazine.com\/es\/wp-json\/wp\/v2\/articles"}],"about":[{"href":"https:\/\/graziamagazine.com\/es\/wp-json\/wp\/v2\/types\/articles"}],"author":[{"embeddable":true,"href":"https:\/\/graziamagazine.com\/es\/wp-json\/wp\/v2\/users\/11653"}],"wp:featuredmedia":[{"embeddable":true,"href":"https:\/\/graziamagazine.com\/es\/wp-json\/wp\/v2\/media\/177919"}],"wp:attachment":[{"href":"https:\/\/graziamagazine.com\/es\/wp-json\/wp\/v2\/media?parent=177915"}],"wp:term":[{"taxonomy":"category","embeddable":true,"href":"https:\/\/graziamagazine.com\/es\/wp-json\/wp\/v2\/categories?post=177915"}],"curies":[{"name":"wp","href":"https:\/\/api.w.org\/{rel}","templated":true}]}}