{"id":177833,"date":"2024-07-26T08:23:07","date_gmt":"2024-07-26T06:23:07","guid":{"rendered":"https:\/\/graziamagazine.com\/es\/?post_type=articles&#038;p=177833"},"modified":"2024-07-26T08:23:07","modified_gmt":"2024-07-26T06:23:07","slug":"kamala-harris-y-el-llamado-acantilado-de-cristal","status":"publish","type":"articles","link":"https:\/\/graziamagazine.com\/es\/articles\/kamala-harris-y-el-llamado-acantilado-de-cristal\/","title":{"rendered":"Kamala Harris y el llamado \u2018acantilado de cristal\u2019"},"content":{"rendered":"<p><span style=\"font-weight: 400\"><strong>Kamala Harris<\/strong> est\u00e1 viviendo un momento trascendental en su carrera pol\u00edtica. Tras el anuncio del presidente de Estados Unidos, <strong>Joe Biden,<\/strong> de retirarse de la candidatura por la reelecci\u00f3n presidencial, el nombre de la vicepresidenta ha surgido como posible sucesora.\u00a0<\/span><\/p>\n<p><span style=\"font-weight: 400\">Sin embargo, ahora se le relaciona a Kamala con el fen\u00f3meno del \u201c<strong>acantilado de cristal<\/strong>\u201d. Este t\u00e9rmino se refiere a la tendencia de que las mujeres accedan a posiciones de <strong>liderazgo en tiempos de crisis,<\/strong> cuando las probabilidades de fracaso son mayores. Esta situaci\u00f3n pone de manifiesto la aparente contradicci\u00f3n de que, aunque se considere que las mujeres tienen una mayor capacidad para liderar en momentos dif\u00edciles, tambi\u00e9n se nos utiliza estrat\u00e9gicamente para mostrar un supuesto cambio en la manera de hacer las cosas.<\/span><\/p>\n<p><span style=\"font-weight: 400\">El caso de Kamala Harris ilustra perfectamente este fen\u00f3meno. Muchas personas se preguntan<strong> por qu\u00e9 no fue candidata desde el principio<\/strong>, considerando la avanzada edad de Biden y su estado de salud. Parece que solo una crisis pol\u00edtica de esta magnitud permiti\u00f3 que una mujer, y adem\u00e1s una mujer afroamericana, fuera considerada seriamente como candidata a la presidencia.<\/span><\/p>\n        <blockquote class=\"instagram-media \" style=\"background: #ffffff;border: 0;margin: 1px;width: 100%;padding: 0;\"  data-instgrm-permalink=\"https:\/\/www.instagram.com\/p\/C9ssvQUJVtC\/\" data-instgrm-version=\"14\"><\/blockquote>\n<p><span style=\"font-weight: 400\">La investigadora <strong>Michele K. Ryan<\/strong>, quien acu\u00f1\u00f3 el t\u00e9rmino \u201cacantilado de cristal\u201d en 2004, se\u00f1ala que este fen\u00f3meno puede distorsionar la percepci\u00f3n de las capacidades de liderazgo de las mujeres. Cuando las empresas o instituciones funcionan peor bajo el liderazgo de una mujer, se tiende a culparlas, ignorando que muchas veces fueron puestas en situaciones que ya eran desfavorables.<\/span><\/p>\n<p><span style=\"font-weight: 400\">Es importante entender que este \u201cacantilado de cristal\u201d no se limita al \u00e1mbito pol\u00edtico, sino que se extiende a<strong> grandes empresas, deportes y otros sectores<\/strong> donde las mujeres han comenzado a romper el \u201ctecho de cristal\u201d.\u00a0<\/span><\/p>\n<p><span style=\"font-weight: 400\">El ascenso de Kamala Harris como posible candidata presidencial es un hito significativo, pero tambi\u00e9n una oportunidad para reflexionar sobre los retos que enfrentan las mujeres en el liderazgo. Mientras nos preparamos para los resultados electorales, es crucial reconocer y cuestionar las estructuras que perpet\u00faan estos obst\u00e1culos y trabajar hacia un entorno donde el liderazgo femenino no sea solo una opci\u00f3n en tiempos de crisis.<\/span><\/p>\n<p><span style=\"font-weight: 400\">Kamala Harris est\u00e1 en el centro de una narrativa compleja y desafiante. Su historia nos invita a mirar m\u00e1s all\u00e1 de los triunfos individuales y a enfocarnos en los <strong>cambios sist\u00e9micos<\/strong> necesarios para una verdadera igualdad de g\u00e9nero en todos los \u00e1mbitos de la sociedad.<\/span><\/p>\n<p><em>*Imagen: Getty Images<\/em><\/p>\n","protected":false},"author":16349,"featured_media":177836,"template":"","format":"standard","categories":[2971],"acf":{"banner":null},"yoast_head":"<!-- This site is optimized with the Yoast SEO Premium plugin v18.5 (Yoast SEO v20.4) - https:\/\/yoast.com\/wordpress\/plugins\/seo\/ -->\n<title>Kamala Harris y el llamado \u2018acantilado de cristal\u2019<\/title>\n<meta name=\"description\" content=\"Con la entrada de la actual vicepresidenta en las elecciones presidenciales de Estados Unidos, este fen\u00f3meno social regresa.\" \/>\n<meta name=\"robots\" content=\"index, follow, max-snippet:-1, max-image-preview:large, max-video-preview:-1\" \/>\n<link rel=\"canonical\" href=\"https:\/\/graziamagazine.com\/es\/articles\/kamala-harris-y-el-llamado-acantilado-de-cristal\/\" \/>\n<meta property=\"og:locale\" content=\"es_ES\" \/>\n<meta property=\"og:type\" content=\"article\" \/>\n<meta property=\"og:title\" content=\"Kamala Harris y el llamado \u2018acantilado de cristal\u2019\" \/>\n<meta property=\"og:description\" content=\"Con la entrada de la actual vicepresidenta en las elecciones presidenciales de Estados Unidos, este fen\u00f3meno social regresa.\" \/>\n<meta property=\"og:url\" content=\"https:\/\/graziamagazine.com\/es\/articles\/kamala-harris-y-el-llamado-acantilado-de-cristal\/\" \/>\n<meta property=\"og:site_name\" content=\"Grazia\" \/>\n<meta property=\"og:image\" content=\"https:\/\/graziamagazine.com\/es\/wp-content\/uploads\/sites\/12\/2024\/07\/AAHQ6KXBRREWREEAXKBPXLNMY4-copia.jpg\" \/>\n\t<meta property=\"og:image:width\" content=\"1200\" \/>\n\t<meta property=\"og:image:height\" content=\"675\" \/>\n\t<meta property=\"og:image:type\" content=\"image\/jpeg\" \/>\n<meta name=\"twitter:card\" content=\"summary_large_image\" \/>\n<meta name=\"twitter:label1\" content=\"Est. reading time\" \/>\n\t<meta name=\"twitter:data1\" content=\"2 minutos\" \/>\n<script type=\"application\/ld+json\" class=\"yoast-schema-graph\">{\"@context\":\"https:\/\/schema.org\",\"@graph\":[{\"@type\":\"WebPage\",\"@id\":\"https:\/\/graziamagazine.com\/es\/articles\/kamala-harris-y-el-llamado-acantilado-de-cristal\/\",\"url\":\"https:\/\/graziamagazine.com\/es\/articles\/kamala-harris-y-el-llamado-acantilado-de-cristal\/\",\"name\":\"Kamala Harris y el llamado \u2018acantilado de cristal\u2019\",\"isPartOf\":{\"@id\":\"https:\/\/graziamagazine.com\/es\/#website\"},\"datePublished\":\"2024-07-26T06:23:07+00:00\",\"dateModified\":\"2024-07-26T06:23:07+00:00\",\"description\":\"Con la entrada de la actual vicepresidenta en las elecciones presidenciales de Estados Unidos, este fen\u00f3meno social regresa.\",\"breadcrumb\":{\"@id\":\"https:\/\/graziamagazine.com\/es\/articles\/kamala-harris-y-el-llamado-acantilado-de-cristal\/#breadcrumb\"},\"inLanguage\":\"es\",\"potentialAction\":[{\"@type\":\"ReadAction\",\"target\":[\"https:\/\/graziamagazine.com\/es\/articles\/kamala-harris-y-el-llamado-acantilado-de-cristal\/\"]}]},{\"@type\":\"BreadcrumbList\",\"@id\":\"https:\/\/graziamagazine.com\/es\/articles\/kamala-harris-y-el-llamado-acantilado-de-cristal\/#breadcrumb\",\"itemListElement\":[{\"@type\":\"ListItem\",\"position\":1,\"name\":\"Portada\",\"item\":\"https:\/\/graziamagazine.com\/es\/\"},{\"@type\":\"ListItem\",\"position\":2,\"name\":\"Kamala Harris y el llamado \u2018acantilado de cristal\u2019\"}]},{\"@type\":\"WebSite\",\"@id\":\"https:\/\/graziamagazine.com\/es\/#website\",\"url\":\"https:\/\/graziamagazine.com\/es\/\",\"name\":\"Grazia\",\"description\":\"Moda, belleza, celebrities, estilo de vida...\",\"potentialAction\":[{\"@type\":\"SearchAction\",\"target\":{\"@type\":\"EntryPoint\",\"urlTemplate\":\"https:\/\/graziamagazine.com\/es\/?s={search_term_string}\"},\"query-input\":\"required name=search_term_string\"}],\"inLanguage\":\"es\"}]}<\/script>\n<!-- \/ Yoast SEO Premium plugin. -->","yoast_head_json":{"title":"Kamala Harris y el llamado \u2018acantilado de cristal\u2019","description":"Con la entrada de la actual vicepresidenta en las elecciones presidenciales de Estados Unidos, este fen\u00f3meno social regresa.","robots":{"index":"index","follow":"follow","max-snippet":"max-snippet:-1","max-image-preview":"max-image-preview:large","max-video-preview":"max-video-preview:-1"},"canonical":"https:\/\/graziamagazine.com\/es\/articles\/kamala-harris-y-el-llamado-acantilado-de-cristal\/","og_locale":"es_ES","og_type":"article","og_title":"Kamala Harris y el llamado \u2018acantilado de cristal\u2019","og_description":"Con la entrada de la actual vicepresidenta en las elecciones presidenciales de Estados Unidos, este fen\u00f3meno social regresa.","og_url":"https:\/\/graziamagazine.com\/es\/articles\/kamala-harris-y-el-llamado-acantilado-de-cristal\/","og_site_name":"Grazia","og_image":[{"width":1200,"height":675,"url":"https:\/\/graziamagazine.com\/es\/wp-content\/uploads\/sites\/12\/2024\/07\/AAHQ6KXBRREWREEAXKBPXLNMY4-copia.jpg","type":"image\/jpeg"}],"twitter_card":"summary_large_image","twitter_misc":{"Est. reading time":"2 minutos"},"schema":{"@context":"https:\/\/schema.org","@graph":[{"@type":"WebPage","@id":"https:\/\/graziamagazine.com\/es\/articles\/kamala-harris-y-el-llamado-acantilado-de-cristal\/","url":"https:\/\/graziamagazine.com\/es\/articles\/kamala-harris-y-el-llamado-acantilado-de-cristal\/","name":"Kamala Harris y el llamado \u2018acantilado de cristal\u2019","isPartOf":{"@id":"https:\/\/graziamagazine.com\/es\/#website"},"datePublished":"2024-07-26T06:23:07+00:00","dateModified":"2024-07-26T06:23:07+00:00","description":"Con la entrada de la actual vicepresidenta en las elecciones presidenciales de Estados Unidos, este fen\u00f3meno social regresa.","breadcrumb":{"@id":"https:\/\/graziamagazine.com\/es\/articles\/kamala-harris-y-el-llamado-acantilado-de-cristal\/#breadcrumb"},"inLanguage":"es","potentialAction":[{"@type":"ReadAction","target":["https:\/\/graziamagazine.com\/es\/articles\/kamala-harris-y-el-llamado-acantilado-de-cristal\/"]}]},{"@type":"BreadcrumbList","@id":"https:\/\/graziamagazine.com\/es\/articles\/kamala-harris-y-el-llamado-acantilado-de-cristal\/#breadcrumb","itemListElement":[{"@type":"ListItem","position":1,"name":"Portada","item":"https:\/\/graziamagazine.com\/es\/"},{"@type":"ListItem","position":2,"name":"Kamala Harris y el llamado \u2018acantilado de cristal\u2019"}]},{"@type":"WebSite","@id":"https:\/\/graziamagazine.com\/es\/#website","url":"https:\/\/graziamagazine.com\/es\/","name":"Grazia","description":"Moda, belleza, celebrities, estilo de vida...","potentialAction":[{"@type":"SearchAction","target":{"@type":"EntryPoint","urlTemplate":"https:\/\/graziamagazine.com\/es\/?s={search_term_string}"},"query-input":"required name=search_term_string"}],"inLanguage":"es"}]}},"jetpack_sharing_enabled":true,"distributor_meta":false,"distributor_terms":false,"distributor_media":false,"distributor_original_site_name":"Grazia","distributor_original_site_url":"https:\/\/graziamagazine.com\/es","push-errors":false,"_links":{"self":[{"href":"https:\/\/graziamagazine.com\/es\/wp-json\/wp\/v2\/articles\/177833"}],"collection":[{"href":"https:\/\/graziamagazine.com\/es\/wp-json\/wp\/v2\/articles"}],"about":[{"href":"https:\/\/graziamagazine.com\/es\/wp-json\/wp\/v2\/types\/articles"}],"author":[{"embeddable":true,"href":"https:\/\/graziamagazine.com\/es\/wp-json\/wp\/v2\/users\/16349"}],"wp:featuredmedia":[{"embeddable":true,"href":"https:\/\/graziamagazine.com\/es\/wp-json\/wp\/v2\/media\/177836"}],"wp:attachment":[{"href":"https:\/\/graziamagazine.com\/es\/wp-json\/wp\/v2\/media?parent=177833"}],"wp:term":[{"taxonomy":"category","embeddable":true,"href":"https:\/\/graziamagazine.com\/es\/wp-json\/wp\/v2\/categories?post=177833"}],"curies":[{"name":"wp","href":"https:\/\/api.w.org\/{rel}","templated":true}]}}