{"id":177775,"date":"2024-07-24T09:59:58","date_gmt":"2024-07-24T07:59:58","guid":{"rendered":"https:\/\/graziamagazine.com\/es\/?post_type=articles&#038;p=177775"},"modified":"2024-07-24T09:59:58","modified_gmt":"2024-07-24T07:59:58","slug":"esto-sabemos-entre-disputa-bella-hadid-adidas","status":"publish","type":"articles","link":"https:\/\/graziamagazine.com\/es\/articles\/esto-sabemos-entre-disputa-bella-hadid-adidas\/","title":{"rendered":"Esto es lo que sabemos sobre la pol\u00e9mica de Bella Hadid y Adidas"},"content":{"rendered":"<p>Hace algunos d\u00edas, <strong>Adidas<\/strong> lanz\u00f3 una campa\u00f1a en el marco la inauguraci\u00f3n de los Juegos Ol\u00edmpicos de Par\u00eds 2024 para el relanzamiento de los tenis <strong>SL72<\/strong> que fueron estrenados en los Juegos de M\u00fanic de 1972. Sin embargo, <strong>la campa\u00f1a fue retirada<\/strong> el 18 de julio en medio de cr\u00edticas a la marca por haber elegido a la modelo <strong>Bella Hadid<\/strong> para promocionarla.<\/p>\n<p>Fue en los Juegos de M\u00fanic de 1972 donde se realiz\u00f3 un ataque terrorista donde murieron 11 atletas israel\u00edes y un polic\u00eda alem\u00e1n.<\/p>\n<p>La modelo es hija de un empresario palestino y es una <strong>activista cr\u00edtica<\/strong> en contra de la ofensiva de Israel en Palestina.<\/p>\n<p><img loading=\"lazy\" decoding=\"async\" class=\"aligncenter size-full wp-image-177783\" src=\"https:\/\/graziamagazine.com\/es\/wp-content\/uploads\/sites\/12\/2024\/07\/bella-hadid-adidas-ad-campaign-zz-240722-01-a82098-copia.jpg\" alt=\"\" width=\"1120\" height=\"1680\" srcset=\"https:\/\/graziamagazine.com\/es\/wp-content\/uploads\/sites\/12\/2024\/07\/bella-hadid-adidas-ad-campaign-zz-240722-01-a82098-copia.jpg 1120w, https:\/\/graziamagazine.com\/es\/wp-content\/uploads\/sites\/12\/2024\/07\/bella-hadid-adidas-ad-campaign-zz-240722-01-a82098-copia-200x300.jpg 200w, https:\/\/graziamagazine.com\/es\/wp-content\/uploads\/sites\/12\/2024\/07\/bella-hadid-adidas-ad-campaign-zz-240722-01-a82098-copia-683x1024.jpg 683w, https:\/\/graziamagazine.com\/es\/wp-content\/uploads\/sites\/12\/2024\/07\/bella-hadid-adidas-ad-campaign-zz-240722-01-a82098-copia-768x1152.jpg 768w, https:\/\/graziamagazine.com\/es\/wp-content\/uploads\/sites\/12\/2024\/07\/bella-hadid-adidas-ad-campaign-zz-240722-01-a82098-copia-1024x1536.jpg 1024w, https:\/\/graziamagazine.com\/es\/wp-content\/uploads\/sites\/12\/2024\/07\/bella-hadid-adidas-ad-campaign-zz-240722-01-a82098-copia-400x600.jpg 400w, https:\/\/graziamagazine.com\/es\/wp-content\/uploads\/sites\/12\/2024\/07\/bella-hadid-adidas-ad-campaign-zz-240722-01-a82098-copia-143x215.jpg 143w\" sizes=\"(max-width: 1120px) 100vw, 1120px\" \/><\/p>\n<p>\u201cSomos muy conscientes de que se han hecho <strong>v\u00ednculos con eventos hist\u00f3ricos tr\u00e1gicos<\/strong>, aunque fueron <strong>completamente involuntarios<\/strong>. Y pedimos disculpas por cualquier problema o angustia causada\u201d, dijo Adidas en un comunicado tras la retirada de la campa\u00f1a.<\/p>\n<p>La marca <strong>elimin\u00f3 todas las fotograf\u00edas<\/strong> de la campa\u00f1a en redes sociales y asegur\u00f3 la publicidad se mantendr\u00eda pero con otros modelos.<\/p>\n<p>Adem\u00e1s de Hadid, otras celebridades formaron parte de la campa\u00f1a como\u00a0<strong>A$AP Nast<\/strong>, <strong>Jules Kound\u00e9, la influencer\u00a0Sabrina Lan\u00a0y Melissa Bon<\/strong>.<\/p>\n<p><img loading=\"lazy\" decoding=\"async\" class=\"aligncenter size-full wp-image-177780\" src=\"https:\/\/graziamagazine.com\/es\/wp-content\/uploads\/sites\/12\/2024\/07\/bella-hadid-adidas-85695826_5fdc13-copia.jpg\" alt=\"\" width=\"1440\" height=\"1440\" srcset=\"https:\/\/graziamagazine.com\/es\/wp-content\/uploads\/sites\/12\/2024\/07\/bella-hadid-adidas-85695826_5fdc13-copia.jpg 1440w, https:\/\/graziamagazine.com\/es\/wp-content\/uploads\/sites\/12\/2024\/07\/bella-hadid-adidas-85695826_5fdc13-copia-300x300.jpg 300w, https:\/\/graziamagazine.com\/es\/wp-content\/uploads\/sites\/12\/2024\/07\/bella-hadid-adidas-85695826_5fdc13-copia-1024x1024.jpg 1024w, https:\/\/graziamagazine.com\/es\/wp-content\/uploads\/sites\/12\/2024\/07\/bella-hadid-adidas-85695826_5fdc13-copia-150x150.jpg 150w, https:\/\/graziamagazine.com\/es\/wp-content\/uploads\/sites\/12\/2024\/07\/bella-hadid-adidas-85695826_5fdc13-copia-768x768.jpg 768w, https:\/\/graziamagazine.com\/es\/wp-content\/uploads\/sites\/12\/2024\/07\/bella-hadid-adidas-85695826_5fdc13-copia-400x400.jpg 400w, https:\/\/graziamagazine.com\/es\/wp-content\/uploads\/sites\/12\/2024\/07\/bella-hadid-adidas-85695826_5fdc13-copia-155x155.jpg 155w\" sizes=\"(max-width: 1440px) 100vw, 1440px\" \/><\/p>\n<p>Por su parte, Bella Hadid tambi\u00e9n <strong>elimin\u00f3 las fotograf\u00edas de la campa\u00f1a<\/strong> en sus redes sociales y seg\u00fan inform\u00f3 <em>TMZ<\/em> el domingo, la modelo decidi\u00f3 tomar medidas legales en contra de la marca.<\/p>\n<p>Adem\u00e1s, agregaron que Bella ya contrat\u00f3 <strong>asesor\u00eda legal<\/strong>, los cuales tomaran medidas contra Adidas alegando falta de responsabilidad p\u00fablica. Las fuentes aseguraron que Bella sent\u00eda que encabezaron una campa\u00f1a cruel y da\u00f1ina.<\/p>\n<p><em>*Im\u00e1genes: Getty Images y cortes\u00eda<\/em><\/p>\n<p>&nbsp;<\/p>\n<p>&nbsp;<\/p>\n<p>&nbsp;<\/p>\n","protected":false},"author":36289,"featured_media":177784,"template":"","format":"standard","categories":[2971],"acf":{"banner":null},"yoast_head":"<!-- This site is optimized with the Yoast SEO Premium plugin v18.5 (Yoast SEO v20.4) - https:\/\/yoast.com\/wordpress\/plugins\/seo\/ -->\n<title>Esto es lo que sabemos sobre la pol\u00e9mica de Bella Hadid y Adidas | Grazia<\/title>\n<meta name=\"description\" content=\"Hace algunos d\u00edas, Adidas lanz\u00f3 una campa\u00f1a en el marco la inauguraci\u00f3n de los Juegos Ol\u00edmpicos de Par\u00eds 2024 para el relanzamiento de los tenis SL72 que\" \/>\n<meta name=\"robots\" content=\"index, follow, max-snippet:-1, max-image-preview:large, max-video-preview:-1\" \/>\n<link rel=\"canonical\" href=\"https:\/\/graziamagazine.com\/es\/articles\/esto-sabemos-entre-disputa-bella-hadid-adidas\/\" \/>\n<meta property=\"og:locale\" content=\"es_ES\" \/>\n<meta property=\"og:type\" content=\"article\" \/>\n<meta property=\"og:title\" content=\"Esto es lo que sabemos sobre la pol\u00e9mica de Bella Hadid y Adidas\" \/>\n<meta property=\"og:description\" content=\"Hace algunos d\u00edas, Adidas lanz\u00f3 una campa\u00f1a en el marco la inauguraci\u00f3n de los Juegos Ol\u00edmpicos de Par\u00eds 2024 para el relanzamiento de los tenis SL72 que\" \/>\n<meta property=\"og:url\" content=\"https:\/\/graziamagazine.com\/es\/articles\/esto-sabemos-entre-disputa-bella-hadid-adidas\/\" \/>\n<meta property=\"og:site_name\" content=\"Grazia\" \/>\n<meta property=\"og:image\" content=\"https:\/\/graziamagazine.com\/es\/wp-content\/uploads\/sites\/12\/2024\/07\/bella-hadid-adidas-85695825_d2f772-copia.jpg\" \/>\n\t<meta property=\"og:image:width\" content=\"2048\" \/>\n\t<meta property=\"og:image:height\" content=\"1152\" \/>\n\t<meta property=\"og:image:type\" content=\"image\/jpeg\" \/>\n<meta name=\"twitter:card\" content=\"summary_large_image\" \/>\n<meta name=\"twitter:label1\" content=\"Est. reading time\" \/>\n\t<meta name=\"twitter:data1\" content=\"2 minutos\" \/>\n<script type=\"application\/ld+json\" class=\"yoast-schema-graph\">{\"@context\":\"https:\/\/schema.org\",\"@graph\":[{\"@type\":\"WebPage\",\"@id\":\"https:\/\/graziamagazine.com\/es\/articles\/esto-sabemos-entre-disputa-bella-hadid-adidas\/\",\"url\":\"https:\/\/graziamagazine.com\/es\/articles\/esto-sabemos-entre-disputa-bella-hadid-adidas\/\",\"name\":\"Esto es lo que sabemos sobre la pol\u00e9mica de Bella Hadid y Adidas | Grazia\",\"isPartOf\":{\"@id\":\"https:\/\/graziamagazine.com\/es\/#website\"},\"datePublished\":\"2024-07-24T07:59:58+00:00\",\"dateModified\":\"2024-07-24T07:59:58+00:00\",\"description\":\"Hace algunos d\u00edas, Adidas lanz\u00f3 una campa\u00f1a en el marco la inauguraci\u00f3n de los Juegos Ol\u00edmpicos de Par\u00eds 2024 para el relanzamiento de los tenis SL72 que\",\"breadcrumb\":{\"@id\":\"https:\/\/graziamagazine.com\/es\/articles\/esto-sabemos-entre-disputa-bella-hadid-adidas\/#breadcrumb\"},\"inLanguage\":\"es\",\"potentialAction\":[{\"@type\":\"ReadAction\",\"target\":[\"https:\/\/graziamagazine.com\/es\/articles\/esto-sabemos-entre-disputa-bella-hadid-adidas\/\"]}]},{\"@type\":\"BreadcrumbList\",\"@id\":\"https:\/\/graziamagazine.com\/es\/articles\/esto-sabemos-entre-disputa-bella-hadid-adidas\/#breadcrumb\",\"itemListElement\":[{\"@type\":\"ListItem\",\"position\":1,\"name\":\"Portada\",\"item\":\"https:\/\/graziamagazine.com\/es\/\"},{\"@type\":\"ListItem\",\"position\":2,\"name\":\"Esto es lo que sabemos sobre la pol\u00e9mica de Bella Hadid y Adidas\"}]},{\"@type\":\"WebSite\",\"@id\":\"https:\/\/graziamagazine.com\/es\/#website\",\"url\":\"https:\/\/graziamagazine.com\/es\/\",\"name\":\"Grazia\",\"description\":\"Moda, belleza, celebrities, estilo de vida...\",\"potentialAction\":[{\"@type\":\"SearchAction\",\"target\":{\"@type\":\"EntryPoint\",\"urlTemplate\":\"https:\/\/graziamagazine.com\/es\/?s={search_term_string}\"},\"query-input\":\"required name=search_term_string\"}],\"inLanguage\":\"es\"}]}<\/script>\n<!-- \/ Yoast SEO Premium plugin. -->","yoast_head_json":{"title":"Esto es lo que sabemos sobre la pol\u00e9mica de Bella Hadid y Adidas | Grazia","description":"Hace algunos d\u00edas, Adidas lanz\u00f3 una campa\u00f1a en el marco la inauguraci\u00f3n de los Juegos Ol\u00edmpicos de Par\u00eds 2024 para el relanzamiento de los tenis SL72 que","robots":{"index":"index","follow":"follow","max-snippet":"max-snippet:-1","max-image-preview":"max-image-preview:large","max-video-preview":"max-video-preview:-1"},"canonical":"https:\/\/graziamagazine.com\/es\/articles\/esto-sabemos-entre-disputa-bella-hadid-adidas\/","og_locale":"es_ES","og_type":"article","og_title":"Esto es lo que sabemos sobre la pol\u00e9mica de Bella Hadid y Adidas","og_description":"Hace algunos d\u00edas, Adidas lanz\u00f3 una campa\u00f1a en el marco la inauguraci\u00f3n de los Juegos Ol\u00edmpicos de Par\u00eds 2024 para el relanzamiento de los tenis SL72 que","og_url":"https:\/\/graziamagazine.com\/es\/articles\/esto-sabemos-entre-disputa-bella-hadid-adidas\/","og_site_name":"Grazia","og_image":[{"width":2048,"height":1152,"url":"https:\/\/graziamagazine.com\/es\/wp-content\/uploads\/sites\/12\/2024\/07\/bella-hadid-adidas-85695825_d2f772-copia.jpg","type":"image\/jpeg"}],"twitter_card":"summary_large_image","twitter_misc":{"Est. reading time":"2 minutos"},"schema":{"@context":"https:\/\/schema.org","@graph":[{"@type":"WebPage","@id":"https:\/\/graziamagazine.com\/es\/articles\/esto-sabemos-entre-disputa-bella-hadid-adidas\/","url":"https:\/\/graziamagazine.com\/es\/articles\/esto-sabemos-entre-disputa-bella-hadid-adidas\/","name":"Esto es lo que sabemos sobre la pol\u00e9mica de Bella Hadid y Adidas | Grazia","isPartOf":{"@id":"https:\/\/graziamagazine.com\/es\/#website"},"datePublished":"2024-07-24T07:59:58+00:00","dateModified":"2024-07-24T07:59:58+00:00","description":"Hace algunos d\u00edas, Adidas lanz\u00f3 una campa\u00f1a en el marco la inauguraci\u00f3n de los Juegos Ol\u00edmpicos de Par\u00eds 2024 para el relanzamiento de los tenis SL72 que","breadcrumb":{"@id":"https:\/\/graziamagazine.com\/es\/articles\/esto-sabemos-entre-disputa-bella-hadid-adidas\/#breadcrumb"},"inLanguage":"es","potentialAction":[{"@type":"ReadAction","target":["https:\/\/graziamagazine.com\/es\/articles\/esto-sabemos-entre-disputa-bella-hadid-adidas\/"]}]},{"@type":"BreadcrumbList","@id":"https:\/\/graziamagazine.com\/es\/articles\/esto-sabemos-entre-disputa-bella-hadid-adidas\/#breadcrumb","itemListElement":[{"@type":"ListItem","position":1,"name":"Portada","item":"https:\/\/graziamagazine.com\/es\/"},{"@type":"ListItem","position":2,"name":"Esto es lo que sabemos sobre la pol\u00e9mica de Bella Hadid y Adidas"}]},{"@type":"WebSite","@id":"https:\/\/graziamagazine.com\/es\/#website","url":"https:\/\/graziamagazine.com\/es\/","name":"Grazia","description":"Moda, belleza, celebrities, estilo de vida...","potentialAction":[{"@type":"SearchAction","target":{"@type":"EntryPoint","urlTemplate":"https:\/\/graziamagazine.com\/es\/?s={search_term_string}"},"query-input":"required name=search_term_string"}],"inLanguage":"es"}]}},"jetpack_sharing_enabled":true,"distributor_meta":false,"distributor_terms":false,"distributor_media":false,"distributor_original_site_name":"Grazia","distributor_original_site_url":"https:\/\/graziamagazine.com\/es","push-errors":false,"_links":{"self":[{"href":"https:\/\/graziamagazine.com\/es\/wp-json\/wp\/v2\/articles\/177775"}],"collection":[{"href":"https:\/\/graziamagazine.com\/es\/wp-json\/wp\/v2\/articles"}],"about":[{"href":"https:\/\/graziamagazine.com\/es\/wp-json\/wp\/v2\/types\/articles"}],"author":[{"embeddable":true,"href":"https:\/\/graziamagazine.com\/es\/wp-json\/wp\/v2\/users\/36289"}],"wp:featuredmedia":[{"embeddable":true,"href":"https:\/\/graziamagazine.com\/es\/wp-json\/wp\/v2\/media\/177784"}],"wp:attachment":[{"href":"https:\/\/graziamagazine.com\/es\/wp-json\/wp\/v2\/media?parent=177775"}],"wp:term":[{"taxonomy":"category","embeddable":true,"href":"https:\/\/graziamagazine.com\/es\/wp-json\/wp\/v2\/categories?post=177775"}],"curies":[{"name":"wp","href":"https:\/\/api.w.org\/{rel}","templated":true}]}}