{"id":177657,"date":"2024-07-18T14:45:16","date_gmt":"2024-07-18T12:45:16","guid":{"rendered":"https:\/\/graziamagazine.com\/es\/?post_type=articles&#038;p=177657"},"modified":"2024-07-18T14:45:16","modified_gmt":"2024-07-18T12:45:16","slug":"el-cepillo-viral-que-seca-y-da-volumen-llega-a-espana","status":"publish","type":"articles","link":"https:\/\/graziamagazine.com\/es\/articles\/el-cepillo-viral-que-seca-y-da-volumen-llega-a-espana\/","title":{"rendered":"El cepillo viral que seca y da volumen llega a Espa\u00f1a"},"content":{"rendered":"<p>Las herramientas de peinados son, cada vez m\u00e1s, lo nuevos e imprescindibles objetos de deseo sobre todo para aquellas que quieren estar a la \u00faltima en cuesti\u00f3n de peinados. Adem\u00e1s, las Redes Sociales se est\u00e1n encargando de convertirlas en objetos virales, como miles y millones de seguidores en el mundo esperando para poder usarlos y sumarse a la tendencia.<\/p>\n<p>Al mercado espa\u00f1ol acaba de llegar una nueva herramienta de peinado que ya se ha convertido en viral en las redes gracias a los creadores de contenido. Se trata de <strong>Duet BlowDry, un cepillo secador creado por GHD<\/strong> 2 en 1 que se usa de mojado a seco y adem\u00e1s consigue un efecto volumen. \u00a1Todo en uno!<\/p>\n<p dir=\"ltr\">Dise\u00f1ado para utilizarlo con cabello mojado, cuenta con tecnolog\u00eda Heat-Air XChange, que garantiza un moldeado sin da\u00f1o t\u00e9rmico para reinventar la experiencia de secado: en conjunto, se obtiene tres veces m\u00e1s de volumen, un 50% m\u00e1s de brillo y la eliminaci\u00f3n total del encrespamiento.<\/p>\n<h3 dir=\"ltr\">BLOWDRY: NUEVA HERRAMIENTA QUE SE A\u00d1ADE A LA COLECCI\u00d3N DUET<\/h3>\n<p dir=\"ltr\">As\u00ed, transforma sin esfuerzo (ya que la herramienta es muy f\u00e1cil de usar) el cabello h\u00famedo en un secado lujoso, suave y voluminoso. Los cient\u00edficos e ingenieros de los laboratorios de I+D de <span class=\"mark8uunah2xl\" data-markjs=\"true\" data-ogac=\"\" data-ogab=\"\" data-ogsc=\"\" data-ogsb=\"\">GHD<\/span> en Cambridge, Reino Unido, han revolucionado una vez m\u00e1s la categor\u00eda de mojado a secado con el nuevo Duet Blowdry, tras el \u00e9xito viral de la Styler de aire caliente 2 en 1 <span class=\"mark8uunah2xl\" data-markjs=\"true\" data-ogac=\"\" data-ogab=\"\" data-ogsc=\"\" data-ogsb=\"\">GHD<\/span> Duet Style, que se lanz\u00f3 el a\u00f1o pasado y se ha convertido en una de las herramientas m\u00e1s vendidas de la firma.<\/p>\n<p dir=\"ltr\"><img loading=\"lazy\" decoding=\"async\" class=\"aligncenter size-full wp-image-177661\" src=\"https:\/\/graziamagazine.com\/es\/wp-content\/uploads\/sites\/12\/2024\/07\/664_DuetBlowdry_PLP_PrimaryImage_White_Global-copia-scaled.jpg\" alt=\"\" width=\"2560\" height=\"2560\" srcset=\"https:\/\/graziamagazine.com\/es\/wp-content\/uploads\/sites\/12\/2024\/07\/664_DuetBlowdry_PLP_PrimaryImage_White_Global-copia-scaled.jpg 2560w, https:\/\/graziamagazine.com\/es\/wp-content\/uploads\/sites\/12\/2024\/07\/664_DuetBlowdry_PLP_PrimaryImage_White_Global-copia-300x300.jpg 300w, https:\/\/graziamagazine.com\/es\/wp-content\/uploads\/sites\/12\/2024\/07\/664_DuetBlowdry_PLP_PrimaryImage_White_Global-copia-1024x1024.jpg 1024w, https:\/\/graziamagazine.com\/es\/wp-content\/uploads\/sites\/12\/2024\/07\/664_DuetBlowdry_PLP_PrimaryImage_White_Global-copia-150x150.jpg 150w, https:\/\/graziamagazine.com\/es\/wp-content\/uploads\/sites\/12\/2024\/07\/664_DuetBlowdry_PLP_PrimaryImage_White_Global-copia-768x768.jpg 768w, https:\/\/graziamagazine.com\/es\/wp-content\/uploads\/sites\/12\/2024\/07\/664_DuetBlowdry_PLP_PrimaryImage_White_Global-copia-1536x1536.jpg 1536w, https:\/\/graziamagazine.com\/es\/wp-content\/uploads\/sites\/12\/2024\/07\/664_DuetBlowdry_PLP_PrimaryImage_White_Global-copia-2048x2048.jpg 2048w, https:\/\/graziamagazine.com\/es\/wp-content\/uploads\/sites\/12\/2024\/07\/664_DuetBlowdry_PLP_PrimaryImage_White_Global-copia-400x400.jpg 400w, https:\/\/graziamagazine.com\/es\/wp-content\/uploads\/sites\/12\/2024\/07\/664_DuetBlowdry_PLP_PrimaryImage_White_Global-copia-155x155.jpg 155w\" sizes=\"(max-width: 2560px) 100vw, 2560px\" \/><\/p>\n<p dir=\"ltr\">\n<p dir=\"ltr\"><a href=\"https:\/\/www.ghdhair.com\/es\/cepillo-secador\/cepillo-ghd-duet-blowdry-negro-p-663\" rel=\"noopener noreferrer\" data-auth=\"NotApplicable\" data-linkindex=\"4\" target=\"_blank\">Cepillo secador moldeador Duet BlowDry, de\u00a0<span class=\"mark4lz0vbqxd\" data-markjs=\"true\" data-ogac=\"\" data-ogab=\"\" data-ogsc=\"\" data-ogsb=\"\">GHD<\/span>. PVP: 419\u20ac<\/a><\/p>\n<p dir=\"ltr\">Jeroen Temmerman, CEO de <span class=\"mark4lz0vbqxd\" data-markjs=\"true\" data-ogac=\"\" data-ogab=\"\" data-ogsc=\"\" data-ogsb=\"\">GHD<\/span>, ha comentado lo necesario que era un producto como este, que consiga replicar las tendencias de peinado m\u00e1s virales en poco tiempo y con un uso c\u00f3modo desde casa. \u201c<em>Nos dedicamos a superar los l\u00edmites de la belleza y con el lanzamiento del nuevo Duet Blowdry hemos revolucionado la categor\u00eda de mojado a secado una vez m\u00e1s. A diferencia de cualquier otro cepillo-secador cuenta con una tecnolog\u00eda pionera en su n\u00facleo, para unos resultados de secado perfectos. Este es el futuro de los secadores y har\u00e1 que todo el mundo tenga a\u00fan m\u00e1s &#8216;good hair days&#8217;<\/em>\u201d.<\/p>\n<h3 dir=\"ltr\">NUEVA TECNOLOG\u00cdA HEAT-AIR XCHANGE<\/h3>\n<p dir=\"ltr\">Dise\u00f1ada para su uso en cabello h\u00famedo, se trata de la primera herramienta que utiliza tecnolog\u00eda Heat-Air Xchange: un sistema aerodin\u00e1mico pionero que aprovecha el flujo de aire para calentar activamente el barril y las p\u00faas, creando secados dignos de un sal\u00f3n de belleza en casa, en todo tipo de cabellos, sin ning\u00fan da\u00f1o por calor y con un 40% menos de consumo de energ\u00eda que un secador y un cepillo.<\/p>\n<div class=\"content-gallery\"><div class=\"gallery-placeholder\"><div class=\"spinner\"><\/div><\/div><span class=\"gallery-pagination\"><\/span><div id=\"gallery-1\" class=\"gallery galleryid-177657 gallery-columns- gallery-size-\"><figure class=\"gallery-item\"><div class=\"gallery-icon landscape\"><img loading=\"lazy\" decoding=\"async\" width=\"900\" height=\"1350\" src=\"https:\/\/graziamagazine.com\/es\/wp-content\/uploads\/sites\/12\/2024\/07\/NdP_IMAGEN_INTERIOR_-_2024-07-10T111854.911.jpg\" class=\"lazy\" alt=\"\" srcset=\"https:\/\/graziamagazine.com\/es\/wp-content\/uploads\/sites\/12\/2024\/07\/NdP_IMAGEN_INTERIOR_-_2024-07-10T111854.911.jpg 900w, https:\/\/graziamagazine.com\/es\/wp-content\/uploads\/sites\/12\/2024\/07\/NdP_IMAGEN_INTERIOR_-_2024-07-10T111854.911-200x300.jpg 200w, https:\/\/graziamagazine.com\/es\/wp-content\/uploads\/sites\/12\/2024\/07\/NdP_IMAGEN_INTERIOR_-_2024-07-10T111854.911-683x1024.jpg 683w, https:\/\/graziamagazine.com\/es\/wp-content\/uploads\/sites\/12\/2024\/07\/NdP_IMAGEN_INTERIOR_-_2024-07-10T111854.911-768x1152.jpg 768w, https:\/\/graziamagazine.com\/es\/wp-content\/uploads\/sites\/12\/2024\/07\/NdP_IMAGEN_INTERIOR_-_2024-07-10T111854.911-400x600.jpg 400w, https:\/\/graziamagazine.com\/es\/wp-content\/uploads\/sites\/12\/2024\/07\/NdP_IMAGEN_INTERIOR_-_2024-07-10T111854.911-143x215.jpg 143w\" sizes=\"(max-width: 900px) 100vw, 900px\" \/><\/div><\/figure><figure class=\"gallery-item\"><div class=\"gallery-icon landscape\"><img loading=\"lazy\" decoding=\"async\" width=\"900\" height=\"1350\" src=\"https:\/\/graziamagazine.com\/es\/wp-content\/uploads\/sites\/12\/2024\/07\/NdP_IMAGEN_INTERIOR_-_2024-07-10T111914.375.jpg\" class=\"lazy\" alt=\"\" srcset=\"https:\/\/graziamagazine.com\/es\/wp-content\/uploads\/sites\/12\/2024\/07\/NdP_IMAGEN_INTERIOR_-_2024-07-10T111914.375.jpg 900w, https:\/\/graziamagazine.com\/es\/wp-content\/uploads\/sites\/12\/2024\/07\/NdP_IMAGEN_INTERIOR_-_2024-07-10T111914.375-200x300.jpg 200w, https:\/\/graziamagazine.com\/es\/wp-content\/uploads\/sites\/12\/2024\/07\/NdP_IMAGEN_INTERIOR_-_2024-07-10T111914.375-683x1024.jpg 683w, https:\/\/graziamagazine.com\/es\/wp-content\/uploads\/sites\/12\/2024\/07\/NdP_IMAGEN_INTERIOR_-_2024-07-10T111914.375-768x1152.jpg 768w, https:\/\/graziamagazine.com\/es\/wp-content\/uploads\/sites\/12\/2024\/07\/NdP_IMAGEN_INTERIOR_-_2024-07-10T111914.375-400x600.jpg 400w, https:\/\/graziamagazine.com\/es\/wp-content\/uploads\/sites\/12\/2024\/07\/NdP_IMAGEN_INTERIOR_-_2024-07-10T111914.375-143x215.jpg 143w\" sizes=\"(max-width: 900px) 100vw, 900px\" \/><\/div><\/figure><\/div><\/div>\n<p dir=\"ltr\">As\u00ed, seca el cabello a una temperatura baja \u00f3ptima mediante el flujo de aire, y el calor del barril y las p\u00faas mantienen el peinado durante 24 horas. De este modo, tu rutina de secado se agiliza, al dar\u00a0 forma a tu cabello al mismo tiempo y permitiendo un secado de sal\u00f3n de peluquer\u00eda en casa. Esta herramienta<strong> cuenta con p\u00faas t\u00e9rmicas ultradeslizantes, posicionadas para deslizarse por el cabello sin esfuerzo y sin enredarse<\/strong>, adem\u00e1s de un barril t\u00e9rmico de forma el\u00edptica (dise\u00f1ado para crear volumen f\u00e1cilmente y acercarse a la ra\u00edz), as\u00ed como un flujo de aire controlado, con el que el aire seca el cabello cuidadosamente.<\/p>\n<h3 dir=\"ltr\">Extra volumen desde casa<\/h3>\n<p>Con este nuevo cepillo conseguir\u00e1s 3 veces m\u00e1s volumen, un 50% m\u00e1s de brillo y sin encrespamiento, que te permite crear con confianza tus peinados favoritos que durar\u00e1n 24 horas. Adem\u00e1s, puedes conseguir m\u00e1s brillo si combinas tu Duet BlowDry con\u00a0la <strong>nueva <a href=\"https:\/\/www.ghdhair.com\/es\/productos-pelo-volumen\/ghd-volume-forever-p-665\" target=\"_blank\">crema voluminizadora ghd volume forever (25,20 euros)<\/a><\/strong>\u00a0y consigue hasta x4 veces m\u00e1s de volumen.<\/p>\n<p><img loading=\"lazy\" decoding=\"async\" class=\"aligncenter size-full wp-image-177662\" src=\"https:\/\/graziamagazine.com\/es\/wp-content\/uploads\/sites\/12\/2024\/07\/663_PDP_TechBanner_DuetBlowdry_6_Global-copia.jpg\" alt=\"\" width=\"2465\" height=\"1659\" srcset=\"https:\/\/graziamagazine.com\/es\/wp-content\/uploads\/sites\/12\/2024\/07\/663_PDP_TechBanner_DuetBlowdry_6_Global-copia.jpg 2465w, https:\/\/graziamagazine.com\/es\/wp-content\/uploads\/sites\/12\/2024\/07\/663_PDP_TechBanner_DuetBlowdry_6_Global-copia-300x202.jpg 300w, https:\/\/graziamagazine.com\/es\/wp-content\/uploads\/sites\/12\/2024\/07\/663_PDP_TechBanner_DuetBlowdry_6_Global-copia-1024x689.jpg 1024w, https:\/\/graziamagazine.com\/es\/wp-content\/uploads\/sites\/12\/2024\/07\/663_PDP_TechBanner_DuetBlowdry_6_Global-copia-768x517.jpg 768w, https:\/\/graziamagazine.com\/es\/wp-content\/uploads\/sites\/12\/2024\/07\/663_PDP_TechBanner_DuetBlowdry_6_Global-copia-1536x1034.jpg 1536w, https:\/\/graziamagazine.com\/es\/wp-content\/uploads\/sites\/12\/2024\/07\/663_PDP_TechBanner_DuetBlowdry_6_Global-copia-2048x1378.jpg 2048w, https:\/\/graziamagazine.com\/es\/wp-content\/uploads\/sites\/12\/2024\/07\/663_PDP_TechBanner_DuetBlowdry_6_Global-copia-400x269.jpg 400w, https:\/\/graziamagazine.com\/es\/wp-content\/uploads\/sites\/12\/2024\/07\/663_PDP_TechBanner_DuetBlowdry_6_Global-copia-155x104.jpg 155w\" sizes=\"(max-width: 2465px) 100vw, 2465px\" \/><\/p>\n<p dir=\"ltr\">Puedes elegir el Duet BlowDry en color negro o blanco y <a href=\"https:\/\/www.ghdhair.com\/es\/cepillo-secador\/cepillo-ghd-duet-blowdry-negro-p-663\" target=\"_blank\">lo encuentras en la web de GHD a un precio de 419 euros<\/a>.<\/p>\n<p dir=\"ltr\"><em>*Im\u00e1genes: cortes\u00eda<\/em><\/p>\n<p dir=\"ltr\">\n<p dir=\"ltr\">\n","protected":false},"author":11653,"featured_media":177663,"template":"","format":"standard","categories":[7],"acf":[],"yoast_head":"<!-- This site is optimized with the Yoast SEO Premium plugin v18.5 (Yoast SEO v20.4) - https:\/\/yoast.com\/wordpress\/plugins\/seo\/ -->\n<title>El cepillo viral que seca y da volumen llega a Espa\u00f1a | Grazia<\/title>\n<meta name=\"description\" content=\"Se llamada Duet Blowdry, es de GHD y est\u00e1 pensando para agilizar tu rutina de secado y lograr unos resultados de peluquer\u00eda desde casa.\" \/>\n<meta name=\"robots\" content=\"index, follow, max-snippet:-1, max-image-preview:large, max-video-preview:-1\" \/>\n<link rel=\"canonical\" href=\"https:\/\/graziamagazine.com\/es\/articles\/el-cepillo-viral-que-seca-y-da-volumen-llega-a-espana\/\" \/>\n<meta property=\"og:locale\" content=\"es_ES\" \/>\n<meta property=\"og:type\" content=\"article\" \/>\n<meta property=\"og:title\" content=\"El cepillo viral que seca y da volumen llega a Espa\u00f1a\" \/>\n<meta property=\"og:description\" content=\"Se llamada Duet Blowdry, es de GHD y est\u00e1 pensando para agilizar tu rutina de secado y lograr unos resultados de peluquer\u00eda desde casa.\" \/>\n<meta property=\"og:url\" content=\"https:\/\/graziamagazine.com\/es\/articles\/el-cepillo-viral-que-seca-y-da-volumen-llega-a-espana\/\" \/>\n<meta property=\"og:site_name\" content=\"Grazia\" \/>\n<meta property=\"og:image\" content=\"https:\/\/graziamagazine.com\/es\/wp-content\/uploads\/sites\/12\/2024\/07\/INTRO-DuetBlowDry24_ModelLifeStyle_IsaAfter_HR_RGB_Exp0727-copia.jpg\" \/>\n\t<meta property=\"og:image:width\" content=\"1200\" \/>\n\t<meta property=\"og:image:height\" content=\"675\" \/>\n\t<meta property=\"og:image:type\" content=\"image\/jpeg\" \/>\n<meta name=\"twitter:card\" content=\"summary_large_image\" \/>\n<meta name=\"twitter:label1\" content=\"Est. reading time\" \/>\n\t<meta name=\"twitter:data1\" content=\"4 minutos\" \/>\n<script type=\"application\/ld+json\" class=\"yoast-schema-graph\">{\"@context\":\"https:\/\/schema.org\",\"@graph\":[{\"@type\":\"WebPage\",\"@id\":\"https:\/\/graziamagazine.com\/es\/articles\/el-cepillo-viral-que-seca-y-da-volumen-llega-a-espana\/\",\"url\":\"https:\/\/graziamagazine.com\/es\/articles\/el-cepillo-viral-que-seca-y-da-volumen-llega-a-espana\/\",\"name\":\"El cepillo viral que seca y da volumen llega a Espa\u00f1a | Grazia\",\"isPartOf\":{\"@id\":\"https:\/\/graziamagazine.com\/es\/#website\"},\"datePublished\":\"2024-07-18T12:45:16+00:00\",\"dateModified\":\"2024-07-18T12:45:16+00:00\",\"description\":\"Se llamada Duet Blowdry, es de GHD y est\u00e1 pensando para agilizar tu rutina de secado y lograr unos resultados de peluquer\u00eda desde casa.\",\"breadcrumb\":{\"@id\":\"https:\/\/graziamagazine.com\/es\/articles\/el-cepillo-viral-que-seca-y-da-volumen-llega-a-espana\/#breadcrumb\"},\"inLanguage\":\"es\",\"potentialAction\":[{\"@type\":\"ReadAction\",\"target\":[\"https:\/\/graziamagazine.com\/es\/articles\/el-cepillo-viral-que-seca-y-da-volumen-llega-a-espana\/\"]}]},{\"@type\":\"BreadcrumbList\",\"@id\":\"https:\/\/graziamagazine.com\/es\/articles\/el-cepillo-viral-que-seca-y-da-volumen-llega-a-espana\/#breadcrumb\",\"itemListElement\":[{\"@type\":\"ListItem\",\"position\":1,\"name\":\"Portada\",\"item\":\"https:\/\/graziamagazine.com\/es\/\"},{\"@type\":\"ListItem\",\"position\":2,\"name\":\"El cepillo viral que seca y da volumen llega a Espa\u00f1a\"}]},{\"@type\":\"WebSite\",\"@id\":\"https:\/\/graziamagazine.com\/es\/#website\",\"url\":\"https:\/\/graziamagazine.com\/es\/\",\"name\":\"Grazia\",\"description\":\"Moda, belleza, celebrities, estilo de vida...\",\"potentialAction\":[{\"@type\":\"SearchAction\",\"target\":{\"@type\":\"EntryPoint\",\"urlTemplate\":\"https:\/\/graziamagazine.com\/es\/?s={search_term_string}\"},\"query-input\":\"required name=search_term_string\"}],\"inLanguage\":\"es\"}]}<\/script>\n<!-- \/ Yoast SEO Premium plugin. -->","yoast_head_json":{"title":"El cepillo viral que seca y da volumen llega a Espa\u00f1a | Grazia","description":"Se llamada Duet Blowdry, es de GHD y est\u00e1 pensando para agilizar tu rutina de secado y lograr unos resultados de peluquer\u00eda desde casa.","robots":{"index":"index","follow":"follow","max-snippet":"max-snippet:-1","max-image-preview":"max-image-preview:large","max-video-preview":"max-video-preview:-1"},"canonical":"https:\/\/graziamagazine.com\/es\/articles\/el-cepillo-viral-que-seca-y-da-volumen-llega-a-espana\/","og_locale":"es_ES","og_type":"article","og_title":"El cepillo viral que seca y da volumen llega a Espa\u00f1a","og_description":"Se llamada Duet Blowdry, es de GHD y est\u00e1 pensando para agilizar tu rutina de secado y lograr unos resultados de peluquer\u00eda desde casa.","og_url":"https:\/\/graziamagazine.com\/es\/articles\/el-cepillo-viral-que-seca-y-da-volumen-llega-a-espana\/","og_site_name":"Grazia","og_image":[{"width":1200,"height":675,"url":"https:\/\/graziamagazine.com\/es\/wp-content\/uploads\/sites\/12\/2024\/07\/INTRO-DuetBlowDry24_ModelLifeStyle_IsaAfter_HR_RGB_Exp0727-copia.jpg","type":"image\/jpeg"}],"twitter_card":"summary_large_image","twitter_misc":{"Est. reading time":"4 minutos"},"schema":{"@context":"https:\/\/schema.org","@graph":[{"@type":"WebPage","@id":"https:\/\/graziamagazine.com\/es\/articles\/el-cepillo-viral-que-seca-y-da-volumen-llega-a-espana\/","url":"https:\/\/graziamagazine.com\/es\/articles\/el-cepillo-viral-que-seca-y-da-volumen-llega-a-espana\/","name":"El cepillo viral que seca y da volumen llega a Espa\u00f1a | Grazia","isPartOf":{"@id":"https:\/\/graziamagazine.com\/es\/#website"},"datePublished":"2024-07-18T12:45:16+00:00","dateModified":"2024-07-18T12:45:16+00:00","description":"Se llamada Duet Blowdry, es de GHD y est\u00e1 pensando para agilizar tu rutina de secado y lograr unos resultados de peluquer\u00eda desde casa.","breadcrumb":{"@id":"https:\/\/graziamagazine.com\/es\/articles\/el-cepillo-viral-que-seca-y-da-volumen-llega-a-espana\/#breadcrumb"},"inLanguage":"es","potentialAction":[{"@type":"ReadAction","target":["https:\/\/graziamagazine.com\/es\/articles\/el-cepillo-viral-que-seca-y-da-volumen-llega-a-espana\/"]}]},{"@type":"BreadcrumbList","@id":"https:\/\/graziamagazine.com\/es\/articles\/el-cepillo-viral-que-seca-y-da-volumen-llega-a-espana\/#breadcrumb","itemListElement":[{"@type":"ListItem","position":1,"name":"Portada","item":"https:\/\/graziamagazine.com\/es\/"},{"@type":"ListItem","position":2,"name":"El cepillo viral que seca y da volumen llega a Espa\u00f1a"}]},{"@type":"WebSite","@id":"https:\/\/graziamagazine.com\/es\/#website","url":"https:\/\/graziamagazine.com\/es\/","name":"Grazia","description":"Moda, belleza, celebrities, estilo de vida...","potentialAction":[{"@type":"SearchAction","target":{"@type":"EntryPoint","urlTemplate":"https:\/\/graziamagazine.com\/es\/?s={search_term_string}"},"query-input":"required name=search_term_string"}],"inLanguage":"es"}]}},"jetpack_sharing_enabled":true,"distributor_meta":false,"distributor_terms":false,"distributor_media":false,"distributor_original_site_name":"Grazia","distributor_original_site_url":"https:\/\/graziamagazine.com\/es","push-errors":false,"_links":{"self":[{"href":"https:\/\/graziamagazine.com\/es\/wp-json\/wp\/v2\/articles\/177657"}],"collection":[{"href":"https:\/\/graziamagazine.com\/es\/wp-json\/wp\/v2\/articles"}],"about":[{"href":"https:\/\/graziamagazine.com\/es\/wp-json\/wp\/v2\/types\/articles"}],"author":[{"embeddable":true,"href":"https:\/\/graziamagazine.com\/es\/wp-json\/wp\/v2\/users\/11653"}],"wp:featuredmedia":[{"embeddable":true,"href":"https:\/\/graziamagazine.com\/es\/wp-json\/wp\/v2\/media\/177663"}],"wp:attachment":[{"href":"https:\/\/graziamagazine.com\/es\/wp-json\/wp\/v2\/media?parent=177657"}],"wp:term":[{"taxonomy":"category","embeddable":true,"href":"https:\/\/graziamagazine.com\/es\/wp-json\/wp\/v2\/categories?post=177657"}],"curies":[{"name":"wp","href":"https:\/\/api.w.org\/{rel}","templated":true}]}}