{"id":177546,"date":"2024-07-11T08:00:05","date_gmt":"2024-07-11T06:00:05","guid":{"rendered":"https:\/\/graziamagazine.com\/es\/?post_type=articles&#038;p=177546"},"modified":"2024-07-15T10:17:33","modified_gmt":"2024-07-15T08:17:33","slug":"6-consejos-para-elegir-el-par-de-gafas-perfectas-este-verano-segun-michael-kors","status":"publish","type":"articles","link":"https:\/\/graziamagazine.com\/es\/articles\/6-consejos-para-elegir-el-par-de-gafas-perfectas-este-verano-segun-michael-kors\/","title":{"rendered":"6 consejos para elegir el par de gafas perfectas este verano (seg\u00fan Michael Kors)"},"content":{"rendered":"<p>Si hay una estaci\u00f3n del a\u00f1o en la que las gafas, sobre todo las de sol, se convierten en esenciales, es el verano. En el mercado encontramos numerosos modelos y no siempre tenemos la clave para elegir los que mejor nos sientan o los que cubren nuestras necesidades. Y es que, encontrar el par de gafas perfecto no es tarea f\u00e1cil, al contrario, pueden influir muchos factores, desde el estilo hasta la protecci\u00f3n solar m\u00e1s adecuada.<\/p>\n<p>\u00bfNo sabes c\u00f3mo hacerte con el complemento de la temporada? Te dejamos una gu\u00eda de experto con los mejores consejos para encontrar las gafas de sol y vista de tu vida (o al menos de la temporada) con la ayuda de la nueva colecci\u00f3n primavera-verano 2024 de Michael Kors.<\/p>\n<h3><strong>1. Ten en cuenta c\u00f3mo es tu rostro<\/strong><\/h3>\n<p>Lo primero es sentirse c\u00f3modo con el modelo de gafas que elijas, y para ello tiene que ver mucho la forma de tu rostro. Optar por un dise\u00f1o que se adapte a la forma del rostro es b\u00e1sico y estas son nuestras recomendaciones:<\/p>\n<ul>\n<li>Los <strong>rostros redondos<\/strong> se caracterizan por unas mejillas rellenas y una mand\u00edbula m\u00e1s suave. Lo ideal es elegir monturas cuadradas como la <strong>QU\u00c9BEC<\/strong> de Michael Kors (en la imagen principal), rectangulares y\/o angulosas, ya que ayudar\u00e1n a mostrar una imagen m\u00e1s equilibrada y alargada. Si es tu caso, debes evitar las gafas m\u00e1s redondeadas.<\/li>\n<li>Los <strong>rostros cuadrados<\/strong> suelen mostrar unas facciones m\u00e1s definidas adem\u00e1s de una mand\u00edbula m\u00e1s prominente. Lo m\u00e1s adecuado para ti es elegir dise\u00f1os redondos, ovalados y con monturas delgadas, que ayudan a suavizar las l\u00edneas faciales y a\u00f1aden m\u00e1s curvas al rostro. Debes evitar los modelos con \u00e1ngulos marcados y l\u00edneas cuadradas.<\/li>\n<li>Con una frente ancha y p\u00f3mulos marcados, los <strong>rostros en forma de coraz\u00f3n<\/strong> suelen caracterizarse tambi\u00e9n por una barbilla m\u00e1s reducida. En este caso son ideales los modelos que ayuden a equilibrar la zona del rostro superior con la de la barbilla. Una buena opci\u00f3n son las monturas m\u00e1s ligeras y delgadas.<\/li>\n<li>Los <strong>rostros ovalados<\/strong>, m\u00e1s alargados que anchos, son muy vers\u00e1tiles y se adaptan bien a casi todos los estilos, por lo que puedes optar por modelos m\u00e1s grandes, el cl\u00e1sico de aviador que no falla temporada tras temporada o un estilo m\u00e1s retro y elegante como las Cat Eye.<\/li>\n<\/ul>\n<p>Puedes seguir estos mismos consejos si quieres estrenar un par de gafas graduadas esta temporada. La colecci\u00f3n masculina de Michael Kors para primavera-verano 2024 incluye por primera vez un modelo, el <strong>MONTREAUX<\/strong> que <strong>es perfecto porque <\/strong>es s\u00faper vers\u00e1til, ligero con una montura delgada que le da un nuevo aire a las t\u00edpicas gafas de aviador.<\/p>\n<figure id=\"attachment_177548\" aria-describedby=\"caption-attachment-177548\" style=\"width: 972px\" class=\"wp-caption aligncenter\"><img loading=\"lazy\" decoding=\"async\" class=\"size-full wp-image-177548\" src=\"https:\/\/graziamagazine.com\/es\/wp-content\/uploads\/sites\/12\/2024\/07\/Captura-de-pantalla-2024-06-14-a-las-12.13.46-copia.jpg\" alt=\"\" width=\"972\" height=\"1454\" srcset=\"https:\/\/graziamagazine.com\/es\/wp-content\/uploads\/sites\/12\/2024\/07\/Captura-de-pantalla-2024-06-14-a-las-12.13.46-copia.jpg 972w, https:\/\/graziamagazine.com\/es\/wp-content\/uploads\/sites\/12\/2024\/07\/Captura-de-pantalla-2024-06-14-a-las-12.13.46-copia-201x300.jpg 201w, https:\/\/graziamagazine.com\/es\/wp-content\/uploads\/sites\/12\/2024\/07\/Captura-de-pantalla-2024-06-14-a-las-12.13.46-copia-685x1024.jpg 685w, https:\/\/graziamagazine.com\/es\/wp-content\/uploads\/sites\/12\/2024\/07\/Captura-de-pantalla-2024-06-14-a-las-12.13.46-copia-768x1149.jpg 768w, https:\/\/graziamagazine.com\/es\/wp-content\/uploads\/sites\/12\/2024\/07\/Captura-de-pantalla-2024-06-14-a-las-12.13.46-copia-400x598.jpg 400w, https:\/\/graziamagazine.com\/es\/wp-content\/uploads\/sites\/12\/2024\/07\/Captura-de-pantalla-2024-06-14-a-las-12.13.46-copia-144x215.jpg 144w\" sizes=\"(max-width: 972px) 100vw, 972px\" \/><figcaption id=\"caption-attachment-177548\" class=\"wp-caption-text\">(Ryan Prevedel luce el modelo MONTREAUX con camisa blanca y pantal\u00f3n navy).<\/figcaption><\/figure>\n<h3><strong>2. No te olvides de la protecci\u00f3n UV<\/strong><\/h3>\n<p>M\u00e1s all\u00e1 de ser un complemento de moda, el principal objetivo de un par de gafas de sol es protegerte de los rayos ultravioleta. La exposici\u00f3n prolongada a estos rayos puede tener consecuencias graves no solo para nuestra piel, tambi\u00e9n para nuestros ojos, y es que adem\u00e1s cada persona tiene una sensibilidad diferente frente a la luz del sol. Es importante que te asegures de elegir los modelos que bloqueen el 100% de los rayos UVA y UVB y que cuenten con certificaciones que lo garanticen.<\/p>\n<h3><strong>3. Lentes polarizadas, \u00bfs\u00ed o no?<\/strong><\/h3>\n<p>Cada vez pasamos m\u00e1s tiempo frente a las pantallas, algo que est\u00e1 influyendo tambi\u00e9n en un aumento de la sensibilidad ocular. Las lentes polarizas ayudan a reducir la fatiga ocular por un lado, y por otro ayudan tambi\u00e9n a evitar que nos deslumbremos en ciertas superficies. Si en tu verano pasas mucho tiempo al aire libre, practicando deportes acu\u00e1ticos o viajas mucho por carretera, la recomendaci\u00f3n es que s\u00ed elijas este tipo de cristales, que adem\u00e1s ayudan a tener una visi\u00f3n mucho m\u00e1s clara y c\u00f3moda.<\/p>\n<h3><strong>4. Elige bien el material <\/strong><\/h3>\n<p>Quiz\u00e1 creas que no, pero tanto el material de las monturas de sol y vista, como el de las lentes de sol, tambi\u00e9n influye mucho para encontrar tu par de gafas perfecta. Primero porque si lo que quieres es hacer una inversi\u00f3n inteligente en este complemento, es importante que elijas materiales que duren mucho. Por ejemplo, las monturas en acetato duran mucho m\u00e1s que otro tipo de materiales, mientras que las met\u00e1licas son m\u00e1s elegantes.<\/p>\n<figure id=\"attachment_177549\" aria-describedby=\"caption-attachment-177549\" style=\"width: 954px\" class=\"wp-caption aligncenter\"><img loading=\"lazy\" decoding=\"async\" class=\"size-full wp-image-177549\" src=\"https:\/\/graziamagazine.com\/es\/wp-content\/uploads\/sites\/12\/2024\/07\/Captura-de-pantalla-2024-06-14-a-las-11.42.04-copia-1.jpg\" alt=\"\" width=\"954\" height=\"1440\" srcset=\"https:\/\/graziamagazine.com\/es\/wp-content\/uploads\/sites\/12\/2024\/07\/Captura-de-pantalla-2024-06-14-a-las-11.42.04-copia-1.jpg 954w, https:\/\/graziamagazine.com\/es\/wp-content\/uploads\/sites\/12\/2024\/07\/Captura-de-pantalla-2024-06-14-a-las-11.42.04-copia-1-199x300.jpg 199w, https:\/\/graziamagazine.com\/es\/wp-content\/uploads\/sites\/12\/2024\/07\/Captura-de-pantalla-2024-06-14-a-las-11.42.04-copia-1-678x1024.jpg 678w, https:\/\/graziamagazine.com\/es\/wp-content\/uploads\/sites\/12\/2024\/07\/Captura-de-pantalla-2024-06-14-a-las-11.42.04-copia-1-768x1159.jpg 768w, https:\/\/graziamagazine.com\/es\/wp-content\/uploads\/sites\/12\/2024\/07\/Captura-de-pantalla-2024-06-14-a-las-11.42.04-copia-1-400x604.jpg 400w, https:\/\/graziamagazine.com\/es\/wp-content\/uploads\/sites\/12\/2024\/07\/Captura-de-pantalla-2024-06-14-a-las-11.42.04-copia-1-142x215.jpg 142w\" sizes=\"(max-width: 954px) 100vw, 954px\" \/><figcaption id=\"caption-attachment-177549\" class=\"wp-caption-text\">(Alexandra Federicca lleva el modelo XL de acetato y montura cuadrada NASSAU con un top negro y el logo MK en los tirantes).<\/figcaption><\/figure>\n<p>Pero no s\u00f3lo es importante elegir un buen material para una montura, tambi\u00e9n hay que tenerlo en cuenta a la hora de optar por unas lentes u otras. Las lentes pueden estar hechas de vidrio, policarbonato o pl\u00e1stico, cada una con sus ventajas:<\/p>\n<ul>\n<li>Las lentes fabricadas <strong>en vidrio<\/strong> ofrecen una excelente claridad \u00f3ptica y adem\u00e1s son mucho m\u00e1s resistentes a los ara\u00f1azos.<\/li>\n<li>Si las prefieres de <strong>policarbonato<\/strong>, conseguir\u00e1s que sean m\u00e1s ligeras y m\u00e1s resistente a los impactos, por lo que son perfectas para los m\u00e1s deportistas.<\/li>\n<li>El <strong>pl\u00e1stico<\/strong>, aunque es m\u00e1s ligero y econ\u00f3mico, tambi\u00e9n se se puede rayar m\u00e1s por lo que pierde calidad.<\/li>\n<\/ul>\n<figure id=\"attachment_177550\" aria-describedby=\"caption-attachment-177550\" style=\"width: 962px\" class=\"wp-caption aligncenter\"><img loading=\"lazy\" decoding=\"async\" class=\"size-full wp-image-177550\" src=\"https:\/\/graziamagazine.com\/es\/wp-content\/uploads\/sites\/12\/2024\/07\/Captura-de-pantalla-2024-06-14-a-las-11.35.49-copia.jpg\" alt=\"\" width=\"962\" height=\"1456\" srcset=\"https:\/\/graziamagazine.com\/es\/wp-content\/uploads\/sites\/12\/2024\/07\/Captura-de-pantalla-2024-06-14-a-las-11.35.49-copia.jpg 962w, https:\/\/graziamagazine.com\/es\/wp-content\/uploads\/sites\/12\/2024\/07\/Captura-de-pantalla-2024-06-14-a-las-11.35.49-copia-198x300.jpg 198w, https:\/\/graziamagazine.com\/es\/wp-content\/uploads\/sites\/12\/2024\/07\/Captura-de-pantalla-2024-06-14-a-las-11.35.49-copia-677x1024.jpg 677w, https:\/\/graziamagazine.com\/es\/wp-content\/uploads\/sites\/12\/2024\/07\/Captura-de-pantalla-2024-06-14-a-las-11.35.49-copia-768x1162.jpg 768w, https:\/\/graziamagazine.com\/es\/wp-content\/uploads\/sites\/12\/2024\/07\/Captura-de-pantalla-2024-06-14-a-las-11.35.49-copia-400x605.jpg 400w, https:\/\/graziamagazine.com\/es\/wp-content\/uploads\/sites\/12\/2024\/07\/Captura-de-pantalla-2024-06-14-a-las-11.35.49-copia-142x215.jpg 142w\" sizes=\"(max-width: 962px) 100vw, 962px\" \/><figcaption id=\"caption-attachment-177550\" class=\"wp-caption-text\">(Ginevra Mavilla lleva el modelo graduado NASSAU con un total White, Ryan Prevedel el modelo de sol MURREN con un look marinero y Alexandra Federicca el modelo de vista MONTREAUX con un vestido blanco cruzado).<\/figcaption><\/figure>\n<h3><strong>5. Invierte en Calidad<\/strong><\/h3>\n<p>No te olvides de elegir con cabeza y apostando por la calidad, aunque esta suponga un precio m\u00e1s elevado para cada par de gafas de sol. No importa, piensa que invertir en la salud de tus ojos no tiene precio, elegir cristales de mayor protecci\u00f3n y mejores materiales har\u00e1 que tus gafas sean un gran complemento durante varias temporadas, por lo que tu inversi\u00f3n est\u00e1 garantiza. Escoger marcas reconocidas es sin\u00f3nimo de garant\u00eda tambi\u00e9n, como ocurre con la colecci\u00f3n de verano 2024 creada por Michael Kors.<\/p>\n<figure id=\"attachment_177551\" aria-describedby=\"caption-attachment-177551\" style=\"width: 964px\" class=\"wp-caption aligncenter\"><img loading=\"lazy\" decoding=\"async\" class=\"size-full wp-image-177551\" src=\"https:\/\/graziamagazine.com\/es\/wp-content\/uploads\/sites\/12\/2024\/07\/Captura-de-pantalla-2024-06-14-a-las-12.09.18-copia-1.jpg\" alt=\"\" width=\"964\" height=\"1444\" srcset=\"https:\/\/graziamagazine.com\/es\/wp-content\/uploads\/sites\/12\/2024\/07\/Captura-de-pantalla-2024-06-14-a-las-12.09.18-copia-1.jpg 964w, https:\/\/graziamagazine.com\/es\/wp-content\/uploads\/sites\/12\/2024\/07\/Captura-de-pantalla-2024-06-14-a-las-12.09.18-copia-1-200x300.jpg 200w, https:\/\/graziamagazine.com\/es\/wp-content\/uploads\/sites\/12\/2024\/07\/Captura-de-pantalla-2024-06-14-a-las-12.09.18-copia-1-684x1024.jpg 684w, https:\/\/graziamagazine.com\/es\/wp-content\/uploads\/sites\/12\/2024\/07\/Captura-de-pantalla-2024-06-14-a-las-12.09.18-copia-1-768x1150.jpg 768w, https:\/\/graziamagazine.com\/es\/wp-content\/uploads\/sites\/12\/2024\/07\/Captura-de-pantalla-2024-06-14-a-las-12.09.18-copia-1-400x599.jpg 400w, https:\/\/graziamagazine.com\/es\/wp-content\/uploads\/sites\/12\/2024\/07\/Captura-de-pantalla-2024-06-14-a-las-12.09.18-copia-1-144x215.jpg 144w\" sizes=\"(max-width: 964px) 100vw, 964px\" \/><figcaption id=\"caption-attachment-177551\" class=\"wp-caption-text\">(Ryan Prevedel lleva el modelo MURREN con un cl\u00e1sico polo de rayas en colores navy)<\/figcaption><\/figure>\n<h3><strong>6. <\/strong><strong>El color de la lente tambi\u00e9n influye<\/strong><\/h3>\n<p>No s\u00f3lo tienes que buscar un color de montura que vaya con tu tono de piel o color de pelo, el color de los cristales dar\u00e1 el toque final a tu par de gafas de sol. No todos los colores aportan los mismos beneficios y tambi\u00e9n tendr\u00e1n mucho que decir con la manera en que vas a mirar el mundo, no lo ver\u00e1s igual de unos lentes amarillos o rosa o unos negros s\u00f3lidos, y no todos los colores son para todos los <em>outfits<\/em> o para todos los momentos del d\u00eda. Estos son los colores m\u00e1s comunes de cristales y los beneficios que aportan a tus gafas:<\/p>\n<ul>\n<li>Los lentes de <strong>color gris<\/strong> reducen el deslumbramiento de la luz exterior sin alterar los colores naturales.<\/li>\n<li>Si los elijes en <strong>color marr\u00f3n<\/strong> ayudar\u00e1n a mejorar el contraste y la profundidad, ideal para deportes al aire libre.<\/li>\n<li>Los lentes <strong>verdes<\/strong>, por su parte, reducen la fatiga ocular y ayudan a mantener el equilibro de los colores.<\/li>\n<li>Muy en tendencia las \u00faltimas temporadas, los <strong>amarillos y naranjas<\/strong> aumentan el contraste en condiciones de poca luz y son perfectos para deportes de invierno.<\/li>\n<\/ul>\n<figure id=\"attachment_177552\" aria-describedby=\"caption-attachment-177552\" style=\"width: 2178px\" class=\"wp-caption aligncenter\"><img loading=\"lazy\" decoding=\"async\" class=\"size-full wp-image-177552\" src=\"https:\/\/graziamagazine.com\/es\/wp-content\/uploads\/sites\/12\/2024\/07\/Captura-de-pantalla-2024-06-14-a-las-11.21.51-copia-1.jpg\" alt=\"\" width=\"2178\" height=\"1440\" srcset=\"https:\/\/graziamagazine.com\/es\/wp-content\/uploads\/sites\/12\/2024\/07\/Captura-de-pantalla-2024-06-14-a-las-11.21.51-copia-1.jpg 2178w, https:\/\/graziamagazine.com\/es\/wp-content\/uploads\/sites\/12\/2024\/07\/Captura-de-pantalla-2024-06-14-a-las-11.21.51-copia-1-300x198.jpg 300w, https:\/\/graziamagazine.com\/es\/wp-content\/uploads\/sites\/12\/2024\/07\/Captura-de-pantalla-2024-06-14-a-las-11.21.51-copia-1-1024x677.jpg 1024w, https:\/\/graziamagazine.com\/es\/wp-content\/uploads\/sites\/12\/2024\/07\/Captura-de-pantalla-2024-06-14-a-las-11.21.51-copia-1-768x508.jpg 768w, https:\/\/graziamagazine.com\/es\/wp-content\/uploads\/sites\/12\/2024\/07\/Captura-de-pantalla-2024-06-14-a-las-11.21.51-copia-1-1536x1016.jpg 1536w, https:\/\/graziamagazine.com\/es\/wp-content\/uploads\/sites\/12\/2024\/07\/Captura-de-pantalla-2024-06-14-a-las-11.21.51-copia-1-2048x1354.jpg 2048w, https:\/\/graziamagazine.com\/es\/wp-content\/uploads\/sites\/12\/2024\/07\/Captura-de-pantalla-2024-06-14-a-las-11.21.51-copia-1-400x264.jpg 400w, https:\/\/graziamagazine.com\/es\/wp-content\/uploads\/sites\/12\/2024\/07\/Captura-de-pantalla-2024-06-14-a-las-11.21.51-copia-1-155x102.jpg 155w\" sizes=\"(max-width: 2178px) 100vw, 2178px\" \/><figcaption id=\"caption-attachment-177552\" class=\"wp-caption-text\">(Ginevra Mavilla lleva las gafas de sol MURREN en negro con un top palabra de honor blanco, mientras que Alexandra Federicca ha combinado su bikini de tri\u00e1ngulo con el modelo cuadrado QU\u00c9BEC).<\/figcaption><\/figure>\n<p>Si sigues estos consejos ya no tendr\u00e1s excusa para no encontrar las gafas de sol perfectas y disfruta del verano con la mejor protecci\u00f3n y estilo.<\/p>\n<p><a href=\"https:\/\/optica-optima.com\/brand\/michael-kors.html\" target=\"_blank\">Toda la colecci\u00f3n est\u00e1 disponible en Espa\u00f1a en \u00d3ptica \u00d3ptima.<\/a><\/p>\n<p><strong>Cr\u00e9ditos:<\/strong><\/p>\n<p>Foto: Stefano Sciuto<\/p>\n<p>Asistente de fotograf\u00eda: Bryan Durante<\/p>\n<p>V\u00eddeo: Fabio Persico @Piccolissimo Film<\/p>\n<p>Estilismo: Sarah Misciali<\/p>\n<p>Mua: Silvia Sidoli<\/p>\n<p>Peluquer\u00eda: Alessandro Firenze<\/p>\n<p>Producci\u00f3n: Ana Maria Matasel<\/p>\n<p>Localizaciones: Anticamera Locations<\/p>\n<p>Direcci\u00f3n creativa\/art\u00edstica: Sara Moschini<\/p>\n<p><a href=\"https:\/\/optica-optima.com\/brand\/michael-kors.html\" target=\"_blank\">Encuentra la colecci\u00f3n en Espa\u00f1a en \u00d3ptica \u00d3ptima.<\/a><\/p>\n","protected":false},"author":16349,"featured_media":177547,"template":"","format":"standard","categories":[1],"acf":[],"yoast_head":"<!-- This site is optimized with the Yoast SEO Premium plugin v18.5 (Yoast SEO v20.4) - https:\/\/yoast.com\/wordpress\/plugins\/seo\/ -->\n<title>6 consejos para elegir el par de gafas perfectas este verano (seg\u00fan Michael Kors)<\/title>\n<meta name=\"description\" content=\"Saber cu\u00e1l es complemento ideal para los d\u00edas de sol y playa (o de oficina) no es tarea f\u00e1cil, te desvelamos los secretos para conseguirlo.\" \/>\n<meta name=\"robots\" content=\"index, follow, max-snippet:-1, max-image-preview:large, max-video-preview:-1\" \/>\n<link rel=\"canonical\" href=\"https:\/\/graziamagazine.com\/es\/articles\/6-consejos-para-elegir-el-par-de-gafas-perfectas-este-verano-segun-michael-kors\/\" \/>\n<meta property=\"og:locale\" content=\"es_ES\" \/>\n<meta property=\"og:type\" content=\"article\" \/>\n<meta property=\"og:title\" content=\"6 consejos para elegir el par de gafas perfectas este verano (seg\u00fan Michael Kors)\" \/>\n<meta property=\"og:description\" content=\"Saber cu\u00e1l es complemento ideal para los d\u00edas de sol y playa (o de oficina) no es tarea f\u00e1cil, te desvelamos los secretos para conseguirlo.\" \/>\n<meta property=\"og:url\" content=\"https:\/\/graziamagazine.com\/es\/articles\/6-consejos-para-elegir-el-par-de-gafas-perfectas-este-verano-segun-michael-kors\/\" \/>\n<meta property=\"og:site_name\" content=\"Grazia\" \/>\n<meta property=\"article:modified_time\" content=\"2024-07-15T08:17:33+00:00\" \/>\n<meta property=\"og:image\" content=\"https:\/\/graziamagazine.com\/es\/wp-content\/uploads\/sites\/12\/2024\/07\/Captura-de-pantalla-2024-06-14-a-las-11.08.36-copia.jpg\" \/>\n\t<meta property=\"og:image:width\" content=\"2190\" \/>\n\t<meta property=\"og:image:height\" content=\"1450\" \/>\n\t<meta property=\"og:image:type\" content=\"image\/jpeg\" \/>\n<meta name=\"twitter:card\" content=\"summary_large_image\" \/>\n<meta name=\"twitter:label1\" content=\"Est. reading time\" \/>\n\t<meta name=\"twitter:data1\" content=\"8 minutos\" \/>\n<script type=\"application\/ld+json\" class=\"yoast-schema-graph\">{\"@context\":\"https:\/\/schema.org\",\"@graph\":[{\"@type\":\"WebPage\",\"@id\":\"https:\/\/graziamagazine.com\/es\/articles\/6-consejos-para-elegir-el-par-de-gafas-perfectas-este-verano-segun-michael-kors\/\",\"url\":\"https:\/\/graziamagazine.com\/es\/articles\/6-consejos-para-elegir-el-par-de-gafas-perfectas-este-verano-segun-michael-kors\/\",\"name\":\"6 consejos para elegir el par de gafas perfectas este verano (seg\u00fan Michael Kors)\",\"isPartOf\":{\"@id\":\"https:\/\/graziamagazine.com\/es\/#website\"},\"datePublished\":\"2024-07-11T06:00:05+00:00\",\"dateModified\":\"2024-07-15T08:17:33+00:00\",\"description\":\"Saber cu\u00e1l es complemento ideal para los d\u00edas de sol y playa (o de oficina) no es tarea f\u00e1cil, te desvelamos los secretos para conseguirlo.\",\"breadcrumb\":{\"@id\":\"https:\/\/graziamagazine.com\/es\/articles\/6-consejos-para-elegir-el-par-de-gafas-perfectas-este-verano-segun-michael-kors\/#breadcrumb\"},\"inLanguage\":\"es\",\"potentialAction\":[{\"@type\":\"ReadAction\",\"target\":[\"https:\/\/graziamagazine.com\/es\/articles\/6-consejos-para-elegir-el-par-de-gafas-perfectas-este-verano-segun-michael-kors\/\"]}]},{\"@type\":\"BreadcrumbList\",\"@id\":\"https:\/\/graziamagazine.com\/es\/articles\/6-consejos-para-elegir-el-par-de-gafas-perfectas-este-verano-segun-michael-kors\/#breadcrumb\",\"itemListElement\":[{\"@type\":\"ListItem\",\"position\":1,\"name\":\"Portada\",\"item\":\"https:\/\/graziamagazine.com\/es\/\"},{\"@type\":\"ListItem\",\"position\":2,\"name\":\"6 consejos para elegir el par de gafas perfectas este verano (seg\u00fan Michael Kors)\"}]},{\"@type\":\"WebSite\",\"@id\":\"https:\/\/graziamagazine.com\/es\/#website\",\"url\":\"https:\/\/graziamagazine.com\/es\/\",\"name\":\"Grazia\",\"description\":\"Moda, belleza, celebrities, estilo de vida...\",\"potentialAction\":[{\"@type\":\"SearchAction\",\"target\":{\"@type\":\"EntryPoint\",\"urlTemplate\":\"https:\/\/graziamagazine.com\/es\/?s={search_term_string}\"},\"query-input\":\"required name=search_term_string\"}],\"inLanguage\":\"es\"}]}<\/script>\n<!-- \/ Yoast SEO Premium plugin. -->","yoast_head_json":{"title":"6 consejos para elegir el par de gafas perfectas este verano (seg\u00fan Michael Kors)","description":"Saber cu\u00e1l es complemento ideal para los d\u00edas de sol y playa (o de oficina) no es tarea f\u00e1cil, te desvelamos los secretos para conseguirlo.","robots":{"index":"index","follow":"follow","max-snippet":"max-snippet:-1","max-image-preview":"max-image-preview:large","max-video-preview":"max-video-preview:-1"},"canonical":"https:\/\/graziamagazine.com\/es\/articles\/6-consejos-para-elegir-el-par-de-gafas-perfectas-este-verano-segun-michael-kors\/","og_locale":"es_ES","og_type":"article","og_title":"6 consejos para elegir el par de gafas perfectas este verano (seg\u00fan Michael Kors)","og_description":"Saber cu\u00e1l es complemento ideal para los d\u00edas de sol y playa (o de oficina) no es tarea f\u00e1cil, te desvelamos los secretos para conseguirlo.","og_url":"https:\/\/graziamagazine.com\/es\/articles\/6-consejos-para-elegir-el-par-de-gafas-perfectas-este-verano-segun-michael-kors\/","og_site_name":"Grazia","article_modified_time":"2024-07-15T08:17:33+00:00","og_image":[{"width":2190,"height":1450,"url":"https:\/\/graziamagazine.com\/es\/wp-content\/uploads\/sites\/12\/2024\/07\/Captura-de-pantalla-2024-06-14-a-las-11.08.36-copia.jpg","type":"image\/jpeg"}],"twitter_card":"summary_large_image","twitter_misc":{"Est. reading time":"8 minutos"},"schema":{"@context":"https:\/\/schema.org","@graph":[{"@type":"WebPage","@id":"https:\/\/graziamagazine.com\/es\/articles\/6-consejos-para-elegir-el-par-de-gafas-perfectas-este-verano-segun-michael-kors\/","url":"https:\/\/graziamagazine.com\/es\/articles\/6-consejos-para-elegir-el-par-de-gafas-perfectas-este-verano-segun-michael-kors\/","name":"6 consejos para elegir el par de gafas perfectas este verano (seg\u00fan Michael Kors)","isPartOf":{"@id":"https:\/\/graziamagazine.com\/es\/#website"},"datePublished":"2024-07-11T06:00:05+00:00","dateModified":"2024-07-15T08:17:33+00:00","description":"Saber cu\u00e1l es complemento ideal para los d\u00edas de sol y playa (o de oficina) no es tarea f\u00e1cil, te desvelamos los secretos para conseguirlo.","breadcrumb":{"@id":"https:\/\/graziamagazine.com\/es\/articles\/6-consejos-para-elegir-el-par-de-gafas-perfectas-este-verano-segun-michael-kors\/#breadcrumb"},"inLanguage":"es","potentialAction":[{"@type":"ReadAction","target":["https:\/\/graziamagazine.com\/es\/articles\/6-consejos-para-elegir-el-par-de-gafas-perfectas-este-verano-segun-michael-kors\/"]}]},{"@type":"BreadcrumbList","@id":"https:\/\/graziamagazine.com\/es\/articles\/6-consejos-para-elegir-el-par-de-gafas-perfectas-este-verano-segun-michael-kors\/#breadcrumb","itemListElement":[{"@type":"ListItem","position":1,"name":"Portada","item":"https:\/\/graziamagazine.com\/es\/"},{"@type":"ListItem","position":2,"name":"6 consejos para elegir el par de gafas perfectas este verano (seg\u00fan Michael Kors)"}]},{"@type":"WebSite","@id":"https:\/\/graziamagazine.com\/es\/#website","url":"https:\/\/graziamagazine.com\/es\/","name":"Grazia","description":"Moda, belleza, celebrities, estilo de vida...","potentialAction":[{"@type":"SearchAction","target":{"@type":"EntryPoint","urlTemplate":"https:\/\/graziamagazine.com\/es\/?s={search_term_string}"},"query-input":"required name=search_term_string"}],"inLanguage":"es"}]}},"jetpack_sharing_enabled":true,"distributor_meta":false,"distributor_terms":false,"distributor_media":false,"distributor_original_site_name":"Grazia","distributor_original_site_url":"https:\/\/graziamagazine.com\/es","push-errors":false,"_links":{"self":[{"href":"https:\/\/graziamagazine.com\/es\/wp-json\/wp\/v2\/articles\/177546"}],"collection":[{"href":"https:\/\/graziamagazine.com\/es\/wp-json\/wp\/v2\/articles"}],"about":[{"href":"https:\/\/graziamagazine.com\/es\/wp-json\/wp\/v2\/types\/articles"}],"author":[{"embeddable":true,"href":"https:\/\/graziamagazine.com\/es\/wp-json\/wp\/v2\/users\/16349"}],"wp:featuredmedia":[{"embeddable":true,"href":"https:\/\/graziamagazine.com\/es\/wp-json\/wp\/v2\/media\/177547"}],"wp:attachment":[{"href":"https:\/\/graziamagazine.com\/es\/wp-json\/wp\/v2\/media?parent=177546"}],"wp:term":[{"taxonomy":"category","embeddable":true,"href":"https:\/\/graziamagazine.com\/es\/wp-json\/wp\/v2\/categories?post=177546"}],"curies":[{"name":"wp","href":"https:\/\/api.w.org\/{rel}","templated":true}]}}