{"id":177496,"date":"2024-07-09T09:00:26","date_gmt":"2024-07-09T07:00:26","guid":{"rendered":"https:\/\/graziamagazine.com\/es\/?post_type=articles&#038;p=177496"},"modified":"2024-07-08T23:11:22","modified_gmt":"2024-07-08T21:11:22","slug":"michael-costello-primer-confirmado-para-la-mbfwmadrid-de-septiembre","status":"publish","type":"articles","link":"https:\/\/graziamagazine.com\/es\/articles\/michael-costello-primer-confirmado-para-la-mbfwmadrid-de-septiembre\/","title":{"rendered":"Michael Costello, primer confirmado para la MBFWMadrid de septiembre"},"content":{"rendered":"<p>La octag\u00e9sima convocatoria del evento m\u00e1s longevo e importante de la industria de la moda en nuestro pa\u00eds, Mercedes-Benz Fashion Week Madrid, comienza a desvelar los titulares del calendario oficial para la temporada Primavera\/Verano 25 siendo el primer nombre el del dise\u00f1ador americano <strong>Michael Costello, que hace su puesta de largo en Espa\u00f1a sobre la pasarela MBFWMadrid.<\/strong><\/p>\n<p>Aunque solo lleva unos meses aterrizado en Espa\u00f1a, ya es uno de los creadores de moda m\u00e1s reconocidos de los \u00faltimos tiempos debido a la calidad de sus dise\u00f1os y a su \u00e9xito entre las celebrities. De hecho, <strong>es uno de los dise\u00f1adores favoritos de artistas como Beyonc\u00e9, Lady Gaga o JLo,<\/strong> que han optado por vestir sus piezas.<\/p>\n<p><img loading=\"lazy\" decoding=\"async\" class=\"aligncenter size-full wp-image-177498\" src=\"https:\/\/graziamagazine.com\/es\/wp-content\/uploads\/sites\/12\/2024\/07\/Michael-Costello.jpg\" alt=\"\" width=\"996\" height=\"1328\" srcset=\"https:\/\/graziamagazine.com\/es\/wp-content\/uploads\/sites\/12\/2024\/07\/Michael-Costello.jpg 996w, https:\/\/graziamagazine.com\/es\/wp-content\/uploads\/sites\/12\/2024\/07\/Michael-Costello-225x300.jpg 225w, https:\/\/graziamagazine.com\/es\/wp-content\/uploads\/sites\/12\/2024\/07\/Michael-Costello-768x1024.jpg 768w, https:\/\/graziamagazine.com\/es\/wp-content\/uploads\/sites\/12\/2024\/07\/Michael-Costello-400x533.jpg 400w, https:\/\/graziamagazine.com\/es\/wp-content\/uploads\/sites\/12\/2024\/07\/Michael-Costello-155x207.jpg 155w\" sizes=\"(max-width: 996px) 100vw, 996px\" \/><\/p>\n<p>Las creaciones de Michael Costello han estado presentes en muchas alfombras rojas de todo el mundo, desde los Grammy hasta los Oscar. Recientemente ha sido protagonista en el Festival de M\u00e1laga con las actrices Goya Toledo y Olivia Baglivi. El americano cuenta con el apoyo de celebrities espa\u00f1olas como Paula Echevarria, quien viste sus piezas a menudo, o de Esther Ca\u00f1adas, protagonista de su \u00faltima colecci\u00f3n Michael Costello x Revolve.<\/p>\n<p>MBFWMadrid, organizada por IFEMA MADRID con el apoyo del Ayuntamiento de Madrid, cuenta con el soporte de firmas l\u00edderes en su sector, como Mercedes-Benz, L\u2019Or\u00e9al Paris e Inditex, patrocinadores principales que siguen siendo fieles a la cita; Allianz, Iberia y MO, que participan como patrocinadores; y Dorsia Cl\u00ednicas, GHD, Udit-Universidad de Dise\u00f1o, Innovaci\u00f3n y Tecnolog\u00eda, Comunidad de Madrid, M\u00e1laga de Moda que participa junto a la identidad corporativa de Diputaci\u00f3n de M\u00e1laga, Junta de Castilla y Le\u00f3n, Mar de Frades, Schweppes y Martin Miller\u2019s Gin, como colaboradores. Adem\u00e1s, participan Escuela de Negocios, ESDEN, y Kellogg\u00b4s.<\/p>\n<p><em>*Im\u00e1genes: Getty Images y cortes\u00eda<\/em><\/p>\n","protected":false},"author":11653,"featured_media":177497,"template":"","format":"standard","categories":[2971],"acf":{"banner":null},"yoast_head":"<!-- This site is optimized with the Yoast SEO Premium plugin v18.5 (Yoast SEO v20.4) - https:\/\/yoast.com\/wordpress\/plugins\/seo\/ -->\n<title>Michael Costello desfilar\u00e1 en la MBFWMadrid de septiembre<\/title>\n<meta name=\"description\" content=\"El dise\u00f1ador internacional se estrena en la pasarela madrile\u00f1a que tendr\u00e1 lugar del 12 al 16 de septiembre en IFEMA.\" \/>\n<meta name=\"robots\" content=\"index, follow, max-snippet:-1, max-image-preview:large, max-video-preview:-1\" \/>\n<link rel=\"canonical\" href=\"https:\/\/graziamagazine.com\/es\/articles\/michael-costello-primer-confirmado-para-la-mbfwmadrid-de-septiembre\/\" \/>\n<meta property=\"og:locale\" content=\"es_ES\" \/>\n<meta property=\"og:type\" content=\"article\" \/>\n<meta property=\"og:title\" content=\"Michael Costello, primer confirmado para la MBFWMadrid de septiembre\" \/>\n<meta property=\"og:description\" content=\"El dise\u00f1ador internacional se estrena en la pasarela madrile\u00f1a que tendr\u00e1 lugar del 12 al 16 de septiembre en IFEMA.\" \/>\n<meta property=\"og:url\" content=\"https:\/\/graziamagazine.com\/es\/articles\/michael-costello-primer-confirmado-para-la-mbfwmadrid-de-septiembre\/\" \/>\n<meta property=\"og:site_name\" content=\"Grazia\" \/>\n<meta property=\"article:modified_time\" content=\"2024-07-08T21:11:22+00:00\" \/>\n<meta property=\"og:image\" content=\"https:\/\/graziamagazine.com\/es\/wp-content\/uploads\/sites\/12\/2024\/07\/45-facts-about-michael-costello-1695979961.jpg\" \/>\n\t<meta property=\"og:image:width\" content=\"1500\" \/>\n\t<meta property=\"og:image:height\" content=\"1000\" \/>\n\t<meta property=\"og:image:type\" content=\"image\/jpeg\" \/>\n<meta name=\"twitter:card\" content=\"summary_large_image\" \/>\n<meta name=\"twitter:label1\" content=\"Est. reading time\" \/>\n\t<meta name=\"twitter:data1\" content=\"2 minutos\" \/>\n<script type=\"application\/ld+json\" class=\"yoast-schema-graph\">{\"@context\":\"https:\/\/schema.org\",\"@graph\":[{\"@type\":\"WebPage\",\"@id\":\"https:\/\/graziamagazine.com\/es\/articles\/michael-costello-primer-confirmado-para-la-mbfwmadrid-de-septiembre\/\",\"url\":\"https:\/\/graziamagazine.com\/es\/articles\/michael-costello-primer-confirmado-para-la-mbfwmadrid-de-septiembre\/\",\"name\":\"Michael Costello desfilar\u00e1 en la MBFWMadrid de septiembre\",\"isPartOf\":{\"@id\":\"https:\/\/graziamagazine.com\/es\/#website\"},\"datePublished\":\"2024-07-09T07:00:26+00:00\",\"dateModified\":\"2024-07-08T21:11:22+00:00\",\"description\":\"El dise\u00f1ador internacional se estrena en la pasarela madrile\u00f1a que tendr\u00e1 lugar del 12 al 16 de septiembre en IFEMA.\",\"breadcrumb\":{\"@id\":\"https:\/\/graziamagazine.com\/es\/articles\/michael-costello-primer-confirmado-para-la-mbfwmadrid-de-septiembre\/#breadcrumb\"},\"inLanguage\":\"es\",\"potentialAction\":[{\"@type\":\"ReadAction\",\"target\":[\"https:\/\/graziamagazine.com\/es\/articles\/michael-costello-primer-confirmado-para-la-mbfwmadrid-de-septiembre\/\"]}]},{\"@type\":\"BreadcrumbList\",\"@id\":\"https:\/\/graziamagazine.com\/es\/articles\/michael-costello-primer-confirmado-para-la-mbfwmadrid-de-septiembre\/#breadcrumb\",\"itemListElement\":[{\"@type\":\"ListItem\",\"position\":1,\"name\":\"Portada\",\"item\":\"https:\/\/graziamagazine.com\/es\/\"},{\"@type\":\"ListItem\",\"position\":2,\"name\":\"Michael Costello, primer confirmado para la MBFWMadrid de septiembre\"}]},{\"@type\":\"WebSite\",\"@id\":\"https:\/\/graziamagazine.com\/es\/#website\",\"url\":\"https:\/\/graziamagazine.com\/es\/\",\"name\":\"Grazia\",\"description\":\"Moda, belleza, celebrities, estilo de vida...\",\"potentialAction\":[{\"@type\":\"SearchAction\",\"target\":{\"@type\":\"EntryPoint\",\"urlTemplate\":\"https:\/\/graziamagazine.com\/es\/?s={search_term_string}\"},\"query-input\":\"required name=search_term_string\"}],\"inLanguage\":\"es\"}]}<\/script>\n<!-- \/ Yoast SEO Premium plugin. -->","yoast_head_json":{"title":"Michael Costello desfilar\u00e1 en la MBFWMadrid de septiembre","description":"El dise\u00f1ador internacional se estrena en la pasarela madrile\u00f1a que tendr\u00e1 lugar del 12 al 16 de septiembre en IFEMA.","robots":{"index":"index","follow":"follow","max-snippet":"max-snippet:-1","max-image-preview":"max-image-preview:large","max-video-preview":"max-video-preview:-1"},"canonical":"https:\/\/graziamagazine.com\/es\/articles\/michael-costello-primer-confirmado-para-la-mbfwmadrid-de-septiembre\/","og_locale":"es_ES","og_type":"article","og_title":"Michael Costello, primer confirmado para la MBFWMadrid de septiembre","og_description":"El dise\u00f1ador internacional se estrena en la pasarela madrile\u00f1a que tendr\u00e1 lugar del 12 al 16 de septiembre en IFEMA.","og_url":"https:\/\/graziamagazine.com\/es\/articles\/michael-costello-primer-confirmado-para-la-mbfwmadrid-de-septiembre\/","og_site_name":"Grazia","article_modified_time":"2024-07-08T21:11:22+00:00","og_image":[{"width":1500,"height":1000,"url":"https:\/\/graziamagazine.com\/es\/wp-content\/uploads\/sites\/12\/2024\/07\/45-facts-about-michael-costello-1695979961.jpg","type":"image\/jpeg"}],"twitter_card":"summary_large_image","twitter_misc":{"Est. reading time":"2 minutos"},"schema":{"@context":"https:\/\/schema.org","@graph":[{"@type":"WebPage","@id":"https:\/\/graziamagazine.com\/es\/articles\/michael-costello-primer-confirmado-para-la-mbfwmadrid-de-septiembre\/","url":"https:\/\/graziamagazine.com\/es\/articles\/michael-costello-primer-confirmado-para-la-mbfwmadrid-de-septiembre\/","name":"Michael Costello desfilar\u00e1 en la MBFWMadrid de septiembre","isPartOf":{"@id":"https:\/\/graziamagazine.com\/es\/#website"},"datePublished":"2024-07-09T07:00:26+00:00","dateModified":"2024-07-08T21:11:22+00:00","description":"El dise\u00f1ador internacional se estrena en la pasarela madrile\u00f1a que tendr\u00e1 lugar del 12 al 16 de septiembre en IFEMA.","breadcrumb":{"@id":"https:\/\/graziamagazine.com\/es\/articles\/michael-costello-primer-confirmado-para-la-mbfwmadrid-de-septiembre\/#breadcrumb"},"inLanguage":"es","potentialAction":[{"@type":"ReadAction","target":["https:\/\/graziamagazine.com\/es\/articles\/michael-costello-primer-confirmado-para-la-mbfwmadrid-de-septiembre\/"]}]},{"@type":"BreadcrumbList","@id":"https:\/\/graziamagazine.com\/es\/articles\/michael-costello-primer-confirmado-para-la-mbfwmadrid-de-septiembre\/#breadcrumb","itemListElement":[{"@type":"ListItem","position":1,"name":"Portada","item":"https:\/\/graziamagazine.com\/es\/"},{"@type":"ListItem","position":2,"name":"Michael Costello, primer confirmado para la MBFWMadrid de septiembre"}]},{"@type":"WebSite","@id":"https:\/\/graziamagazine.com\/es\/#website","url":"https:\/\/graziamagazine.com\/es\/","name":"Grazia","description":"Moda, belleza, celebrities, estilo de vida...","potentialAction":[{"@type":"SearchAction","target":{"@type":"EntryPoint","urlTemplate":"https:\/\/graziamagazine.com\/es\/?s={search_term_string}"},"query-input":"required name=search_term_string"}],"inLanguage":"es"}]}},"jetpack_sharing_enabled":true,"distributor_meta":false,"distributor_terms":false,"distributor_media":false,"distributor_original_site_name":"Grazia","distributor_original_site_url":"https:\/\/graziamagazine.com\/es","push-errors":false,"_links":{"self":[{"href":"https:\/\/graziamagazine.com\/es\/wp-json\/wp\/v2\/articles\/177496"}],"collection":[{"href":"https:\/\/graziamagazine.com\/es\/wp-json\/wp\/v2\/articles"}],"about":[{"href":"https:\/\/graziamagazine.com\/es\/wp-json\/wp\/v2\/types\/articles"}],"author":[{"embeddable":true,"href":"https:\/\/graziamagazine.com\/es\/wp-json\/wp\/v2\/users\/11653"}],"wp:featuredmedia":[{"embeddable":true,"href":"https:\/\/graziamagazine.com\/es\/wp-json\/wp\/v2\/media\/177497"}],"wp:attachment":[{"href":"https:\/\/graziamagazine.com\/es\/wp-json\/wp\/v2\/media?parent=177496"}],"wp:term":[{"taxonomy":"category","embeddable":true,"href":"https:\/\/graziamagazine.com\/es\/wp-json\/wp\/v2\/categories?post=177496"}],"curies":[{"name":"wp","href":"https:\/\/api.w.org\/{rel}","templated":true}]}}