{"id":177414,"date":"2024-07-08T09:00:30","date_gmt":"2024-07-08T07:00:30","guid":{"rendered":"https:\/\/graziamagazine.com\/es\/?post_type=articles&#038;p=177414"},"modified":"2024-07-07T21:16:42","modified_gmt":"2024-07-07T19:16:42","slug":"menu-fotoprotector-los-alimentos-que-protegen-del-sol","status":"publish","type":"articles","link":"https:\/\/graziamagazine.com\/es\/articles\/menu-fotoprotector-los-alimentos-que-protegen-del-sol\/","title":{"rendered":"Men\u00fa fotoprotector, los alimentos que protegen del sol"},"content":{"rendered":"<div class=\"field field-name-field-quehaydenuevo-teaser field-type-text-long field-label-hidden\">\n<div class=\"field-items\">\n<div class=\"field-item even\">\n<p>Con la llegada del verano, proteger nuestra piel de los da\u00f1inos rayos solares se convierte en una prioridad. Si bien el uso de fotoprotectores t\u00f3picos es esencial, hay quienes aseguran que n<strong>uestra dieta tambi\u00e9n puede jugar un papel importante en la protecci\u00f3n solar<\/strong>. La nutricionista Salena Sainz de\u00a0<a href=\"https:\/\/naturaenutricion.com\/\"style=\"background-color: #ffffff\"  target=\"_blank\"><strong>Naturae Nutrici\u00f3n<\/strong><\/a>, conocida por su enfoque integral y cient\u00edfico en la nutrici\u00f3n, nos explica c\u00f3mo ciertos alimentos pueden preparar nuestra piel para el sol y mantenerla visiblemente m\u00e1s saludable.<\/p>\n<\/div>\n<\/div>\n<\/div>\n<div class=\"field field-name-field-foto-principal field-type-image field-label-hidden\">\n<div class=\"field-items\">\n<p>Salena Sainz nos explica:\u00a0<em>\u00abAunque no hay alimentos que sustituyan el uso de protectores solares, ciertos nutrientes pueden ayudar a fortalecer la piel y mejorar su resistencia frente a los da\u00f1os solares. Estos alimentos ricos en antioxidantes, vitaminas y minerales, contribuyen a una piel m\u00e1s saludable y mejor preparada para enfrentar los rayos UV.\u00bb<\/em><\/p>\n<p>Es importante recordar que <strong>no sustituyen al protector solar<\/strong> como enfatiza Sainz: <em>\u00abEstos alimentos no deben considerarse un sustituto de los protectores solares t\u00f3picos. Sin embargo, incluirlos en tu dieta puede ofrecer un apoyo adicional, haciendo que tu piel est\u00e9 mejor preparada para recibir los rayos del sol y se vea visiblemente m\u00e1s saludable.\u00bb<\/em><\/p>\n<p><img loading=\"lazy\" decoding=\"async\" class=\"aligncenter size-full wp-image-177415\" src=\"https:\/\/graziamagazine.com\/es\/wp-content\/uploads\/sites\/12\/2024\/07\/Salena-Sainz.jpeg\" alt=\"\" width=\"1024\" height=\"768\" srcset=\"https:\/\/graziamagazine.com\/es\/wp-content\/uploads\/sites\/12\/2024\/07\/Salena-Sainz.jpeg 1024w, https:\/\/graziamagazine.com\/es\/wp-content\/uploads\/sites\/12\/2024\/07\/Salena-Sainz-300x225.jpeg 300w, https:\/\/graziamagazine.com\/es\/wp-content\/uploads\/sites\/12\/2024\/07\/Salena-Sainz-768x576.jpeg 768w, https:\/\/graziamagazine.com\/es\/wp-content\/uploads\/sites\/12\/2024\/07\/Salena-Sainz-400x300.jpeg 400w, https:\/\/graziamagazine.com\/es\/wp-content\/uploads\/sites\/12\/2024\/07\/Salena-Sainz-155x116.jpeg 155w\" sizes=\"(max-width: 1024px) 100vw, 1024px\" \/><\/p>\n<h3><strong>Men\u00fa fotoprotector perfecto para verano<\/strong><\/h3>\n<p>A continuaci\u00f3n, presentamos un &#8216;men\u00fa fotoprotector&#8217; recomendado por Sainz, perfecto para incluir en nuestra dieta veraniega:<\/p>\n<h5><strong>Desayuno: K\u00e9fir con ar\u00e1ndanos, mango y granola con nibs de cacao y canela<\/strong><\/h5>\n<p>Para comenzar el d\u00eda, nada mejor que un desayuno rico en antioxidantes.\u00a0<em>\u00abEl k\u00e9fir es una excelente fuente de probi\u00f3ticos que ayudan a mantener la salud intestinal, esencial para una piel radiante. Los ar\u00e1ndanos y el mango est\u00e1n cargados de antioxidantes y vitamina C, que protegen la piel contra los da\u00f1os del sol. A\u00f1adir nibs de ca<\/em><em>cao proporciona polifenoles, y la canela tiene propiedades antiinflamatorias,\u00bb<\/em>\u00a0comenta Sainz.<\/p>\n<h5><img loading=\"lazy\" decoding=\"async\" class=\"aligncenter size-full wp-image-177421\" src=\"https:\/\/graziamagazine.com\/es\/wp-content\/uploads\/sites\/12\/2024\/07\/Captura-de-pantalla-2024-07-07-a-las-21.14.47.png\" alt=\"\" width=\"1626\" height=\"1132\" srcset=\"https:\/\/graziamagazine.com\/es\/wp-content\/uploads\/sites\/12\/2024\/07\/Captura-de-pantalla-2024-07-07-a-las-21.14.47.png 1626w, https:\/\/graziamagazine.com\/es\/wp-content\/uploads\/sites\/12\/2024\/07\/Captura-de-pantalla-2024-07-07-a-las-21.14.47-300x209.png 300w, https:\/\/graziamagazine.com\/es\/wp-content\/uploads\/sites\/12\/2024\/07\/Captura-de-pantalla-2024-07-07-a-las-21.14.47-1024x713.png 1024w, https:\/\/graziamagazine.com\/es\/wp-content\/uploads\/sites\/12\/2024\/07\/Captura-de-pantalla-2024-07-07-a-las-21.14.47-768x535.png 768w, https:\/\/graziamagazine.com\/es\/wp-content\/uploads\/sites\/12\/2024\/07\/Captura-de-pantalla-2024-07-07-a-las-21.14.47-1536x1069.png 1536w, https:\/\/graziamagazine.com\/es\/wp-content\/uploads\/sites\/12\/2024\/07\/Captura-de-pantalla-2024-07-07-a-las-21.14.47-400x278.png 400w, https:\/\/graziamagazine.com\/es\/wp-content\/uploads\/sites\/12\/2024\/07\/Captura-de-pantalla-2024-07-07-a-las-21.14.47-155x108.png 155w\" sizes=\"(max-width: 1626px) 100vw, 1626px\" \/><\/h5>\n<h5><strong>Almuerzo: Lentejas con quinoa, zanahorias asadas y mayonesa de yogur y aguacate<\/strong><\/h5>\n<p>Este plato no solo es delicioso, sino tambi\u00e9n muy nutritivo.\u00a0<em>\u00abLas lentejas y la quinoa son ricas en prote\u00ednas y fibra, lo que ayuda a mantener la piel firme y saludable. Las zanahorias son famosas por su alto contenido en betacaroteno, un antioxidante que se convierte en vitamina A, esencial para la reparaci\u00f3n de la piel. La mayonesa de yogur y aguacate aporta grasas saludables y probi\u00f3ticos adicionales,\u00bb<\/em>\u00a0detalla Sainz.<\/p>\n<h5><strong>Cena: Bonito del norte a la plancha con crujiente de s\u00e9samo sobre pur\u00e9 de boniato y vinagreta de pico de gallo<\/strong><\/h5>\n<p>Para la cena, Salena Sainz sugiere un plato lleno de nutrientes beneficiosos para la piel.\u00a0<em>\u00abEl bonito del norte es una excelente fuente de \u00e1cidos grasos omega-3, que ayudan a reducir la inflamaci\u00f3n y mantener la piel hidratada. El pur\u00e9 de boniato es rico en betacaroteno y vitamina E, que protegen contra el da\u00f1o solar. El s\u00e9samo aporta zinc, un mineral importante para la reparaci\u00f3n de la piel, y la vinagreta de pico de gallo a\u00f1ade una dosis de vitamina C y antioxidantes,\u00bb<\/em>\u00a0explica.<\/p>\n<h5><strong>Bebida: Infusi\u00f3n de hibisco con c\u00edtricos deshidratados<\/strong><\/h5>\n<p>Para completar el men\u00fa, una refrescante infusi\u00f3n de hibisco.\u00a0<em>\u00abEl hibisco es conocido por su alto contenido en antioxidantes, que ayudan a combatir los radicales libres generados por la exposici\u00f3n al sol. Los c\u00edtricos deshidratados a\u00f1aden un toque de vitamina C adicional, potenciando el efecto protector,<\/em>\u00bb se\u00f1ala Sainz.<\/p>\n<p><img loading=\"lazy\" decoding=\"async\" class=\"aligncenter size-full wp-image-177419\" src=\"https:\/\/graziamagazine.com\/es\/wp-content\/uploads\/sites\/12\/2024\/07\/yeoul-shin-XAM9egfBilk-unsplash.jpg\" alt=\"\" width=\"1920\" height=\"1280\" srcset=\"https:\/\/graziamagazine.com\/es\/wp-content\/uploads\/sites\/12\/2024\/07\/yeoul-shin-XAM9egfBilk-unsplash.jpg 1920w, https:\/\/graziamagazine.com\/es\/wp-content\/uploads\/sites\/12\/2024\/07\/yeoul-shin-XAM9egfBilk-unsplash-300x200.jpg 300w, https:\/\/graziamagazine.com\/es\/wp-content\/uploads\/sites\/12\/2024\/07\/yeoul-shin-XAM9egfBilk-unsplash-1024x683.jpg 1024w, https:\/\/graziamagazine.com\/es\/wp-content\/uploads\/sites\/12\/2024\/07\/yeoul-shin-XAM9egfBilk-unsplash-768x512.jpg 768w, https:\/\/graziamagazine.com\/es\/wp-content\/uploads\/sites\/12\/2024\/07\/yeoul-shin-XAM9egfBilk-unsplash-1536x1024.jpg 1536w, https:\/\/graziamagazine.com\/es\/wp-content\/uploads\/sites\/12\/2024\/07\/yeoul-shin-XAM9egfBilk-unsplash-400x267.jpg 400w, https:\/\/graziamagazine.com\/es\/wp-content\/uploads\/sites\/12\/2024\/07\/yeoul-shin-XAM9egfBilk-unsplash-155x103.jpg 155w\" sizes=\"(max-width: 1920px) 100vw, 1920px\" \/><\/p>\n<p>Por tanto, integrar estos alimentos en tu rutina diaria, junto con la aplicaci\u00f3n regular de protector solar, puede ser una estrategia eficaz para mantener tu piel protegida y radiante durante el verano. Como concluye Salena Sainz,\u00a0<em>\u00abla clave est\u00e1 en el equilibrio y en entender que una buena nutrici\u00f3n es un complemento valioso para cualquier r\u00e9gimen de cuidado de la piel.\u00bb<\/em><\/p>\n<p>*Im\u00e1genes: cortes\u00eda<\/p>\n<\/div>\n<\/div>\n","protected":false},"author":11653,"featured_media":177417,"template":"","format":"standard","categories":[3054],"acf":[],"yoast_head":"<!-- This site is optimized with the Yoast SEO Premium plugin v18.5 (Yoast SEO v20.4) - https:\/\/yoast.com\/wordpress\/plugins\/seo\/ -->\n<title>Men\u00fa fotoprotector, los alimentos que protegen del sol | Grazia<\/title>\n<meta name=\"description\" content=\"\u00bfSab\u00edas que ciertos alimentos pueden actuar como un escudo natural contra los rayos UV? La nutricionista Salena Sainz nos lo cuenta.\" \/>\n<meta name=\"robots\" content=\"index, follow, max-snippet:-1, max-image-preview:large, max-video-preview:-1\" \/>\n<link rel=\"canonical\" href=\"https:\/\/graziamagazine.com\/es\/articles\/menu-fotoprotector-los-alimentos-que-protegen-del-sol\/\" \/>\n<meta property=\"og:locale\" content=\"es_ES\" \/>\n<meta property=\"og:type\" content=\"article\" \/>\n<meta property=\"og:title\" content=\"Men\u00fa fotoprotector, los alimentos que protegen del sol\" \/>\n<meta property=\"og:description\" content=\"\u00bfSab\u00edas que ciertos alimentos pueden actuar como un escudo natural contra los rayos UV? La nutricionista Salena Sainz nos lo cuenta.\" \/>\n<meta property=\"og:url\" content=\"https:\/\/graziamagazine.com\/es\/articles\/menu-fotoprotector-los-alimentos-que-protegen-del-sol\/\" \/>\n<meta property=\"og:site_name\" content=\"Grazia\" \/>\n<meta property=\"article:modified_time\" content=\"2024-07-07T19:16:42+00:00\" \/>\n<meta property=\"og:image\" content=\"https:\/\/graziamagazine.com\/es\/wp-content\/uploads\/sites\/12\/2024\/07\/naturae240627-1.jpg\" \/>\n\t<meta property=\"og:image:width\" content=\"1024\" \/>\n\t<meta property=\"og:image:height\" content=\"768\" \/>\n\t<meta property=\"og:image:type\" content=\"image\/jpeg\" \/>\n<meta name=\"twitter:card\" content=\"summary_large_image\" \/>\n<meta name=\"twitter:label1\" content=\"Est. reading time\" \/>\n\t<meta name=\"twitter:data1\" content=\"4 minutos\" \/>\n<script type=\"application\/ld+json\" class=\"yoast-schema-graph\">{\"@context\":\"https:\/\/schema.org\",\"@graph\":[{\"@type\":\"WebPage\",\"@id\":\"https:\/\/graziamagazine.com\/es\/articles\/menu-fotoprotector-los-alimentos-que-protegen-del-sol\/\",\"url\":\"https:\/\/graziamagazine.com\/es\/articles\/menu-fotoprotector-los-alimentos-que-protegen-del-sol\/\",\"name\":\"Men\u00fa fotoprotector, los alimentos que protegen del sol | Grazia\",\"isPartOf\":{\"@id\":\"https:\/\/graziamagazine.com\/es\/#website\"},\"datePublished\":\"2024-07-08T07:00:30+00:00\",\"dateModified\":\"2024-07-07T19:16:42+00:00\",\"description\":\"\u00bfSab\u00edas que ciertos alimentos pueden actuar como un escudo natural contra los rayos UV? La nutricionista Salena Sainz nos lo cuenta.\",\"breadcrumb\":{\"@id\":\"https:\/\/graziamagazine.com\/es\/articles\/menu-fotoprotector-los-alimentos-que-protegen-del-sol\/#breadcrumb\"},\"inLanguage\":\"es\",\"potentialAction\":[{\"@type\":\"ReadAction\",\"target\":[\"https:\/\/graziamagazine.com\/es\/articles\/menu-fotoprotector-los-alimentos-que-protegen-del-sol\/\"]}]},{\"@type\":\"BreadcrumbList\",\"@id\":\"https:\/\/graziamagazine.com\/es\/articles\/menu-fotoprotector-los-alimentos-que-protegen-del-sol\/#breadcrumb\",\"itemListElement\":[{\"@type\":\"ListItem\",\"position\":1,\"name\":\"Portada\",\"item\":\"https:\/\/graziamagazine.com\/es\/\"},{\"@type\":\"ListItem\",\"position\":2,\"name\":\"Men\u00fa fotoprotector, los alimentos que protegen del sol\"}]},{\"@type\":\"WebSite\",\"@id\":\"https:\/\/graziamagazine.com\/es\/#website\",\"url\":\"https:\/\/graziamagazine.com\/es\/\",\"name\":\"Grazia\",\"description\":\"Moda, belleza, celebrities, estilo de vida...\",\"potentialAction\":[{\"@type\":\"SearchAction\",\"target\":{\"@type\":\"EntryPoint\",\"urlTemplate\":\"https:\/\/graziamagazine.com\/es\/?s={search_term_string}\"},\"query-input\":\"required name=search_term_string\"}],\"inLanguage\":\"es\"}]}<\/script>\n<!-- \/ Yoast SEO Premium plugin. -->","yoast_head_json":{"title":"Men\u00fa fotoprotector, los alimentos que protegen del sol | Grazia","description":"\u00bfSab\u00edas que ciertos alimentos pueden actuar como un escudo natural contra los rayos UV? La nutricionista Salena Sainz nos lo cuenta.","robots":{"index":"index","follow":"follow","max-snippet":"max-snippet:-1","max-image-preview":"max-image-preview:large","max-video-preview":"max-video-preview:-1"},"canonical":"https:\/\/graziamagazine.com\/es\/articles\/menu-fotoprotector-los-alimentos-que-protegen-del-sol\/","og_locale":"es_ES","og_type":"article","og_title":"Men\u00fa fotoprotector, los alimentos que protegen del sol","og_description":"\u00bfSab\u00edas que ciertos alimentos pueden actuar como un escudo natural contra los rayos UV? La nutricionista Salena Sainz nos lo cuenta.","og_url":"https:\/\/graziamagazine.com\/es\/articles\/menu-fotoprotector-los-alimentos-que-protegen-del-sol\/","og_site_name":"Grazia","article_modified_time":"2024-07-07T19:16:42+00:00","og_image":[{"width":1024,"height":768,"url":"https:\/\/graziamagazine.com\/es\/wp-content\/uploads\/sites\/12\/2024\/07\/naturae240627-1.jpg","type":"image\/jpeg"}],"twitter_card":"summary_large_image","twitter_misc":{"Est. reading time":"4 minutos"},"schema":{"@context":"https:\/\/schema.org","@graph":[{"@type":"WebPage","@id":"https:\/\/graziamagazine.com\/es\/articles\/menu-fotoprotector-los-alimentos-que-protegen-del-sol\/","url":"https:\/\/graziamagazine.com\/es\/articles\/menu-fotoprotector-los-alimentos-que-protegen-del-sol\/","name":"Men\u00fa fotoprotector, los alimentos que protegen del sol | Grazia","isPartOf":{"@id":"https:\/\/graziamagazine.com\/es\/#website"},"datePublished":"2024-07-08T07:00:30+00:00","dateModified":"2024-07-07T19:16:42+00:00","description":"\u00bfSab\u00edas que ciertos alimentos pueden actuar como un escudo natural contra los rayos UV? La nutricionista Salena Sainz nos lo cuenta.","breadcrumb":{"@id":"https:\/\/graziamagazine.com\/es\/articles\/menu-fotoprotector-los-alimentos-que-protegen-del-sol\/#breadcrumb"},"inLanguage":"es","potentialAction":[{"@type":"ReadAction","target":["https:\/\/graziamagazine.com\/es\/articles\/menu-fotoprotector-los-alimentos-que-protegen-del-sol\/"]}]},{"@type":"BreadcrumbList","@id":"https:\/\/graziamagazine.com\/es\/articles\/menu-fotoprotector-los-alimentos-que-protegen-del-sol\/#breadcrumb","itemListElement":[{"@type":"ListItem","position":1,"name":"Portada","item":"https:\/\/graziamagazine.com\/es\/"},{"@type":"ListItem","position":2,"name":"Men\u00fa fotoprotector, los alimentos que protegen del sol"}]},{"@type":"WebSite","@id":"https:\/\/graziamagazine.com\/es\/#website","url":"https:\/\/graziamagazine.com\/es\/","name":"Grazia","description":"Moda, belleza, celebrities, estilo de vida...","potentialAction":[{"@type":"SearchAction","target":{"@type":"EntryPoint","urlTemplate":"https:\/\/graziamagazine.com\/es\/?s={search_term_string}"},"query-input":"required name=search_term_string"}],"inLanguage":"es"}]}},"jetpack_sharing_enabled":true,"distributor_meta":false,"distributor_terms":false,"distributor_media":false,"distributor_original_site_name":"Grazia","distributor_original_site_url":"https:\/\/graziamagazine.com\/es","push-errors":false,"_links":{"self":[{"href":"https:\/\/graziamagazine.com\/es\/wp-json\/wp\/v2\/articles\/177414"}],"collection":[{"href":"https:\/\/graziamagazine.com\/es\/wp-json\/wp\/v2\/articles"}],"about":[{"href":"https:\/\/graziamagazine.com\/es\/wp-json\/wp\/v2\/types\/articles"}],"author":[{"embeddable":true,"href":"https:\/\/graziamagazine.com\/es\/wp-json\/wp\/v2\/users\/11653"}],"wp:featuredmedia":[{"embeddable":true,"href":"https:\/\/graziamagazine.com\/es\/wp-json\/wp\/v2\/media\/177417"}],"wp:attachment":[{"href":"https:\/\/graziamagazine.com\/es\/wp-json\/wp\/v2\/media?parent=177414"}],"wp:term":[{"taxonomy":"category","embeddable":true,"href":"https:\/\/graziamagazine.com\/es\/wp-json\/wp\/v2\/categories?post=177414"}],"curies":[{"name":"wp","href":"https:\/\/api.w.org\/{rel}","templated":true}]}}