{"id":177377,"date":"2024-07-05T09:00:31","date_gmt":"2024-07-05T07:00:31","guid":{"rendered":"https:\/\/graziamagazine.com\/es\/?post_type=articles&#038;p=177377"},"modified":"2024-07-05T01:02:03","modified_gmt":"2024-07-04T23:02:03","slug":"dolcegabbana-alta-sartoria-2024-un-tributo-a-la-belleza-de-cerdena","status":"publish","type":"articles","link":"https:\/\/graziamagazine.com\/es\/articles\/dolcegabbana-alta-sartoria-2024-un-tributo-a-la-belleza-de-cerdena\/","title":{"rendered":"Dolce&amp;Gabbana Alta Sartoria 2024, un tributo a la belleza de Cerde\u00f1a"},"content":{"rendered":"<p>Cuando uno piensa en Cerde\u00f1a, se imagina el mar claro y cristalino, pero la isla es mucho m\u00e1s que sus playas. Cerde\u00f1a, situada en el coraz\u00f3n del <strong>Mediterr\u00e1neo<\/strong>, cuenta con una historia milenaria que se remonta a la Edad del Bronce, evidenciada por los emblem\u00e1ticos Nuraghi, estructuras de piedra que han perdurado a trav\u00e9s de los siglos.<\/p>\n<p>Este patrimonio cultural y natural sirve de inspiraci\u00f3n para la nueva colecci\u00f3n de <strong><em>Haute Couture<\/em> 2024 de Dolce &amp; Gabbana.<\/strong><\/p>\n<div class=\"content-gallery\">\n<div id=\"gallery-1\" class=\"gallery galleryid- gallery-columns- gallery-size-\">\n<figure class=\"gallery-item\">\n<div class=\"gallery-icon landscape\"><img loading=\"lazy\" decoding=\"async\" class=\"lazy\" src=\"https:\/\/graziamagazine.com\/mx\/wp-content\/uploads\/sites\/13\/2024\/07\/AA_Sardegna2024_AltaModa_Nora_ph_Go_Runway-1-scaled.jpg\" alt=\"\" width=\"1707\" height=\"2560\" \/><\/div>\n<\/figure>\n<figure class=\"gallery-item\">\n<div class=\"gallery-icon landscape\"><img loading=\"lazy\" decoding=\"async\" class=\"lazy\" src=\"https:\/\/graziamagazine.com\/mx\/wp-content\/uploads\/sites\/13\/2024\/07\/AA_Sardegna2024_AltaModa_Nora_ph_Go_Runway-2-scaled.jpg\" alt=\"\" width=\"1707\" height=\"2560\" \/><\/div>\n<\/figure>\n<figure class=\"gallery-item\">\n<div class=\"gallery-icon landscape\"><img loading=\"lazy\" decoding=\"async\" class=\"lazy\" src=\"https:\/\/graziamagazine.com\/mx\/wp-content\/uploads\/sites\/13\/2024\/07\/AA_Sardegna2024_AltaModa_Nora_ph_Go_Runway-3-scaled.jpg\" alt=\"\" width=\"1707\" height=\"2560\" \/><\/div>\n<\/figure>\n<figure class=\"gallery-item\">\n<div class=\"gallery-icon landscape\"><img loading=\"lazy\" decoding=\"async\" class=\"lazy\" src=\"https:\/\/graziamagazine.com\/mx\/wp-content\/uploads\/sites\/13\/2024\/07\/AA_Sardegna2024_AltaModa_Nora_ph_Go_Runway-4-scaled.jpg\" alt=\"\" width=\"1707\" height=\"2560\" \/><\/div>\n<\/figure>\n<figure class=\"gallery-item\">\n<div class=\"gallery-icon landscape\"><img loading=\"lazy\" decoding=\"async\" class=\"lazy\" src=\"https:\/\/graziamagazine.com\/mx\/wp-content\/uploads\/sites\/13\/2024\/07\/AA_Sardegna2024_AltaModa_Nora_ph_Go_Runway-5-scaled.jpg\" alt=\"\" width=\"1707\" height=\"2560\" \/><\/div>\n<\/figure>\n<figure class=\"gallery-item\">\n<div class=\"gallery-icon landscape\"><img loading=\"lazy\" decoding=\"async\" class=\"lazy\" src=\"https:\/\/graziamagazine.com\/mx\/wp-content\/uploads\/sites\/13\/2024\/07\/AA_Sardegna2024_AltaModa_Nora_ph_Go_Runway-6-scaled.jpg\" alt=\"\" width=\"1707\" height=\"2560\" \/><\/div>\n<\/figure>\n<figure class=\"gallery-item\">\n<div class=\"gallery-icon landscape\"><img loading=\"lazy\" decoding=\"async\" class=\"lazy\" src=\"https:\/\/graziamagazine.com\/mx\/wp-content\/uploads\/sites\/13\/2024\/07\/AA_Sardegna2024_AltaModa_Nora_ph_Go_Runway-7-scaled.jpg\" alt=\"\" width=\"1707\" height=\"2560\" \/><\/div>\n<\/figure>\n<figure class=\"gallery-item\">\n<div class=\"gallery-icon landscape\"><img loading=\"lazy\" decoding=\"async\" class=\"lazy\" src=\"https:\/\/graziamagazine.com\/mx\/wp-content\/uploads\/sites\/13\/2024\/07\/AA_Sardegna2024_AltaModa_Nora_ph_Go_Runway-9-scaled.jpg\" alt=\"\" width=\"1707\" height=\"2560\" \/><\/div>\n<\/figure>\n<\/div>\n<\/div>\n<p>Kim Jones, directora art\u00edstica de alta costura y ropa de mujer de D&amp;G, destaca que Cerde\u00f1a es un lugar de contrastes y riqueza hist\u00f3rica. La isla ha sido testigo de la mezcla de diversas culturas a lo largo de los siglos, desde los fenicios y romanos hasta los bizantinos y aragoneses.<\/p>\n<p>Esta diversidad cultural se refleja en los sitios arqueol\u00f3gicos dispersos por la isla, como el <strong>Parco Archeologico di Nora<\/strong>, un antiguo asentamiento fenicio y romano.<\/p>\n<p>Nora, situada en el promontorio de Capo Pula, es uno de los sitios arqueol\u00f3gicos m\u00e1s importantes de Cerde\u00f1a. Con parte de la antigua ciudad sumergida bajo el mar, Nora presenta un impresionante escenario con la torre espa\u00f1ola de Coltellazzo dominando la zona. Esta rica historia y la belleza natural de Cerde\u00f1a han sido capturadas en la colecci\u00f3n de alta joyer\u00eda de D&amp;G para 2024.<\/p>\n<div class=\"content-gallery\">\n<div id=\"gallery-2\" class=\"gallery galleryid- gallery-columns- gallery-size-\">\n<figure class=\"gallery-item\">\n<div class=\"gallery-icon landscape\"><img loading=\"lazy\" decoding=\"async\" class=\"lazy\" src=\"https:\/\/graziamagazine.com\/mx\/wp-content\/uploads\/sites\/13\/2024\/07\/AA_Sardegna2024_AltaModa_Nora_ph_Go_Runway-21-scaled.jpg\" alt=\"\" width=\"1707\" height=\"2560\" \/><\/div>\n<\/figure>\n<figure class=\"gallery-item\">\n<div class=\"gallery-icon landscape\"><img loading=\"lazy\" decoding=\"async\" class=\"lazy\" src=\"https:\/\/graziamagazine.com\/mx\/wp-content\/uploads\/sites\/13\/2024\/07\/AA_Sardegna2024_AltaModa_Nora_ph_Go_Runway-22-scaled.jpg\" alt=\"\" width=\"1707\" height=\"2560\" \/><\/div>\n<\/figure>\n<figure class=\"gallery-item\">\n<div class=\"gallery-icon landscape\"><img loading=\"lazy\" decoding=\"async\" class=\"lazy\" src=\"https:\/\/graziamagazine.com\/mx\/wp-content\/uploads\/sites\/13\/2024\/07\/AA_Sardegna2024_AltaModa_Nora_ph_Go_Runway-23-scaled.jpg\" alt=\"\" width=\"1707\" height=\"2560\" \/><\/div>\n<\/figure>\n<figure class=\"gallery-item\">\n<div class=\"gallery-icon landscape\"><img loading=\"lazy\" decoding=\"async\" class=\"lazy\" src=\"https:\/\/graziamagazine.com\/mx\/wp-content\/uploads\/sites\/13\/2024\/07\/AA_Sardegna2024_AltaModa_Nora_ph_Go_Runway-24-scaled.jpg\" alt=\"\" width=\"1707\" height=\"2560\" \/><\/div>\n<\/figure>\n<figure class=\"gallery-item\">\n<div class=\"gallery-icon landscape\"><img loading=\"lazy\" decoding=\"async\" class=\"lazy\" src=\"https:\/\/graziamagazine.com\/mx\/wp-content\/uploads\/sites\/13\/2024\/07\/AA_Sardegna2024_AltaModa_Nora_ph_Go_Runway-25-scaled.jpg\" alt=\"\" width=\"1707\" height=\"2560\" \/><\/div>\n<\/figure>\n<figure class=\"gallery-item\">\n<div class=\"gallery-icon landscape\"><img loading=\"lazy\" decoding=\"async\" class=\"lazy\" src=\"https:\/\/graziamagazine.com\/mx\/wp-content\/uploads\/sites\/13\/2024\/07\/AA_Sardegna2024_AltaModa_Nora_ph_Go_Runway-26-scaled.jpg\" alt=\"\" width=\"1707\" height=\"2560\" \/><\/div>\n<\/figure>\n<figure class=\"gallery-item\">\n<div class=\"gallery-icon landscape\"><img loading=\"lazy\" decoding=\"async\" class=\"lazy\" src=\"https:\/\/graziamagazine.com\/mx\/wp-content\/uploads\/sites\/13\/2024\/07\/AA_Sardegna2024_AltaModa_Nora_ph_Go_Runway-27-scaled.jpg\" alt=\"\" width=\"1707\" height=\"2560\" \/><\/div>\n<\/figure>\n<\/div>\n<\/div>\n<p>La colecci\u00f3n 2024 de D&amp;G es un homenaje a la historia y los paisajes de Cerde\u00f1a. Utilizando<strong> materiales preciosos y t\u00e9cnicas artesanales<\/strong>, D&amp;G ha creado piezas que no solo son joyas, sino tambi\u00e9n obras de arte que cuentan la historia de la isla.<\/p>\n<p>Los colores y formas de la colecci\u00f3n reflejan los paisajes esculpidos por el viento y el mar, con tonos inspirados en el resinoso lentisco, el enebro, y la fragancia del mirto y la jara. Las piezas presentan una <strong>paleta que evoca los fondos marinos y las monta\u00f1as rocosas<\/strong>, con gemas en tonos azules, verdes y terrosos.<\/p>\n<p>Para la colecci\u00f3n Alta Joyer\u00eda 2024, D&amp;G colabor\u00f3 con el renombrado artista estadounidense Phillip K. Smith III. Conocido por sus obras basadas en la luz y el espacio, Smith cre\u00f3 una instalaci\u00f3n llamada \u201cNora Mirage\u201d.<\/p>\n<div class=\"content-gallery\">\n<div id=\"gallery-3\" class=\"gallery galleryid- gallery-columns- gallery-size-\">\n<figure class=\"gallery-item\">\n<div class=\"gallery-icon landscape\"><img loading=\"lazy\" decoding=\"async\" class=\"lazy\" src=\"https:\/\/graziamagazine.com\/mx\/wp-content\/uploads\/sites\/13\/2024\/07\/AA_Sardegna2024_AltaModa_Nora_ph_Go_Runway-45-scaled.jpg\" alt=\"\" width=\"1707\" height=\"2560\" \/><\/div>\n<\/figure>\n<figure class=\"gallery-item\">\n<div class=\"gallery-icon landscape\"><img loading=\"lazy\" decoding=\"async\" class=\"lazy\" src=\"https:\/\/graziamagazine.com\/mx\/wp-content\/uploads\/sites\/13\/2024\/07\/AA_Sardegna2024_AltaModa_Nora_ph_Go_Runway-42-scaled.jpg\" alt=\"\" width=\"1707\" height=\"2560\" \/><\/div>\n<\/figure>\n<figure class=\"gallery-item\">\n<div class=\"gallery-icon landscape\"><img loading=\"lazy\" decoding=\"async\" class=\"lazy\" src=\"https:\/\/graziamagazine.com\/mx\/wp-content\/uploads\/sites\/13\/2024\/07\/AA_Sardegna2024_AltaModa_Nora_ph_Go_Runway-43-scaled.jpg\" alt=\"\" width=\"1707\" height=\"2560\" \/><\/div>\n<\/figure>\n<figure class=\"gallery-item\">\n<div class=\"gallery-icon landscape\"><img loading=\"lazy\" decoding=\"async\" class=\"lazy\" src=\"https:\/\/graziamagazine.com\/mx\/wp-content\/uploads\/sites\/13\/2024\/07\/AA_Sardegna2024_AltaModa_Nora_ph_Go_Runway-44-scaled.jpg\" alt=\"\" width=\"1707\" height=\"2560\" \/><\/div>\n<\/figure>\n<figure class=\"gallery-item\">\n<div class=\"gallery-icon landscape\"><img loading=\"lazy\" decoding=\"async\" class=\"lazy\" src=\"https:\/\/graziamagazine.com\/mx\/wp-content\/uploads\/sites\/13\/2024\/07\/AA_Sardegna2024_AltaModa_Nora_ph_Go_Runway-46-scaled.jpg\" alt=\"\" width=\"1707\" height=\"2560\" \/><\/div>\n<\/figure>\n<figure class=\"gallery-item\">\n<div class=\"gallery-icon landscape\"><img loading=\"lazy\" decoding=\"async\" class=\"lazy\" src=\"https:\/\/graziamagazine.com\/mx\/wp-content\/uploads\/sites\/13\/2024\/07\/AA_Sardegna2024_AltaModa_Nora_ph_Go_Runway-47-scaled.jpg\" alt=\"\" width=\"1707\" height=\"2560\" \/><\/div>\n<\/figure>\n<\/div>\n<\/div>\n<p>Esta obra, compuesta por once vol\u00famenes de aluminio reflectante, captura la esencia de Nora y Cerde\u00f1a, presentando de forma abstracta la belleza del entorno a trav\u00e9s de su superficie reflectante.<\/p>\n<p><strong>\u201cNora Mirage\u201d<\/strong> juega con la luz cambiante del d\u00eda, reflejando el cielo, el mar y las ruinas de Nora, y creando una experiencia visual que entrelaza el movimiento humano con la naturaleza.<\/p>\n<p>La instalaci\u00f3n se erige verticalmente, alcanzando el cielo y simbolizando la uni\u00f3n de historia y modernidad, un concepto que tambi\u00e9n est\u00e1 presente en la colecci\u00f3n de joyer\u00eda.<\/p>\n<div class=\"content-gallery\">\n<div id=\"gallery-4\" class=\"gallery galleryid- gallery-columns- gallery-size-\">\n<figure class=\"gallery-item\">\n<div class=\"gallery-icon landscape\"><img loading=\"lazy\" decoding=\"async\" class=\"lazy\" src=\"https:\/\/graziamagazine.com\/mx\/wp-content\/uploads\/sites\/13\/2024\/07\/Alejandro-Speitzer-scaled.jpg\" alt=\"\" width=\"1829\" height=\"2560\" \/><\/div>\n<\/figure>\n<figure class=\"gallery-item\">\n<div class=\"gallery-icon landscape\"><img loading=\"lazy\" decoding=\"async\" class=\"lazy\" src=\"https:\/\/graziamagazine.com\/mx\/wp-content\/uploads\/sites\/13\/2024\/07\/Alberto-Guerro-scaled.jpg\" alt=\"\" width=\"1829\" height=\"2560\" \/><\/div>\n<\/figure>\n<\/div>\n<\/div>\n<p>El desfile de Alta Moda de D&amp;G celebrado en Nora, Cerde\u00f1a, el 2 de julio de 2024, cont\u00f3 con la presencia de numerosas celebridades, incluyendo a<strong> Alberto Guerra, Alejandro Speitzer<\/strong>, Naomi Campbell, Maluma, Rosie Huntington-Whiteley y Halle Bailey, entre otros. Estos invitados fueron testigos de la fusi\u00f3n perfecta de moda, arte e historia que caracteriza la nueva colecci\u00f3n de D&amp;G.<\/p>\n<div class=\"content-gallery\"><div class=\"gallery-placeholder\"><div class=\"spinner\"><\/div><\/div><span class=\"gallery-pagination\"><\/span><div id=\"gallery-1\" class=\"gallery galleryid-177377 gallery-columns- gallery-size-\"><figure class=\"gallery-item\"><div class=\"gallery-icon landscape\"><img loading=\"lazy\" decoding=\"async\" width=\"1463\" height=\"2048\" src=\"https:\/\/graziamagazine.com\/es\/wp-content\/uploads\/sites\/12\/2024\/07\/Naomi-Campbell-1463x2048-copia.jpg\" class=\"lazy\" alt=\"\" srcset=\"https:\/\/graziamagazine.com\/es\/wp-content\/uploads\/sites\/12\/2024\/07\/Naomi-Campbell-1463x2048-copia.jpg 1463w, https:\/\/graziamagazine.com\/es\/wp-content\/uploads\/sites\/12\/2024\/07\/Naomi-Campbell-1463x2048-copia-214x300.jpg 214w, https:\/\/graziamagazine.com\/es\/wp-content\/uploads\/sites\/12\/2024\/07\/Naomi-Campbell-1463x2048-copia-732x1024.jpg 732w, https:\/\/graziamagazine.com\/es\/wp-content\/uploads\/sites\/12\/2024\/07\/Naomi-Campbell-1463x2048-copia-768x1075.jpg 768w, https:\/\/graziamagazine.com\/es\/wp-content\/uploads\/sites\/12\/2024\/07\/Naomi-Campbell-1463x2048-copia-1097x1536.jpg 1097w, https:\/\/graziamagazine.com\/es\/wp-content\/uploads\/sites\/12\/2024\/07\/Naomi-Campbell-1463x2048-copia-400x560.jpg 400w\" sizes=\"(max-width: 1463px) 100vw, 1463px\" \/><\/div><\/figure><figure class=\"gallery-item\"><div class=\"gallery-icon landscape\"><img loading=\"lazy\" decoding=\"async\" width=\"1463\" height=\"2048\" src=\"https:\/\/graziamagazine.com\/es\/wp-content\/uploads\/sites\/12\/2024\/07\/Halle-Bailey-1463x2048-copia.jpg\" class=\"lazy\" alt=\"\" srcset=\"https:\/\/graziamagazine.com\/es\/wp-content\/uploads\/sites\/12\/2024\/07\/Halle-Bailey-1463x2048-copia.jpg 1463w, https:\/\/graziamagazine.com\/es\/wp-content\/uploads\/sites\/12\/2024\/07\/Halle-Bailey-1463x2048-copia-214x300.jpg 214w, https:\/\/graziamagazine.com\/es\/wp-content\/uploads\/sites\/12\/2024\/07\/Halle-Bailey-1463x2048-copia-732x1024.jpg 732w, https:\/\/graziamagazine.com\/es\/wp-content\/uploads\/sites\/12\/2024\/07\/Halle-Bailey-1463x2048-copia-768x1075.jpg 768w, https:\/\/graziamagazine.com\/es\/wp-content\/uploads\/sites\/12\/2024\/07\/Halle-Bailey-1463x2048-copia-1097x1536.jpg 1097w, https:\/\/graziamagazine.com\/es\/wp-content\/uploads\/sites\/12\/2024\/07\/Halle-Bailey-1463x2048-copia-400x560.jpg 400w\" sizes=\"(max-width: 1463px) 100vw, 1463px\" \/><\/div><\/figure><figure class=\"gallery-item\"><div class=\"gallery-icon landscape\"><img loading=\"lazy\" decoding=\"async\" width=\"1463\" height=\"2048\" src=\"https:\/\/graziamagazine.com\/es\/wp-content\/uploads\/sites\/12\/2024\/07\/Rosie-Huntington-Whiteley-1463x2048-copia.jpg\" class=\"lazy\" alt=\"\" srcset=\"https:\/\/graziamagazine.com\/es\/wp-content\/uploads\/sites\/12\/2024\/07\/Rosie-Huntington-Whiteley-1463x2048-copia.jpg 1463w, https:\/\/graziamagazine.com\/es\/wp-content\/uploads\/sites\/12\/2024\/07\/Rosie-Huntington-Whiteley-1463x2048-copia-214x300.jpg 214w, https:\/\/graziamagazine.com\/es\/wp-content\/uploads\/sites\/12\/2024\/07\/Rosie-Huntington-Whiteley-1463x2048-copia-732x1024.jpg 732w, https:\/\/graziamagazine.com\/es\/wp-content\/uploads\/sites\/12\/2024\/07\/Rosie-Huntington-Whiteley-1463x2048-copia-768x1075.jpg 768w, https:\/\/graziamagazine.com\/es\/wp-content\/uploads\/sites\/12\/2024\/07\/Rosie-Huntington-Whiteley-1463x2048-copia-1097x1536.jpg 1097w, https:\/\/graziamagazine.com\/es\/wp-content\/uploads\/sites\/12\/2024\/07\/Rosie-Huntington-Whiteley-1463x2048-copia-400x560.jpg 400w\" sizes=\"(max-width: 1463px) 100vw, 1463px\" \/><\/div><\/figure><\/div><\/div>\n<p>La colecci\u00f3n de Dolce &amp; Gabbana para 2024 no solo es una celebraci\u00f3n de la belleza y la historia de Cerde\u00f1a, sino tambi\u00e9n una demostraci\u00f3n del compromiso de la marca con la artesan\u00eda y la innovaci\u00f3n.<\/p>\n<p>Cada pieza de la colecci\u00f3n es un tributo a la rica herencia de la isla, capturando su esencia en joyas que son tan atemporales como la propia Cerde\u00f1a.<\/p>\n<p><em>*Im\u00e1genes: cortes\u00eda<\/em><\/p>\n<p>&nbsp;<\/p>\n","protected":false},"author":28953,"featured_media":177378,"template":"","format":"standard","categories":[1],"acf":[],"yoast_head":"<!-- This site is optimized with the Yoast SEO Premium plugin v18.5 (Yoast SEO v20.4) - https:\/\/yoast.com\/wordpress\/plugins\/seo\/ -->\n<title>D&amp;G Alta Sartoria 2024, un tributo a la belleza de Cerde\u00f1a<\/title>\n<meta name=\"description\" content=\"Dolce &amp; Gabbana ha vuelto a sorprender al mundo de la moda con su nueva colecci\u00f3n 2024, inspirada en la encantadora isla de Cerde\u00f1a.\" \/>\n<meta name=\"robots\" content=\"index, follow, max-snippet:-1, max-image-preview:large, max-video-preview:-1\" \/>\n<link rel=\"canonical\" href=\"https:\/\/graziamagazine.com\/es\/articles\/dolcegabbana-alta-sartoria-2024-un-tributo-a-la-belleza-de-cerdena\/\" \/>\n<meta property=\"og:locale\" content=\"es_ES\" \/>\n<meta property=\"og:type\" content=\"article\" \/>\n<meta property=\"og:title\" content=\"Dolce&amp;Gabbana Alta Sartoria 2024, un tributo a la belleza de Cerde\u00f1a\" \/>\n<meta property=\"og:description\" content=\"Dolce &amp; Gabbana ha vuelto a sorprender al mundo de la moda con su nueva colecci\u00f3n 2024, inspirada en la encantadora isla de Cerde\u00f1a.\" \/>\n<meta property=\"og:url\" content=\"https:\/\/graziamagazine.com\/es\/articles\/dolcegabbana-alta-sartoria-2024-un-tributo-a-la-belleza-de-cerdena\/\" \/>\n<meta property=\"og:site_name\" content=\"Grazia\" \/>\n<meta property=\"article:modified_time\" content=\"2024-07-04T23:02:03+00:00\" \/>\n<meta property=\"og:image\" content=\"https:\/\/graziamagazine.com\/es\/wp-content\/uploads\/sites\/12\/2024\/07\/AA_Sardegna2024_AltaModa_Nora_ph_Go_Finale-2-1024x683.jpg\" \/>\n\t<meta property=\"og:image:width\" content=\"1024\" \/>\n\t<meta property=\"og:image:height\" content=\"683\" \/>\n\t<meta property=\"og:image:type\" content=\"image\/jpeg\" \/>\n<meta name=\"twitter:card\" content=\"summary_large_image\" \/>\n<meta name=\"twitter:label1\" content=\"Est. reading time\" \/>\n\t<meta name=\"twitter:data1\" content=\"8 minutos\" \/>\n<script type=\"application\/ld+json\" class=\"yoast-schema-graph\">{\"@context\":\"https:\/\/schema.org\",\"@graph\":[{\"@type\":\"WebPage\",\"@id\":\"https:\/\/graziamagazine.com\/es\/articles\/dolcegabbana-alta-sartoria-2024-un-tributo-a-la-belleza-de-cerdena\/\",\"url\":\"https:\/\/graziamagazine.com\/es\/articles\/dolcegabbana-alta-sartoria-2024-un-tributo-a-la-belleza-de-cerdena\/\",\"name\":\"D&G Alta Sartoria 2024, un tributo a la belleza de Cerde\u00f1a\",\"isPartOf\":{\"@id\":\"https:\/\/graziamagazine.com\/es\/#website\"},\"datePublished\":\"2024-07-05T07:00:31+00:00\",\"dateModified\":\"2024-07-04T23:02:03+00:00\",\"description\":\"Dolce & Gabbana ha vuelto a sorprender al mundo de la moda con su nueva colecci\u00f3n 2024, inspirada en la encantadora isla de Cerde\u00f1a.\",\"breadcrumb\":{\"@id\":\"https:\/\/graziamagazine.com\/es\/articles\/dolcegabbana-alta-sartoria-2024-un-tributo-a-la-belleza-de-cerdena\/#breadcrumb\"},\"inLanguage\":\"es\",\"potentialAction\":[{\"@type\":\"ReadAction\",\"target\":[\"https:\/\/graziamagazine.com\/es\/articles\/dolcegabbana-alta-sartoria-2024-un-tributo-a-la-belleza-de-cerdena\/\"]}]},{\"@type\":\"BreadcrumbList\",\"@id\":\"https:\/\/graziamagazine.com\/es\/articles\/dolcegabbana-alta-sartoria-2024-un-tributo-a-la-belleza-de-cerdena\/#breadcrumb\",\"itemListElement\":[{\"@type\":\"ListItem\",\"position\":1,\"name\":\"Portada\",\"item\":\"https:\/\/graziamagazine.com\/es\/\"},{\"@type\":\"ListItem\",\"position\":2,\"name\":\"Dolce&amp;Gabbana Alta Sartoria 2024, un tributo a la belleza de Cerde\u00f1a\"}]},{\"@type\":\"WebSite\",\"@id\":\"https:\/\/graziamagazine.com\/es\/#website\",\"url\":\"https:\/\/graziamagazine.com\/es\/\",\"name\":\"Grazia\",\"description\":\"Moda, belleza, celebrities, estilo de vida...\",\"potentialAction\":[{\"@type\":\"SearchAction\",\"target\":{\"@type\":\"EntryPoint\",\"urlTemplate\":\"https:\/\/graziamagazine.com\/es\/?s={search_term_string}\"},\"query-input\":\"required name=search_term_string\"}],\"inLanguage\":\"es\"}]}<\/script>\n<!-- \/ Yoast SEO Premium plugin. -->","yoast_head_json":{"title":"D&G Alta Sartoria 2024, un tributo a la belleza de Cerde\u00f1a","description":"Dolce & Gabbana ha vuelto a sorprender al mundo de la moda con su nueva colecci\u00f3n 2024, inspirada en la encantadora isla de Cerde\u00f1a.","robots":{"index":"index","follow":"follow","max-snippet":"max-snippet:-1","max-image-preview":"max-image-preview:large","max-video-preview":"max-video-preview:-1"},"canonical":"https:\/\/graziamagazine.com\/es\/articles\/dolcegabbana-alta-sartoria-2024-un-tributo-a-la-belleza-de-cerdena\/","og_locale":"es_ES","og_type":"article","og_title":"Dolce&amp;Gabbana Alta Sartoria 2024, un tributo a la belleza de Cerde\u00f1a","og_description":"Dolce & Gabbana ha vuelto a sorprender al mundo de la moda con su nueva colecci\u00f3n 2024, inspirada en la encantadora isla de Cerde\u00f1a.","og_url":"https:\/\/graziamagazine.com\/es\/articles\/dolcegabbana-alta-sartoria-2024-un-tributo-a-la-belleza-de-cerdena\/","og_site_name":"Grazia","article_modified_time":"2024-07-04T23:02:03+00:00","og_image":[{"width":1024,"height":683,"url":"https:\/\/graziamagazine.com\/es\/wp-content\/uploads\/sites\/12\/2024\/07\/AA_Sardegna2024_AltaModa_Nora_ph_Go_Finale-2-1024x683.jpg","type":"image\/jpeg"}],"twitter_card":"summary_large_image","twitter_misc":{"Est. reading time":"8 minutos"},"schema":{"@context":"https:\/\/schema.org","@graph":[{"@type":"WebPage","@id":"https:\/\/graziamagazine.com\/es\/articles\/dolcegabbana-alta-sartoria-2024-un-tributo-a-la-belleza-de-cerdena\/","url":"https:\/\/graziamagazine.com\/es\/articles\/dolcegabbana-alta-sartoria-2024-un-tributo-a-la-belleza-de-cerdena\/","name":"D&G Alta Sartoria 2024, un tributo a la belleza de Cerde\u00f1a","isPartOf":{"@id":"https:\/\/graziamagazine.com\/es\/#website"},"datePublished":"2024-07-05T07:00:31+00:00","dateModified":"2024-07-04T23:02:03+00:00","description":"Dolce & Gabbana ha vuelto a sorprender al mundo de la moda con su nueva colecci\u00f3n 2024, inspirada en la encantadora isla de Cerde\u00f1a.","breadcrumb":{"@id":"https:\/\/graziamagazine.com\/es\/articles\/dolcegabbana-alta-sartoria-2024-un-tributo-a-la-belleza-de-cerdena\/#breadcrumb"},"inLanguage":"es","potentialAction":[{"@type":"ReadAction","target":["https:\/\/graziamagazine.com\/es\/articles\/dolcegabbana-alta-sartoria-2024-un-tributo-a-la-belleza-de-cerdena\/"]}]},{"@type":"BreadcrumbList","@id":"https:\/\/graziamagazine.com\/es\/articles\/dolcegabbana-alta-sartoria-2024-un-tributo-a-la-belleza-de-cerdena\/#breadcrumb","itemListElement":[{"@type":"ListItem","position":1,"name":"Portada","item":"https:\/\/graziamagazine.com\/es\/"},{"@type":"ListItem","position":2,"name":"Dolce&amp;Gabbana Alta Sartoria 2024, un tributo a la belleza de Cerde\u00f1a"}]},{"@type":"WebSite","@id":"https:\/\/graziamagazine.com\/es\/#website","url":"https:\/\/graziamagazine.com\/es\/","name":"Grazia","description":"Moda, belleza, celebrities, estilo de vida...","potentialAction":[{"@type":"SearchAction","target":{"@type":"EntryPoint","urlTemplate":"https:\/\/graziamagazine.com\/es\/?s={search_term_string}"},"query-input":"required name=search_term_string"}],"inLanguage":"es"}]}},"jetpack_sharing_enabled":true,"distributor_meta":false,"distributor_terms":false,"distributor_media":false,"distributor_original_site_name":"Grazia","distributor_original_site_url":"https:\/\/graziamagazine.com\/es","push-errors":false,"_links":{"self":[{"href":"https:\/\/graziamagazine.com\/es\/wp-json\/wp\/v2\/articles\/177377"}],"collection":[{"href":"https:\/\/graziamagazine.com\/es\/wp-json\/wp\/v2\/articles"}],"about":[{"href":"https:\/\/graziamagazine.com\/es\/wp-json\/wp\/v2\/types\/articles"}],"author":[{"embeddable":true,"href":"https:\/\/graziamagazine.com\/es\/wp-json\/wp\/v2\/users\/28953"}],"wp:featuredmedia":[{"embeddable":true,"href":"https:\/\/graziamagazine.com\/es\/wp-json\/wp\/v2\/media\/177378"}],"wp:attachment":[{"href":"https:\/\/graziamagazine.com\/es\/wp-json\/wp\/v2\/media?parent=177377"}],"wp:term":[{"taxonomy":"category","embeddable":true,"href":"https:\/\/graziamagazine.com\/es\/wp-json\/wp\/v2\/categories?post=177377"}],"curies":[{"name":"wp","href":"https:\/\/api.w.org\/{rel}","templated":true}]}}