{"id":177349,"date":"2024-07-08T09:00:06","date_gmt":"2024-07-08T07:00:06","guid":{"rendered":"https:\/\/graziamagazine.com\/es\/?post_type=articles&#038;p=177349"},"modified":"2024-07-11T09:35:02","modified_gmt":"2024-07-11T07:35:02","slug":"maui-jim-presenta-ekahi-la-coleccion-de-gafas-perfecta-para-tus-vacaciones","status":"publish","type":"articles","link":"https:\/\/graziamagazine.com\/es\/articles\/maui-jim-presenta-ekahi-la-coleccion-de-gafas-perfecta-para-tus-vacaciones\/","title":{"rendered":"Maui Jim presenta &#8216;Ekahi&#8217;, la colecci\u00f3n de gafas perfecta para tus vacaciones"},"content":{"rendered":"<p>El verano no puede empezar sin las gafas de sol adecuadas en tu maleta. Y si se trata de un complemento de calidad que, adem\u00e1s de dar una vuelta de tuerca al look, protege los ojos del sol y la luz, a\u00fan mejor. Un buen ejemplo es <strong>la nueva colecci\u00f3n &#8216;Ekahi&#8217; de <a href=\"https:\/\/www.instagram.com\/mauijim\/\" target=\"_blank\">Maui Jim<\/a><\/strong>, que descubrimos en este veraniego editorial de moda en el lago de Garda, durante unas relajantes vacaciones imaginarias entre amigas (<a href=\"https:\/\/www.instagram.com\/emikorose\/?locale=zh_tw&amp;hl=ar\" target=\"_blank\">Emiko Rose<\/a> y <a href=\"https:\/\/www.instagram.com\/lucreziia\/?hl=en\" target=\"_blank\">Lucrezia Vanotti<\/a>) que pasan el d\u00eda disfrutando de un chapuz\u00f3n en la piscina o descubriendo una playa escondida que pocos conocen.<\/p>\n<p><img loading=\"lazy\" decoding=\"async\" class=\"aligncenter size-full wp-image-177350\" src=\"https:\/\/graziamagazine.com\/es\/wp-content\/uploads\/sites\/12\/2024\/07\/MAUI4-scaled.jpg\" alt=\"\" width=\"1829\" height=\"2560\" srcset=\"https:\/\/graziamagazine.com\/es\/wp-content\/uploads\/sites\/12\/2024\/07\/MAUI4-scaled.jpg 1829w, https:\/\/graziamagazine.com\/es\/wp-content\/uploads\/sites\/12\/2024\/07\/MAUI4-214x300.jpg 214w, https:\/\/graziamagazine.com\/es\/wp-content\/uploads\/sites\/12\/2024\/07\/MAUI4-731x1024.jpg 731w, https:\/\/graziamagazine.com\/es\/wp-content\/uploads\/sites\/12\/2024\/07\/MAUI4-768x1075.jpg 768w, https:\/\/graziamagazine.com\/es\/wp-content\/uploads\/sites\/12\/2024\/07\/MAUI4-1097x1536.jpg 1097w, https:\/\/graziamagazine.com\/es\/wp-content\/uploads\/sites\/12\/2024\/07\/MAUI4-1463x2048.jpg 1463w, https:\/\/graziamagazine.com\/es\/wp-content\/uploads\/sites\/12\/2024\/07\/MAUI4-400x560.jpg 400w\" sizes=\"(max-width: 1829px) 100vw, 1829px\" \/><\/p>\n<p>Inmersas en la naturaleza, en el jard\u00edn de una villa de dise\u00f1o italiano, las chicas alternan bikinis, vestidos de verano, shorts y chaquetas en tejido vaquero y trajes en suave lino blanco claro. Las gafas se convierten en el accesorio central de los conjuntos elegidos, imprimiendo car\u00e1cter y atrayendo la atenci\u00f3n del espectador hacia los reflejos de las lentes, optimizadas mediante la tecnolog\u00eda PolarizedPlus2, utilizada para proteger los ojos de los da\u00f1inos rayos UV y hacer que la experiencia visual sea a\u00fan mejor.<\/p>\n<p>Emiko y Lucrezia lucen la nueva l\u00ednea de gafas de sol, &#8216;Ekahi&#8217;, caracterizada por<strong> formas vers\u00e1tiles, colores vivos y detalles ic\u00f3nicos<\/strong> que recuerdan la belleza de la naturaleza y la cultura hawaiana.<\/p>\n<p><img loading=\"lazy\" decoding=\"async\" class=\"aligncenter size-full wp-image-177360\" src=\"https:\/\/graziamagazine.com\/es\/wp-content\/uploads\/sites\/12\/2024\/07\/MAUI5rit-1200x1680-1.jpg\" alt=\"\" width=\"1200\" height=\"1680\" srcset=\"https:\/\/graziamagazine.com\/es\/wp-content\/uploads\/sites\/12\/2024\/07\/MAUI5rit-1200x1680-1.jpg 1200w, https:\/\/graziamagazine.com\/es\/wp-content\/uploads\/sites\/12\/2024\/07\/MAUI5rit-1200x1680-1-214x300.jpg 214w, https:\/\/graziamagazine.com\/es\/wp-content\/uploads\/sites\/12\/2024\/07\/MAUI5rit-1200x1680-1-731x1024.jpg 731w, https:\/\/graziamagazine.com\/es\/wp-content\/uploads\/sites\/12\/2024\/07\/MAUI5rit-1200x1680-1-768x1075.jpg 768w, https:\/\/graziamagazine.com\/es\/wp-content\/uploads\/sites\/12\/2024\/07\/MAUI5rit-1200x1680-1-1097x1536.jpg 1097w, https:\/\/graziamagazine.com\/es\/wp-content\/uploads\/sites\/12\/2024\/07\/MAUI5rit-1200x1680-1-400x560.jpg 400w\" sizes=\"(max-width: 1200px) 100vw, 1200px\" \/><\/p>\n<blockquote><p>El accesorio que hay que meter en la maleta por excelencia para el verano no puede ser otro que unas gafas de sol, para proteger los ojos, por supuesto, pero tambi\u00e9n como elemento de moda<\/p><\/blockquote>\n<p><strong>Del rojo al azul, pasando por colores m\u00e1s neutros, las gafas Maui Jim recogen algunos elementos distintivos en el Wavy Pattern<\/strong>, que evoca los flujos y reflujos del oc\u00e9ano, as\u00ed como los picos y valles de la isla; lo mismo ocurre con el Hawaiian Native Pattern, inspirado en las intrincadas geometr\u00edas y texturas de los tejidos tradicionales hawaianos; y el Slash, inspirado en la naturaleza din\u00e1mica del logotipo de Maui Jim.<\/p>\n<p><strong>Las Laulima<\/strong>, una versi\u00f3n moderna del emblem\u00e1tico dise\u00f1o de montura Ho&#8217;okipa, tienen forma cuadrada sin montura y puntas de goma decoradas con el Wavy Pattern en las patillas.<\/p>\n<p><img loading=\"lazy\" decoding=\"async\" class=\"aligncenter size-full wp-image-177356\" src=\"https:\/\/graziamagazine.com\/es\/wp-content\/uploads\/sites\/12\/2024\/07\/F1520037-scaled.jpg\" alt=\"\" width=\"1829\" height=\"2560\" srcset=\"https:\/\/graziamagazine.com\/es\/wp-content\/uploads\/sites\/12\/2024\/07\/F1520037-scaled.jpg 1829w, https:\/\/graziamagazine.com\/es\/wp-content\/uploads\/sites\/12\/2024\/07\/F1520037-214x300.jpg 214w, https:\/\/graziamagazine.com\/es\/wp-content\/uploads\/sites\/12\/2024\/07\/F1520037-732x1024.jpg 732w, https:\/\/graziamagazine.com\/es\/wp-content\/uploads\/sites\/12\/2024\/07\/F1520037-768x1075.jpg 768w, https:\/\/graziamagazine.com\/es\/wp-content\/uploads\/sites\/12\/2024\/07\/F1520037-1097x1536.jpg 1097w, https:\/\/graziamagazine.com\/es\/wp-content\/uploads\/sites\/12\/2024\/07\/F1520037-1463x2048.jpg 1463w, https:\/\/graziamagazine.com\/es\/wp-content\/uploads\/sites\/12\/2024\/07\/F1520037-400x560.jpg 400w\" sizes=\"(max-width: 1829px) 100vw, 1829px\" \/><\/p>\n<p>Es dif\u00edcil resistirse a <strong>las Kenui<\/strong>, de inspiraci\u00f3n retro, gracias a su color y efecto degradado, se\u00f1as de identidad de los a\u00f1os ochenta. Para los atrevidos est\u00e1 el\u00a0<strong>modelo K\u016bpale,<\/strong>\u00a0gracias a su montura gruesa y el logotipo Maui Jim de los 80 en relieve en las patillas.<\/p>\n<p><img loading=\"lazy\" decoding=\"async\" class=\"aligncenter size-full wp-image-177354\" src=\"https:\/\/graziamagazine.com\/es\/wp-content\/uploads\/sites\/12\/2024\/07\/F1520033-scaled.jpg\" alt=\"\" width=\"1829\" height=\"2560\" srcset=\"https:\/\/graziamagazine.com\/es\/wp-content\/uploads\/sites\/12\/2024\/07\/F1520033-scaled.jpg 1829w, https:\/\/graziamagazine.com\/es\/wp-content\/uploads\/sites\/12\/2024\/07\/F1520033-214x300.jpg 214w, https:\/\/graziamagazine.com\/es\/wp-content\/uploads\/sites\/12\/2024\/07\/F1520033-731x1024.jpg 731w, https:\/\/graziamagazine.com\/es\/wp-content\/uploads\/sites\/12\/2024\/07\/F1520033-768x1075.jpg 768w, https:\/\/graziamagazine.com\/es\/wp-content\/uploads\/sites\/12\/2024\/07\/F1520033-1097x1536.jpg 1097w, https:\/\/graziamagazine.com\/es\/wp-content\/uploads\/sites\/12\/2024\/07\/F1520033-1463x2048.jpg 1463w, https:\/\/graziamagazine.com\/es\/wp-content\/uploads\/sites\/12\/2024\/07\/F1520033-400x560.jpg 400w\" sizes=\"(max-width: 1829px) 100vw, 1829px\" \/><\/p>\n<p>Las gafas con cristales de tonos c\u00e1lidos son un cl\u00e1sico en los largos d\u00edas de verano, y el color neutro de la montura permite combinarlas con cualquier look.<\/p>\n<div class=\"content-gallery\"><div class=\"gallery-placeholder\"><div class=\"spinner\"><\/div><\/div><span class=\"gallery-pagination\"><\/span><div id=\"gallery-1\" class=\"gallery galleryid-177349 gallery-columns- gallery-size-\"><figure class=\"gallery-item\"><div class=\"gallery-icon landscape\"><img loading=\"lazy\" decoding=\"async\" width=\"1829\" height=\"2560\" src=\"https:\/\/graziamagazine.com\/es\/wp-content\/uploads\/sites\/12\/2024\/07\/MAUI2-scaled.jpg\" class=\"lazy\" alt=\"\" srcset=\"https:\/\/graziamagazine.com\/es\/wp-content\/uploads\/sites\/12\/2024\/07\/MAUI2-scaled.jpg 1829w, https:\/\/graziamagazine.com\/es\/wp-content\/uploads\/sites\/12\/2024\/07\/MAUI2-214x300.jpg 214w, https:\/\/graziamagazine.com\/es\/wp-content\/uploads\/sites\/12\/2024\/07\/MAUI2-731x1024.jpg 731w, https:\/\/graziamagazine.com\/es\/wp-content\/uploads\/sites\/12\/2024\/07\/MAUI2-768x1075.jpg 768w, https:\/\/graziamagazine.com\/es\/wp-content\/uploads\/sites\/12\/2024\/07\/MAUI2-1097x1536.jpg 1097w, https:\/\/graziamagazine.com\/es\/wp-content\/uploads\/sites\/12\/2024\/07\/MAUI2-1463x2048.jpg 1463w, https:\/\/graziamagazine.com\/es\/wp-content\/uploads\/sites\/12\/2024\/07\/MAUI2-400x560.jpg 400w\" sizes=\"(max-width: 1829px) 100vw, 1829px\" \/><\/div><\/figure><figure class=\"gallery-item\"><div class=\"gallery-icon landscape\"><img loading=\"lazy\" decoding=\"async\" width=\"1829\" height=\"2560\" src=\"https:\/\/graziamagazine.com\/es\/wp-content\/uploads\/sites\/12\/2024\/07\/MAUI1-scaled.jpg\" class=\"lazy\" alt=\"\" srcset=\"https:\/\/graziamagazine.com\/es\/wp-content\/uploads\/sites\/12\/2024\/07\/MAUI1-scaled.jpg 1829w, https:\/\/graziamagazine.com\/es\/wp-content\/uploads\/sites\/12\/2024\/07\/MAUI1-214x300.jpg 214w, https:\/\/graziamagazine.com\/es\/wp-content\/uploads\/sites\/12\/2024\/07\/MAUI1-731x1024.jpg 731w, https:\/\/graziamagazine.com\/es\/wp-content\/uploads\/sites\/12\/2024\/07\/MAUI1-768x1075.jpg 768w, https:\/\/graziamagazine.com\/es\/wp-content\/uploads\/sites\/12\/2024\/07\/MAUI1-1097x1536.jpg 1097w, https:\/\/graziamagazine.com\/es\/wp-content\/uploads\/sites\/12\/2024\/07\/MAUI1-1463x2048.jpg 1463w, https:\/\/graziamagazine.com\/es\/wp-content\/uploads\/sites\/12\/2024\/07\/MAUI1-400x560.jpg 400w\" sizes=\"(max-width: 1829px) 100vw, 1829px\" \/><\/div><\/figure><figure class=\"gallery-item\"><div class=\"gallery-icon landscape\"><img loading=\"lazy\" decoding=\"async\" width=\"1707\" height=\"2560\" src=\"https:\/\/graziamagazine.com\/es\/wp-content\/uploads\/sites\/12\/2024\/07\/S6A6934-scaled.jpg\" class=\"lazy\" alt=\"\" srcset=\"https:\/\/graziamagazine.com\/es\/wp-content\/uploads\/sites\/12\/2024\/07\/S6A6934-scaled.jpg 1707w, https:\/\/graziamagazine.com\/es\/wp-content\/uploads\/sites\/12\/2024\/07\/S6A6934-200x300.jpg 200w, https:\/\/graziamagazine.com\/es\/wp-content\/uploads\/sites\/12\/2024\/07\/S6A6934-683x1024.jpg 683w, https:\/\/graziamagazine.com\/es\/wp-content\/uploads\/sites\/12\/2024\/07\/S6A6934-768x1152.jpg 768w, https:\/\/graziamagazine.com\/es\/wp-content\/uploads\/sites\/12\/2024\/07\/S6A6934-1024x1536.jpg 1024w, https:\/\/graziamagazine.com\/es\/wp-content\/uploads\/sites\/12\/2024\/07\/S6A6934-1365x2048.jpg 1365w, https:\/\/graziamagazine.com\/es\/wp-content\/uploads\/sites\/12\/2024\/07\/S6A6934-400x600.jpg 400w, https:\/\/graziamagazine.com\/es\/wp-content\/uploads\/sites\/12\/2024\/07\/S6A6934-143x215.jpg 143w\" sizes=\"(max-width: 1707px) 100vw, 1707px\" \/><\/div><\/figure><\/div><\/div>\n<p>El traje de lino neutro que se lleva sobre un bikini para un aperitivo nocturno adquiere m\u00e1s clase y elegancia con las gafas de sol de patillas anchas y montura cat eye.<\/p>\n<p>Para los amantes de las gafas cuadradas y sin montura, Maui Jim ofrece varias opciones que nos llevan de regreso a los 90, sobre todo si las combinas con un look<em> total denim<\/em>.<\/p>\n<p><img loading=\"lazy\" decoding=\"async\" class=\"aligncenter size-full wp-image-177362\" src=\"https:\/\/graziamagazine.com\/es\/wp-content\/uploads\/sites\/12\/2024\/07\/Captura-de-pantalla-2024-07-04-a-las-13.16.12-copia.jpg\" alt=\"\" width=\"1028\" height=\"1450\" srcset=\"https:\/\/graziamagazine.com\/es\/wp-content\/uploads\/sites\/12\/2024\/07\/Captura-de-pantalla-2024-07-04-a-las-13.16.12-copia.jpg 1028w, https:\/\/graziamagazine.com\/es\/wp-content\/uploads\/sites\/12\/2024\/07\/Captura-de-pantalla-2024-07-04-a-las-13.16.12-copia-213x300.jpg 213w, https:\/\/graziamagazine.com\/es\/wp-content\/uploads\/sites\/12\/2024\/07\/Captura-de-pantalla-2024-07-04-a-las-13.16.12-copia-726x1024.jpg 726w, https:\/\/graziamagazine.com\/es\/wp-content\/uploads\/sites\/12\/2024\/07\/Captura-de-pantalla-2024-07-04-a-las-13.16.12-copia-768x1083.jpg 768w, https:\/\/graziamagazine.com\/es\/wp-content\/uploads\/sites\/12\/2024\/07\/Captura-de-pantalla-2024-07-04-a-las-13.16.12-copia-400x564.jpg 400w, https:\/\/graziamagazine.com\/es\/wp-content\/uploads\/sites\/12\/2024\/07\/Captura-de-pantalla-2024-07-04-a-las-13.16.12-copia-152x215.jpg 152w\" sizes=\"(max-width: 1028px) 100vw, 1028px\" \/><\/p>\n<p>En la colecci\u00f3n tambi\u00e9n hay espacio para la versi\u00f3n deportiva con <strong>las ic\u00f3nicas \u02bbIlikou\u02bc,<\/strong> con lentes m\u00e1s estrechas, c\u00f3nicas y c\u00e1lidos tonos naranja. La montura sin montura es rectangular y estrecha, y se distingue por el ic\u00f3nico Slash y las puntas de las patillas de goma decoradas con el Wavy Pattern.<\/p>\n<p><img loading=\"lazy\" decoding=\"async\" class=\"aligncenter size-full wp-image-177353\" src=\"https:\/\/graziamagazine.com\/es\/wp-content\/uploads\/sites\/12\/2024\/07\/S6A7200-scaled.jpg\" alt=\"\" width=\"1829\" height=\"2560\" srcset=\"https:\/\/graziamagazine.com\/es\/wp-content\/uploads\/sites\/12\/2024\/07\/S6A7200-scaled.jpg 1829w, https:\/\/graziamagazine.com\/es\/wp-content\/uploads\/sites\/12\/2024\/07\/S6A7200-214x300.jpg 214w, https:\/\/graziamagazine.com\/es\/wp-content\/uploads\/sites\/12\/2024\/07\/S6A7200-731x1024.jpg 731w, https:\/\/graziamagazine.com\/es\/wp-content\/uploads\/sites\/12\/2024\/07\/S6A7200-768x1075.jpg 768w, https:\/\/graziamagazine.com\/es\/wp-content\/uploads\/sites\/12\/2024\/07\/S6A7200-1097x1536.jpg 1097w, https:\/\/graziamagazine.com\/es\/wp-content\/uploads\/sites\/12\/2024\/07\/S6A7200-1463x2048.jpg 1463w, https:\/\/graziamagazine.com\/es\/wp-content\/uploads\/sites\/12\/2024\/07\/S6A7200-400x560.jpg 400w\" sizes=\"(max-width: 1829px) 100vw, 1829px\" \/><\/p>\n<p>Las patillas finas y las lentes anchas y rectangulares en tonos ciruela, sombras <strong>Kahiko<\/strong> y efecto espejo siguen las tendencias favoritas de la Generaci\u00f3n Z.<\/p>\n<p><img loading=\"lazy\" decoding=\"async\" class=\"aligncenter size-full wp-image-177355\" src=\"https:\/\/graziamagazine.com\/es\/wp-content\/uploads\/sites\/12\/2024\/07\/S6A7222-scaled.jpg\" alt=\"\" width=\"1829\" height=\"2560\" srcset=\"https:\/\/graziamagazine.com\/es\/wp-content\/uploads\/sites\/12\/2024\/07\/S6A7222-scaled.jpg 1829w, https:\/\/graziamagazine.com\/es\/wp-content\/uploads\/sites\/12\/2024\/07\/S6A7222-214x300.jpg 214w, https:\/\/graziamagazine.com\/es\/wp-content\/uploads\/sites\/12\/2024\/07\/S6A7222-731x1024.jpg 731w, https:\/\/graziamagazine.com\/es\/wp-content\/uploads\/sites\/12\/2024\/07\/S6A7222-768x1075.jpg 768w, https:\/\/graziamagazine.com\/es\/wp-content\/uploads\/sites\/12\/2024\/07\/S6A7222-1097x1536.jpg 1097w, https:\/\/graziamagazine.com\/es\/wp-content\/uploads\/sites\/12\/2024\/07\/S6A7222-1463x2048.jpg 1463w, https:\/\/graziamagazine.com\/es\/wp-content\/uploads\/sites\/12\/2024\/07\/S6A7222-400x560.jpg 400w\" sizes=\"(max-width: 1829px) 100vw, 1829px\" \/><\/p>\n<p><a href=\"https:\/\/www.mauijim.com\/ES\/es_ES\" target=\"_blank\">\u00a1Descubre el modelo Maui Jim perfecto para tu verano 2024!<\/a><\/p>\n<p>Puedes seguir la conversaci\u00f3n en Redes Sociales a trav\u00e9s de #MauiJim #ColorQuePuedesSentir<\/p>\n<h4>Cr\u00e9ditos:<\/h4>\n<p>Foto: Claudia Ferri<\/p>\n<p>V\u00eddeo: Fabio Persico @Piccolissimo Film<\/p>\n<p>Mua: Silvia Sidoli<\/p>\n<p>Peluquer\u00eda: Alessandro Ferrara<\/p>\n<p>Estilismo: Sarah Misciali<\/p>\n<p>Productora: Ana Maria Matasel<\/p>\n<p>Modelos: Lucrezia @dmanagement, Emiko @thelabmodels<\/p>\n<p>Direcci\u00f3n creativa y art\u00edstica: Sara Moschini<\/p>\n","protected":false},"author":11653,"featured_media":177351,"template":"","format":"standard","categories":[1],"acf":[],"yoast_head":"<!-- This site is optimized with the Yoast SEO Premium plugin v18.5 (Yoast SEO v20.4) - https:\/\/yoast.com\/wordpress\/plugins\/seo\/ -->\n<title>Maui Jim presenta &#039;Ekahi&#039;, la colecci\u00f3n de gafas perfecta para tus vacaciones<\/title>\n<meta name=\"description\" content=\"El accesorio que hay que meter en la maleta por excelencia para el verano no puede ser otro que unas gafas de sol.\" \/>\n<meta name=\"robots\" content=\"index, follow, max-snippet:-1, max-image-preview:large, max-video-preview:-1\" \/>\n<link rel=\"canonical\" href=\"https:\/\/graziamagazine.com\/es\/articles\/maui-jim-presenta-ekahi-la-coleccion-de-gafas-perfecta-para-tus-vacaciones\/\" \/>\n<meta property=\"og:locale\" content=\"es_ES\" \/>\n<meta property=\"og:type\" content=\"article\" \/>\n<meta property=\"og:title\" content=\"Maui Jim presenta &#039;Ekahi&#039;, la colecci\u00f3n de gafas perfecta para tus vacaciones\" \/>\n<meta property=\"og:description\" content=\"El accesorio que hay que meter en la maleta por excelencia para el verano no puede ser otro que unas gafas de sol.\" \/>\n<meta property=\"og:url\" content=\"https:\/\/graziamagazine.com\/es\/articles\/maui-jim-presenta-ekahi-la-coleccion-de-gafas-perfecta-para-tus-vacaciones\/\" \/>\n<meta property=\"og:site_name\" content=\"Grazia\" \/>\n<meta property=\"article:modified_time\" content=\"2024-07-11T07:35:02+00:00\" \/>\n<meta property=\"og:image\" content=\"https:\/\/graziamagazine.com\/es\/wp-content\/uploads\/sites\/12\/2024\/07\/F1520031-1024x769.jpg\" \/>\n\t<meta property=\"og:image:width\" content=\"1024\" \/>\n\t<meta property=\"og:image:height\" content=\"769\" \/>\n\t<meta property=\"og:image:type\" content=\"image\/jpeg\" \/>\n<meta name=\"twitter:card\" content=\"summary_large_image\" \/>\n<meta name=\"twitter:label1\" content=\"Est. reading time\" \/>\n\t<meta name=\"twitter:data1\" content=\"5 minutos\" \/>\n<script type=\"application\/ld+json\" class=\"yoast-schema-graph\">{\"@context\":\"https:\/\/schema.org\",\"@graph\":[{\"@type\":\"WebPage\",\"@id\":\"https:\/\/graziamagazine.com\/es\/articles\/maui-jim-presenta-ekahi-la-coleccion-de-gafas-perfecta-para-tus-vacaciones\/\",\"url\":\"https:\/\/graziamagazine.com\/es\/articles\/maui-jim-presenta-ekahi-la-coleccion-de-gafas-perfecta-para-tus-vacaciones\/\",\"name\":\"Maui Jim presenta 'Ekahi', la colecci\u00f3n de gafas perfecta para tus vacaciones\",\"isPartOf\":{\"@id\":\"https:\/\/graziamagazine.com\/es\/#website\"},\"datePublished\":\"2024-07-08T07:00:06+00:00\",\"dateModified\":\"2024-07-11T07:35:02+00:00\",\"description\":\"El accesorio que hay que meter en la maleta por excelencia para el verano no puede ser otro que unas gafas de sol.\",\"breadcrumb\":{\"@id\":\"https:\/\/graziamagazine.com\/es\/articles\/maui-jim-presenta-ekahi-la-coleccion-de-gafas-perfecta-para-tus-vacaciones\/#breadcrumb\"},\"inLanguage\":\"es\",\"potentialAction\":[{\"@type\":\"ReadAction\",\"target\":[\"https:\/\/graziamagazine.com\/es\/articles\/maui-jim-presenta-ekahi-la-coleccion-de-gafas-perfecta-para-tus-vacaciones\/\"]}]},{\"@type\":\"BreadcrumbList\",\"@id\":\"https:\/\/graziamagazine.com\/es\/articles\/maui-jim-presenta-ekahi-la-coleccion-de-gafas-perfecta-para-tus-vacaciones\/#breadcrumb\",\"itemListElement\":[{\"@type\":\"ListItem\",\"position\":1,\"name\":\"Portada\",\"item\":\"https:\/\/graziamagazine.com\/es\/\"},{\"@type\":\"ListItem\",\"position\":2,\"name\":\"Maui Jim presenta &#8216;Ekahi&#8217;, la colecci\u00f3n de gafas perfecta para tus vacaciones\"}]},{\"@type\":\"WebSite\",\"@id\":\"https:\/\/graziamagazine.com\/es\/#website\",\"url\":\"https:\/\/graziamagazine.com\/es\/\",\"name\":\"Grazia\",\"description\":\"Moda, belleza, celebrities, estilo de vida...\",\"potentialAction\":[{\"@type\":\"SearchAction\",\"target\":{\"@type\":\"EntryPoint\",\"urlTemplate\":\"https:\/\/graziamagazine.com\/es\/?s={search_term_string}\"},\"query-input\":\"required name=search_term_string\"}],\"inLanguage\":\"es\"}]}<\/script>\n<!-- \/ Yoast SEO Premium plugin. -->","yoast_head_json":{"title":"Maui Jim presenta 'Ekahi', la colecci\u00f3n de gafas perfecta para tus vacaciones","description":"El accesorio que hay que meter en la maleta por excelencia para el verano no puede ser otro que unas gafas de sol.","robots":{"index":"index","follow":"follow","max-snippet":"max-snippet:-1","max-image-preview":"max-image-preview:large","max-video-preview":"max-video-preview:-1"},"canonical":"https:\/\/graziamagazine.com\/es\/articles\/maui-jim-presenta-ekahi-la-coleccion-de-gafas-perfecta-para-tus-vacaciones\/","og_locale":"es_ES","og_type":"article","og_title":"Maui Jim presenta 'Ekahi', la colecci\u00f3n de gafas perfecta para tus vacaciones","og_description":"El accesorio que hay que meter en la maleta por excelencia para el verano no puede ser otro que unas gafas de sol.","og_url":"https:\/\/graziamagazine.com\/es\/articles\/maui-jim-presenta-ekahi-la-coleccion-de-gafas-perfecta-para-tus-vacaciones\/","og_site_name":"Grazia","article_modified_time":"2024-07-11T07:35:02+00:00","og_image":[{"width":1024,"height":769,"url":"https:\/\/graziamagazine.com\/es\/wp-content\/uploads\/sites\/12\/2024\/07\/F1520031-1024x769.jpg","type":"image\/jpeg"}],"twitter_card":"summary_large_image","twitter_misc":{"Est. reading time":"5 minutos"},"schema":{"@context":"https:\/\/schema.org","@graph":[{"@type":"WebPage","@id":"https:\/\/graziamagazine.com\/es\/articles\/maui-jim-presenta-ekahi-la-coleccion-de-gafas-perfecta-para-tus-vacaciones\/","url":"https:\/\/graziamagazine.com\/es\/articles\/maui-jim-presenta-ekahi-la-coleccion-de-gafas-perfecta-para-tus-vacaciones\/","name":"Maui Jim presenta 'Ekahi', la colecci\u00f3n de gafas perfecta para tus vacaciones","isPartOf":{"@id":"https:\/\/graziamagazine.com\/es\/#website"},"datePublished":"2024-07-08T07:00:06+00:00","dateModified":"2024-07-11T07:35:02+00:00","description":"El accesorio que hay que meter en la maleta por excelencia para el verano no puede ser otro que unas gafas de sol.","breadcrumb":{"@id":"https:\/\/graziamagazine.com\/es\/articles\/maui-jim-presenta-ekahi-la-coleccion-de-gafas-perfecta-para-tus-vacaciones\/#breadcrumb"},"inLanguage":"es","potentialAction":[{"@type":"ReadAction","target":["https:\/\/graziamagazine.com\/es\/articles\/maui-jim-presenta-ekahi-la-coleccion-de-gafas-perfecta-para-tus-vacaciones\/"]}]},{"@type":"BreadcrumbList","@id":"https:\/\/graziamagazine.com\/es\/articles\/maui-jim-presenta-ekahi-la-coleccion-de-gafas-perfecta-para-tus-vacaciones\/#breadcrumb","itemListElement":[{"@type":"ListItem","position":1,"name":"Portada","item":"https:\/\/graziamagazine.com\/es\/"},{"@type":"ListItem","position":2,"name":"Maui Jim presenta &#8216;Ekahi&#8217;, la colecci\u00f3n de gafas perfecta para tus vacaciones"}]},{"@type":"WebSite","@id":"https:\/\/graziamagazine.com\/es\/#website","url":"https:\/\/graziamagazine.com\/es\/","name":"Grazia","description":"Moda, belleza, celebrities, estilo de vida...","potentialAction":[{"@type":"SearchAction","target":{"@type":"EntryPoint","urlTemplate":"https:\/\/graziamagazine.com\/es\/?s={search_term_string}"},"query-input":"required name=search_term_string"}],"inLanguage":"es"}]}},"jetpack_sharing_enabled":true,"distributor_meta":false,"distributor_terms":false,"distributor_media":false,"distributor_original_site_name":"Grazia","distributor_original_site_url":"https:\/\/graziamagazine.com\/es","push-errors":false,"_links":{"self":[{"href":"https:\/\/graziamagazine.com\/es\/wp-json\/wp\/v2\/articles\/177349"}],"collection":[{"href":"https:\/\/graziamagazine.com\/es\/wp-json\/wp\/v2\/articles"}],"about":[{"href":"https:\/\/graziamagazine.com\/es\/wp-json\/wp\/v2\/types\/articles"}],"author":[{"embeddable":true,"href":"https:\/\/graziamagazine.com\/es\/wp-json\/wp\/v2\/users\/11653"}],"wp:featuredmedia":[{"embeddable":true,"href":"https:\/\/graziamagazine.com\/es\/wp-json\/wp\/v2\/media\/177351"}],"wp:attachment":[{"href":"https:\/\/graziamagazine.com\/es\/wp-json\/wp\/v2\/media?parent=177349"}],"wp:term":[{"taxonomy":"category","embeddable":true,"href":"https:\/\/graziamagazine.com\/es\/wp-json\/wp\/v2\/categories?post=177349"}],"curies":[{"name":"wp","href":"https:\/\/api.w.org\/{rel}","templated":true}]}}