{"id":177335,"date":"2024-07-01T08:49:20","date_gmt":"2024-07-01T06:49:20","guid":{"rendered":"https:\/\/graziamagazine.com\/es\/?post_type=articles&#038;p=177335"},"modified":"2024-07-04T10:29:27","modified_gmt":"2024-07-04T08:29:27","slug":"clasicas-contemporaneas-y-glamurosas-asi-es-la-nueva-coleccion-de-gafas-de-michael-kors","status":"publish","type":"articles","link":"https:\/\/graziamagazine.com\/es\/articles\/clasicas-contemporaneas-y-glamurosas-asi-es-la-nueva-coleccion-de-gafas-de-michael-kors\/","title":{"rendered":"Cl\u00e1sicas, contempor\u00e1neas y glamurosas, as\u00ed es la nueva colecci\u00f3n de gafas de Michael Kors"},"content":{"rendered":"<p>Si hay una \u00e9poca en el a\u00f1o que invita a lucir complemento nuevos, atrevidos y coloridos esa es el verano. El verano es sin\u00f3nimo de sol, playa y buen tiempo, y las gafas de sol se convierten en un accesorio imprescindible para disfrutar al m\u00e1ximo de esta estaci\u00f3n. No s\u00f3lo porque, cada vez m\u00e1s, son un complemento muy necesario para protegernos de los rayos UV, sino tambi\u00e9n porque dan el toque de estilo y sofisticaci\u00f3n a cualquier outfit.<\/p>\n<p>Para muchos, y los amantes de este complemento nos dar\u00e1n la raz\u00f3n, las gafas tambi\u00e9n son un claro reflejo del estilo y la personalidad del quien las lleva. Unas gafas de sol (y tambi\u00e9n graduadas) no s\u00f3lo pueden transformar cualquier look, aportando un aire de elegancia y sofisticaci\u00f3n, tambi\u00e9n pueden darnos las claves de c\u00f3mo es una persona: m\u00e1s cl\u00e1sica, m\u00e1s atrevida, fiel seguidora de las \u00faltimas tendencias, \u00bfamante del color? Cada par de gafas encuentra su outfit perfecto en el armario de verano, y viceversa, y as\u00ed lo demuestran para nosotros <strong>la influencer y modelo Ginevra Mavilla, la actriz y creadora espa\u00f1ola Alexandra Federicca y el creador de contenido Ryan Prevedel.<\/strong><strong>\u00a0<\/strong><\/p>\n<p>Si a\u00fan no sabes qu\u00e9 modelo o estilo elegir para esta temporada, Michael Kors ha creado para este verano 2024 una colecci\u00f3n vers\u00e1til y con estilo en la que cualquier personalidad es capaz de encontrar el par de gafas perfecto.<\/p>\n<h3><strong>Una colecci\u00f3n femenina muy chic<\/strong><\/h3>\n<p>Para ellas, las formas cl\u00e1sicas y los detalles contempor\u00e1neos son los protagonistas de esta nueva colecci\u00f3n de gafas Primavera\/Verano 2024 de Michael Kors. Caracterizada por el <em>glamour chic<\/em> e ic\u00f3nico de la marca, esta colecci\u00f3n presenta los c\u00e9lebres perfiles de Michael Kors renovados con construcciones nuevas y sofisticadas. Desde dise\u00f1os cl\u00e1sicos hasta siluetas atrevidas, estos estilos cuentan con materiales superiores, colores y detalles llamativos, incluidos bordes frontales de dos tonos y el codiciado logotipo Empire de la marca en las patillas.<\/p>\n<p>Un dise\u00f1o que siempre es y ser\u00e1 un <em>must-have<\/em> son las monturas de grandes dimensiones. Las<strong> gafas XL <\/strong>no son para todo el mundo, pero si te gustan las gafas grandes, Michael Kors ha creado <strong>el modelo QU\u00c9BEC<\/strong> (en la imagen lo luce Alexandra Federicca), de forma cuadrada, sin montura y adornado con un elegante logo en la patilla, se convierte en una opci\u00f3n muy glamurosa, tanto para la playa como para la ciudad. Puedes elegirlas en una paleta de colores que va del negro al dorado, con cristales de espejo negros, marrones, rosas, azules y verdes. Nos encanta el modelo dorado con lentes espejadas marr\u00f3n, que le da un toque muy lujoso a tu look.<\/p>\n<p><img loading=\"lazy\" decoding=\"async\" class=\"aligncenter wp-image-177338 size-full\" src=\"https:\/\/graziamagazine.com\/es\/wp-content\/uploads\/sites\/12\/2024\/07\/Michael-Kors-x-Grazia3996.jpg\" alt=\"\" width=\"5504\" height=\"8256\" srcset=\"https:\/\/graziamagazine.com\/es\/wp-content\/uploads\/sites\/12\/2024\/07\/Michael-Kors-x-Grazia3996.jpg 5504w, https:\/\/graziamagazine.com\/es\/wp-content\/uploads\/sites\/12\/2024\/07\/Michael-Kors-x-Grazia3996-200x300.jpg 200w, https:\/\/graziamagazine.com\/es\/wp-content\/uploads\/sites\/12\/2024\/07\/Michael-Kors-x-Grazia3996-683x1024.jpg 683w, https:\/\/graziamagazine.com\/es\/wp-content\/uploads\/sites\/12\/2024\/07\/Michael-Kors-x-Grazia3996-768x1152.jpg 768w, https:\/\/graziamagazine.com\/es\/wp-content\/uploads\/sites\/12\/2024\/07\/Michael-Kors-x-Grazia3996-1024x1536.jpg 1024w, https:\/\/graziamagazine.com\/es\/wp-content\/uploads\/sites\/12\/2024\/07\/Michael-Kors-x-Grazia3996-400x600.jpg 400w, https:\/\/graziamagazine.com\/es\/wp-content\/uploads\/sites\/12\/2024\/07\/Michael-Kors-x-Grazia3996-143x215.jpg 143w\" sizes=\"(max-width: 5504px) 100vw, 5504px\" \/><\/p>\n<p>[Alexandra Federicca combina sus gafas de sol QU\u00c9BEC con un top negro con el logo de MK met\u00e1lico en los tirantes finos]<\/p>\n<p>En la colecci\u00f3n de Michael Kors para este verano 2024 tambi\u00e9n encontramos diferentes dise\u00f1os de gafas de vista perfectas para darle el toque especial a los <em>outfits<\/em> de la temporada. Poco a poco las gafas de ver tambi\u00e9n se han convertido en un complemento de moda, y firmas como MK lo saben, por eso fusionan dise\u00f1o, moda y tendencias en cada par de gafas.<\/p>\n<p>Si este verano est\u00e1s buscando unas gafas graduadas especiales y de grandes dimensiones, dentro de la colecci\u00f3n femenina est\u00e1n las <strong>NASSAU<\/strong>. Aptas solo para las m\u00e1s atrevidas, estas gafas cuadradas de acetato y montura grande, tienen un dise\u00f1o de l\u00edneas glamourosas e incluyen el ic\u00f3nico logo Empire de MK en la sofisticada patilla.<\/p>\n<p><img loading=\"lazy\" decoding=\"async\" class=\"aligncenter size-full wp-image-177339\" src=\"https:\/\/graziamagazine.com\/es\/wp-content\/uploads\/sites\/12\/2024\/07\/Captura-de-pantalla-2024-06-14-a-las-11.42.04-copia.jpg\" alt=\"\" width=\"954\" height=\"1440\" srcset=\"https:\/\/graziamagazine.com\/es\/wp-content\/uploads\/sites\/12\/2024\/07\/Captura-de-pantalla-2024-06-14-a-las-11.42.04-copia.jpg 954w, https:\/\/graziamagazine.com\/es\/wp-content\/uploads\/sites\/12\/2024\/07\/Captura-de-pantalla-2024-06-14-a-las-11.42.04-copia-199x300.jpg 199w, https:\/\/graziamagazine.com\/es\/wp-content\/uploads\/sites\/12\/2024\/07\/Captura-de-pantalla-2024-06-14-a-las-11.42.04-copia-678x1024.jpg 678w, https:\/\/graziamagazine.com\/es\/wp-content\/uploads\/sites\/12\/2024\/07\/Captura-de-pantalla-2024-06-14-a-las-11.42.04-copia-768x1159.jpg 768w, https:\/\/graziamagazine.com\/es\/wp-content\/uploads\/sites\/12\/2024\/07\/Captura-de-pantalla-2024-06-14-a-las-11.42.04-copia-400x604.jpg 400w, https:\/\/graziamagazine.com\/es\/wp-content\/uploads\/sites\/12\/2024\/07\/Captura-de-pantalla-2024-06-14-a-las-11.42.04-copia-142x215.jpg 142w\" sizes=\"(max-width: 954px) 100vw, 954px\" \/><\/p>\n<p>[Alexandra Federicca luce el modelo NASSAU con un top negro con el logo met\u00e1lico de MK en los tirantes]<\/p>\n<p>Si no te atreves con modelos de vista tan grandes para tu d\u00eda a d\u00eda, no hay problema porque en la colecci\u00f3n de gafas de Michael Kors de esta temporada estival hemos encontrado una montura que nunca pasa de moda, que combina con cualquier look tanto de d\u00eda como de noche, desde momentos m\u00e1s formales o m\u00e1s casuales, y se llama <strong>SEASIDE<\/strong>.<\/p>\n<p><img loading=\"lazy\" decoding=\"async\" class=\"aligncenter size-full wp-image-177340\" src=\"https:\/\/graziamagazine.com\/es\/wp-content\/uploads\/sites\/12\/2024\/07\/Captura-de-pantalla-2024-07-04-a-las-0.12.53-copia.jpg\" alt=\"\" width=\"2186\" height=\"1452\" srcset=\"https:\/\/graziamagazine.com\/es\/wp-content\/uploads\/sites\/12\/2024\/07\/Captura-de-pantalla-2024-07-04-a-las-0.12.53-copia.jpg 2186w, https:\/\/graziamagazine.com\/es\/wp-content\/uploads\/sites\/12\/2024\/07\/Captura-de-pantalla-2024-07-04-a-las-0.12.53-copia-300x199.jpg 300w, https:\/\/graziamagazine.com\/es\/wp-content\/uploads\/sites\/12\/2024\/07\/Captura-de-pantalla-2024-07-04-a-las-0.12.53-copia-1024x680.jpg 1024w, https:\/\/graziamagazine.com\/es\/wp-content\/uploads\/sites\/12\/2024\/07\/Captura-de-pantalla-2024-07-04-a-las-0.12.53-copia-768x510.jpg 768w, https:\/\/graziamagazine.com\/es\/wp-content\/uploads\/sites\/12\/2024\/07\/Captura-de-pantalla-2024-07-04-a-las-0.12.53-copia-1536x1020.jpg 1536w, https:\/\/graziamagazine.com\/es\/wp-content\/uploads\/sites\/12\/2024\/07\/Captura-de-pantalla-2024-07-04-a-las-0.12.53-copia-2048x1360.jpg 2048w, https:\/\/graziamagazine.com\/es\/wp-content\/uploads\/sites\/12\/2024\/07\/Captura-de-pantalla-2024-07-04-a-las-0.12.53-copia-400x266.jpg 400w, https:\/\/graziamagazine.com\/es\/wp-content\/uploads\/sites\/12\/2024\/07\/Captura-de-pantalla-2024-07-04-a-las-0.12.53-copia-155x103.jpg 155w\" sizes=\"(max-width: 2186px) 100vw, 2186px\" \/><\/p>\n<p>[Ginevra Mavilla ha optado por el modelo SEASIDE, un modelo de vista m\u00e1s retro con l\u00edneas geom\u00e9tricas que ha combinado con un vestido color coral s\u00faper veraniego]<\/p>\n<h3><strong>Tambi\u00e9n para ellos<\/strong><\/h3>\n<p>Aunque quiz\u00e1, tradicionalmente las gafas de sol han sido un complemento mucho m\u00e1s femenino, los \u00faltimos a\u00f1os han dejado claro que ellos tambi\u00e9n han sucumbido al encanto de esta pieza que se ha convertido en objeto de deseo. Para esta temporada Michael Kors ha pensado en ellos con una colecci\u00f3n que viste al hombre moderno con un estilo de vida n\u00f3mada y vanguardista, en la que destacan monturas de acetato y metal con formas geom\u00e9tricas y angulosas muy masculinas. En esta colecci\u00f3n de verano no pod\u00edan faltar las gafas de sol con montura de metal, y por supuesto las m\u00e1s cl\u00e1sicas de aviador con un toque actual. Destacan los modelos MURREN, BLUE RIDGE o MONTREAUX, tres versiones para tres estilos diferentes de hombres.\u00a0Las <strong>BLUE RIDGE <\/strong>se han dise\u00f1ado con una montura de metal de dos tonos y patillas estrechas grabadas con el logotipo cl\u00e1sico de Michael Kors para un acabado de lujo.<\/p>\n<p><img loading=\"lazy\" decoding=\"async\" class=\"aligncenter size-full wp-image-177341\" src=\"https:\/\/graziamagazine.com\/es\/wp-content\/uploads\/sites\/12\/2024\/07\/Captura-de-pantalla-2024-06-26-a-las-16.22.14-copia.jpg\" alt=\"\" width=\"954\" height=\"1456\" srcset=\"https:\/\/graziamagazine.com\/es\/wp-content\/uploads\/sites\/12\/2024\/07\/Captura-de-pantalla-2024-06-26-a-las-16.22.14-copia.jpg 954w, https:\/\/graziamagazine.com\/es\/wp-content\/uploads\/sites\/12\/2024\/07\/Captura-de-pantalla-2024-06-26-a-las-16.22.14-copia-197x300.jpg 197w, https:\/\/graziamagazine.com\/es\/wp-content\/uploads\/sites\/12\/2024\/07\/Captura-de-pantalla-2024-06-26-a-las-16.22.14-copia-671x1024.jpg 671w, https:\/\/graziamagazine.com\/es\/wp-content\/uploads\/sites\/12\/2024\/07\/Captura-de-pantalla-2024-06-26-a-las-16.22.14-copia-768x1172.jpg 768w, https:\/\/graziamagazine.com\/es\/wp-content\/uploads\/sites\/12\/2024\/07\/Captura-de-pantalla-2024-06-26-a-las-16.22.14-copia-400x610.jpg 400w, https:\/\/graziamagazine.com\/es\/wp-content\/uploads\/sites\/12\/2024\/07\/Captura-de-pantalla-2024-06-26-a-las-16.22.14-copia-141x215.jpg 141w\" sizes=\"(max-width: 954px) 100vw, 954px\" \/><\/p>\n<p>[Ryan Prevedel combina las BLUE RIDGE de montura met\u00e1lica con un cl\u00e1sico polo blanco]<\/p>\n<p>El dise\u00f1o de aviador no puede faltar si hablamos de gafas y esta temporada se reinventan, o mejor dicho Michal Kors las reinterpreta en diferentes tama\u00f1os, formas y materiales. Uno de estos nuevos modelos son las <strong>MURREN <\/strong>(Ryan Prevedel elige este modelo junto a un polo a rayas), unas gafas <em>oversize<\/em> con montura cuadrada y el logo de MK abierto en las patillas.<\/p>\n<p><img loading=\"lazy\" decoding=\"async\" class=\"aligncenter size-full wp-image-177342\" src=\"https:\/\/graziamagazine.com\/es\/wp-content\/uploads\/sites\/12\/2024\/07\/Captura-de-pantalla-2024-06-14-a-las-12.09.18-copia.jpg\" alt=\"\" width=\"964\" height=\"1444\" srcset=\"https:\/\/graziamagazine.com\/es\/wp-content\/uploads\/sites\/12\/2024\/07\/Captura-de-pantalla-2024-06-14-a-las-12.09.18-copia.jpg 964w, https:\/\/graziamagazine.com\/es\/wp-content\/uploads\/sites\/12\/2024\/07\/Captura-de-pantalla-2024-06-14-a-las-12.09.18-copia-200x300.jpg 200w, https:\/\/graziamagazine.com\/es\/wp-content\/uploads\/sites\/12\/2024\/07\/Captura-de-pantalla-2024-06-14-a-las-12.09.18-copia-684x1024.jpg 684w, https:\/\/graziamagazine.com\/es\/wp-content\/uploads\/sites\/12\/2024\/07\/Captura-de-pantalla-2024-06-14-a-las-12.09.18-copia-768x1150.jpg 768w, https:\/\/graziamagazine.com\/es\/wp-content\/uploads\/sites\/12\/2024\/07\/Captura-de-pantalla-2024-06-14-a-las-12.09.18-copia-400x599.jpg 400w, https:\/\/graziamagazine.com\/es\/wp-content\/uploads\/sites\/12\/2024\/07\/Captura-de-pantalla-2024-06-14-a-las-12.09.18-copia-144x215.jpg 144w\" sizes=\"(max-width: 964px) 100vw, 964px\" \/><\/p>\n<p>[Ryan Prevedel elige las MURREN junto a un polo a rayas en un outfit muy navy]<\/p>\n<p>Este modelo aviador da el salto a la colecci\u00f3n de gafas graduadas de Michael Kors con las <strong>MONTREAUX<\/strong>. Por primera vez la firma introduce gafas de vista en su colecci\u00f3n masculina, y este modelo es ideal para looks m\u00e1s formales o m\u00e1s casuales, gracias a sus formas geom\u00e9tricas, su montura de acetato y el sutil logo met\u00e1lico de la firma en la sien.<\/p>\n<p><img loading=\"lazy\" decoding=\"async\" class=\"aligncenter size-full wp-image-177343\" src=\"https:\/\/graziamagazine.com\/es\/wp-content\/uploads\/sites\/12\/2024\/07\/Michael-Kors-x-Grazia5406.jpg\" alt=\"\" width=\"5504\" height=\"8256\" srcset=\"https:\/\/graziamagazine.com\/es\/wp-content\/uploads\/sites\/12\/2024\/07\/Michael-Kors-x-Grazia5406.jpg 5504w, https:\/\/graziamagazine.com\/es\/wp-content\/uploads\/sites\/12\/2024\/07\/Michael-Kors-x-Grazia5406-200x300.jpg 200w, https:\/\/graziamagazine.com\/es\/wp-content\/uploads\/sites\/12\/2024\/07\/Michael-Kors-x-Grazia5406-683x1024.jpg 683w, https:\/\/graziamagazine.com\/es\/wp-content\/uploads\/sites\/12\/2024\/07\/Michael-Kors-x-Grazia5406-768x1152.jpg 768w, https:\/\/graziamagazine.com\/es\/wp-content\/uploads\/sites\/12\/2024\/07\/Michael-Kors-x-Grazia5406-1024x1536.jpg 1024w, https:\/\/graziamagazine.com\/es\/wp-content\/uploads\/sites\/12\/2024\/07\/Michael-Kors-x-Grazia5406-400x600.jpg 400w, https:\/\/graziamagazine.com\/es\/wp-content\/uploads\/sites\/12\/2024\/07\/Michael-Kors-x-Grazia5406-143x215.jpg 143w\" sizes=\"(max-width: 5504px) 100vw, 5504px\" \/><\/p>\n<p>[Ryan Prevedel lleva el modelo MONTREAUX con una cl\u00e1sica camisa blanca]<\/p>\n<p><a href=\"https:\/\/optica-optima.com\/brand\/michael-kors.html\" target=\"_blank\">Toda la colecci\u00f3n est\u00e1 disponible en Espa\u00f1a en \u00d3ptica \u00d3ptima.<\/a><\/p>\n<p><strong>Cr\u00e9ditos:<\/strong><\/p>\n<p>Foto: Stefano Sciuto<\/p>\n<p>Asistente de fotograf\u00eda: Bryan Durante<\/p>\n<p>V\u00eddeo: Fabio Persico @Piccolissimo Film<\/p>\n<p>Estilismo: Sarah Misciali<\/p>\n<p>Mua: Silvia Sidoli<\/p>\n<p>Peluquer\u00eda: Alessandro Firenze<\/p>\n<p>Producci\u00f3n: Ana Maria Matasel<\/p>\n<p>Localizaciones: Anticamera Locations<\/p>\n<p>Direcci\u00f3n creativa\/art\u00edstica: Sara Moschini<\/p>\n<p><a href=\"https:\/\/optica-optima.com\/brand\/michael-kors.html\" target=\"_blank\">Encuentra la colecci\u00f3n en Espa\u00f1a en \u00d3ptica \u00d3ptima.<\/a><\/p>\n<p>&nbsp;<\/p>\n<p>&nbsp;<\/p>\n<p>&nbsp;<\/p>\n<p>&nbsp;<\/p>\n<p>&nbsp;<\/p>\n","protected":false},"author":16349,"featured_media":177337,"template":"","format":"standard","categories":[1],"acf":[],"yoast_head":"<!-- This site is optimized with the Yoast SEO Premium plugin v18.5 (Yoast SEO v20.4) - https:\/\/yoast.com\/wordpress\/plugins\/seo\/ -->\n<title>Cl\u00e1sicas, contempor\u00e1neas y glamurosas, as\u00ed es la nueva colecci\u00f3n de gafas de Michael Kors<\/title>\n<meta name=\"description\" content=\"Un par de gafas nunca pueden faltar en tu bolso, la colecci\u00f3n Primavera-Verano 2024 de Michael Kors ser\u00e1 tu gran compa\u00f1era de la estaci\u00f3n.\" \/>\n<meta name=\"robots\" content=\"index, follow, max-snippet:-1, max-image-preview:large, max-video-preview:-1\" \/>\n<link rel=\"canonical\" href=\"https:\/\/graziamagazine.com\/es\/articles\/clasicas-contemporaneas-y-glamurosas-asi-es-la-nueva-coleccion-de-gafas-de-michael-kors\/\" \/>\n<meta property=\"og:locale\" content=\"es_ES\" \/>\n<meta property=\"og:type\" content=\"article\" \/>\n<meta property=\"og:title\" content=\"Cl\u00e1sicas, contempor\u00e1neas y glamurosas, as\u00ed es la nueva colecci\u00f3n de gafas de Michael Kors\" \/>\n<meta property=\"og:description\" content=\"Un par de gafas nunca pueden faltar en tu bolso, la colecci\u00f3n Primavera-Verano 2024 de Michael Kors ser\u00e1 tu gran compa\u00f1era de la estaci\u00f3n.\" \/>\n<meta property=\"og:url\" content=\"https:\/\/graziamagazine.com\/es\/articles\/clasicas-contemporaneas-y-glamurosas-asi-es-la-nueva-coleccion-de-gafas-de-michael-kors\/\" \/>\n<meta property=\"og:site_name\" content=\"Grazia\" \/>\n<meta property=\"article:modified_time\" content=\"2024-07-04T08:29:27+00:00\" \/>\n<meta property=\"og:image\" content=\"https:\/\/graziamagazine.com\/es\/wp-content\/uploads\/sites\/12\/2024\/07\/Captura-de-pantalla-2024-06-14-a-las-11.21.51-copia.jpg\" \/>\n\t<meta property=\"og:image:width\" content=\"2178\" \/>\n\t<meta property=\"og:image:height\" content=\"1440\" \/>\n\t<meta property=\"og:image:type\" content=\"image\/jpeg\" \/>\n<meta name=\"twitter:card\" content=\"summary_large_image\" \/>\n<meta name=\"twitter:label1\" content=\"Est. reading time\" \/>\n\t<meta name=\"twitter:data1\" content=\"7 minutos\" \/>\n<script type=\"application\/ld+json\" class=\"yoast-schema-graph\">{\"@context\":\"https:\/\/schema.org\",\"@graph\":[{\"@type\":\"WebPage\",\"@id\":\"https:\/\/graziamagazine.com\/es\/articles\/clasicas-contemporaneas-y-glamurosas-asi-es-la-nueva-coleccion-de-gafas-de-michael-kors\/\",\"url\":\"https:\/\/graziamagazine.com\/es\/articles\/clasicas-contemporaneas-y-glamurosas-asi-es-la-nueva-coleccion-de-gafas-de-michael-kors\/\",\"name\":\"Cl\u00e1sicas, contempor\u00e1neas y glamurosas, as\u00ed es la nueva colecci\u00f3n de gafas de Michael Kors\",\"isPartOf\":{\"@id\":\"https:\/\/graziamagazine.com\/es\/#website\"},\"datePublished\":\"2024-07-01T06:49:20+00:00\",\"dateModified\":\"2024-07-04T08:29:27+00:00\",\"description\":\"Un par de gafas nunca pueden faltar en tu bolso, la colecci\u00f3n Primavera-Verano 2024 de Michael Kors ser\u00e1 tu gran compa\u00f1era de la estaci\u00f3n.\",\"breadcrumb\":{\"@id\":\"https:\/\/graziamagazine.com\/es\/articles\/clasicas-contemporaneas-y-glamurosas-asi-es-la-nueva-coleccion-de-gafas-de-michael-kors\/#breadcrumb\"},\"inLanguage\":\"es\",\"potentialAction\":[{\"@type\":\"ReadAction\",\"target\":[\"https:\/\/graziamagazine.com\/es\/articles\/clasicas-contemporaneas-y-glamurosas-asi-es-la-nueva-coleccion-de-gafas-de-michael-kors\/\"]}]},{\"@type\":\"BreadcrumbList\",\"@id\":\"https:\/\/graziamagazine.com\/es\/articles\/clasicas-contemporaneas-y-glamurosas-asi-es-la-nueva-coleccion-de-gafas-de-michael-kors\/#breadcrumb\",\"itemListElement\":[{\"@type\":\"ListItem\",\"position\":1,\"name\":\"Portada\",\"item\":\"https:\/\/graziamagazine.com\/es\/\"},{\"@type\":\"ListItem\",\"position\":2,\"name\":\"Cl\u00e1sicas, contempor\u00e1neas y glamurosas, as\u00ed es la nueva colecci\u00f3n de gafas de Michael Kors\"}]},{\"@type\":\"WebSite\",\"@id\":\"https:\/\/graziamagazine.com\/es\/#website\",\"url\":\"https:\/\/graziamagazine.com\/es\/\",\"name\":\"Grazia\",\"description\":\"Moda, belleza, celebrities, estilo de vida...\",\"potentialAction\":[{\"@type\":\"SearchAction\",\"target\":{\"@type\":\"EntryPoint\",\"urlTemplate\":\"https:\/\/graziamagazine.com\/es\/?s={search_term_string}\"},\"query-input\":\"required name=search_term_string\"}],\"inLanguage\":\"es\"}]}<\/script>\n<!-- \/ Yoast SEO Premium plugin. -->","yoast_head_json":{"title":"Cl\u00e1sicas, contempor\u00e1neas y glamurosas, as\u00ed es la nueva colecci\u00f3n de gafas de Michael Kors","description":"Un par de gafas nunca pueden faltar en tu bolso, la colecci\u00f3n Primavera-Verano 2024 de Michael Kors ser\u00e1 tu gran compa\u00f1era de la estaci\u00f3n.","robots":{"index":"index","follow":"follow","max-snippet":"max-snippet:-1","max-image-preview":"max-image-preview:large","max-video-preview":"max-video-preview:-1"},"canonical":"https:\/\/graziamagazine.com\/es\/articles\/clasicas-contemporaneas-y-glamurosas-asi-es-la-nueva-coleccion-de-gafas-de-michael-kors\/","og_locale":"es_ES","og_type":"article","og_title":"Cl\u00e1sicas, contempor\u00e1neas y glamurosas, as\u00ed es la nueva colecci\u00f3n de gafas de Michael Kors","og_description":"Un par de gafas nunca pueden faltar en tu bolso, la colecci\u00f3n Primavera-Verano 2024 de Michael Kors ser\u00e1 tu gran compa\u00f1era de la estaci\u00f3n.","og_url":"https:\/\/graziamagazine.com\/es\/articles\/clasicas-contemporaneas-y-glamurosas-asi-es-la-nueva-coleccion-de-gafas-de-michael-kors\/","og_site_name":"Grazia","article_modified_time":"2024-07-04T08:29:27+00:00","og_image":[{"width":2178,"height":1440,"url":"https:\/\/graziamagazine.com\/es\/wp-content\/uploads\/sites\/12\/2024\/07\/Captura-de-pantalla-2024-06-14-a-las-11.21.51-copia.jpg","type":"image\/jpeg"}],"twitter_card":"summary_large_image","twitter_misc":{"Est. reading time":"7 minutos"},"schema":{"@context":"https:\/\/schema.org","@graph":[{"@type":"WebPage","@id":"https:\/\/graziamagazine.com\/es\/articles\/clasicas-contemporaneas-y-glamurosas-asi-es-la-nueva-coleccion-de-gafas-de-michael-kors\/","url":"https:\/\/graziamagazine.com\/es\/articles\/clasicas-contemporaneas-y-glamurosas-asi-es-la-nueva-coleccion-de-gafas-de-michael-kors\/","name":"Cl\u00e1sicas, contempor\u00e1neas y glamurosas, as\u00ed es la nueva colecci\u00f3n de gafas de Michael Kors","isPartOf":{"@id":"https:\/\/graziamagazine.com\/es\/#website"},"datePublished":"2024-07-01T06:49:20+00:00","dateModified":"2024-07-04T08:29:27+00:00","description":"Un par de gafas nunca pueden faltar en tu bolso, la colecci\u00f3n Primavera-Verano 2024 de Michael Kors ser\u00e1 tu gran compa\u00f1era de la estaci\u00f3n.","breadcrumb":{"@id":"https:\/\/graziamagazine.com\/es\/articles\/clasicas-contemporaneas-y-glamurosas-asi-es-la-nueva-coleccion-de-gafas-de-michael-kors\/#breadcrumb"},"inLanguage":"es","potentialAction":[{"@type":"ReadAction","target":["https:\/\/graziamagazine.com\/es\/articles\/clasicas-contemporaneas-y-glamurosas-asi-es-la-nueva-coleccion-de-gafas-de-michael-kors\/"]}]},{"@type":"BreadcrumbList","@id":"https:\/\/graziamagazine.com\/es\/articles\/clasicas-contemporaneas-y-glamurosas-asi-es-la-nueva-coleccion-de-gafas-de-michael-kors\/#breadcrumb","itemListElement":[{"@type":"ListItem","position":1,"name":"Portada","item":"https:\/\/graziamagazine.com\/es\/"},{"@type":"ListItem","position":2,"name":"Cl\u00e1sicas, contempor\u00e1neas y glamurosas, as\u00ed es la nueva colecci\u00f3n de gafas de Michael Kors"}]},{"@type":"WebSite","@id":"https:\/\/graziamagazine.com\/es\/#website","url":"https:\/\/graziamagazine.com\/es\/","name":"Grazia","description":"Moda, belleza, celebrities, estilo de vida...","potentialAction":[{"@type":"SearchAction","target":{"@type":"EntryPoint","urlTemplate":"https:\/\/graziamagazine.com\/es\/?s={search_term_string}"},"query-input":"required name=search_term_string"}],"inLanguage":"es"}]}},"jetpack_sharing_enabled":true,"distributor_meta":false,"distributor_terms":false,"distributor_media":false,"distributor_original_site_name":"Grazia","distributor_original_site_url":"https:\/\/graziamagazine.com\/es","push-errors":false,"_links":{"self":[{"href":"https:\/\/graziamagazine.com\/es\/wp-json\/wp\/v2\/articles\/177335"}],"collection":[{"href":"https:\/\/graziamagazine.com\/es\/wp-json\/wp\/v2\/articles"}],"about":[{"href":"https:\/\/graziamagazine.com\/es\/wp-json\/wp\/v2\/types\/articles"}],"author":[{"embeddable":true,"href":"https:\/\/graziamagazine.com\/es\/wp-json\/wp\/v2\/users\/16349"}],"wp:featuredmedia":[{"embeddable":true,"href":"https:\/\/graziamagazine.com\/es\/wp-json\/wp\/v2\/media\/177337"}],"wp:attachment":[{"href":"https:\/\/graziamagazine.com\/es\/wp-json\/wp\/v2\/media?parent=177335"}],"wp:term":[{"taxonomy":"category","embeddable":true,"href":"https:\/\/graziamagazine.com\/es\/wp-json\/wp\/v2\/categories?post=177335"}],"curies":[{"name":"wp","href":"https:\/\/api.w.org\/{rel}","templated":true}]}}