{"id":177303,"date":"2024-07-02T12:53:47","date_gmt":"2024-07-02T10:53:47","guid":{"rendered":"https:\/\/graziamagazine.com\/es\/?post_type=articles&#038;p=177303"},"modified":"2024-07-02T14:10:38","modified_gmt":"2024-07-02T12:10:38","slug":"scalpers-y-mad-cool-festival-se-unen-para-presentar-la-camiseta-oficial-del-festival","status":"publish","type":"articles","link":"https:\/\/graziamagazine.com\/es\/articles\/scalpers-y-mad-cool-festival-se-unen-para-presentar-la-camiseta-oficial-del-festival\/","title":{"rendered":"SCALPERS y MAD COOL FESTIVAL lanzan la camiseta oficial del festival"},"content":{"rendered":"<p>Es \u00e9poca de festivales y uno de los primeros en llegar a la capital espa\u00f1ola es el MAD Cool, uno de los m\u00e1s esperados de la temporada estival. Scalpers, patrocinador del evento musical, acaba de anunciar el lanzamiento junto al festival de la camiseta oficial y exclusiva del evento.<\/p>\n<p>La camiseta, que se lanzar\u00e1 en una edici\u00f3n limitada, captura la esencia del MAD COOL FESTIVAL, combinando la sofisticaci\u00f3n y el estilo distintivo de Scalpers con la energ\u00eda y diversidad del evento musical. Esta prenda est\u00e1 destinada a convertirse en un \u00edcono tanto para los amantes de la moda como para los fan\u00e1ticos de la m\u00fasica.<\/p>\n<p><img loading=\"lazy\" decoding=\"async\" class=\"aligncenter size-full wp-image-177305\" src=\"https:\/\/graziamagazine.com\/es\/wp-content\/uploads\/sites\/12\/2024\/07\/393052ae-d56c-2300-d769-4e75db4c10a1.jpeg\" alt=\"\" width=\"1292\" height=\"969\" srcset=\"https:\/\/graziamagazine.com\/es\/wp-content\/uploads\/sites\/12\/2024\/07\/393052ae-d56c-2300-d769-4e75db4c10a1.jpeg 1292w, https:\/\/graziamagazine.com\/es\/wp-content\/uploads\/sites\/12\/2024\/07\/393052ae-d56c-2300-d769-4e75db4c10a1-300x225.jpeg 300w, https:\/\/graziamagazine.com\/es\/wp-content\/uploads\/sites\/12\/2024\/07\/393052ae-d56c-2300-d769-4e75db4c10a1-1024x768.jpeg 1024w, https:\/\/graziamagazine.com\/es\/wp-content\/uploads\/sites\/12\/2024\/07\/393052ae-d56c-2300-d769-4e75db4c10a1-768x576.jpeg 768w, https:\/\/graziamagazine.com\/es\/wp-content\/uploads\/sites\/12\/2024\/07\/393052ae-d56c-2300-d769-4e75db4c10a1-400x300.jpeg 400w, https:\/\/graziamagazine.com\/es\/wp-content\/uploads\/sites\/12\/2024\/07\/393052ae-d56c-2300-d769-4e75db4c10a1-155x116.jpeg 155w\" sizes=\"(max-width: 1292px) 100vw, 1292px\" \/><\/p>\n<p>Esta edici\u00f3n limitada captura la esencia vibrante y electrizante de MAD COOL FESTIVAL, presentando de manera prominente los ic\u00f3nicos logotipos del festival y de Scalpers en el pecho y un distintivo n\u00famero 24 en la parte trasera, simbolizando el a\u00f1o de esta colaboraci\u00f3n especial. Dise\u00f1ada para los amantes de la m\u00fasica que tambi\u00e9n valoran el estilo y la calidad, la camiseta representa un s\u00edmbolo de pertenencia a la comunidad MAD COOL FESTIVAL, donde la m\u00fasica y la moda convergen de manera \u00fanica.<\/p>\n<p><img loading=\"lazy\" decoding=\"async\" class=\"aligncenter size-full wp-image-177304\" src=\"https:\/\/graziamagazine.com\/es\/wp-content\/uploads\/sites\/12\/2024\/07\/47679822-d6b8-ed9d-44af-26af03022dcf.jpeg\" alt=\"\" width=\"2344\" height=\"1758\" srcset=\"https:\/\/graziamagazine.com\/es\/wp-content\/uploads\/sites\/12\/2024\/07\/47679822-d6b8-ed9d-44af-26af03022dcf.jpeg 2344w, https:\/\/graziamagazine.com\/es\/wp-content\/uploads\/sites\/12\/2024\/07\/47679822-d6b8-ed9d-44af-26af03022dcf-300x225.jpeg 300w, https:\/\/graziamagazine.com\/es\/wp-content\/uploads\/sites\/12\/2024\/07\/47679822-d6b8-ed9d-44af-26af03022dcf-1024x768.jpeg 1024w, https:\/\/graziamagazine.com\/es\/wp-content\/uploads\/sites\/12\/2024\/07\/47679822-d6b8-ed9d-44af-26af03022dcf-768x576.jpeg 768w, https:\/\/graziamagazine.com\/es\/wp-content\/uploads\/sites\/12\/2024\/07\/47679822-d6b8-ed9d-44af-26af03022dcf-1536x1152.jpeg 1536w, https:\/\/graziamagazine.com\/es\/wp-content\/uploads\/sites\/12\/2024\/07\/47679822-d6b8-ed9d-44af-26af03022dcf-2048x1536.jpeg 2048w, https:\/\/graziamagazine.com\/es\/wp-content\/uploads\/sites\/12\/2024\/07\/47679822-d6b8-ed9d-44af-26af03022dcf-400x300.jpeg 400w, https:\/\/graziamagazine.com\/es\/wp-content\/uploads\/sites\/12\/2024\/07\/47679822-d6b8-ed9d-44af-26af03022dcf-155x116.jpeg 155w\" sizes=\"(max-width: 2344px) 100vw, 2344px\" \/><\/p>\n<p>La camiseta est\u00e1 disponible en cantidades limitadas en la\u00a0p\u00e1gina web de Scalpers \u00a0y durante el MAD COOL FESTIVAL, los asistentes podr\u00e1n adquirirla en el stand exclusivo de Scalpers. <a href=\"https:\/\/scalperscompany.com\/products\/57939-mad-cool-polo-ss24-white\" target=\"_blank\">Su precio es de 49,90 euros y puedes elegirlar desde la talla XS a la XXL.\u00a0<\/a><\/p>\n<p><em>*Im\u00e1genes: Mad Cool y cortes\u00eda<\/em><\/p>\n<p class=\"x_last-child\">\n","protected":false},"author":11653,"featured_media":177306,"template":"","format":"standard","categories":[1],"acf":[],"yoast_head":"<!-- This site is optimized with the Yoast SEO Premium plugin v18.5 (Yoast SEO v20.4) - https:\/\/yoast.com\/wordpress\/plugins\/seo\/ -->\n<title>SCALPERS y el MAD COOL FESTIVAL lanzan su camiseta oficial<\/title>\n<meta name=\"description\" content=\"Esta alianza simboliza la fusi\u00f3n perfecta entre la moda y la m\u00fasica, celebrando el esp\u00edritu vibrante y creativo que caracteriza a ambos.\" \/>\n<meta name=\"robots\" content=\"index, follow, max-snippet:-1, max-image-preview:large, max-video-preview:-1\" \/>\n<link rel=\"canonical\" href=\"https:\/\/graziamagazine.com\/es\/articles\/scalpers-y-mad-cool-festival-se-unen-para-presentar-la-camiseta-oficial-del-festival\/\" \/>\n<meta property=\"og:locale\" content=\"es_ES\" \/>\n<meta property=\"og:type\" content=\"article\" \/>\n<meta property=\"og:title\" content=\"SCALPERS y MAD COOL FESTIVAL lanzan la camiseta oficial del festival\" \/>\n<meta property=\"og:description\" content=\"Esta alianza simboliza la fusi\u00f3n perfecta entre la moda y la m\u00fasica, celebrando el esp\u00edritu vibrante y creativo que caracteriza a ambos.\" \/>\n<meta property=\"og:url\" content=\"https:\/\/graziamagazine.com\/es\/articles\/scalpers-y-mad-cool-festival-se-unen-para-presentar-la-camiseta-oficial-del-festival\/\" \/>\n<meta property=\"og:site_name\" content=\"Grazia\" \/>\n<meta property=\"article:modified_time\" content=\"2024-07-02T12:10:38+00:00\" \/>\n<meta property=\"og:image\" content=\"https:\/\/graziamagazine.com\/es\/wp-content\/uploads\/sites\/12\/2024\/07\/Noria_del_Mad_Cool_2016.jpg\" \/>\n\t<meta property=\"og:image:width\" content=\"1600\" \/>\n\t<meta property=\"og:image:height\" content=\"900\" \/>\n\t<meta property=\"og:image:type\" content=\"image\/jpeg\" \/>\n<meta name=\"twitter:card\" content=\"summary_large_image\" \/>\n<meta name=\"twitter:label1\" content=\"Est. reading time\" \/>\n\t<meta name=\"twitter:data1\" content=\"2 minutos\" \/>\n<script type=\"application\/ld+json\" class=\"yoast-schema-graph\">{\"@context\":\"https:\/\/schema.org\",\"@graph\":[{\"@type\":\"WebPage\",\"@id\":\"https:\/\/graziamagazine.com\/es\/articles\/scalpers-y-mad-cool-festival-se-unen-para-presentar-la-camiseta-oficial-del-festival\/\",\"url\":\"https:\/\/graziamagazine.com\/es\/articles\/scalpers-y-mad-cool-festival-se-unen-para-presentar-la-camiseta-oficial-del-festival\/\",\"name\":\"SCALPERS y el MAD COOL FESTIVAL lanzan su camiseta oficial\",\"isPartOf\":{\"@id\":\"https:\/\/graziamagazine.com\/es\/#website\"},\"datePublished\":\"2024-07-02T10:53:47+00:00\",\"dateModified\":\"2024-07-02T12:10:38+00:00\",\"description\":\"Esta alianza simboliza la fusi\u00f3n perfecta entre la moda y la m\u00fasica, celebrando el esp\u00edritu vibrante y creativo que caracteriza a ambos.\",\"breadcrumb\":{\"@id\":\"https:\/\/graziamagazine.com\/es\/articles\/scalpers-y-mad-cool-festival-se-unen-para-presentar-la-camiseta-oficial-del-festival\/#breadcrumb\"},\"inLanguage\":\"es\",\"potentialAction\":[{\"@type\":\"ReadAction\",\"target\":[\"https:\/\/graziamagazine.com\/es\/articles\/scalpers-y-mad-cool-festival-se-unen-para-presentar-la-camiseta-oficial-del-festival\/\"]}]},{\"@type\":\"BreadcrumbList\",\"@id\":\"https:\/\/graziamagazine.com\/es\/articles\/scalpers-y-mad-cool-festival-se-unen-para-presentar-la-camiseta-oficial-del-festival\/#breadcrumb\",\"itemListElement\":[{\"@type\":\"ListItem\",\"position\":1,\"name\":\"Portada\",\"item\":\"https:\/\/graziamagazine.com\/es\/\"},{\"@type\":\"ListItem\",\"position\":2,\"name\":\"SCALPERS y MAD COOL FESTIVAL lanzan la camiseta oficial del festival\"}]},{\"@type\":\"WebSite\",\"@id\":\"https:\/\/graziamagazine.com\/es\/#website\",\"url\":\"https:\/\/graziamagazine.com\/es\/\",\"name\":\"Grazia\",\"description\":\"Moda, belleza, celebrities, estilo de vida...\",\"potentialAction\":[{\"@type\":\"SearchAction\",\"target\":{\"@type\":\"EntryPoint\",\"urlTemplate\":\"https:\/\/graziamagazine.com\/es\/?s={search_term_string}\"},\"query-input\":\"required name=search_term_string\"}],\"inLanguage\":\"es\"}]}<\/script>\n<!-- \/ Yoast SEO Premium plugin. -->","yoast_head_json":{"title":"SCALPERS y el MAD COOL FESTIVAL lanzan su camiseta oficial","description":"Esta alianza simboliza la fusi\u00f3n perfecta entre la moda y la m\u00fasica, celebrando el esp\u00edritu vibrante y creativo que caracteriza a ambos.","robots":{"index":"index","follow":"follow","max-snippet":"max-snippet:-1","max-image-preview":"max-image-preview:large","max-video-preview":"max-video-preview:-1"},"canonical":"https:\/\/graziamagazine.com\/es\/articles\/scalpers-y-mad-cool-festival-se-unen-para-presentar-la-camiseta-oficial-del-festival\/","og_locale":"es_ES","og_type":"article","og_title":"SCALPERS y MAD COOL FESTIVAL lanzan la camiseta oficial del festival","og_description":"Esta alianza simboliza la fusi\u00f3n perfecta entre la moda y la m\u00fasica, celebrando el esp\u00edritu vibrante y creativo que caracteriza a ambos.","og_url":"https:\/\/graziamagazine.com\/es\/articles\/scalpers-y-mad-cool-festival-se-unen-para-presentar-la-camiseta-oficial-del-festival\/","og_site_name":"Grazia","article_modified_time":"2024-07-02T12:10:38+00:00","og_image":[{"width":1600,"height":900,"url":"https:\/\/graziamagazine.com\/es\/wp-content\/uploads\/sites\/12\/2024\/07\/Noria_del_Mad_Cool_2016.jpg","type":"image\/jpeg"}],"twitter_card":"summary_large_image","twitter_misc":{"Est. reading time":"2 minutos"},"schema":{"@context":"https:\/\/schema.org","@graph":[{"@type":"WebPage","@id":"https:\/\/graziamagazine.com\/es\/articles\/scalpers-y-mad-cool-festival-se-unen-para-presentar-la-camiseta-oficial-del-festival\/","url":"https:\/\/graziamagazine.com\/es\/articles\/scalpers-y-mad-cool-festival-se-unen-para-presentar-la-camiseta-oficial-del-festival\/","name":"SCALPERS y el MAD COOL FESTIVAL lanzan su camiseta oficial","isPartOf":{"@id":"https:\/\/graziamagazine.com\/es\/#website"},"datePublished":"2024-07-02T10:53:47+00:00","dateModified":"2024-07-02T12:10:38+00:00","description":"Esta alianza simboliza la fusi\u00f3n perfecta entre la moda y la m\u00fasica, celebrando el esp\u00edritu vibrante y creativo que caracteriza a ambos.","breadcrumb":{"@id":"https:\/\/graziamagazine.com\/es\/articles\/scalpers-y-mad-cool-festival-se-unen-para-presentar-la-camiseta-oficial-del-festival\/#breadcrumb"},"inLanguage":"es","potentialAction":[{"@type":"ReadAction","target":["https:\/\/graziamagazine.com\/es\/articles\/scalpers-y-mad-cool-festival-se-unen-para-presentar-la-camiseta-oficial-del-festival\/"]}]},{"@type":"BreadcrumbList","@id":"https:\/\/graziamagazine.com\/es\/articles\/scalpers-y-mad-cool-festival-se-unen-para-presentar-la-camiseta-oficial-del-festival\/#breadcrumb","itemListElement":[{"@type":"ListItem","position":1,"name":"Portada","item":"https:\/\/graziamagazine.com\/es\/"},{"@type":"ListItem","position":2,"name":"SCALPERS y MAD COOL FESTIVAL lanzan la camiseta oficial del festival"}]},{"@type":"WebSite","@id":"https:\/\/graziamagazine.com\/es\/#website","url":"https:\/\/graziamagazine.com\/es\/","name":"Grazia","description":"Moda, belleza, celebrities, estilo de vida...","potentialAction":[{"@type":"SearchAction","target":{"@type":"EntryPoint","urlTemplate":"https:\/\/graziamagazine.com\/es\/?s={search_term_string}"},"query-input":"required name=search_term_string"}],"inLanguage":"es"}]}},"jetpack_sharing_enabled":true,"distributor_meta":false,"distributor_terms":false,"distributor_media":false,"distributor_original_site_name":"Grazia","distributor_original_site_url":"https:\/\/graziamagazine.com\/es","push-errors":false,"_links":{"self":[{"href":"https:\/\/graziamagazine.com\/es\/wp-json\/wp\/v2\/articles\/177303"}],"collection":[{"href":"https:\/\/graziamagazine.com\/es\/wp-json\/wp\/v2\/articles"}],"about":[{"href":"https:\/\/graziamagazine.com\/es\/wp-json\/wp\/v2\/types\/articles"}],"author":[{"embeddable":true,"href":"https:\/\/graziamagazine.com\/es\/wp-json\/wp\/v2\/users\/11653"}],"wp:featuredmedia":[{"embeddable":true,"href":"https:\/\/graziamagazine.com\/es\/wp-json\/wp\/v2\/media\/177306"}],"wp:attachment":[{"href":"https:\/\/graziamagazine.com\/es\/wp-json\/wp\/v2\/media?parent=177303"}],"wp:term":[{"taxonomy":"category","embeddable":true,"href":"https:\/\/graziamagazine.com\/es\/wp-json\/wp\/v2\/categories?post=177303"}],"curies":[{"name":"wp","href":"https:\/\/api.w.org\/{rel}","templated":true}]}}