{"id":177219,"date":"2024-06-28T14:18:10","date_gmt":"2024-06-28T12:18:10","guid":{"rendered":"https:\/\/graziamagazine.com\/es\/?post_type=articles&#038;p=177219"},"modified":"2024-06-28T14:18:10","modified_gmt":"2024-06-28T12:18:10","slug":"alexandra-pereira-tiene-las-sandalias-para-triunfar-este-verano","status":"publish","type":"articles","link":"https:\/\/graziamagazine.com\/es\/articles\/alexandra-pereira-tiene-las-sandalias-para-triunfar-este-verano\/","title":{"rendered":"Alexandra Pereira tiene las sandalias para triunfar este verano"},"content":{"rendered":"<p dir=\"ltr\">Con la llegada del verano, las miradas se vuelven hacia el horizonte, y con ello, las ganas de disfrutar del buen tiempo al aire libre. En nuestra b\u00fasqueda de inspiraci\u00f3n y de \u00faltimas tendencias, las redes sociales y los programas del momento, se convierten en nuestros mejores aliados para encontrar los <em>looks <\/em>y complementos perfectos para esta nueva temporada.<\/p>\n<p dir=\"ltr\">Estas plataformas son precisamente las encargadas de ense\u00f1arnos las nuevas tendencias. Las prendas que vemos en estas redes son las que dominar\u00e1n el panorama en los pr\u00f3ximos meses, incluso llegando a convertirse en piezas imprescindibles en nuestro armario. Un ejemplo reciente es la influencer Alexandra Pereira, quien no ha dudado en lucir unas sandalias planas de piel negra de la firma alicantina <a href=\"https:\/\/www.hispanitas.com\/es\" rel=\"noopener noreferrer\" data-auth=\"NotApplicable\" data-linkindex=\"2\" target=\"_blank\"><span class=\"markx65wds0sa\" data-markjs=\"true\" data-ogac=\"\" data-ogab=\"\" data-ogsc=\"\" data-ogsb=\"\">Hispanitas<\/span><\/a>, una marca que se ha convertido en sin\u00f3nimo de calidad y dise\u00f1o atemporal, consiguiendo una vez m\u00e1s crear un calzado que resuena con la mujer moderna.<\/p>\n<p><img loading=\"lazy\" decoding=\"async\" class=\"aligncenter size-full wp-image-177221\" src=\"https:\/\/graziamagazine.com\/es\/wp-content\/uploads\/sites\/12\/2024\/06\/hispanitasshoes-1.jpg\" alt=\"\" width=\"1440\" height=\"1800\" srcset=\"https:\/\/graziamagazine.com\/es\/wp-content\/uploads\/sites\/12\/2024\/06\/hispanitasshoes-1.jpg 1440w, https:\/\/graziamagazine.com\/es\/wp-content\/uploads\/sites\/12\/2024\/06\/hispanitasshoes-1-240x300.jpg 240w, https:\/\/graziamagazine.com\/es\/wp-content\/uploads\/sites\/12\/2024\/06\/hispanitasshoes-1-819x1024.jpg 819w, https:\/\/graziamagazine.com\/es\/wp-content\/uploads\/sites\/12\/2024\/06\/hispanitasshoes-1-768x960.jpg 768w, https:\/\/graziamagazine.com\/es\/wp-content\/uploads\/sites\/12\/2024\/06\/hispanitasshoes-1-1229x1536.jpg 1229w, https:\/\/graziamagazine.com\/es\/wp-content\/uploads\/sites\/12\/2024\/06\/hispanitasshoes-1-400x500.jpg 400w, https:\/\/graziamagazine.com\/es\/wp-content\/uploads\/sites\/12\/2024\/06\/hispanitasshoes-1-155x194.jpg 155w\" sizes=\"(max-width: 1440px) 100vw, 1440px\" \/><\/p>\n<p dir=\"ltr\">Conocida por su elegancia innata y su sofisticaci\u00f3n, ha vuelto a capturar la atenci\u00f3n del mundo de la moda. Alexandra no ha dudado en compartir en sus redes cu\u00e1l es su apuesta estrella para este verano, las sandalias planas y los pantalones capri. Conocida por su sofisticaci\u00f3n, destaca adem\u00e1s por su capacidad para mezclar lo cl\u00e1sico con lo contempor\u00e1neo de una manera tan natural como inspiradora. Su \u00faltima publicaci\u00f3n ha confirmado una vez m\u00e1s su estatus como trendsetter indiscutible.<\/p>\n<p dir=\"ltr\">Alexandra Pereira luc\u00eda un look total black por las calles adoquinadas de Madrid, con motivo de su regreso a la capital, luciendo unas sandalias planas de piel con tiras delanteras de pedrer\u00eda y puntera cuadrada de <span class=\"markx65wds0sa\" data-markjs=\"true\" data-ogac=\"\" data-ogab=\"\" data-ogsc=\"\" data-ogsb=\"\">Hispanitas<\/span> que captaron todas las miradas. Combinando comodidad y estilo, estas sandalias no solo son perfectas para los calurosos d\u00edas de verano, sino que tambi\u00e9n representan la fusi\u00f3n ideal entre la tradici\u00f3n artesanal y el dise\u00f1o moderno aportando comodidad.<\/p>\n<p dir=\"ltr\"><img loading=\"lazy\" decoding=\"async\" class=\"aligncenter wp-image-177223 size-full\" src=\"https:\/\/graziamagazine.com\/es\/wp-content\/uploads\/sites\/12\/2024\/06\/Siluetas_notas_de_prensa_28-e1719576896862.jpg\" alt=\"\" width=\"1013\" height=\"791\" srcset=\"https:\/\/graziamagazine.com\/es\/wp-content\/uploads\/sites\/12\/2024\/06\/Siluetas_notas_de_prensa_28-e1719576896862.jpg 1013w, https:\/\/graziamagazine.com\/es\/wp-content\/uploads\/sites\/12\/2024\/06\/Siluetas_notas_de_prensa_28-e1719576896862-300x234.jpg 300w, https:\/\/graziamagazine.com\/es\/wp-content\/uploads\/sites\/12\/2024\/06\/Siluetas_notas_de_prensa_28-e1719576896862-768x600.jpg 768w, https:\/\/graziamagazine.com\/es\/wp-content\/uploads\/sites\/12\/2024\/06\/Siluetas_notas_de_prensa_28-e1719576896862-400x312.jpg 400w, https:\/\/graziamagazine.com\/es\/wp-content\/uploads\/sites\/12\/2024\/06\/Siluetas_notas_de_prensa_28-e1719576896862-155x121.jpg 155w\" sizes=\"(max-width: 1013px) 100vw, 1013px\" \/><\/p>\n<p dir=\"ltr\"><a href=\"https:\/\/www.hispanitas.com\/es\/zapatos\/mujer\/sandalia-plana\/hv243415-52189#ir-detallesproducto\" rel=\"noopener noreferrer\" data-auth=\"NotApplicable\" data-linkindex=\"4\" target=\"_blank\">Sandalia plana Lena negro, de <span class=\"markx65wds0sa\" data-markjs=\"true\" data-ogac=\"\" data-ogab=\"\" data-ogsc=\"\" data-ogsb=\"\">Hispanitas<\/span>. PVP: 89.90\u20ac<\/a><\/p>\n<p dir=\"ltr\">Combin\u00f3 sus sandalias con unos pantalones capri negros, tan en tendencia, y una camiseta de hombreras del mismo color, centrando la atenci\u00f3n en los complementos, como el pa\u00f1uelo en la cabeza y las gafas de sol. Este conjunto no solo es perfecto para un paseo relajado por el centro, sino que tambi\u00e9n es un ejemplo de c\u00f3mo Alexandra domina el arte de vestir con estilo y sin esfuerzo con prendas b\u00e1sicas.<\/p>\n<p dir=\"ltr\"><em>*Im\u00e1genes: Instagram y cortes\u00eda<\/em><\/p>\n<p dir=\"ltr\">\n","protected":false},"author":11653,"featured_media":177220,"template":"","format":"standard","categories":[13,4193],"acf":[],"yoast_head":"<!-- This site is optimized with the Yoast SEO Premium plugin v18.5 (Yoast SEO v20.4) - https:\/\/yoast.com\/wordpress\/plugins\/seo\/ -->\n<title>Alexandra Pereira tiene las sandalias para triunfar este verano<\/title>\n<meta name=\"description\" content=\"Ni tacones ni plataformas, estas son las sandalias planas \u2018made in Spain\u2019 que querr\u00e1s llevar esta temporada.\" \/>\n<meta name=\"robots\" content=\"index, follow, max-snippet:-1, max-image-preview:large, max-video-preview:-1\" \/>\n<link rel=\"canonical\" href=\"https:\/\/graziamagazine.com\/es\/articles\/alexandra-pereira-tiene-las-sandalias-para-triunfar-este-verano\/\" \/>\n<meta property=\"og:locale\" content=\"es_ES\" \/>\n<meta property=\"og:type\" content=\"article\" \/>\n<meta property=\"og:title\" content=\"Alexandra Pereira tiene las sandalias para triunfar este verano\" \/>\n<meta property=\"og:description\" content=\"Ni tacones ni plataformas, estas son las sandalias planas \u2018made in Spain\u2019 que querr\u00e1s llevar esta temporada.\" \/>\n<meta property=\"og:url\" content=\"https:\/\/graziamagazine.com\/es\/articles\/alexandra-pereira-tiene-las-sandalias-para-triunfar-este-verano\/\" \/>\n<meta property=\"og:site_name\" content=\"Grazia\" \/>\n<meta property=\"og:image\" content=\"https:\/\/graziamagazine.com\/es\/wp-content\/uploads\/sites\/12\/2024\/06\/alexandrapereira-e1719576705423.jpg\" \/>\n\t<meta property=\"og:image:width\" content=\"1389\" \/>\n\t<meta property=\"og:image:height\" content=\"894\" \/>\n\t<meta property=\"og:image:type\" content=\"image\/jpeg\" \/>\n<meta name=\"twitter:card\" content=\"summary_large_image\" \/>\n<meta name=\"twitter:label1\" content=\"Est. reading time\" \/>\n\t<meta name=\"twitter:data1\" content=\"3 minutos\" \/>\n<script type=\"application\/ld+json\" class=\"yoast-schema-graph\">{\"@context\":\"https:\/\/schema.org\",\"@graph\":[{\"@type\":\"WebPage\",\"@id\":\"https:\/\/graziamagazine.com\/es\/articles\/alexandra-pereira-tiene-las-sandalias-para-triunfar-este-verano\/\",\"url\":\"https:\/\/graziamagazine.com\/es\/articles\/alexandra-pereira-tiene-las-sandalias-para-triunfar-este-verano\/\",\"name\":\"Alexandra Pereira tiene las sandalias para triunfar este verano\",\"isPartOf\":{\"@id\":\"https:\/\/graziamagazine.com\/es\/#website\"},\"datePublished\":\"2024-06-28T12:18:10+00:00\",\"dateModified\":\"2024-06-28T12:18:10+00:00\",\"description\":\"Ni tacones ni plataformas, estas son las sandalias planas \u2018made in Spain\u2019 que querr\u00e1s llevar esta temporada.\",\"breadcrumb\":{\"@id\":\"https:\/\/graziamagazine.com\/es\/articles\/alexandra-pereira-tiene-las-sandalias-para-triunfar-este-verano\/#breadcrumb\"},\"inLanguage\":\"es\",\"potentialAction\":[{\"@type\":\"ReadAction\",\"target\":[\"https:\/\/graziamagazine.com\/es\/articles\/alexandra-pereira-tiene-las-sandalias-para-triunfar-este-verano\/\"]}]},{\"@type\":\"BreadcrumbList\",\"@id\":\"https:\/\/graziamagazine.com\/es\/articles\/alexandra-pereira-tiene-las-sandalias-para-triunfar-este-verano\/#breadcrumb\",\"itemListElement\":[{\"@type\":\"ListItem\",\"position\":1,\"name\":\"Portada\",\"item\":\"https:\/\/graziamagazine.com\/es\/\"},{\"@type\":\"ListItem\",\"position\":2,\"name\":\"Alexandra Pereira tiene las sandalias para triunfar este verano\"}]},{\"@type\":\"WebSite\",\"@id\":\"https:\/\/graziamagazine.com\/es\/#website\",\"url\":\"https:\/\/graziamagazine.com\/es\/\",\"name\":\"Grazia\",\"description\":\"Moda, belleza, celebrities, estilo de vida...\",\"potentialAction\":[{\"@type\":\"SearchAction\",\"target\":{\"@type\":\"EntryPoint\",\"urlTemplate\":\"https:\/\/graziamagazine.com\/es\/?s={search_term_string}\"},\"query-input\":\"required name=search_term_string\"}],\"inLanguage\":\"es\"}]}<\/script>\n<!-- \/ Yoast SEO Premium plugin. -->","yoast_head_json":{"title":"Alexandra Pereira tiene las sandalias para triunfar este verano","description":"Ni tacones ni plataformas, estas son las sandalias planas \u2018made in Spain\u2019 que querr\u00e1s llevar esta temporada.","robots":{"index":"index","follow":"follow","max-snippet":"max-snippet:-1","max-image-preview":"max-image-preview:large","max-video-preview":"max-video-preview:-1"},"canonical":"https:\/\/graziamagazine.com\/es\/articles\/alexandra-pereira-tiene-las-sandalias-para-triunfar-este-verano\/","og_locale":"es_ES","og_type":"article","og_title":"Alexandra Pereira tiene las sandalias para triunfar este verano","og_description":"Ni tacones ni plataformas, estas son las sandalias planas \u2018made in Spain\u2019 que querr\u00e1s llevar esta temporada.","og_url":"https:\/\/graziamagazine.com\/es\/articles\/alexandra-pereira-tiene-las-sandalias-para-triunfar-este-verano\/","og_site_name":"Grazia","og_image":[{"width":1389,"height":894,"url":"https:\/\/graziamagazine.com\/es\/wp-content\/uploads\/sites\/12\/2024\/06\/alexandrapereira-e1719576705423.jpg","type":"image\/jpeg"}],"twitter_card":"summary_large_image","twitter_misc":{"Est. reading time":"3 minutos"},"schema":{"@context":"https:\/\/schema.org","@graph":[{"@type":"WebPage","@id":"https:\/\/graziamagazine.com\/es\/articles\/alexandra-pereira-tiene-las-sandalias-para-triunfar-este-verano\/","url":"https:\/\/graziamagazine.com\/es\/articles\/alexandra-pereira-tiene-las-sandalias-para-triunfar-este-verano\/","name":"Alexandra Pereira tiene las sandalias para triunfar este verano","isPartOf":{"@id":"https:\/\/graziamagazine.com\/es\/#website"},"datePublished":"2024-06-28T12:18:10+00:00","dateModified":"2024-06-28T12:18:10+00:00","description":"Ni tacones ni plataformas, estas son las sandalias planas \u2018made in Spain\u2019 que querr\u00e1s llevar esta temporada.","breadcrumb":{"@id":"https:\/\/graziamagazine.com\/es\/articles\/alexandra-pereira-tiene-las-sandalias-para-triunfar-este-verano\/#breadcrumb"},"inLanguage":"es","potentialAction":[{"@type":"ReadAction","target":["https:\/\/graziamagazine.com\/es\/articles\/alexandra-pereira-tiene-las-sandalias-para-triunfar-este-verano\/"]}]},{"@type":"BreadcrumbList","@id":"https:\/\/graziamagazine.com\/es\/articles\/alexandra-pereira-tiene-las-sandalias-para-triunfar-este-verano\/#breadcrumb","itemListElement":[{"@type":"ListItem","position":1,"name":"Portada","item":"https:\/\/graziamagazine.com\/es\/"},{"@type":"ListItem","position":2,"name":"Alexandra Pereira tiene las sandalias para triunfar este verano"}]},{"@type":"WebSite","@id":"https:\/\/graziamagazine.com\/es\/#website","url":"https:\/\/graziamagazine.com\/es\/","name":"Grazia","description":"Moda, belleza, celebrities, estilo de vida...","potentialAction":[{"@type":"SearchAction","target":{"@type":"EntryPoint","urlTemplate":"https:\/\/graziamagazine.com\/es\/?s={search_term_string}"},"query-input":"required name=search_term_string"}],"inLanguage":"es"}]}},"jetpack_sharing_enabled":true,"distributor_meta":false,"distributor_terms":false,"distributor_media":false,"distributor_original_site_name":"Grazia","distributor_original_site_url":"https:\/\/graziamagazine.com\/es","push-errors":false,"_links":{"self":[{"href":"https:\/\/graziamagazine.com\/es\/wp-json\/wp\/v2\/articles\/177219"}],"collection":[{"href":"https:\/\/graziamagazine.com\/es\/wp-json\/wp\/v2\/articles"}],"about":[{"href":"https:\/\/graziamagazine.com\/es\/wp-json\/wp\/v2\/types\/articles"}],"author":[{"embeddable":true,"href":"https:\/\/graziamagazine.com\/es\/wp-json\/wp\/v2\/users\/11653"}],"wp:featuredmedia":[{"embeddable":true,"href":"https:\/\/graziamagazine.com\/es\/wp-json\/wp\/v2\/media\/177220"}],"wp:attachment":[{"href":"https:\/\/graziamagazine.com\/es\/wp-json\/wp\/v2\/media?parent=177219"}],"wp:term":[{"taxonomy":"category","embeddable":true,"href":"https:\/\/graziamagazine.com\/es\/wp-json\/wp\/v2\/categories?post=177219"}],"curies":[{"name":"wp","href":"https:\/\/api.w.org\/{rel}","templated":true}]}}