{"id":177208,"date":"2024-06-28T11:14:59","date_gmt":"2024-06-28T09:14:59","guid":{"rendered":"https:\/\/graziamagazine.com\/es\/?post_type=articles&#038;p=177208"},"modified":"2024-06-28T11:14:59","modified_gmt":"2024-06-28T09:14:59","slug":"jean-paul-gaultier-alta-costura-otono-2024-una-oda-al-corse","status":"publish","type":"articles","link":"https:\/\/graziamagazine.com\/es\/articles\/jean-paul-gaultier-alta-costura-otono-2024-una-oda-al-corse\/","title":{"rendered":"Jean Paul Gaultier Alta Costura Oto\u00f1o 2024, una oda al cors\u00e9"},"content":{"rendered":"<p>Desde el inicio del proyecto de colecciones colaborativas de<strong> Jean Paul Gaultier en 2021<\/strong>, varios dise\u00f1adores han dejado su huella, pero pocos lo han hecho con la audacia de <strong>Nicolas Di Felice.<\/strong><\/p>\n<p>A pesar de ser uno de los m\u00e1s recientes en unirse a esta iniciativa, Di Felice ha demostrado ser un innovador formidable en la pasarela, dejando una impresi\u00f3n duradera en la presentaci\u00f3n de la colecci\u00f3n de <strong>Alta Costura Oto\u00f1o 2024 de Gaultier.<\/strong><\/p>\n<p>La atm\u00f3sfera en la sede de JPG era sofocante, no solo por el mal funcionamiento del aire acondicionado, sino por la intensidad y la energ\u00eda de la colecci\u00f3n presentada.<\/p>\n<div class=\"content-gallery\">\n<div class=\"gallery-placeholder\">\n<div class=\"spinner\"><\/div>\n<\/div>\n<p>&nbsp;<\/p>\n<div id=\"gallery-1\" class=\"gallery galleryid- gallery-columns- gallery-size-\">\n<figure class=\"gallery-item\">\n<div class=\"gallery-icon landscape\"><img loading=\"lazy\" decoding=\"async\" class=\"lazy\" src=\"https:\/\/graziamagazine.com\/mx\/wp-content\/uploads\/sites\/13\/2024\/06\/Captura-de-Pantalla-2024-06-27-a-las-14.14.42.png\" alt=\"\" width=\"706\" height=\"1074\" \/><\/div>\n<\/figure>\n<figure class=\"gallery-item\">\n<div class=\"gallery-icon landscape\"><img loading=\"lazy\" decoding=\"async\" class=\"lazy\" src=\"https:\/\/graziamagazine.com\/mx\/wp-content\/uploads\/sites\/13\/2024\/06\/Captura-de-Pantalla-2024-06-27-a-las-14.14.44.png\" alt=\"\" width=\"706\" height=\"1074\" \/><\/div>\n<\/figure>\n<figure class=\"gallery-item\">\n<div class=\"gallery-icon landscape\"><img loading=\"lazy\" decoding=\"async\" class=\"lazy\" src=\"https:\/\/graziamagazine.com\/mx\/wp-content\/uploads\/sites\/13\/2024\/06\/Captura-de-Pantalla-2024-06-27-a-las-14.14.45.png\" alt=\"\" width=\"706\" height=\"1074\" \/><\/div>\n<\/figure>\n<figure class=\"gallery-item\">\n<div class=\"gallery-icon landscape\"><img loading=\"lazy\" decoding=\"async\" class=\"lazy\" src=\"https:\/\/graziamagazine.com\/mx\/wp-content\/uploads\/sites\/13\/2024\/06\/Captura-de-Pantalla-2024-06-27-a-las-14.14.46.png\" alt=\"\" width=\"706\" height=\"1074\" \/><\/div>\n<\/figure>\n<figure class=\"gallery-item\">\n<div class=\"gallery-icon landscape\"><img loading=\"lazy\" decoding=\"async\" class=\"lazy\" src=\"https:\/\/graziamagazine.com\/mx\/wp-content\/uploads\/sites\/13\/2024\/06\/Captura-de-Pantalla-2024-06-27-a-las-14.14.48.png\" alt=\"\" width=\"706\" height=\"1074\" \/><\/div>\n<\/figure>\n<figure class=\"gallery-item\">\n<div class=\"gallery-icon landscape\"><img loading=\"lazy\" decoding=\"async\" class=\"lazy\" src=\"https:\/\/graziamagazine.com\/mx\/wp-content\/uploads\/sites\/13\/2024\/06\/Captura-de-Pantalla-2024-06-27-a-las-14.14.50.png\" alt=\"\" width=\"706\" height=\"1074\" \/><\/div>\n<\/figure>\n<\/div>\n<\/div>\n<p>Desde su llegada a Courr\u00e8ges, Di Felice ha revitalizado la marca, atrayendo a una nueva generaci\u00f3n con su estilo audaz y vanguardista. Esta misma energ\u00eda se traslad\u00f3 a su colaboraci\u00f3n con Gaultier, donde su enfoque fresco y moderno se combin\u00f3 perfectamente con la herencia del dise\u00f1ador franc\u00e9s.<\/p>\n<p>Di Felice, quien creci\u00f3 en B\u00e9lgica, recuerda v\u00edvidamente el impacto de Gaultier en su juventud, especialmente el ic\u00f3nico sujetador c\u00f3nico usado por Madonna.<\/p>\n<blockquote><p>Este recuerdo se transform\u00f3 en una celebraci\u00f3n de la diversidad y la libertad que Gaultier siempre ha representado. \u201cPara m\u00ed y para tantas personas queer y diferentes, \u00e9l representaba a Par\u00eds, una ciudad donde todo es posible\u201d, coment\u00f3 Di Felice, subrayando la influencia duradera de Gaultier.<\/p>\n<div class=\"content-gallery\">\n<div class=\"gallery-placeholder\">\n<div class=\"spinner\"><\/div>\n<\/div>\n<p>&nbsp;<\/p>\n<div id=\"gallery-2\" class=\"gallery galleryid- gallery-columns- gallery-size-\">\n<figure class=\"gallery-item\">\n<div class=\"gallery-icon landscape\"><img loading=\"lazy\" decoding=\"async\" class=\"lazy\" src=\"https:\/\/graziamagazine.com\/mx\/wp-content\/uploads\/sites\/13\/2024\/06\/Captura-de-Pantalla-2024-06-27-a-las-14.14.51.png\" alt=\"\" width=\"706\" height=\"1074\" \/><\/div>\n<\/figure>\n<figure class=\"gallery-item\">\n<div class=\"gallery-icon landscape\"><img loading=\"lazy\" decoding=\"async\" class=\"lazy\" src=\"https:\/\/graziamagazine.com\/mx\/wp-content\/uploads\/sites\/13\/2024\/06\/Captura-de-Pantalla-2024-06-27-a-las-14.14.53.png\" alt=\"\" width=\"706\" height=\"1074\" \/><\/div>\n<\/figure>\n<figure class=\"gallery-item\">\n<div class=\"gallery-icon landscape\"><img loading=\"lazy\" decoding=\"async\" class=\"lazy\" src=\"https:\/\/graziamagazine.com\/mx\/wp-content\/uploads\/sites\/13\/2024\/06\/Captura-de-Pantalla-2024-06-27-a-las-14.14.56.png\" alt=\"\" width=\"706\" height=\"1074\" \/><\/div>\n<\/figure>\n<figure class=\"gallery-item\">\n<div class=\"gallery-icon landscape\"><img loading=\"lazy\" decoding=\"async\" class=\"lazy\" src=\"https:\/\/graziamagazine.com\/mx\/wp-content\/uploads\/sites\/13\/2024\/06\/Captura-de-Pantalla-2024-06-27-a-las-14.14.57.png\" alt=\"\" width=\"706\" height=\"1074\" \/><\/div>\n<\/figure>\n<figure class=\"gallery-item\">\n<div class=\"gallery-icon landscape\"><img loading=\"lazy\" decoding=\"async\" class=\"lazy\" src=\"https:\/\/graziamagazine.com\/mx\/wp-content\/uploads\/sites\/13\/2024\/06\/Captura-de-Pantalla-2024-06-27-a-las-14.14.58.png\" alt=\"\" width=\"706\" height=\"1074\" \/><\/div>\n<\/figure>\n<figure class=\"gallery-item\">\n<div class=\"gallery-icon landscape\"><img loading=\"lazy\" decoding=\"async\" class=\"lazy\" src=\"https:\/\/graziamagazine.com\/mx\/wp-content\/uploads\/sites\/13\/2024\/06\/Captura-de-Pantalla-2024-06-27-a-las-14.15.01.png\" alt=\"\" width=\"706\" height=\"1074\" \/><\/div>\n<\/figure>\n<\/div>\n<\/div>\n<\/blockquote>\n<p>La colecci\u00f3n narr\u00f3 una metamorfosis, comenzando con prendas cubiertas y austeras que poco a poco revelaban m\u00e1s piel. Las chaquetas y vestidos de manga larga, faldas largas y escotes altos evolucionaron gradualmente, mostrando hombros, cabezas y finalmente desnudando caderas en un crescendo de <strong>sensualidad y liberaci\u00f3n.<\/strong><\/p>\n<p>Este proceso de descubrimiento er\u00f3tico record\u00f3 a las audaces presentaciones de Di Felice en Courr\u00e8ges, pero con un toque de sofisticaci\u00f3n que s\u00f3lo la alta costura puede ofrecer.<\/p>\n<p>Cada look de la colecci\u00f3n se inspir\u00f3 en piezas de archivo de Gaultier, con un hilo conductor inusual: el corchete. Encontrados en una muestra de tela bordada en los archivos de Gaultier, estos elementos sirvieron como el tejido conectivo para los dise\u00f1os de Di Felice, estructurando sus formas estrechas y ajustadas en lujosas telas como gabardina de soie, gazar y tafet\u00e1n.<\/p>\n<div class=\"content-gallery\">\n<div class=\"gallery-placeholder\">\n<div class=\"spinner\"><\/div>\n<\/div>\n<p>&nbsp;<\/p>\n<div id=\"gallery-3\" class=\"gallery galleryid- gallery-columns- gallery-size-\">\n<figure class=\"gallery-item\">\n<div class=\"gallery-icon landscape\"><img loading=\"lazy\" decoding=\"async\" class=\"lazy\" src=\"https:\/\/graziamagazine.com\/mx\/wp-content\/uploads\/sites\/13\/2024\/06\/Captura-de-Pantalla-2024-06-27-a-las-14.15.03.png\" alt=\"\" width=\"706\" height=\"1074\" \/><\/div>\n<\/figure>\n<figure class=\"gallery-item\">\n<div class=\"gallery-icon landscape\"><img loading=\"lazy\" decoding=\"async\" class=\"lazy\" src=\"https:\/\/graziamagazine.com\/mx\/wp-content\/uploads\/sites\/13\/2024\/06\/Captura-de-Pantalla-2024-06-27-a-las-14.15.04.png\" alt=\"\" width=\"706\" height=\"1074\" \/><\/div>\n<\/figure>\n<figure class=\"gallery-item\">\n<div class=\"gallery-icon landscape\"><img loading=\"lazy\" decoding=\"async\" class=\"lazy\" src=\"https:\/\/graziamagazine.com\/mx\/wp-content\/uploads\/sites\/13\/2024\/06\/Captura-de-Pantalla-2024-06-27-a-las-14.15.06.png\" alt=\"\" width=\"706\" height=\"1074\" \/><\/div>\n<\/figure>\n<figure class=\"gallery-item\">\n<div class=\"gallery-icon landscape\"><img loading=\"lazy\" decoding=\"async\" class=\"lazy\" src=\"https:\/\/graziamagazine.com\/mx\/wp-content\/uploads\/sites\/13\/2024\/06\/Captura-de-Pantalla-2024-06-27-a-las-14.15.08.png\" alt=\"\" width=\"706\" height=\"1074\" \/><\/div>\n<\/figure>\n<figure class=\"gallery-item\">\n<div class=\"gallery-icon landscape\"><img loading=\"lazy\" decoding=\"async\" class=\"lazy\" src=\"https:\/\/graziamagazine.com\/mx\/wp-content\/uploads\/sites\/13\/2024\/06\/Captura-de-Pantalla-2024-06-27-a-las-14.15.09.png\" alt=\"\" width=\"706\" height=\"1074\" \/><\/div>\n<\/figure>\n<figure class=\"gallery-item\">\n<div class=\"gallery-icon landscape\"><img loading=\"lazy\" decoding=\"async\" class=\"lazy\" src=\"https:\/\/graziamagazine.com\/mx\/wp-content\/uploads\/sites\/13\/2024\/06\/Captura-de-Pantalla-2024-06-27-a-las-14.15.11.png\" alt=\"\" width=\"706\" height=\"1074\" \/><\/div>\n<\/figure>\n<figure class=\"gallery-item\">\n<div class=\"gallery-icon landscape\"><img loading=\"lazy\" decoding=\"async\" class=\"lazy\" src=\"https:\/\/graziamagazine.com\/mx\/wp-content\/uploads\/sites\/13\/2024\/06\/Captura-de-Pantalla-2024-06-27-a-las-14.15.13.png\" alt=\"\" width=\"706\" height=\"1074\" \/><\/div>\n<\/figure>\n<\/div>\n<\/div>\n<p>\u201cPude hacer cortinas que no ser\u00edan posibles sin esta t\u00e9cnica\u201d, explic\u00f3 Di Felice, destacando la versatilidad y adaptabilidad de sus creaciones.<\/p>\n<p>La colecci\u00f3n tambi\u00e9n incluy\u00f3 un vestido lencero con corchetes que permit\u00edan ajustar la exposici\u00f3n, y un impresionante vestido de cota de malla hecho con <strong>40,000 corchetes interconectados<\/strong>, mostrando una combinaci\u00f3n de fortaleza y fragilidad.<\/p>\n<p>*IMAGEN: Jean Paul Gaultier<\/p>\n","protected":false},"author":28953,"featured_media":177218,"template":"","format":"standard","categories":[1],"acf":[],"yoast_head":"<!-- This site is optimized with the Yoast SEO Premium plugin v18.5 (Yoast SEO v20.4) - https:\/\/yoast.com\/wordpress\/plugins\/seo\/ -->\n<title>Jean Paul Gaultier Alta Costura Oto\u00f1o 2024: La Maestr\u00eda de Nicolas Di Felice<\/title>\n<meta name=\"description\" content=\"La presentaci\u00f3n de Di Felice no solo confirm\u00f3 su talento, sino que tambi\u00e9n subray\u00f3 su capacidad para reinterpretar y honrar la rica historia de Jean Paul Gaultier\" \/>\n<meta name=\"robots\" content=\"index, follow, max-snippet:-1, max-image-preview:large, max-video-preview:-1\" \/>\n<link rel=\"canonical\" href=\"https:\/\/graziamagazine.com\/es\/articles\/jean-paul-gaultier-alta-costura-otono-2024-una-oda-al-corse\/\" \/>\n<meta property=\"og:locale\" content=\"es_ES\" \/>\n<meta property=\"og:type\" content=\"article\" \/>\n<meta property=\"og:title\" content=\"Jean Paul Gaultier Alta Costura Oto\u00f1o 2024, una oda al cors\u00e9\" \/>\n<meta property=\"og:description\" content=\"La presentaci\u00f3n de Di Felice no solo confirm\u00f3 su talento, sino que tambi\u00e9n subray\u00f3 su capacidad para reinterpretar y honrar la rica historia de Jean Paul Gaultier\" \/>\n<meta property=\"og:url\" content=\"https:\/\/graziamagazine.com\/es\/articles\/jean-paul-gaultier-alta-costura-otono-2024-una-oda-al-corse\/\" \/>\n<meta property=\"og:site_name\" content=\"Grazia\" \/>\n<meta property=\"og:image\" content=\"https:\/\/graziamagazine.com\/es\/wp-content\/uploads\/sites\/12\/2024\/06\/2158787452-copia.jpg\" \/>\n\t<meta property=\"og:image:width\" content=\"1600\" \/>\n\t<meta property=\"og:image:height\" content=\"1067\" \/>\n\t<meta property=\"og:image:type\" content=\"image\/jpeg\" \/>\n<meta name=\"twitter:card\" content=\"summary_large_image\" \/>\n<meta name=\"twitter:label1\" content=\"Est. reading time\" \/>\n\t<meta name=\"twitter:data1\" content=\"6 minutos\" \/>\n<script type=\"application\/ld+json\" class=\"yoast-schema-graph\">{\"@context\":\"https:\/\/schema.org\",\"@graph\":[{\"@type\":\"WebPage\",\"@id\":\"https:\/\/graziamagazine.com\/es\/articles\/jean-paul-gaultier-alta-costura-otono-2024-una-oda-al-corse\/\",\"url\":\"https:\/\/graziamagazine.com\/es\/articles\/jean-paul-gaultier-alta-costura-otono-2024-una-oda-al-corse\/\",\"name\":\"Jean Paul Gaultier Alta Costura Oto\u00f1o 2024: La Maestr\u00eda de Nicolas Di Felice\",\"isPartOf\":{\"@id\":\"https:\/\/graziamagazine.com\/es\/#website\"},\"datePublished\":\"2024-06-28T09:14:59+00:00\",\"dateModified\":\"2024-06-28T09:14:59+00:00\",\"description\":\"La presentaci\u00f3n de Di Felice no solo confirm\u00f3 su talento, sino que tambi\u00e9n subray\u00f3 su capacidad para reinterpretar y honrar la rica historia de Jean Paul Gaultier\",\"breadcrumb\":{\"@id\":\"https:\/\/graziamagazine.com\/es\/articles\/jean-paul-gaultier-alta-costura-otono-2024-una-oda-al-corse\/#breadcrumb\"},\"inLanguage\":\"es\",\"potentialAction\":[{\"@type\":\"ReadAction\",\"target\":[\"https:\/\/graziamagazine.com\/es\/articles\/jean-paul-gaultier-alta-costura-otono-2024-una-oda-al-corse\/\"]}]},{\"@type\":\"BreadcrumbList\",\"@id\":\"https:\/\/graziamagazine.com\/es\/articles\/jean-paul-gaultier-alta-costura-otono-2024-una-oda-al-corse\/#breadcrumb\",\"itemListElement\":[{\"@type\":\"ListItem\",\"position\":1,\"name\":\"Portada\",\"item\":\"https:\/\/graziamagazine.com\/es\/\"},{\"@type\":\"ListItem\",\"position\":2,\"name\":\"Jean Paul Gaultier Alta Costura Oto\u00f1o 2024, una oda al cors\u00e9\"}]},{\"@type\":\"WebSite\",\"@id\":\"https:\/\/graziamagazine.com\/es\/#website\",\"url\":\"https:\/\/graziamagazine.com\/es\/\",\"name\":\"Grazia\",\"description\":\"Moda, belleza, celebrities, estilo de vida...\",\"potentialAction\":[{\"@type\":\"SearchAction\",\"target\":{\"@type\":\"EntryPoint\",\"urlTemplate\":\"https:\/\/graziamagazine.com\/es\/?s={search_term_string}\"},\"query-input\":\"required name=search_term_string\"}],\"inLanguage\":\"es\"}]}<\/script>\n<!-- \/ Yoast SEO Premium plugin. -->","yoast_head_json":{"title":"Jean Paul Gaultier Alta Costura Oto\u00f1o 2024: La Maestr\u00eda de Nicolas Di Felice","description":"La presentaci\u00f3n de Di Felice no solo confirm\u00f3 su talento, sino que tambi\u00e9n subray\u00f3 su capacidad para reinterpretar y honrar la rica historia de Jean Paul Gaultier","robots":{"index":"index","follow":"follow","max-snippet":"max-snippet:-1","max-image-preview":"max-image-preview:large","max-video-preview":"max-video-preview:-1"},"canonical":"https:\/\/graziamagazine.com\/es\/articles\/jean-paul-gaultier-alta-costura-otono-2024-una-oda-al-corse\/","og_locale":"es_ES","og_type":"article","og_title":"Jean Paul Gaultier Alta Costura Oto\u00f1o 2024, una oda al cors\u00e9","og_description":"La presentaci\u00f3n de Di Felice no solo confirm\u00f3 su talento, sino que tambi\u00e9n subray\u00f3 su capacidad para reinterpretar y honrar la rica historia de Jean Paul Gaultier","og_url":"https:\/\/graziamagazine.com\/es\/articles\/jean-paul-gaultier-alta-costura-otono-2024-una-oda-al-corse\/","og_site_name":"Grazia","og_image":[{"width":1600,"height":1067,"url":"https:\/\/graziamagazine.com\/es\/wp-content\/uploads\/sites\/12\/2024\/06\/2158787452-copia.jpg","type":"image\/jpeg"}],"twitter_card":"summary_large_image","twitter_misc":{"Est. reading time":"6 minutos"},"schema":{"@context":"https:\/\/schema.org","@graph":[{"@type":"WebPage","@id":"https:\/\/graziamagazine.com\/es\/articles\/jean-paul-gaultier-alta-costura-otono-2024-una-oda-al-corse\/","url":"https:\/\/graziamagazine.com\/es\/articles\/jean-paul-gaultier-alta-costura-otono-2024-una-oda-al-corse\/","name":"Jean Paul Gaultier Alta Costura Oto\u00f1o 2024: La Maestr\u00eda de Nicolas Di Felice","isPartOf":{"@id":"https:\/\/graziamagazine.com\/es\/#website"},"datePublished":"2024-06-28T09:14:59+00:00","dateModified":"2024-06-28T09:14:59+00:00","description":"La presentaci\u00f3n de Di Felice no solo confirm\u00f3 su talento, sino que tambi\u00e9n subray\u00f3 su capacidad para reinterpretar y honrar la rica historia de Jean Paul Gaultier","breadcrumb":{"@id":"https:\/\/graziamagazine.com\/es\/articles\/jean-paul-gaultier-alta-costura-otono-2024-una-oda-al-corse\/#breadcrumb"},"inLanguage":"es","potentialAction":[{"@type":"ReadAction","target":["https:\/\/graziamagazine.com\/es\/articles\/jean-paul-gaultier-alta-costura-otono-2024-una-oda-al-corse\/"]}]},{"@type":"BreadcrumbList","@id":"https:\/\/graziamagazine.com\/es\/articles\/jean-paul-gaultier-alta-costura-otono-2024-una-oda-al-corse\/#breadcrumb","itemListElement":[{"@type":"ListItem","position":1,"name":"Portada","item":"https:\/\/graziamagazine.com\/es\/"},{"@type":"ListItem","position":2,"name":"Jean Paul Gaultier Alta Costura Oto\u00f1o 2024, una oda al cors\u00e9"}]},{"@type":"WebSite","@id":"https:\/\/graziamagazine.com\/es\/#website","url":"https:\/\/graziamagazine.com\/es\/","name":"Grazia","description":"Moda, belleza, celebrities, estilo de vida...","potentialAction":[{"@type":"SearchAction","target":{"@type":"EntryPoint","urlTemplate":"https:\/\/graziamagazine.com\/es\/?s={search_term_string}"},"query-input":"required name=search_term_string"}],"inLanguage":"es"}]}},"jetpack_sharing_enabled":true,"distributor_meta":false,"distributor_terms":false,"distributor_media":false,"distributor_original_site_name":"Grazia","distributor_original_site_url":"https:\/\/graziamagazine.com\/es","push-errors":false,"_links":{"self":[{"href":"https:\/\/graziamagazine.com\/es\/wp-json\/wp\/v2\/articles\/177208"}],"collection":[{"href":"https:\/\/graziamagazine.com\/es\/wp-json\/wp\/v2\/articles"}],"about":[{"href":"https:\/\/graziamagazine.com\/es\/wp-json\/wp\/v2\/types\/articles"}],"author":[{"embeddable":true,"href":"https:\/\/graziamagazine.com\/es\/wp-json\/wp\/v2\/users\/28953"}],"wp:featuredmedia":[{"embeddable":true,"href":"https:\/\/graziamagazine.com\/es\/wp-json\/wp\/v2\/media\/177218"}],"wp:attachment":[{"href":"https:\/\/graziamagazine.com\/es\/wp-json\/wp\/v2\/media?parent=177208"}],"wp:term":[{"taxonomy":"category","embeddable":true,"href":"https:\/\/graziamagazine.com\/es\/wp-json\/wp\/v2\/categories?post=177208"}],"curies":[{"name":"wp","href":"https:\/\/api.w.org\/{rel}","templated":true}]}}