{"id":177200,"date":"2024-06-27T09:31:00","date_gmt":"2024-06-27T07:31:00","guid":{"rendered":"https:\/\/graziamagazine.com\/es\/?post_type=articles&#038;p=177200"},"modified":"2024-06-27T09:31:00","modified_gmt":"2024-06-27T07:31:00","slug":"beyonce-elige-moda-espanola-en-sus-vacaciones-en-los-hamptons","status":"publish","type":"articles","link":"https:\/\/graziamagazine.com\/es\/articles\/beyonce-elige-moda-espanola-en-sus-vacaciones-en-los-hamptons\/","title":{"rendered":"Beyonc\u00e9 elige moda espa\u00f1ola en sus vacaciones en los Hamptons"},"content":{"rendered":"<p dir=\"ltr\">\u201cCuando est\u00e1s rompiendo barreras, no todo el mundo est\u00e1 preparado y abierto para un cambio, pero cuando veo a Shaboozey arrasando en las listas y a todas las hermosas cantantes de country alcanzando nuevas alturas, inspirando al mundo, eso es exactamente lo que me motiva. Me honra introducir a tanta gente a las ra\u00edces de tantos g\u00e9neros. Estoy tan emocionada de que mis fans hayan confiado en m\u00ed. Los guardianes de la industria musical no est\u00e1n contentos con la idea de doblar g\u00e9neros, especialmente cuando viene un artista negeo y definitivamente una mujer.\u201d<\/p>\n<p dir=\"ltr\">As\u00ed daba comienzo el mensaje que Beyonc\u00e9 compart\u00eda a trav\u00e9s de <a href=\"https:\/\/www.beyonce.com\/\" rel=\"noopener noreferrer\" data-auth=\"NotApplicable\" data-linkindex=\"3\" target=\"_blank\">su p\u00e1gina web<\/a> sobre la constante lucha a la que se enfrentan las mujeres negras en la industria de la m\u00fasica. La cantante contin\u00faa levantando su voz en defensa de sus derechos porque, a pesar de los avances, todav\u00eda existen muchos desaf\u00edos para las mujeres que buscan un lugar en la industria. No obstante, su \u00e9xito y su capacidad para inspirar a otros demuestran que con perseverancia y talento es posible romper barreras y alcanzar nuevas alturas.<\/p>\n<p dir=\"ltr\">Beyonc\u00e9 sigue siendo una voz poderosa e inspiradora, no solo para sus fans, sino tambi\u00e9n para muchas mujeres que recurren a ella como fuente de inspiraci\u00f3n, incluso en t\u00e9rminos de moda.<\/p>\n<p dir=\"ltr\"><img loading=\"lazy\" decoding=\"async\" class=\"aligncenter size-full wp-image-177203\" src=\"https:\/\/graziamagazine.com\/es\/wp-content\/uploads\/sites\/12\/2024\/06\/NdP_IMAGEN_PORTADA_-_2024-06-26T132015.110.jpg\" alt=\"\" width=\"1500\" height=\"1000\" srcset=\"https:\/\/graziamagazine.com\/es\/wp-content\/uploads\/sites\/12\/2024\/06\/NdP_IMAGEN_PORTADA_-_2024-06-26T132015.110.jpg 1500w, https:\/\/graziamagazine.com\/es\/wp-content\/uploads\/sites\/12\/2024\/06\/NdP_IMAGEN_PORTADA_-_2024-06-26T132015.110-300x200.jpg 300w, https:\/\/graziamagazine.com\/es\/wp-content\/uploads\/sites\/12\/2024\/06\/NdP_IMAGEN_PORTADA_-_2024-06-26T132015.110-1024x683.jpg 1024w, https:\/\/graziamagazine.com\/es\/wp-content\/uploads\/sites\/12\/2024\/06\/NdP_IMAGEN_PORTADA_-_2024-06-26T132015.110-768x512.jpg 768w, https:\/\/graziamagazine.com\/es\/wp-content\/uploads\/sites\/12\/2024\/06\/NdP_IMAGEN_PORTADA_-_2024-06-26T132015.110-400x267.jpg 400w, https:\/\/graziamagazine.com\/es\/wp-content\/uploads\/sites\/12\/2024\/06\/NdP_IMAGEN_PORTADA_-_2024-06-26T132015.110-155x103.jpg 155w\" sizes=\"(max-width: 1500px) 100vw, 1500px\" \/><\/p>\n<p dir=\"ltr\">Durante sus \u00faltimas vacaciones en los Hamptons junto a su marido Jay Z, Beyonc\u00e9 ha lucido looks todoterreno que no han pasado desapercibidos. Ejemplo de ello, ha sido <strong>el vestido corto que ha escogido de la colecci\u00f3n Resort de la firma espa\u00f1ola <a href=\"https:\/\/charoruiz.com\/\" rel=\"noopener noreferrer\" data-auth=\"NotApplicable\" data-linkindex=\"4\" target=\"_blank\">Charo Ruiz<\/a>.<\/strong><\/p>\n<h3 dir=\"ltr\">el vestido de qeen b<\/h3>\n<p dir=\"ltr\">En la colecci\u00f3n Resort de Charo Ruiz, el ADN de la firma se revisa en forma y fondo como un proceso de metamorfosis. Con un enfoque m\u00e1s ligero e inspirado en el resort, se logra un equilibrio de buen gusto de tersura que evita la opacidad total. Los tejidos est\u00e1n meticulosamente colocados para lograr el efecto deseado. Esta colecci\u00f3n representa un salto innovador que ampl\u00eda los l\u00edmites de su t\u00e9cnica y pone de manifiesto su compromiso con la perfecci\u00f3n.<\/p>\n<p dir=\"ltr\"><strong>Elaborado en mesh con algod\u00f3n y compuesto por un tejido de encaje y tirantes que enmarcan el escote.<\/strong> El vestido, con una silueta skater, resalta la figura de la artista y su estilo \u00fanico que combina elegancia con un toque veraniego desenfadado. Este dise\u00f1o de Charo Ruiz no solo captur\u00f3 la esencia del glamour relajado de los Hamptons, sino que tambi\u00e9n reflej\u00f3 la influencia de Beyonc\u00e9 en la moda contempor\u00e1nea.<\/p>\n<p dir=\"ltr\"><img loading=\"lazy\" decoding=\"async\" class=\"aligncenter size-full wp-image-177202\" src=\"https:\/\/graziamagazine.com\/es\/wp-content\/uploads\/sites\/12\/2024\/06\/CHARO_RUIZ_Vestido_corto_Limmey_389E.jpg\" alt=\"\" width=\"900\" height=\"1350\" srcset=\"https:\/\/graziamagazine.com\/es\/wp-content\/uploads\/sites\/12\/2024\/06\/CHARO_RUIZ_Vestido_corto_Limmey_389E.jpg 900w, https:\/\/graziamagazine.com\/es\/wp-content\/uploads\/sites\/12\/2024\/06\/CHARO_RUIZ_Vestido_corto_Limmey_389E-200x300.jpg 200w, https:\/\/graziamagazine.com\/es\/wp-content\/uploads\/sites\/12\/2024\/06\/CHARO_RUIZ_Vestido_corto_Limmey_389E-683x1024.jpg 683w, https:\/\/graziamagazine.com\/es\/wp-content\/uploads\/sites\/12\/2024\/06\/CHARO_RUIZ_Vestido_corto_Limmey_389E-768x1152.jpg 768w, https:\/\/graziamagazine.com\/es\/wp-content\/uploads\/sites\/12\/2024\/06\/CHARO_RUIZ_Vestido_corto_Limmey_389E-400x600.jpg 400w, https:\/\/graziamagazine.com\/es\/wp-content\/uploads\/sites\/12\/2024\/06\/CHARO_RUIZ_Vestido_corto_Limmey_389E-143x215.jpg 143w\" sizes=\"(max-width: 900px) 100vw, 900px\" \/><\/p>\n<p dir=\"ltr\">Inspir\u00e1ndose en la experiencia de Charo Ruiz, han adoptado una fusi\u00f3n de lencer\u00eda y est\u00e9tica de prendas exteriores para crear piezas de alta calidad que reflejan su \u00absavoir-faire\u00bb \u00fanico. Debido a la naturaleza de la colecci\u00f3n, se necesitaba un tejido el\u00e1stico para conseguir la cantidad exacta de elegante tersura y composici\u00f3n estructural. Se han utilizado tejidos suaves y sedosos, inspirados en el encaje ic\u00f3nico y cl\u00e1sico por el que es conocida la marca.<\/p>\n<p dir=\"ltr\"><img loading=\"lazy\" decoding=\"async\" class=\"aligncenter size-full wp-image-177201\" src=\"https:\/\/graziamagazine.com\/es\/wp-content\/uploads\/sites\/12\/2024\/06\/CHARO_RUIZ_Vestido_corto_Limmey_389E_2.jpg\" alt=\"\" width=\"1024\" height=\"1024\" srcset=\"https:\/\/graziamagazine.com\/es\/wp-content\/uploads\/sites\/12\/2024\/06\/CHARO_RUIZ_Vestido_corto_Limmey_389E_2.jpg 1024w, https:\/\/graziamagazine.com\/es\/wp-content\/uploads\/sites\/12\/2024\/06\/CHARO_RUIZ_Vestido_corto_Limmey_389E_2-300x300.jpg 300w, https:\/\/graziamagazine.com\/es\/wp-content\/uploads\/sites\/12\/2024\/06\/CHARO_RUIZ_Vestido_corto_Limmey_389E_2-150x150.jpg 150w, https:\/\/graziamagazine.com\/es\/wp-content\/uploads\/sites\/12\/2024\/06\/CHARO_RUIZ_Vestido_corto_Limmey_389E_2-768x768.jpg 768w, https:\/\/graziamagazine.com\/es\/wp-content\/uploads\/sites\/12\/2024\/06\/CHARO_RUIZ_Vestido_corto_Limmey_389E_2-400x400.jpg 400w, https:\/\/graziamagazine.com\/es\/wp-content\/uploads\/sites\/12\/2024\/06\/CHARO_RUIZ_Vestido_corto_Limmey_389E_2-155x155.jpg 155w\" sizes=\"(max-width: 1024px) 100vw, 1024px\" \/><\/p>\n<p dir=\"ltr\"><a href=\"https:\/\/charoruiz.com\/products\/short-dress-limmey?variant=47667713278295\" rel=\"noopener noreferrer\" data-auth=\"NotApplicable\" data-linkindex=\"8\" target=\"_blank\">Vestido corto Limmey, de Charo Ruiz. PVP: 389\u20ac<\/a><\/p>\n<p dir=\"ltr\">Con una mejora t\u00e9cnica y una visi\u00f3n de futuro, los tejidos est\u00e1n pensados para ser f\u00e1cilmente reciclados una vez finalizada su vida \u00fatil, gracias al uso de las mismas fibras a lo largo de cada creaci\u00f3n, lo que permite que el proceso de reciclaje sea totalmente efectivo. Estas prendas suponen un paso dr\u00e1stico hacia nuevos horizontes para la marca, sin comprometer la esencia por excelencia de Charo Ruiz.<\/p>\n<p dir=\"ltr\"><em>*Im\u00e1genes: Instagram y cortes\u00eda Charo Ruiz<\/em><\/p>\n","protected":false},"author":11653,"featured_media":177204,"template":"","format":"standard","categories":[13],"acf":[],"yoast_head":"<!-- This site is optimized with the Yoast SEO Premium plugin v18.5 (Yoast SEO v20.4) - https:\/\/yoast.com\/wordpress\/plugins\/seo\/ -->\n<title>Beyonc\u00e9 elige moda espa\u00f1ola en los Hamptons<\/title>\n<meta name=\"description\" content=\"La cantante se rinde al made-in-Spain y disfruta un d\u00eda en los Hamptons con un vestido de la firma ibicenca Charo Ruiz.\" \/>\n<meta name=\"robots\" content=\"index, follow, max-snippet:-1, max-image-preview:large, max-video-preview:-1\" \/>\n<link rel=\"canonical\" href=\"https:\/\/graziamagazine.com\/es\/articles\/beyonce-elige-moda-espanola-en-sus-vacaciones-en-los-hamptons\/\" \/>\n<meta property=\"og:locale\" content=\"es_ES\" \/>\n<meta property=\"og:type\" content=\"article\" \/>\n<meta property=\"og:title\" content=\"Beyonc\u00e9 elige moda espa\u00f1ola en sus vacaciones en los Hamptons\" \/>\n<meta property=\"og:description\" content=\"La cantante se rinde al made-in-Spain y disfruta un d\u00eda en los Hamptons con un vestido de la firma ibicenca Charo Ruiz.\" \/>\n<meta property=\"og:url\" content=\"https:\/\/graziamagazine.com\/es\/articles\/beyonce-elige-moda-espanola-en-sus-vacaciones-en-los-hamptons\/\" \/>\n<meta property=\"og:site_name\" content=\"Grazia\" \/>\n<meta property=\"og:image\" content=\"https:\/\/graziamagazine.com\/es\/wp-content\/uploads\/sites\/12\/2024\/06\/NdP_IMAGEN_PORTADA_-_2024-06-26T131201.305.jpg\" \/>\n\t<meta property=\"og:image:width\" content=\"1500\" \/>\n\t<meta property=\"og:image:height\" content=\"1000\" \/>\n\t<meta property=\"og:image:type\" content=\"image\/jpeg\" \/>\n<meta name=\"twitter:card\" content=\"summary_large_image\" \/>\n<meta name=\"twitter:label1\" content=\"Est. reading time\" \/>\n\t<meta name=\"twitter:data1\" content=\"4 minutos\" \/>\n<script type=\"application\/ld+json\" class=\"yoast-schema-graph\">{\"@context\":\"https:\/\/schema.org\",\"@graph\":[{\"@type\":\"WebPage\",\"@id\":\"https:\/\/graziamagazine.com\/es\/articles\/beyonce-elige-moda-espanola-en-sus-vacaciones-en-los-hamptons\/\",\"url\":\"https:\/\/graziamagazine.com\/es\/articles\/beyonce-elige-moda-espanola-en-sus-vacaciones-en-los-hamptons\/\",\"name\":\"Beyonc\u00e9 elige moda espa\u00f1ola en los Hamptons\",\"isPartOf\":{\"@id\":\"https:\/\/graziamagazine.com\/es\/#website\"},\"datePublished\":\"2024-06-27T07:31:00+00:00\",\"dateModified\":\"2024-06-27T07:31:00+00:00\",\"description\":\"La cantante se rinde al made-in-Spain y disfruta un d\u00eda en los Hamptons con un vestido de la firma ibicenca Charo Ruiz.\",\"breadcrumb\":{\"@id\":\"https:\/\/graziamagazine.com\/es\/articles\/beyonce-elige-moda-espanola-en-sus-vacaciones-en-los-hamptons\/#breadcrumb\"},\"inLanguage\":\"es\",\"potentialAction\":[{\"@type\":\"ReadAction\",\"target\":[\"https:\/\/graziamagazine.com\/es\/articles\/beyonce-elige-moda-espanola-en-sus-vacaciones-en-los-hamptons\/\"]}]},{\"@type\":\"BreadcrumbList\",\"@id\":\"https:\/\/graziamagazine.com\/es\/articles\/beyonce-elige-moda-espanola-en-sus-vacaciones-en-los-hamptons\/#breadcrumb\",\"itemListElement\":[{\"@type\":\"ListItem\",\"position\":1,\"name\":\"Portada\",\"item\":\"https:\/\/graziamagazine.com\/es\/\"},{\"@type\":\"ListItem\",\"position\":2,\"name\":\"Beyonc\u00e9 elige moda espa\u00f1ola en sus vacaciones en los Hamptons\"}]},{\"@type\":\"WebSite\",\"@id\":\"https:\/\/graziamagazine.com\/es\/#website\",\"url\":\"https:\/\/graziamagazine.com\/es\/\",\"name\":\"Grazia\",\"description\":\"Moda, belleza, celebrities, estilo de vida...\",\"potentialAction\":[{\"@type\":\"SearchAction\",\"target\":{\"@type\":\"EntryPoint\",\"urlTemplate\":\"https:\/\/graziamagazine.com\/es\/?s={search_term_string}\"},\"query-input\":\"required name=search_term_string\"}],\"inLanguage\":\"es\"}]}<\/script>\n<!-- \/ Yoast SEO Premium plugin. -->","yoast_head_json":{"title":"Beyonc\u00e9 elige moda espa\u00f1ola en los Hamptons","description":"La cantante se rinde al made-in-Spain y disfruta un d\u00eda en los Hamptons con un vestido de la firma ibicenca Charo Ruiz.","robots":{"index":"index","follow":"follow","max-snippet":"max-snippet:-1","max-image-preview":"max-image-preview:large","max-video-preview":"max-video-preview:-1"},"canonical":"https:\/\/graziamagazine.com\/es\/articles\/beyonce-elige-moda-espanola-en-sus-vacaciones-en-los-hamptons\/","og_locale":"es_ES","og_type":"article","og_title":"Beyonc\u00e9 elige moda espa\u00f1ola en sus vacaciones en los Hamptons","og_description":"La cantante se rinde al made-in-Spain y disfruta un d\u00eda en los Hamptons con un vestido de la firma ibicenca Charo Ruiz.","og_url":"https:\/\/graziamagazine.com\/es\/articles\/beyonce-elige-moda-espanola-en-sus-vacaciones-en-los-hamptons\/","og_site_name":"Grazia","og_image":[{"width":1500,"height":1000,"url":"https:\/\/graziamagazine.com\/es\/wp-content\/uploads\/sites\/12\/2024\/06\/NdP_IMAGEN_PORTADA_-_2024-06-26T131201.305.jpg","type":"image\/jpeg"}],"twitter_card":"summary_large_image","twitter_misc":{"Est. reading time":"4 minutos"},"schema":{"@context":"https:\/\/schema.org","@graph":[{"@type":"WebPage","@id":"https:\/\/graziamagazine.com\/es\/articles\/beyonce-elige-moda-espanola-en-sus-vacaciones-en-los-hamptons\/","url":"https:\/\/graziamagazine.com\/es\/articles\/beyonce-elige-moda-espanola-en-sus-vacaciones-en-los-hamptons\/","name":"Beyonc\u00e9 elige moda espa\u00f1ola en los Hamptons","isPartOf":{"@id":"https:\/\/graziamagazine.com\/es\/#website"},"datePublished":"2024-06-27T07:31:00+00:00","dateModified":"2024-06-27T07:31:00+00:00","description":"La cantante se rinde al made-in-Spain y disfruta un d\u00eda en los Hamptons con un vestido de la firma ibicenca Charo Ruiz.","breadcrumb":{"@id":"https:\/\/graziamagazine.com\/es\/articles\/beyonce-elige-moda-espanola-en-sus-vacaciones-en-los-hamptons\/#breadcrumb"},"inLanguage":"es","potentialAction":[{"@type":"ReadAction","target":["https:\/\/graziamagazine.com\/es\/articles\/beyonce-elige-moda-espanola-en-sus-vacaciones-en-los-hamptons\/"]}]},{"@type":"BreadcrumbList","@id":"https:\/\/graziamagazine.com\/es\/articles\/beyonce-elige-moda-espanola-en-sus-vacaciones-en-los-hamptons\/#breadcrumb","itemListElement":[{"@type":"ListItem","position":1,"name":"Portada","item":"https:\/\/graziamagazine.com\/es\/"},{"@type":"ListItem","position":2,"name":"Beyonc\u00e9 elige moda espa\u00f1ola en sus vacaciones en los Hamptons"}]},{"@type":"WebSite","@id":"https:\/\/graziamagazine.com\/es\/#website","url":"https:\/\/graziamagazine.com\/es\/","name":"Grazia","description":"Moda, belleza, celebrities, estilo de vida...","potentialAction":[{"@type":"SearchAction","target":{"@type":"EntryPoint","urlTemplate":"https:\/\/graziamagazine.com\/es\/?s={search_term_string}"},"query-input":"required name=search_term_string"}],"inLanguage":"es"}]}},"jetpack_sharing_enabled":true,"distributor_meta":false,"distributor_terms":false,"distributor_media":false,"distributor_original_site_name":"Grazia","distributor_original_site_url":"https:\/\/graziamagazine.com\/es","push-errors":false,"_links":{"self":[{"href":"https:\/\/graziamagazine.com\/es\/wp-json\/wp\/v2\/articles\/177200"}],"collection":[{"href":"https:\/\/graziamagazine.com\/es\/wp-json\/wp\/v2\/articles"}],"about":[{"href":"https:\/\/graziamagazine.com\/es\/wp-json\/wp\/v2\/types\/articles"}],"author":[{"embeddable":true,"href":"https:\/\/graziamagazine.com\/es\/wp-json\/wp\/v2\/users\/11653"}],"wp:featuredmedia":[{"embeddable":true,"href":"https:\/\/graziamagazine.com\/es\/wp-json\/wp\/v2\/media\/177204"}],"wp:attachment":[{"href":"https:\/\/graziamagazine.com\/es\/wp-json\/wp\/v2\/media?parent=177200"}],"wp:term":[{"taxonomy":"category","embeddable":true,"href":"https:\/\/graziamagazine.com\/es\/wp-json\/wp\/v2\/categories?post=177200"}],"curies":[{"name":"wp","href":"https:\/\/api.w.org\/{rel}","templated":true}]}}