{"id":177081,"date":"2024-06-22T11:21:28","date_gmt":"2024-06-22T09:21:28","guid":{"rendered":"https:\/\/graziamagazine.com\/es\/?post_type=articles&#038;p=177081"},"modified":"2024-06-24T21:01:34","modified_gmt":"2024-06-24T19:01:34","slug":"dior-presenta-su-coleccion-men-spring-2025","status":"publish","type":"articles","link":"https:\/\/graziamagazine.com\/es\/articles\/dior-presenta-su-coleccion-men-spring-2025\/","title":{"rendered":"Dior presenta su colecci\u00f3n Men Spring 2025"},"content":{"rendered":"<p>En la colecci\u00f3n <strong>Dior Verano 2025<\/strong>, <strong>Kim Jones<\/strong>, el director creativo de la maison, pone en el centro de atenci\u00f3n el savoir-faire de los ateliers y los artesanos que representan el alma de Dior.<\/p>\n<p>Esta l\u00ednea es un tributo al legado y la dedicaci\u00f3n de <strong>Christian Dior<\/strong> y sus sucesores, entrelaz\u00e1ndose con la obra del <strong>ceramista sudafricano Hylton Nel<\/strong>. Seg\u00fan Jones, esta colecci\u00f3n celebra la culminaci\u00f3n del sue\u00f1o de una persona a trav\u00e9s de su trabajo constante y el legado que deja en el tiempo, reflejando caminos paralelos de vidas consagradas al arte.<\/p>\n<div class=\"content-gallery\">\n<div class=\"gallery-placeholder\">\n<div class=\"spinner\"><\/div>\n<\/div>\n<p>&nbsp;<\/p>\n<div id=\"gallery-1\" class=\"gallery galleryid- gallery-columns- gallery-size-\">\n<figure class=\"gallery-item\">\n<div class=\"gallery-icon landscape\"><img loading=\"lazy\" decoding=\"async\" class=\"lazy\" src=\"https:\/\/graziamagazine.com\/mx\/wp-content\/uploads\/sites\/13\/2024\/06\/Captura-de-Pantalla-2024-06-21-a-las-11.36.09.png\" alt=\"\" width=\"746\" height=\"1134\" \/><\/div>\n<\/figure>\n<figure class=\"gallery-item\">\n<div class=\"gallery-icon landscape\"><img loading=\"lazy\" decoding=\"async\" class=\"lazy\" src=\"https:\/\/graziamagazine.com\/mx\/wp-content\/uploads\/sites\/13\/2024\/06\/Captura-de-Pantalla-2024-06-21-a-las-11.39.39.png\" alt=\"\" width=\"746\" height=\"1134\" \/><\/div>\n<\/figure>\n<figure class=\"gallery-item\">\n<div class=\"gallery-icon landscape\"><img loading=\"lazy\" decoding=\"async\" class=\"lazy\" src=\"https:\/\/graziamagazine.com\/mx\/wp-content\/uploads\/sites\/13\/2024\/06\/Captura-de-Pantalla-2024-06-21-a-las-11.39.41.png\" alt=\"\" width=\"746\" height=\"1134\" \/><\/div>\n<\/figure>\n<figure class=\"gallery-item\">\n<div class=\"gallery-icon landscape\"><img loading=\"lazy\" decoding=\"async\" class=\"lazy\" src=\"https:\/\/graziamagazine.com\/mx\/wp-content\/uploads\/sites\/13\/2024\/06\/Captura-de-Pantalla-2024-06-21-a-las-11.39.42.png\" alt=\"\" width=\"746\" height=\"1134\" \/><\/div>\n<\/figure>\n<figure class=\"gallery-item\">\n<div class=\"gallery-icon landscape\"><img loading=\"lazy\" decoding=\"async\" class=\"lazy\" src=\"https:\/\/graziamagazine.com\/mx\/wp-content\/uploads\/sites\/13\/2024\/06\/Captura-de-Pantalla-2024-06-21-a-las-11.39.44.png\" alt=\"\" width=\"746\" height=\"1134\" \/><\/div>\n<\/figure>\n<figure class=\"gallery-item\">\n<div class=\"gallery-icon landscape\"><img loading=\"lazy\" decoding=\"async\" class=\"lazy\" src=\"https:\/\/graziamagazine.com\/mx\/wp-content\/uploads\/sites\/13\/2024\/06\/Captura-de-Pantalla-2024-06-21-a-las-11.39.45.png\" alt=\"\" width=\"746\" height=\"1134\" \/><\/div>\n<\/figure>\n<\/div>\n<\/div>\n<p>La colecci\u00f3n\u00a0 se centra en la textura y la artesan\u00eda vitales de las obras, adoptando los motivos y la monumentalidad de Hylton Nel. Jones sigue explorando y evolucionando las ideas globales del <strong>savoir-faire<\/strong>, logrando una fusi\u00f3n emblem\u00e1tica de lujo y practicidad que combina funcionalidad, longevidad y legado en cada pieza.<\/p>\n<p>Las siluetas de la colecci\u00f3n son esculturales y pr\u00e1cticas, inspir\u00e1ndose en la cer\u00e1mica tanto en forma como en acabado. La confecci\u00f3n combina humildad y refinamiento, con una funcionalidad utilitaria realzada por la influencia del corte de <strong>alta costura<\/strong> de archivo y la destreza artesanal de los ateliers Dior.<\/p>\n<p>La sastrer\u00eda y las prendas de abrigo presentan vol\u00famenes redondeados y cortes sensuales, reimaginando la alta costura de archivo. Un boceto in\u00e9dito de <strong>Yves Saint-Laurent<\/strong> para un abrigo de la temporada <strong>Oto\u00f1o-Invierno 1958<\/strong> se realiza por primera vez en esta colecci\u00f3n, inspirando otros looks de sastrer\u00eda.<\/p>\n<div class=\"content-gallery\">\n<div class=\"gallery-placeholder\">\n<div class=\"spinner\"><\/div>\n<\/div>\n<p>&nbsp;<\/p>\n<div id=\"gallery-2\" class=\"gallery galleryid- gallery-columns- gallery-size-\">\n<figure class=\"gallery-item\">\n<div class=\"gallery-icon landscape\"><img loading=\"lazy\" decoding=\"async\" class=\"lazy\" src=\"https:\/\/graziamagazine.com\/mx\/wp-content\/uploads\/sites\/13\/2024\/06\/Captura-de-Pantalla-2024-06-21-a-las-11.39.46.png\" alt=\"\" width=\"746\" height=\"1134\" \/><\/div>\n<\/figure>\n<figure class=\"gallery-item\">\n<div class=\"gallery-icon landscape\"><img loading=\"lazy\" decoding=\"async\" class=\"lazy\" src=\"https:\/\/graziamagazine.com\/mx\/wp-content\/uploads\/sites\/13\/2024\/06\/Captura-de-Pantalla-2024-06-21-a-las-11.39.47.png\" alt=\"\" width=\"746\" height=\"1134\" \/><\/div>\n<\/figure>\n<figure class=\"gallery-item\">\n<div class=\"gallery-icon landscape\"><img loading=\"lazy\" decoding=\"async\" class=\"lazy\" src=\"https:\/\/graziamagazine.com\/mx\/wp-content\/uploads\/sites\/13\/2024\/06\/Captura-de-Pantalla-2024-06-21-a-las-11.39.49.png\" alt=\"\" width=\"746\" height=\"1134\" \/><\/div>\n<\/figure>\n<figure class=\"gallery-item\">\n<div class=\"gallery-icon landscape\"><img loading=\"lazy\" decoding=\"async\" class=\"lazy\" src=\"https:\/\/graziamagazine.com\/mx\/wp-content\/uploads\/sites\/13\/2024\/06\/Captura-de-Pantalla-2024-06-21-a-las-11.39.54.png\" alt=\"\" width=\"746\" height=\"1134\" \/><\/div>\n<\/figure>\n<figure class=\"gallery-item\">\n<div class=\"gallery-icon landscape\"><img loading=\"lazy\" decoding=\"async\" class=\"lazy\" src=\"https:\/\/graziamagazine.com\/mx\/wp-content\/uploads\/sites\/13\/2024\/06\/Captura-de-Pantalla-2024-06-21-a-las-11.39.55.png\" alt=\"\" width=\"746\" height=\"1134\" \/><\/div>\n<\/figure>\n<figure class=\"gallery-item\">\n<div class=\"gallery-icon landscape\"><img loading=\"lazy\" decoding=\"async\" class=\"lazy\" src=\"https:\/\/graziamagazine.com\/mx\/wp-content\/uploads\/sites\/13\/2024\/06\/Captura-de-Pantalla-2024-06-21-a-las-11.39.56.png\" alt=\"\" width=\"746\" height=\"1134\" \/><\/div>\n<\/figure>\n<\/div>\n<\/div>\n<p>El motivo del cuello de pa\u00f1uelo, tomado de una pieza de Saint-Laurent de Oto\u00f1o-Invierno 1960, se materializa aqu\u00ed en una estructura de cer\u00e1mica en un proceso artesanal que tard\u00f3 meses en completarse. Las prendas de punto evocan formas esculturales con atrevidos estampados y cierres de cer\u00e1mica, todos recuperados del universo de Hylton Nel.<\/p>\n<p>Los accesorios de la colecci\u00f3n son tanto alegres como pr\u00e1cticos, destac\u00e1ndose por su precisi\u00f3n y elegancia. El calzado se centra en el zueco, rey de los looks de trabajo, reinventado en diferentes siluetas como zapatos cerrados o botas, elaborados con materiales exquisitos como la madera de haya y la piel de becerro.<\/p>\n<p>La suela de madera se transforma en c\u00f3moda goma en zapatos Derby y botas moteras, con detalles decorativos que tambi\u00e9n inspiran bordados en la ropa y los bolsos.<\/p>\n<div class=\"content-gallery\">\n<div class=\"gallery-placeholder\">\n<div class=\"spinner\"><\/div>\n<\/div>\n<p>&nbsp;<\/p>\n<div id=\"gallery-3\" class=\"gallery galleryid- gallery-columns- gallery-size-\">\n<figure class=\"gallery-item\">\n<div class=\"gallery-icon landscape\"><img loading=\"lazy\" decoding=\"async\" class=\"lazy\" src=\"https:\/\/graziamagazine.com\/mx\/wp-content\/uploads\/sites\/13\/2024\/06\/Captura-de-Pantalla-2024-06-21-a-las-11.40.00.png\" alt=\"\" width=\"746\" height=\"1134\" \/><\/div>\n<\/figure>\n<figure class=\"gallery-item\">\n<div class=\"gallery-icon landscape\"><img loading=\"lazy\" decoding=\"async\" class=\"lazy\" src=\"https:\/\/graziamagazine.com\/mx\/wp-content\/uploads\/sites\/13\/2024\/06\/Captura-de-Pantalla-2024-06-21-a-las-11.40.01.png\" alt=\"\" width=\"746\" height=\"1134\" \/><\/div>\n<\/figure>\n<figure class=\"gallery-item\">\n<div class=\"gallery-icon landscape\"><img loading=\"lazy\" decoding=\"async\" class=\"lazy\" src=\"https:\/\/graziamagazine.com\/mx\/wp-content\/uploads\/sites\/13\/2024\/06\/Captura-de-Pantalla-2024-06-21-a-las-11.40.03.png\" alt=\"\" width=\"746\" height=\"1134\" \/><\/div>\n<\/figure>\n<figure class=\"gallery-item\">\n<div class=\"gallery-icon landscape\"><img loading=\"lazy\" decoding=\"async\" class=\"lazy\" src=\"https:\/\/graziamagazine.com\/mx\/wp-content\/uploads\/sites\/13\/2024\/06\/Captura-de-Pantalla-2024-06-21-a-las-11.40.04.png\" alt=\"\" width=\"746\" height=\"1134\" \/><\/div>\n<\/figure>\n<figure class=\"gallery-item\">\n<div class=\"gallery-icon landscape\"><img loading=\"lazy\" decoding=\"async\" class=\"lazy\" src=\"https:\/\/graziamagazine.com\/mx\/wp-content\/uploads\/sites\/13\/2024\/06\/Captura-de-Pantalla-2024-06-21-a-las-11.40.07.png\" alt=\"\" width=\"746\" height=\"1134\" \/><\/div>\n<\/figure>\n<figure class=\"gallery-item\">\n<div class=\"gallery-icon landscape\"><img loading=\"lazy\" decoding=\"async\" class=\"lazy\" src=\"https:\/\/graziamagazine.com\/mx\/wp-content\/uploads\/sites\/13\/2024\/06\/Captura-de-Pantalla-2024-06-21-a-las-11.40.09.png\" alt=\"\" width=\"746\" height=\"1134\" \/><\/div>\n<\/figure>\n<figure class=\"gallery-item\">\n<div class=\"gallery-icon landscape\"><img loading=\"lazy\" decoding=\"async\" class=\"lazy\" src=\"https:\/\/graziamagazine.com\/mx\/wp-content\/uploads\/sites\/13\/2024\/06\/Captura-de-Pantalla-2024-06-21-a-las-11.39.50.png\" alt=\"\" width=\"746\" height=\"1134\" \/><\/div>\n<\/figure>\n<\/div>\n<\/div>\n<p>El ic\u00f3nico bolso Saddle de Dior, un emblema desde hace m\u00e1s de 25 a\u00f1os, es la pieza central de la colecci\u00f3n, con contornos suavizados y transpuestos a nuevas siluetas. La nobleza de los materiales se refleja en los bolsos, donde la robustez de la lona se equilibra con la elegancia de la rafia o la piel.<\/p>\n<p>Los sombreros cloche, dise\u00f1ados por Stephen Jones en colaboraci\u00f3n con<strong> Earth Age<\/strong>, completan los looks con un toque final de artesan\u00eda, elaborados por artesanos locales en croch\u00e9 tejido a mano con cuentas de cer\u00e1mica aplicadas en Par\u00eds.<\/p>\n<p>Esta colaboraci\u00f3n crea un di\u00e1logo cautivador entre los diferentes ateliers, fusionando la elaboraci\u00f3n artesanal a nivel mundial y local, y uniendo procesos a trav\u00e9s del talento y el orgullo de los artesanos.<\/p>\n<p><em><strong>*IMAGEN: Dior<\/strong><\/em><\/p>\n","protected":false},"author":16349,"featured_media":177082,"template":"","format":"standard","categories":[1],"acf":[],"yoast_head":"<!-- This site is optimized with the Yoast SEO Premium plugin v18.5 (Yoast SEO v20.4) - https:\/\/yoast.com\/wordpress\/plugins\/seo\/ -->\n<title>Dior presenta su colecci\u00f3n Men Spring 2025<\/title>\n<meta name=\"description\" content=\"La nueva propuesta de Kim Jones rinde homenaje al savoir-faire de los ateliers Dior y al ceramista Hylton Nel.\" \/>\n<meta name=\"robots\" content=\"index, follow, max-snippet:-1, max-image-preview:large, max-video-preview:-1\" \/>\n<link rel=\"canonical\" href=\"https:\/\/graziamagazine.com\/es\/articles\/dior-presenta-su-coleccion-men-spring-2025\/\" \/>\n<meta property=\"og:locale\" content=\"es_ES\" \/>\n<meta property=\"og:type\" content=\"article\" \/>\n<meta property=\"og:title\" content=\"Dior presenta su colecci\u00f3n Men Spring 2025\" \/>\n<meta property=\"og:description\" content=\"La nueva propuesta de Kim Jones rinde homenaje al savoir-faire de los ateliers Dior y al ceramista Hylton Nel.\" \/>\n<meta property=\"og:url\" content=\"https:\/\/graziamagazine.com\/es\/articles\/dior-presenta-su-coleccion-men-spring-2025\/\" \/>\n<meta property=\"og:site_name\" content=\"Grazia\" \/>\n<meta property=\"article:modified_time\" content=\"2024-06-24T19:01:34+00:00\" \/>\n<meta property=\"og:image\" content=\"https:\/\/graziamagazine.com\/es\/wp-content\/uploads\/sites\/12\/2024\/06\/Captura-de-Pantalla-2024-06-21-a-las-11.40.12-e1718992694193.png\" \/>\n\t<meta property=\"og:image:width\" content=\"746\" \/>\n\t<meta property=\"og:image:height\" content=\"457\" \/>\n\t<meta property=\"og:image:type\" content=\"image\/png\" \/>\n<meta name=\"twitter:card\" content=\"summary_large_image\" \/>\n<meta name=\"twitter:label1\" content=\"Est. reading time\" \/>\n\t<meta name=\"twitter:data1\" content=\"7 minutos\" \/>\n<script type=\"application\/ld+json\" class=\"yoast-schema-graph\">{\"@context\":\"https:\/\/schema.org\",\"@graph\":[{\"@type\":\"WebPage\",\"@id\":\"https:\/\/graziamagazine.com\/es\/articles\/dior-presenta-su-coleccion-men-spring-2025\/\",\"url\":\"https:\/\/graziamagazine.com\/es\/articles\/dior-presenta-su-coleccion-men-spring-2025\/\",\"name\":\"Dior presenta su colecci\u00f3n Men Spring 2025\",\"isPartOf\":{\"@id\":\"https:\/\/graziamagazine.com\/es\/#website\"},\"datePublished\":\"2024-06-22T09:21:28+00:00\",\"dateModified\":\"2024-06-24T19:01:34+00:00\",\"description\":\"La nueva propuesta de Kim Jones rinde homenaje al savoir-faire de los ateliers Dior y al ceramista Hylton Nel.\",\"breadcrumb\":{\"@id\":\"https:\/\/graziamagazine.com\/es\/articles\/dior-presenta-su-coleccion-men-spring-2025\/#breadcrumb\"},\"inLanguage\":\"es\",\"potentialAction\":[{\"@type\":\"ReadAction\",\"target\":[\"https:\/\/graziamagazine.com\/es\/articles\/dior-presenta-su-coleccion-men-spring-2025\/\"]}]},{\"@type\":\"BreadcrumbList\",\"@id\":\"https:\/\/graziamagazine.com\/es\/articles\/dior-presenta-su-coleccion-men-spring-2025\/#breadcrumb\",\"itemListElement\":[{\"@type\":\"ListItem\",\"position\":1,\"name\":\"Portada\",\"item\":\"https:\/\/graziamagazine.com\/es\/\"},{\"@type\":\"ListItem\",\"position\":2,\"name\":\"Dior presenta su colecci\u00f3n Men Spring 2025\"}]},{\"@type\":\"WebSite\",\"@id\":\"https:\/\/graziamagazine.com\/es\/#website\",\"url\":\"https:\/\/graziamagazine.com\/es\/\",\"name\":\"Grazia\",\"description\":\"Moda, belleza, celebrities, estilo de vida...\",\"potentialAction\":[{\"@type\":\"SearchAction\",\"target\":{\"@type\":\"EntryPoint\",\"urlTemplate\":\"https:\/\/graziamagazine.com\/es\/?s={search_term_string}\"},\"query-input\":\"required name=search_term_string\"}],\"inLanguage\":\"es\"}]}<\/script>\n<!-- \/ Yoast SEO Premium plugin. -->","yoast_head_json":{"title":"Dior presenta su colecci\u00f3n Men Spring 2025","description":"La nueva propuesta de Kim Jones rinde homenaje al savoir-faire de los ateliers Dior y al ceramista Hylton Nel.","robots":{"index":"index","follow":"follow","max-snippet":"max-snippet:-1","max-image-preview":"max-image-preview:large","max-video-preview":"max-video-preview:-1"},"canonical":"https:\/\/graziamagazine.com\/es\/articles\/dior-presenta-su-coleccion-men-spring-2025\/","og_locale":"es_ES","og_type":"article","og_title":"Dior presenta su colecci\u00f3n Men Spring 2025","og_description":"La nueva propuesta de Kim Jones rinde homenaje al savoir-faire de los ateliers Dior y al ceramista Hylton Nel.","og_url":"https:\/\/graziamagazine.com\/es\/articles\/dior-presenta-su-coleccion-men-spring-2025\/","og_site_name":"Grazia","article_modified_time":"2024-06-24T19:01:34+00:00","og_image":[{"width":746,"height":457,"url":"https:\/\/graziamagazine.com\/es\/wp-content\/uploads\/sites\/12\/2024\/06\/Captura-de-Pantalla-2024-06-21-a-las-11.40.12-e1718992694193.png","type":"image\/png"}],"twitter_card":"summary_large_image","twitter_misc":{"Est. reading time":"7 minutos"},"schema":{"@context":"https:\/\/schema.org","@graph":[{"@type":"WebPage","@id":"https:\/\/graziamagazine.com\/es\/articles\/dior-presenta-su-coleccion-men-spring-2025\/","url":"https:\/\/graziamagazine.com\/es\/articles\/dior-presenta-su-coleccion-men-spring-2025\/","name":"Dior presenta su colecci\u00f3n Men Spring 2025","isPartOf":{"@id":"https:\/\/graziamagazine.com\/es\/#website"},"datePublished":"2024-06-22T09:21:28+00:00","dateModified":"2024-06-24T19:01:34+00:00","description":"La nueva propuesta de Kim Jones rinde homenaje al savoir-faire de los ateliers Dior y al ceramista Hylton Nel.","breadcrumb":{"@id":"https:\/\/graziamagazine.com\/es\/articles\/dior-presenta-su-coleccion-men-spring-2025\/#breadcrumb"},"inLanguage":"es","potentialAction":[{"@type":"ReadAction","target":["https:\/\/graziamagazine.com\/es\/articles\/dior-presenta-su-coleccion-men-spring-2025\/"]}]},{"@type":"BreadcrumbList","@id":"https:\/\/graziamagazine.com\/es\/articles\/dior-presenta-su-coleccion-men-spring-2025\/#breadcrumb","itemListElement":[{"@type":"ListItem","position":1,"name":"Portada","item":"https:\/\/graziamagazine.com\/es\/"},{"@type":"ListItem","position":2,"name":"Dior presenta su colecci\u00f3n Men Spring 2025"}]},{"@type":"WebSite","@id":"https:\/\/graziamagazine.com\/es\/#website","url":"https:\/\/graziamagazine.com\/es\/","name":"Grazia","description":"Moda, belleza, celebrities, estilo de vida...","potentialAction":[{"@type":"SearchAction","target":{"@type":"EntryPoint","urlTemplate":"https:\/\/graziamagazine.com\/es\/?s={search_term_string}"},"query-input":"required name=search_term_string"}],"inLanguage":"es"}]}},"jetpack_sharing_enabled":true,"distributor_meta":false,"distributor_terms":false,"distributor_media":false,"distributor_original_site_name":"Grazia","distributor_original_site_url":"https:\/\/graziamagazine.com\/es","push-errors":false,"_links":{"self":[{"href":"https:\/\/graziamagazine.com\/es\/wp-json\/wp\/v2\/articles\/177081"}],"collection":[{"href":"https:\/\/graziamagazine.com\/es\/wp-json\/wp\/v2\/articles"}],"about":[{"href":"https:\/\/graziamagazine.com\/es\/wp-json\/wp\/v2\/types\/articles"}],"author":[{"embeddable":true,"href":"https:\/\/graziamagazine.com\/es\/wp-json\/wp\/v2\/users\/16349"}],"wp:featuredmedia":[{"embeddable":true,"href":"https:\/\/graziamagazine.com\/es\/wp-json\/wp\/v2\/media\/177082"}],"wp:attachment":[{"href":"https:\/\/graziamagazine.com\/es\/wp-json\/wp\/v2\/media?parent=177081"}],"wp:term":[{"taxonomy":"category","embeddable":true,"href":"https:\/\/graziamagazine.com\/es\/wp-json\/wp\/v2\/categories?post=177081"}],"curies":[{"name":"wp","href":"https:\/\/api.w.org\/{rel}","templated":true}]}}