{"id":177078,"date":"2024-06-21T13:09:39","date_gmt":"2024-06-21T11:09:39","guid":{"rendered":"https:\/\/graziamagazine.com\/es\/?post_type=articles&#038;p=177078"},"modified":"2024-06-21T13:09:39","modified_gmt":"2024-06-21T11:09:39","slug":"las-sandalias-planas-de-la-reina-letizia-para-tus-noches-de-verano","status":"publish","type":"articles","link":"https:\/\/graziamagazine.com\/es\/articles\/las-sandalias-planas-de-la-reina-letizia-para-tus-noches-de-verano\/","title":{"rendered":"Las sandalias planas de la reina Letizia para tus noches de verano"},"content":{"rendered":"<p>Han pasado 10 a\u00f1os desde que Felipe VI y Letizia Ortiz se convirtieran en monarcas. El 19 de junio de 2014 Espa\u00f1a viv\u00eda la proclamaci\u00f3n como rey del heredero y comenzaba una nueva etapa en la corona espa\u00f1ola. Una d\u00e9cada despu\u00e9s SSMM los Reyes acompa\u00f1ados de la princesa Leonor y la infanta Sof\u00eda vivieron una jornada muy especial en el Palacio Real de Madrid durante los festejos del d\u00e9cimo aniversario de la proclamaci\u00f3n de Felipe VI.<\/p>\n<p>Para la noche, la reina Letizia eligi\u00f3 unas sandalias de sat\u00e9n con cristales Swarovski de la firma\u00a0<span class=\"marktlsr3eqnh\" data-markjs=\"true\" data-ogac=\"\" data-ogab=\"\" data-ogsc=\"\" data-ogsb=\"\">Pedro<\/span> Garc\u00eda para asistir al concierto especial en honor al d\u00e9cimo aniversario de la ascensi\u00f3n al trono de Su Majestad el Rey Felipe VI. El evento, que tuvo lugar en el ic\u00f3nico Teatro Real de Madrid, fue una celebraci\u00f3n llena de m\u00fasica y emociones que reuni\u00f3 a figuras destacadas de la sociedad espa\u00f1ola.<\/p>\n<p><img loading=\"lazy\" decoding=\"async\" class=\"aligncenter size-full wp-image-177079\" src=\"https:\/\/graziamagazine.com\/es\/wp-content\/uploads\/sites\/12\/2024\/06\/f.elconfidencial.com_original_b40_684_4e2_b406844e2d1e96cc8ad676e367c6119c.jpg\" alt=\"\" width=\"1220\" height=\"1627\" srcset=\"https:\/\/graziamagazine.com\/es\/wp-content\/uploads\/sites\/12\/2024\/06\/f.elconfidencial.com_original_b40_684_4e2_b406844e2d1e96cc8ad676e367c6119c.jpg 1220w, https:\/\/graziamagazine.com\/es\/wp-content\/uploads\/sites\/12\/2024\/06\/f.elconfidencial.com_original_b40_684_4e2_b406844e2d1e96cc8ad676e367c6119c-225x300.jpg 225w, https:\/\/graziamagazine.com\/es\/wp-content\/uploads\/sites\/12\/2024\/06\/f.elconfidencial.com_original_b40_684_4e2_b406844e2d1e96cc8ad676e367c6119c-768x1024.jpg 768w, https:\/\/graziamagazine.com\/es\/wp-content\/uploads\/sites\/12\/2024\/06\/f.elconfidencial.com_original_b40_684_4e2_b406844e2d1e96cc8ad676e367c6119c-1152x1536.jpg 1152w, https:\/\/graziamagazine.com\/es\/wp-content\/uploads\/sites\/12\/2024\/06\/f.elconfidencial.com_original_b40_684_4e2_b406844e2d1e96cc8ad676e367c6119c-400x533.jpg 400w, https:\/\/graziamagazine.com\/es\/wp-content\/uploads\/sites\/12\/2024\/06\/f.elconfidencial.com_original_b40_684_4e2_b406844e2d1e96cc8ad676e367c6119c-155x207.jpg 155w\" sizes=\"(max-width: 1220px) 100vw, 1220px\" \/><\/p>\n<p>Para acompa\u00f1ar su falda plisada de sat\u00e9n color champ\u00e1n y un top negro, do\u00f1a Letizia apost\u00f3 por unas sandalias joya planas en negro con incrustaciones de Swaroski, con un tira fina el la pala, minilazos y cierre lateral con hebilla. Desde que\u00a0<span class=\"marktlsr3eqnh\" data-markjs=\"true\" data-ogac=\"\" data-ogab=\"\" data-ogsc=\"\" data-ogsb=\"\">Pedro<\/span> Garc\u00eda se asoci\u00f3 por primera vez con Swarovski, hace m\u00e1s de 20 a\u00f1os, el dise\u00f1ador contin\u00faa desdibujando la l\u00ednea entre lo casual y lo exclusivo, incorporando gemas de\u00a0 la casa de cristal austriaca a una amplia gama de dise\u00f1os, cl\u00e1sicos y elegantes, concebidos para elevar\u00a0 looks de d\u00eda o combinarlos con looks m\u00e1s formales o de fiesta.<\/p>\n<p>El sat\u00e9n de seda en la colecci\u00f3n de\u00a0<span class=\"marktlsr3eqnh\" data-markjs=\"true\" data-ogac=\"\" data-ogab=\"\" data-ogsc=\"\" data-ogsb=\"\">Pedro<\/span> Garc\u00eda est\u00e1\u00a0 elaborado con seda natural y viscosa obtenida a partir de celulosa reciclada. Su proceso de producci\u00f3n se lleva a cabo de manera responsable, tanto social como ambientalmente. La certificaci\u00f3n GOTS garantiza la seguridad y las condiciones de los trabajadores as\u00ed como la eliminaci\u00f3n de sustancias da\u00f1inas para las personas o el medio ambiente. Es un producto libre de compuestos qu\u00edmicos.<\/p>\n<p>Cada una de las piezas de\u00a0<span class=\"marktlsr3eqnh\" data-markjs=\"true\" data-ogac=\"\" data-ogab=\"\" data-ogsc=\"\" data-ogsb=\"\">Pedro<\/span> Garc\u00eda se elabora con el m\u00e1s absoluto rigor por artesanos zapateros y t\u00e9cnicos de inimitable experiencia en su propia f\u00e1brica en Elda, Alicante, donde la marca tiene su sede desde 1925. Desde hace casi cien a\u00f1os la empresa se mantiene fiel al compromiso con su regi\u00f3n, su gente, los valores artesanales y la preservaci\u00f3n del talento.<\/p>\n<p><a href=\"https:\/\/pedrogarcia.com\/collections\/crystal-classics?pages=2\" target=\"_blank\">Puedes elegir alg\u00fan modelo similar al de la reina Letizia en la colecci\u00f3n Crystal Classics.<\/a><\/p>\n<p>*Im\u00e1genes: Getty Images<\/p>\n","protected":false},"author":11653,"featured_media":177080,"template":"","format":"standard","categories":[1],"acf":[],"yoast_head":"<!-- This site is optimized with the Yoast SEO Premium plugin v18.5 (Yoast SEO v20.4) - https:\/\/yoast.com\/wordpress\/plugins\/seo\/ -->\n<title>Las sandalias planas de la reina Letizia para tus noches de verano<\/title>\n<meta name=\"description\" content=\"La reina Letizia eligi\u00f3 unas sandalias Pedro Garc\u00eda para asistir al concierto del d\u00e9cimo aniversario de Felipe VI en el trono.\" \/>\n<meta name=\"robots\" content=\"index, follow, max-snippet:-1, max-image-preview:large, max-video-preview:-1\" \/>\n<link rel=\"canonical\" href=\"https:\/\/graziamagazine.com\/es\/articles\/las-sandalias-planas-de-la-reina-letizia-para-tus-noches-de-verano\/\" \/>\n<meta property=\"og:locale\" content=\"es_ES\" \/>\n<meta property=\"og:type\" content=\"article\" \/>\n<meta property=\"og:title\" content=\"Las sandalias planas de la reina Letizia para tus noches de verano\" \/>\n<meta property=\"og:description\" content=\"La reina Letizia eligi\u00f3 unas sandalias Pedro Garc\u00eda para asistir al concierto del d\u00e9cimo aniversario de Felipe VI en el trono.\" \/>\n<meta property=\"og:url\" content=\"https:\/\/graziamagazine.com\/es\/articles\/las-sandalias-planas-de-la-reina-letizia-para-tus-noches-de-verano\/\" \/>\n<meta property=\"og:site_name\" content=\"Grazia\" \/>\n<meta property=\"og:image\" content=\"https:\/\/graziamagazine.com\/es\/wp-content\/uploads\/sites\/12\/2024\/06\/bf11bf06-c5f9-55d3-229f-84d5e1d30bed.jpg\" \/>\n\t<meta property=\"og:image:width\" content=\"1500\" \/>\n\t<meta property=\"og:image:height\" content=\"1250\" \/>\n\t<meta property=\"og:image:type\" content=\"image\/jpeg\" \/>\n<meta name=\"twitter:card\" content=\"summary_large_image\" \/>\n<meta name=\"twitter:label1\" content=\"Est. reading time\" \/>\n\t<meta name=\"twitter:data1\" content=\"3 minutos\" \/>\n<script type=\"application\/ld+json\" class=\"yoast-schema-graph\">{\"@context\":\"https:\/\/schema.org\",\"@graph\":[{\"@type\":\"WebPage\",\"@id\":\"https:\/\/graziamagazine.com\/es\/articles\/las-sandalias-planas-de-la-reina-letizia-para-tus-noches-de-verano\/\",\"url\":\"https:\/\/graziamagazine.com\/es\/articles\/las-sandalias-planas-de-la-reina-letizia-para-tus-noches-de-verano\/\",\"name\":\"Las sandalias planas de la reina Letizia para tus noches de verano\",\"isPartOf\":{\"@id\":\"https:\/\/graziamagazine.com\/es\/#website\"},\"datePublished\":\"2024-06-21T11:09:39+00:00\",\"dateModified\":\"2024-06-21T11:09:39+00:00\",\"description\":\"La reina Letizia eligi\u00f3 unas sandalias Pedro Garc\u00eda para asistir al concierto del d\u00e9cimo aniversario de Felipe VI en el trono.\",\"breadcrumb\":{\"@id\":\"https:\/\/graziamagazine.com\/es\/articles\/las-sandalias-planas-de-la-reina-letizia-para-tus-noches-de-verano\/#breadcrumb\"},\"inLanguage\":\"es\",\"potentialAction\":[{\"@type\":\"ReadAction\",\"target\":[\"https:\/\/graziamagazine.com\/es\/articles\/las-sandalias-planas-de-la-reina-letizia-para-tus-noches-de-verano\/\"]}]},{\"@type\":\"BreadcrumbList\",\"@id\":\"https:\/\/graziamagazine.com\/es\/articles\/las-sandalias-planas-de-la-reina-letizia-para-tus-noches-de-verano\/#breadcrumb\",\"itemListElement\":[{\"@type\":\"ListItem\",\"position\":1,\"name\":\"Portada\",\"item\":\"https:\/\/graziamagazine.com\/es\/\"},{\"@type\":\"ListItem\",\"position\":2,\"name\":\"Las sandalias planas de la reina Letizia para tus noches de verano\"}]},{\"@type\":\"WebSite\",\"@id\":\"https:\/\/graziamagazine.com\/es\/#website\",\"url\":\"https:\/\/graziamagazine.com\/es\/\",\"name\":\"Grazia\",\"description\":\"Moda, belleza, celebrities, estilo de vida...\",\"potentialAction\":[{\"@type\":\"SearchAction\",\"target\":{\"@type\":\"EntryPoint\",\"urlTemplate\":\"https:\/\/graziamagazine.com\/es\/?s={search_term_string}\"},\"query-input\":\"required name=search_term_string\"}],\"inLanguage\":\"es\"}]}<\/script>\n<!-- \/ Yoast SEO Premium plugin. -->","yoast_head_json":{"title":"Las sandalias planas de la reina Letizia para tus noches de verano","description":"La reina Letizia eligi\u00f3 unas sandalias Pedro Garc\u00eda para asistir al concierto del d\u00e9cimo aniversario de Felipe VI en el trono.","robots":{"index":"index","follow":"follow","max-snippet":"max-snippet:-1","max-image-preview":"max-image-preview:large","max-video-preview":"max-video-preview:-1"},"canonical":"https:\/\/graziamagazine.com\/es\/articles\/las-sandalias-planas-de-la-reina-letizia-para-tus-noches-de-verano\/","og_locale":"es_ES","og_type":"article","og_title":"Las sandalias planas de la reina Letizia para tus noches de verano","og_description":"La reina Letizia eligi\u00f3 unas sandalias Pedro Garc\u00eda para asistir al concierto del d\u00e9cimo aniversario de Felipe VI en el trono.","og_url":"https:\/\/graziamagazine.com\/es\/articles\/las-sandalias-planas-de-la-reina-letizia-para-tus-noches-de-verano\/","og_site_name":"Grazia","og_image":[{"width":1500,"height":1250,"url":"https:\/\/graziamagazine.com\/es\/wp-content\/uploads\/sites\/12\/2024\/06\/bf11bf06-c5f9-55d3-229f-84d5e1d30bed.jpg","type":"image\/jpeg"}],"twitter_card":"summary_large_image","twitter_misc":{"Est. reading time":"3 minutos"},"schema":{"@context":"https:\/\/schema.org","@graph":[{"@type":"WebPage","@id":"https:\/\/graziamagazine.com\/es\/articles\/las-sandalias-planas-de-la-reina-letizia-para-tus-noches-de-verano\/","url":"https:\/\/graziamagazine.com\/es\/articles\/las-sandalias-planas-de-la-reina-letizia-para-tus-noches-de-verano\/","name":"Las sandalias planas de la reina Letizia para tus noches de verano","isPartOf":{"@id":"https:\/\/graziamagazine.com\/es\/#website"},"datePublished":"2024-06-21T11:09:39+00:00","dateModified":"2024-06-21T11:09:39+00:00","description":"La reina Letizia eligi\u00f3 unas sandalias Pedro Garc\u00eda para asistir al concierto del d\u00e9cimo aniversario de Felipe VI en el trono.","breadcrumb":{"@id":"https:\/\/graziamagazine.com\/es\/articles\/las-sandalias-planas-de-la-reina-letizia-para-tus-noches-de-verano\/#breadcrumb"},"inLanguage":"es","potentialAction":[{"@type":"ReadAction","target":["https:\/\/graziamagazine.com\/es\/articles\/las-sandalias-planas-de-la-reina-letizia-para-tus-noches-de-verano\/"]}]},{"@type":"BreadcrumbList","@id":"https:\/\/graziamagazine.com\/es\/articles\/las-sandalias-planas-de-la-reina-letizia-para-tus-noches-de-verano\/#breadcrumb","itemListElement":[{"@type":"ListItem","position":1,"name":"Portada","item":"https:\/\/graziamagazine.com\/es\/"},{"@type":"ListItem","position":2,"name":"Las sandalias planas de la reina Letizia para tus noches de verano"}]},{"@type":"WebSite","@id":"https:\/\/graziamagazine.com\/es\/#website","url":"https:\/\/graziamagazine.com\/es\/","name":"Grazia","description":"Moda, belleza, celebrities, estilo de vida...","potentialAction":[{"@type":"SearchAction","target":{"@type":"EntryPoint","urlTemplate":"https:\/\/graziamagazine.com\/es\/?s={search_term_string}"},"query-input":"required name=search_term_string"}],"inLanguage":"es"}]}},"jetpack_sharing_enabled":true,"distributor_meta":false,"distributor_terms":false,"distributor_media":false,"distributor_original_site_name":"Grazia","distributor_original_site_url":"https:\/\/graziamagazine.com\/es","push-errors":false,"_links":{"self":[{"href":"https:\/\/graziamagazine.com\/es\/wp-json\/wp\/v2\/articles\/177078"}],"collection":[{"href":"https:\/\/graziamagazine.com\/es\/wp-json\/wp\/v2\/articles"}],"about":[{"href":"https:\/\/graziamagazine.com\/es\/wp-json\/wp\/v2\/types\/articles"}],"author":[{"embeddable":true,"href":"https:\/\/graziamagazine.com\/es\/wp-json\/wp\/v2\/users\/11653"}],"wp:featuredmedia":[{"embeddable":true,"href":"https:\/\/graziamagazine.com\/es\/wp-json\/wp\/v2\/media\/177080"}],"wp:attachment":[{"href":"https:\/\/graziamagazine.com\/es\/wp-json\/wp\/v2\/media?parent=177078"}],"wp:term":[{"taxonomy":"category","embeddable":true,"href":"https:\/\/graziamagazine.com\/es\/wp-json\/wp\/v2\/categories?post=177078"}],"curies":[{"name":"wp","href":"https:\/\/api.w.org\/{rel}","templated":true}]}}