{"id":177061,"date":"2024-06-21T11:07:21","date_gmt":"2024-06-21T09:07:21","guid":{"rendered":"https:\/\/graziamagazine.com\/es\/?post_type=articles&#038;p=177061"},"modified":"2024-06-21T11:07:21","modified_gmt":"2024-06-21T09:07:21","slug":"adidas-originals-y-bad-bunny-presentan-las-gazelle-san-juan","status":"publish","type":"articles","link":"https:\/\/graziamagazine.com\/es\/articles\/adidas-originals-y-bad-bunny-presentan-las-gazelle-san-juan\/","title":{"rendered":"adidas Originals y Bad Bunny Presentan las Gazelle San Juan"},"content":{"rendered":"<p>En una colaboraci\u00f3n \u00fanica, <strong>adidas Originals y Bad Bunny<\/strong> se unen para lanzar las <strong>Gazelle San Juan<\/strong>, una nueva interpretaci\u00f3n de las ic\u00f3nicas Gazelle que rinde homenaje a la herencia y el orgullo puertorrique\u00f1o.<\/p>\n<p>Esta colecci\u00f3n especial refleja la pasi\u00f3n de <strong>Bad Bunny<\/strong> por su tierra natal, Puerto Rico, y captura la esencia de sus calles, su cultura y su gente.<\/p>\n<p>Las Gazelle San Juan se inspiran en los<strong> colores y los elementos distintivos<\/strong> de la capital puertorrique\u00f1a, desde los adoquines hist\u00f3ricos hasta el mar y la playa.<\/p>\n<figure id=\"attachment_138299\" class=\"wp-caption alignnone\" style=\"width: 819px\" aria-describedby=\"caption-attachment-138299\"><img loading=\"lazy\" decoding=\"async\" class=\"size-large wp-image-138299\" src=\"https:\/\/graziamagazine.com\/mx\/wp-content\/uploads\/sites\/13\/2024\/06\/OPTION-BLUE_4_5_2-819x1024.jpg\" alt=\"adidas Originals y Bad Bunny Presentan las Gazelle San Juan\" width=\"819\" height=\"1024\" \/><figcaption id=\"caption-attachment-138299\" class=\"wp-caption-text\">adidas Originals y Bad Bunny Presentan las Gazelle San Juan<\/figcaption><\/figure>\n<p>Adem\u00e1s, capturan la esencia de la famosa Noche de San Juan, una festividad emblem\u00e1tica en la isla. Estas zapatillas son un tributo vivo a la rica historia y la vibrante cultura de Puerto Rico, dise\u00f1adas para celebrar y honrar la identidad puertorrique\u00f1a en todo el mundo.<\/p>\n<p>La colaboraci\u00f3n entre adidas Originals y Bad Bunny no solo se trata de <strong>moda, sino tambi\u00e9n de conexi\u00f3n cultural y orgullo nacional<\/strong>. El compositor y productor Mike Amadeo, propietario de la tienda de m\u00fasica m\u00e1s antigua de Nueva York, es un claro ejemplo de c\u00f3mo la cultura puertorrique\u00f1a se mantiene viva y relevante en la di\u00e1spora.<\/p>\n<p>Desde 1941, su tienda ha sido un punto de encuentro para <strong>artistas y amantes de la m\u00fasica<\/strong>, preservando y compartiendo la cultura boricua con las nuevas generaciones.<\/p>\n<div class=\"content-gallery\">\n<div id=\"gallery-1\" class=\"gallery galleryid- gallery-columns- gallery-size-\">\n<figure class=\"gallery-item\">\n<div class=\"gallery-icon landscape\"><img loading=\"lazy\" decoding=\"async\" class=\"lazy\" src=\"https:\/\/graziamagazine.com\/mx\/wp-content\/uploads\/sites\/13\/2024\/06\/OPTION-BLUE_4_5_1-scaled.jpg\" alt=\"adidas Originals y Bad Bunny Presentan las Gazelle San Juan\" width=\"2049\" height=\"2560\" \/><\/div><figcaption id=\"gallery-1-138298\" class=\"wp-caption-text gallery-caption\">adidas Originals y Bad Bunny Presentan las Gazelle San Juan<\/figcaption><\/figure>\n<figure class=\"gallery-item\">\n<div class=\"gallery-icon landscape\"><img loading=\"lazy\" decoding=\"async\" class=\"lazy\" src=\"https:\/\/graziamagazine.com\/mx\/wp-content\/uploads\/sites\/13\/2024\/06\/OPTION-BLUE_4_5_3.jpg\" alt=\"\" width=\"1920\" height=\"2400\" \/><\/div>\n<\/figure>\n<\/div>\n<\/div>\n<p>Las Gazelle San Juan son m\u00e1s que unas zapatillas; son un s\u00edmbolo de identidad y empoderamiento para todos los puertorrique\u00f1os, tanto en la isla como en la di\u00e1spora.<\/p>\n<p>Con detalles cuidadosamente dise\u00f1ados que van desde la exclusiva puntera de gamuza hasta la etiqueta de tama\u00f1o, esta colecci\u00f3n representa la pasi\u00f3n y el compromiso de Bad Bunny con su herencia.<\/p>\n<p>Este exclusivo lanzamiento estar\u00e1 disponible\u00a0a partir del <strong>23 de junio<\/strong>, coincidiendo con la Noche y el D\u00eda de San Juan. Con tallas para todos los miembros de tu grupo, esta colaboraci\u00f3n es una celebraci\u00f3n de la cultura y la identidad puertorrique\u00f1a, llevando el esp\u00edritu de Puerto Rico a todo el mundo a trav\u00e9s de la moda y el estilo. <a href=\"https:\/\/footdistrict.com\/adidas-x-bad-bunny-gazelle-indoor-san-juan-if9734.html\" target=\"_blank\">Podr\u00e1s encontrarlas en FOOTDISTRICT a partir del d\u00eda 23 a un precio de 140 euros.\u00a0<\/a><\/p>\n<p><em>*Im\u00e1genes: cortes\u00eda<\/em><\/p>\n","protected":false},"author":16349,"featured_media":177062,"template":"","format":"standard","categories":[1],"acf":[],"yoast_head":"<!-- This site is optimized with the Yoast SEO Premium plugin v18.5 (Yoast SEO v20.4) - https:\/\/yoast.com\/wordpress\/plugins\/seo\/ -->\n<title>adidas Originals y Bad Bunny Presentan las Gazelle San Juan<\/title>\n<meta name=\"description\" content=\"Con este lanzamiento, la firma y el cantante buscan celebrar la herencia puertorrique\u00f1a, inspirando a las personas a abrazar su identidad.\" \/>\n<meta name=\"robots\" content=\"index, follow, max-snippet:-1, max-image-preview:large, max-video-preview:-1\" \/>\n<link rel=\"canonical\" href=\"https:\/\/graziamagazine.com\/es\/articles\/adidas-originals-y-bad-bunny-presentan-las-gazelle-san-juan\/\" \/>\n<meta property=\"og:locale\" content=\"es_ES\" \/>\n<meta property=\"og:type\" content=\"article\" \/>\n<meta property=\"og:title\" content=\"adidas Originals y Bad Bunny Presentan las Gazelle San Juan\" \/>\n<meta property=\"og:description\" content=\"Con este lanzamiento, la firma y el cantante buscan celebrar la herencia puertorrique\u00f1a, inspirando a las personas a abrazar su identidad.\" \/>\n<meta property=\"og:url\" content=\"https:\/\/graziamagazine.com\/es\/articles\/adidas-originals-y-bad-bunny-presentan-las-gazelle-san-juan\/\" \/>\n<meta property=\"og:site_name\" content=\"Grazia\" \/>\n<meta property=\"og:image\" content=\"https:\/\/graziamagazine.com\/es\/wp-content\/uploads\/sites\/12\/2024\/06\/OPTION-BLUE_9_16_3-scaled-e1718913029451.jpg\" \/>\n\t<meta property=\"og:image:width\" content=\"1440\" \/>\n\t<meta property=\"og:image:height\" content=\"981\" \/>\n\t<meta property=\"og:image:type\" content=\"image\/jpeg\" \/>\n<meta name=\"twitter:card\" content=\"summary_large_image\" \/>\n<meta name=\"twitter:label1\" content=\"Est. reading time\" \/>\n\t<meta name=\"twitter:data1\" content=\"3 minutos\" \/>\n<script type=\"application\/ld+json\" class=\"yoast-schema-graph\">{\"@context\":\"https:\/\/schema.org\",\"@graph\":[{\"@type\":\"WebPage\",\"@id\":\"https:\/\/graziamagazine.com\/es\/articles\/adidas-originals-y-bad-bunny-presentan-las-gazelle-san-juan\/\",\"url\":\"https:\/\/graziamagazine.com\/es\/articles\/adidas-originals-y-bad-bunny-presentan-las-gazelle-san-juan\/\",\"name\":\"adidas Originals y Bad Bunny Presentan las Gazelle San Juan\",\"isPartOf\":{\"@id\":\"https:\/\/graziamagazine.com\/es\/#website\"},\"datePublished\":\"2024-06-21T09:07:21+00:00\",\"dateModified\":\"2024-06-21T09:07:21+00:00\",\"description\":\"Con este lanzamiento, la firma y el cantante buscan celebrar la herencia puertorrique\u00f1a, inspirando a las personas a abrazar su identidad.\",\"breadcrumb\":{\"@id\":\"https:\/\/graziamagazine.com\/es\/articles\/adidas-originals-y-bad-bunny-presentan-las-gazelle-san-juan\/#breadcrumb\"},\"inLanguage\":\"es\",\"potentialAction\":[{\"@type\":\"ReadAction\",\"target\":[\"https:\/\/graziamagazine.com\/es\/articles\/adidas-originals-y-bad-bunny-presentan-las-gazelle-san-juan\/\"]}]},{\"@type\":\"BreadcrumbList\",\"@id\":\"https:\/\/graziamagazine.com\/es\/articles\/adidas-originals-y-bad-bunny-presentan-las-gazelle-san-juan\/#breadcrumb\",\"itemListElement\":[{\"@type\":\"ListItem\",\"position\":1,\"name\":\"Portada\",\"item\":\"https:\/\/graziamagazine.com\/es\/\"},{\"@type\":\"ListItem\",\"position\":2,\"name\":\"adidas Originals y Bad Bunny Presentan las Gazelle San Juan\"}]},{\"@type\":\"WebSite\",\"@id\":\"https:\/\/graziamagazine.com\/es\/#website\",\"url\":\"https:\/\/graziamagazine.com\/es\/\",\"name\":\"Grazia\",\"description\":\"Moda, belleza, celebrities, estilo de vida...\",\"potentialAction\":[{\"@type\":\"SearchAction\",\"target\":{\"@type\":\"EntryPoint\",\"urlTemplate\":\"https:\/\/graziamagazine.com\/es\/?s={search_term_string}\"},\"query-input\":\"required name=search_term_string\"}],\"inLanguage\":\"es\"}]}<\/script>\n<!-- \/ Yoast SEO Premium plugin. -->","yoast_head_json":{"title":"adidas Originals y Bad Bunny Presentan las Gazelle San Juan","description":"Con este lanzamiento, la firma y el cantante buscan celebrar la herencia puertorrique\u00f1a, inspirando a las personas a abrazar su identidad.","robots":{"index":"index","follow":"follow","max-snippet":"max-snippet:-1","max-image-preview":"max-image-preview:large","max-video-preview":"max-video-preview:-1"},"canonical":"https:\/\/graziamagazine.com\/es\/articles\/adidas-originals-y-bad-bunny-presentan-las-gazelle-san-juan\/","og_locale":"es_ES","og_type":"article","og_title":"adidas Originals y Bad Bunny Presentan las Gazelle San Juan","og_description":"Con este lanzamiento, la firma y el cantante buscan celebrar la herencia puertorrique\u00f1a, inspirando a las personas a abrazar su identidad.","og_url":"https:\/\/graziamagazine.com\/es\/articles\/adidas-originals-y-bad-bunny-presentan-las-gazelle-san-juan\/","og_site_name":"Grazia","og_image":[{"width":1440,"height":981,"url":"https:\/\/graziamagazine.com\/es\/wp-content\/uploads\/sites\/12\/2024\/06\/OPTION-BLUE_9_16_3-scaled-e1718913029451.jpg","type":"image\/jpeg"}],"twitter_card":"summary_large_image","twitter_misc":{"Est. reading time":"3 minutos"},"schema":{"@context":"https:\/\/schema.org","@graph":[{"@type":"WebPage","@id":"https:\/\/graziamagazine.com\/es\/articles\/adidas-originals-y-bad-bunny-presentan-las-gazelle-san-juan\/","url":"https:\/\/graziamagazine.com\/es\/articles\/adidas-originals-y-bad-bunny-presentan-las-gazelle-san-juan\/","name":"adidas Originals y Bad Bunny Presentan las Gazelle San Juan","isPartOf":{"@id":"https:\/\/graziamagazine.com\/es\/#website"},"datePublished":"2024-06-21T09:07:21+00:00","dateModified":"2024-06-21T09:07:21+00:00","description":"Con este lanzamiento, la firma y el cantante buscan celebrar la herencia puertorrique\u00f1a, inspirando a las personas a abrazar su identidad.","breadcrumb":{"@id":"https:\/\/graziamagazine.com\/es\/articles\/adidas-originals-y-bad-bunny-presentan-las-gazelle-san-juan\/#breadcrumb"},"inLanguage":"es","potentialAction":[{"@type":"ReadAction","target":["https:\/\/graziamagazine.com\/es\/articles\/adidas-originals-y-bad-bunny-presentan-las-gazelle-san-juan\/"]}]},{"@type":"BreadcrumbList","@id":"https:\/\/graziamagazine.com\/es\/articles\/adidas-originals-y-bad-bunny-presentan-las-gazelle-san-juan\/#breadcrumb","itemListElement":[{"@type":"ListItem","position":1,"name":"Portada","item":"https:\/\/graziamagazine.com\/es\/"},{"@type":"ListItem","position":2,"name":"adidas Originals y Bad Bunny Presentan las Gazelle San Juan"}]},{"@type":"WebSite","@id":"https:\/\/graziamagazine.com\/es\/#website","url":"https:\/\/graziamagazine.com\/es\/","name":"Grazia","description":"Moda, belleza, celebrities, estilo de vida...","potentialAction":[{"@type":"SearchAction","target":{"@type":"EntryPoint","urlTemplate":"https:\/\/graziamagazine.com\/es\/?s={search_term_string}"},"query-input":"required name=search_term_string"}],"inLanguage":"es"}]}},"jetpack_sharing_enabled":true,"distributor_meta":false,"distributor_terms":false,"distributor_media":false,"distributor_original_site_name":"Grazia","distributor_original_site_url":"https:\/\/graziamagazine.com\/es","push-errors":false,"_links":{"self":[{"href":"https:\/\/graziamagazine.com\/es\/wp-json\/wp\/v2\/articles\/177061"}],"collection":[{"href":"https:\/\/graziamagazine.com\/es\/wp-json\/wp\/v2\/articles"}],"about":[{"href":"https:\/\/graziamagazine.com\/es\/wp-json\/wp\/v2\/types\/articles"}],"author":[{"embeddable":true,"href":"https:\/\/graziamagazine.com\/es\/wp-json\/wp\/v2\/users\/16349"}],"wp:featuredmedia":[{"embeddable":true,"href":"https:\/\/graziamagazine.com\/es\/wp-json\/wp\/v2\/media\/177062"}],"wp:attachment":[{"href":"https:\/\/graziamagazine.com\/es\/wp-json\/wp\/v2\/media?parent=177061"}],"wp:term":[{"taxonomy":"category","embeddable":true,"href":"https:\/\/graziamagazine.com\/es\/wp-json\/wp\/v2\/categories?post=177061"}],"curies":[{"name":"wp","href":"https:\/\/api.w.org\/{rel}","templated":true}]}}