{"id":176996,"date":"2024-06-19T12:27:43","date_gmt":"2024-06-19T10:27:43","guid":{"rendered":"https:\/\/graziamagazine.com\/es\/?post_type=articles&#038;p=176996"},"modified":"2024-06-19T12:27:43","modified_gmt":"2024-06-19T10:27:43","slug":"gucci-primavera-verano-2025-encuentros-entre-la-ciudad-y-la-playa","status":"publish","type":"articles","link":"https:\/\/graziamagazine.com\/es\/articles\/gucci-primavera-verano-2025-encuentros-entre-la-ciudad-y-la-playa\/","title":{"rendered":"Gucci Primavera-Verano 2025: Encuentros entre la ciudad y la playa"},"content":{"rendered":"<p>La colecci\u00f3n <strong>Primavera-Verano 2025 de Gucci<\/strong> captura la esencia de la libertad, la energ\u00eda y la comunidad, inspir\u00e1ndose en la vibrante interacci\u00f3n entre la ciudad y la playa.<\/p>\n<p>Estas convergencias \u2013 o \u201cincontri\u201d \u2013 se reflejan en una actitud abierta que fluye entre el arte urbano de los museos y la serenidad del oc\u00e9ano. Esta temporada, la casa florentina presenta una fusi\u00f3n perfecta entre la precisi\u00f3n del corte y la silueta, y la electrificante explosi\u00f3n de color.<\/p>\n<p>La colecci\u00f3n destaca con abrigos largos de lana o cuero regenerado, equipados con bolsillos verticales altos y aberturas pronunciadas en la espalda, ofreciendo una combinaci\u00f3n de modernidad y funcionalidad.<\/p>\n<figure id=\"attachment_138202\" class=\"wp-caption alignnone\" style=\"width: 1024px\" aria-describedby=\"caption-attachment-138202\"><img loading=\"lazy\" decoding=\"async\" class=\"size-large wp-image-138202\" src=\"https:\/\/graziamagazine.com\/mx\/wp-content\/uploads\/sites\/13\/2024\/06\/DSL00199-1024x683.jpg\" alt=\"Gucci Primavera-Verano 2025: Encuentros entre la ciudad y la playa\" width=\"1024\" height=\"683\" \/><figcaption id=\"caption-attachment-138202\" class=\"wp-caption-text\">Gucci Primavera-Verano 2025: Encuentros entre la ciudad y la playa<\/figcaption><\/figure>\n<p>La ropa formal se manifiesta en dos estilos distintivos. Por un lado, tenemos elegantes trajes de tres botones con una l\u00ednea alta y mangas planchadas para mantener una silueta impecable.<\/p>\n<p>Estos conjuntos se complementan con pantalones que presentan una trabilla abotonada en el tobillo. Por otro lado, encontramos chaquetas cruzadas, rectas pero relajadas, confeccionadas en popelina ligera, aportando una frescura contempor\u00e1nea al estilo cl\u00e1sico.<\/p>\n<p>Las chaquetas con cremallera se presentan en versiones cortas y funcionales, mientras que los cuellos en contraste de las chaquetas de cuero cuadradas, que parecen de pana, est\u00e1n realmente confeccionados en cuero repujado.<\/p>\n<div class=\"content-gallery\">\n<div class=\"gallery-placeholder\">\n<div class=\"spinner\"><\/div>\n<\/div>\n<p>&nbsp;<\/p>\n<div id=\"gallery-1\" class=\"gallery galleryid- gallery-columns- gallery-size-\">\n<figure class=\"gallery-item\">\n<div class=\"gallery-icon landscape\"><img loading=\"lazy\" decoding=\"async\" class=\"lazy\" src=\"https:\/\/graziamagazine.com\/mx\/wp-content\/uploads\/sites\/13\/2024\/06\/1_RICCARDO.jpg\" alt=\"\" width=\"1200\" height=\"1800\" \/><\/div>\n<\/figure>\n<figure class=\"gallery-item\">\n<div class=\"gallery-icon landscape\"><img loading=\"lazy\" decoding=\"async\" class=\"lazy\" src=\"https:\/\/graziamagazine.com\/mx\/wp-content\/uploads\/sites\/13\/2024\/06\/2_GEORGE.jpg\" alt=\"\" width=\"1200\" height=\"1800\" \/><\/div>\n<\/figure>\n<figure class=\"gallery-item\">\n<div class=\"gallery-icon landscape\"><img loading=\"lazy\" decoding=\"async\" class=\"lazy\" src=\"https:\/\/graziamagazine.com\/mx\/wp-content\/uploads\/sites\/13\/2024\/06\/3_CIRILLO.jpg\" alt=\"\" width=\"1200\" height=\"1800\" \/><\/div>\n<\/figure>\n<figure class=\"gallery-item\">\n<div class=\"gallery-icon landscape\"><img loading=\"lazy\" decoding=\"async\" class=\"lazy\" src=\"https:\/\/graziamagazine.com\/mx\/wp-content\/uploads\/sites\/13\/2024\/06\/4_ADEBAYO.jpg\" alt=\"\" width=\"1200\" height=\"1800\" \/><\/div>\n<\/figure>\n<figure class=\"gallery-item\">\n<div class=\"gallery-icon landscape\"><img loading=\"lazy\" decoding=\"async\" class=\"lazy\" src=\"https:\/\/graziamagazine.com\/mx\/wp-content\/uploads\/sites\/13\/2024\/06\/5_DANIEL.jpg\" alt=\"\" width=\"1200\" height=\"1800\" \/><\/div>\n<\/figure>\n<\/div>\n<\/div>\n<p>Las camisetas, lejos de ser las tradicionales, incorporan tres bolsillos de inspiraci\u00f3n utilitaria, con detalles como flecos de pedrer\u00eda o apliques de flores bordadas. Estos dise\u00f1os presentan estampados infinitos que evocan im\u00e1genes de surfistas, delfines, flores de hibisco y hojas de pl\u00e1tano, conectando la naturaleza con el urbanismo.<\/p>\n<p>Los polos de manga larga est\u00e1n tejidos a mano con intarsia de lentejuelas, mientras que las chaquetas en colores vibrantes como el verde y el amarillo est\u00e1n adornadas con flecos de pedrer\u00eda que se mueven con gracia, imitando el movimiento de las olas. Esta mezcla de texturas y colores crea un look din\u00e1mico y perfecto para la temporada.<\/p>\n<div class=\"content-gallery\">\n<div class=\"gallery-placeholder\">\n<div class=\"spinner\"><\/div>\n<\/div>\n<p>&nbsp;<\/p>\n<div id=\"gallery-2\" class=\"gallery galleryid- gallery-columns- gallery-size-\">\n<figure class=\"gallery-item\">\n<div class=\"gallery-icon landscape\"><img loading=\"lazy\" decoding=\"async\" class=\"lazy\" src=\"https:\/\/graziamagazine.com\/mx\/wp-content\/uploads\/sites\/13\/2024\/06\/6_MODOU.jpg\" alt=\"\" width=\"1200\" height=\"1800\" \/><\/div>\n<\/figure>\n<figure class=\"gallery-item\">\n<div class=\"gallery-icon landscape\"><img loading=\"lazy\" decoding=\"async\" class=\"lazy\" src=\"https:\/\/graziamagazine.com\/mx\/wp-content\/uploads\/sites\/13\/2024\/06\/13_EMILIO.jpg\" alt=\"\" width=\"1200\" height=\"1800\" \/><\/div>\n<\/figure>\n<figure class=\"gallery-item\">\n<div class=\"gallery-icon landscape\"><img loading=\"lazy\" decoding=\"async\" class=\"lazy\" src=\"https:\/\/graziamagazine.com\/mx\/wp-content\/uploads\/sites\/13\/2024\/06\/14_DAMIAN.jpg\" alt=\"\" width=\"1200\" height=\"1800\" \/><\/div>\n<\/figure>\n<figure class=\"gallery-item\">\n<div class=\"gallery-icon landscape\"><img loading=\"lazy\" decoding=\"async\" class=\"lazy\" src=\"https:\/\/graziamagazine.com\/mx\/wp-content\/uploads\/sites\/13\/2024\/06\/15_MAURICE.jpg\" alt=\"\" width=\"1200\" height=\"1800\" \/><\/div>\n<\/figure>\n<figure class=\"gallery-item\">\n<div class=\"gallery-icon landscape\"><img loading=\"lazy\" decoding=\"async\" class=\"lazy\" src=\"https:\/\/graziamagazine.com\/mx\/wp-content\/uploads\/sites\/13\/2024\/06\/28_JUNYEONG.jpg\" alt=\"\" width=\"1200\" height=\"1800\" \/><\/div>\n<\/figure>\n<\/div>\n<\/div>\n<p>La colecci\u00f3n contin\u00faa la evoluci\u00f3n del dise\u00f1o Horsebit, con punteras esculturales en botas y mocasines. Las zapatillas Gucci cub3d, con suela moldeada, presentan el logotipo de G entrelazadas con un efecto 3D, extendi\u00e9ndose tambi\u00e9n a las zapatillas sin cordones de buceo.<\/p>\n<p>Inspirados en las maletas de archivo de la Maison, los bolsos de esta temporada, como el Gucci B, vienen en tama\u00f1os normales y mini. Los bolsos acolchados de piel son incre\u00edblemente suaves, con cierres magn\u00e9ticos.<\/p>\n<div class=\"content-gallery\">\n<div class=\"gallery-placeholder\">\n<div class=\"spinner\"><\/div>\n<\/div>\n<p>&nbsp;<\/p>\n<div id=\"gallery-3\" class=\"gallery galleryid- gallery-columns- gallery-size-\">\n<figure class=\"gallery-item\">\n<div class=\"gallery-icon landscape\"><img loading=\"lazy\" decoding=\"async\" class=\"lazy\" src=\"https:\/\/graziamagazine.com\/mx\/wp-content\/uploads\/sites\/13\/2024\/06\/29_FENG.jpg\" alt=\"\" width=\"1200\" height=\"1800\" \/><\/div>\n<\/figure>\n<figure class=\"gallery-item\">\n<div class=\"gallery-icon landscape\"><img loading=\"lazy\" decoding=\"async\" class=\"lazy\" src=\"https:\/\/graziamagazine.com\/mx\/wp-content\/uploads\/sites\/13\/2024\/06\/30_UZU.jpg\" alt=\"\" width=\"1200\" height=\"1800\" \/><\/div>\n<\/figure>\n<figure class=\"gallery-item\">\n<div class=\"gallery-icon landscape\"><img loading=\"lazy\" decoding=\"async\" class=\"lazy\" src=\"https:\/\/graziamagazine.com\/mx\/wp-content\/uploads\/sites\/13\/2024\/06\/31_ALEJANDRO.jpg\" alt=\"\" width=\"1200\" height=\"1800\" \/><\/div>\n<\/figure>\n<figure class=\"gallery-item\">\n<div class=\"gallery-icon landscape\"><img loading=\"lazy\" decoding=\"async\" class=\"lazy\" src=\"https:\/\/graziamagazine.com\/mx\/wp-content\/uploads\/sites\/13\/2024\/06\/32_LEBO.jpg\" alt=\"\" width=\"1200\" height=\"1800\" \/><\/div>\n<\/figure>\n<\/div>\n<\/div>\n<p>Los bolsos cruzados, con cierre de solapa y el caracter\u00edstico mosquet\u00f3n de Gucci, y los bolsos tipo bombonera hechos de sarga de lona gaberdina con un acabado moderno, ofrecen funcionalidad y estilo.<\/p>\n<p>Los cinturones con cierre de mosquet\u00f3n de doble extremo evocan la forma del Horsebit, mientras que las pulseras y collares segmentados, similares al bamb\u00fa, a\u00f1aden un toque natural. Las gafas de sol, ya sea usadas de manera tradicional o al rev\u00e9s, destacan por sus monturas gruesas y sujeci\u00f3n con una colorida correa Gucci.<\/p>\n<p><em>*Im\u00e1genes: cortes\u00eda Gucci<\/em><\/p>\n<p>&nbsp;<\/p>\n","protected":false},"author":28953,"featured_media":177008,"template":"","format":"standard","categories":[1],"acf":[],"yoast_head":"<!-- This site is optimized with the Yoast SEO Premium plugin v18.5 (Yoast SEO v20.4) - https:\/\/yoast.com\/wordpress\/plugins\/seo\/ -->\n<title>Gucci Primavera-Verano 2025: Encuentros entre la ciudad y la playa<\/title>\n<meta name=\"description\" content=\"Presentada bajo el t\u00edtulo &quot;Incontri&quot;, la colecci\u00f3n celebra la intersecci\u00f3n entre dos mundos: la sofisticaci\u00f3n urbana y la libertad relajada de la playa\" \/>\n<meta name=\"robots\" content=\"index, follow, max-snippet:-1, max-image-preview:large, max-video-preview:-1\" \/>\n<link rel=\"canonical\" href=\"https:\/\/graziamagazine.com\/es\/articles\/gucci-primavera-verano-2025-encuentros-entre-la-ciudad-y-la-playa\/\" \/>\n<meta property=\"og:locale\" content=\"es_ES\" \/>\n<meta property=\"og:type\" content=\"article\" \/>\n<meta property=\"og:title\" content=\"Gucci Primavera-Verano 2025: Encuentros entre la ciudad y la playa\" \/>\n<meta property=\"og:description\" content=\"Presentada bajo el t\u00edtulo &quot;Incontri&quot;, la colecci\u00f3n celebra la intersecci\u00f3n entre dos mundos: la sofisticaci\u00f3n urbana y la libertad relajada de la playa\" \/>\n<meta property=\"og:url\" content=\"https:\/\/graziamagazine.com\/es\/articles\/gucci-primavera-verano-2025-encuentros-entre-la-ciudad-y-la-playa\/\" \/>\n<meta property=\"og:site_name\" content=\"Grazia\" \/>\n<meta property=\"og:image\" content=\"https:\/\/graziamagazine.com\/es\/wp-content\/uploads\/sites\/12\/2024\/06\/Valerio-Mezzanotti-3821-e1718725924746-scaled.jpg\" \/>\n\t<meta property=\"og:image:width\" content=\"2560\" \/>\n\t<meta property=\"og:image:height\" content=\"2153\" \/>\n\t<meta property=\"og:image:type\" content=\"image\/jpeg\" \/>\n<meta name=\"twitter:card\" content=\"summary_large_image\" \/>\n<meta name=\"twitter:label1\" content=\"Est. reading time\" \/>\n\t<meta name=\"twitter:data1\" content=\"6 minutos\" \/>\n<script type=\"application\/ld+json\" class=\"yoast-schema-graph\">{\"@context\":\"https:\/\/schema.org\",\"@graph\":[{\"@type\":\"WebPage\",\"@id\":\"https:\/\/graziamagazine.com\/es\/articles\/gucci-primavera-verano-2025-encuentros-entre-la-ciudad-y-la-playa\/\",\"url\":\"https:\/\/graziamagazine.com\/es\/articles\/gucci-primavera-verano-2025-encuentros-entre-la-ciudad-y-la-playa\/\",\"name\":\"Gucci Primavera-Verano 2025: Encuentros entre la ciudad y la playa\",\"isPartOf\":{\"@id\":\"https:\/\/graziamagazine.com\/es\/#website\"},\"datePublished\":\"2024-06-19T10:27:43+00:00\",\"dateModified\":\"2024-06-19T10:27:43+00:00\",\"description\":\"Presentada bajo el t\u00edtulo \\\"Incontri\\\", la colecci\u00f3n celebra la intersecci\u00f3n entre dos mundos: la sofisticaci\u00f3n urbana y la libertad relajada de la playa\",\"breadcrumb\":{\"@id\":\"https:\/\/graziamagazine.com\/es\/articles\/gucci-primavera-verano-2025-encuentros-entre-la-ciudad-y-la-playa\/#breadcrumb\"},\"inLanguage\":\"es\",\"potentialAction\":[{\"@type\":\"ReadAction\",\"target\":[\"https:\/\/graziamagazine.com\/es\/articles\/gucci-primavera-verano-2025-encuentros-entre-la-ciudad-y-la-playa\/\"]}]},{\"@type\":\"BreadcrumbList\",\"@id\":\"https:\/\/graziamagazine.com\/es\/articles\/gucci-primavera-verano-2025-encuentros-entre-la-ciudad-y-la-playa\/#breadcrumb\",\"itemListElement\":[{\"@type\":\"ListItem\",\"position\":1,\"name\":\"Portada\",\"item\":\"https:\/\/graziamagazine.com\/es\/\"},{\"@type\":\"ListItem\",\"position\":2,\"name\":\"Gucci Primavera-Verano 2025: Encuentros entre la ciudad y la playa\"}]},{\"@type\":\"WebSite\",\"@id\":\"https:\/\/graziamagazine.com\/es\/#website\",\"url\":\"https:\/\/graziamagazine.com\/es\/\",\"name\":\"Grazia\",\"description\":\"Moda, belleza, celebrities, estilo de vida...\",\"potentialAction\":[{\"@type\":\"SearchAction\",\"target\":{\"@type\":\"EntryPoint\",\"urlTemplate\":\"https:\/\/graziamagazine.com\/es\/?s={search_term_string}\"},\"query-input\":\"required name=search_term_string\"}],\"inLanguage\":\"es\"}]}<\/script>\n<!-- \/ Yoast SEO Premium plugin. -->","yoast_head_json":{"title":"Gucci Primavera-Verano 2025: Encuentros entre la ciudad y la playa","description":"Presentada bajo el t\u00edtulo \"Incontri\", la colecci\u00f3n celebra la intersecci\u00f3n entre dos mundos: la sofisticaci\u00f3n urbana y la libertad relajada de la playa","robots":{"index":"index","follow":"follow","max-snippet":"max-snippet:-1","max-image-preview":"max-image-preview:large","max-video-preview":"max-video-preview:-1"},"canonical":"https:\/\/graziamagazine.com\/es\/articles\/gucci-primavera-verano-2025-encuentros-entre-la-ciudad-y-la-playa\/","og_locale":"es_ES","og_type":"article","og_title":"Gucci Primavera-Verano 2025: Encuentros entre la ciudad y la playa","og_description":"Presentada bajo el t\u00edtulo \"Incontri\", la colecci\u00f3n celebra la intersecci\u00f3n entre dos mundos: la sofisticaci\u00f3n urbana y la libertad relajada de la playa","og_url":"https:\/\/graziamagazine.com\/es\/articles\/gucci-primavera-verano-2025-encuentros-entre-la-ciudad-y-la-playa\/","og_site_name":"Grazia","og_image":[{"width":2560,"height":2153,"url":"https:\/\/graziamagazine.com\/es\/wp-content\/uploads\/sites\/12\/2024\/06\/Valerio-Mezzanotti-3821-e1718725924746-scaled.jpg","type":"image\/jpeg"}],"twitter_card":"summary_large_image","twitter_misc":{"Est. reading time":"6 minutos"},"schema":{"@context":"https:\/\/schema.org","@graph":[{"@type":"WebPage","@id":"https:\/\/graziamagazine.com\/es\/articles\/gucci-primavera-verano-2025-encuentros-entre-la-ciudad-y-la-playa\/","url":"https:\/\/graziamagazine.com\/es\/articles\/gucci-primavera-verano-2025-encuentros-entre-la-ciudad-y-la-playa\/","name":"Gucci Primavera-Verano 2025: Encuentros entre la ciudad y la playa","isPartOf":{"@id":"https:\/\/graziamagazine.com\/es\/#website"},"datePublished":"2024-06-19T10:27:43+00:00","dateModified":"2024-06-19T10:27:43+00:00","description":"Presentada bajo el t\u00edtulo \"Incontri\", la colecci\u00f3n celebra la intersecci\u00f3n entre dos mundos: la sofisticaci\u00f3n urbana y la libertad relajada de la playa","breadcrumb":{"@id":"https:\/\/graziamagazine.com\/es\/articles\/gucci-primavera-verano-2025-encuentros-entre-la-ciudad-y-la-playa\/#breadcrumb"},"inLanguage":"es","potentialAction":[{"@type":"ReadAction","target":["https:\/\/graziamagazine.com\/es\/articles\/gucci-primavera-verano-2025-encuentros-entre-la-ciudad-y-la-playa\/"]}]},{"@type":"BreadcrumbList","@id":"https:\/\/graziamagazine.com\/es\/articles\/gucci-primavera-verano-2025-encuentros-entre-la-ciudad-y-la-playa\/#breadcrumb","itemListElement":[{"@type":"ListItem","position":1,"name":"Portada","item":"https:\/\/graziamagazine.com\/es\/"},{"@type":"ListItem","position":2,"name":"Gucci Primavera-Verano 2025: Encuentros entre la ciudad y la playa"}]},{"@type":"WebSite","@id":"https:\/\/graziamagazine.com\/es\/#website","url":"https:\/\/graziamagazine.com\/es\/","name":"Grazia","description":"Moda, belleza, celebrities, estilo de vida...","potentialAction":[{"@type":"SearchAction","target":{"@type":"EntryPoint","urlTemplate":"https:\/\/graziamagazine.com\/es\/?s={search_term_string}"},"query-input":"required name=search_term_string"}],"inLanguage":"es"}]}},"jetpack_sharing_enabled":true,"distributor_meta":false,"distributor_terms":false,"distributor_media":false,"distributor_original_site_name":"Grazia","distributor_original_site_url":"https:\/\/graziamagazine.com\/es","push-errors":false,"_links":{"self":[{"href":"https:\/\/graziamagazine.com\/es\/wp-json\/wp\/v2\/articles\/176996"}],"collection":[{"href":"https:\/\/graziamagazine.com\/es\/wp-json\/wp\/v2\/articles"}],"about":[{"href":"https:\/\/graziamagazine.com\/es\/wp-json\/wp\/v2\/types\/articles"}],"author":[{"embeddable":true,"href":"https:\/\/graziamagazine.com\/es\/wp-json\/wp\/v2\/users\/28953"}],"wp:featuredmedia":[{"embeddable":true,"href":"https:\/\/graziamagazine.com\/es\/wp-json\/wp\/v2\/media\/177008"}],"wp:attachment":[{"href":"https:\/\/graziamagazine.com\/es\/wp-json\/wp\/v2\/media?parent=176996"}],"wp:term":[{"taxonomy":"category","embeddable":true,"href":"https:\/\/graziamagazine.com\/es\/wp-json\/wp\/v2\/categories?post=176996"}],"curies":[{"name":"wp","href":"https:\/\/api.w.org\/{rel}","templated":true}]}}