{"id":176992,"date":"2024-06-18T16:54:15","date_gmt":"2024-06-18T14:54:15","guid":{"rendered":"https:\/\/graziamagazine.com\/es\/?post_type=articles&#038;p=176992"},"modified":"2024-06-18T16:54:15","modified_gmt":"2024-06-18T14:54:15","slug":"rihanna-nueva-musa-de-dior-jadore","status":"publish","type":"articles","link":"https:\/\/graziamagazine.com\/es\/articles\/rihanna-nueva-musa-de-dior-jadore\/","title":{"rendered":"Rihanna nueva musa de Dior J&#8217;adore"},"content":{"rendered":"<p>El universo Dior crece, concretamente el mundo de perfumes Dior al que llega una nueva celebrity internacional para ser su imagen. La maison anuncia hoy que Rihanna se convierte en una nueva musa para Dior J&#8217;adore.<\/p>\n<p><span lang=\"es-MX\">Tal y como han hecho p\u00fablico en un comunicado, Parfums Christian Dior est\u00e1 encantado de darle la bienvenida a la ic\u00f3nica Rihanna, la cual, con sus inmedibles talentos, belleza inigualable, y atractivo universal, representa ahora el mundo de J\u2019adore.<\/span><\/p>\n<p><span lang=\"es-MX\">La fragancia ha estado presente en la vida de todas las mujeres del mundo, de una manera fiel y deslumbrante por m\u00e1s de dos d\u00e9cadas. Es el perfume de una mujer poderosa, libre e independiente, el cu\u00e1l resuena con la historia personal de Rihanna, una historia que ha construido ella misma, us\u00e1ndolo como un emblema de osad\u00eda y seducci\u00f3n.<\/span><span lang=\"es-MX\">\u00a0<\/span><\/p>\n<p><img loading=\"lazy\" decoding=\"async\" class=\"aligncenter size-full wp-image-176993\" src=\"https:\/\/graziamagazine.com\/es\/wp-content\/uploads\/sites\/12\/2024\/06\/dior-1.jpg\" alt=\"\" width=\"1350\" height=\"1687\" srcset=\"https:\/\/graziamagazine.com\/es\/wp-content\/uploads\/sites\/12\/2024\/06\/dior-1.jpg 1350w, https:\/\/graziamagazine.com\/es\/wp-content\/uploads\/sites\/12\/2024\/06\/dior-1-240x300.jpg 240w, https:\/\/graziamagazine.com\/es\/wp-content\/uploads\/sites\/12\/2024\/06\/dior-1-819x1024.jpg 819w, https:\/\/graziamagazine.com\/es\/wp-content\/uploads\/sites\/12\/2024\/06\/dior-1-768x960.jpg 768w, https:\/\/graziamagazine.com\/es\/wp-content\/uploads\/sites\/12\/2024\/06\/dior-1-1229x1536.jpg 1229w, https:\/\/graziamagazine.com\/es\/wp-content\/uploads\/sites\/12\/2024\/06\/dior-1-400x500.jpg 400w, https:\/\/graziamagazine.com\/es\/wp-content\/uploads\/sites\/12\/2024\/06\/dior-1-155x194.jpg 155w\" sizes=\"(max-width: 1350px) 100vw, 1350px\" \/><\/p>\n<p><span lang=\"es-MX\">Esta adorada leyenda, qui\u00e9n ha roto r\u00e9cords en las listas de \u00e9xitos y que es, en definitiva, una modelo de empoderamiento se une una vez m\u00e1s con su amigo Steven Klein para presentar una nueva campa\u00f1a el primero de Septiembre.<\/span><span lang=\"es-MX\">\u00a0<\/span><\/p>\n<blockquote><p><span lang=\"es-MX\">Ser el nuevo rostro de J\u2019adore es un honor y una misi\u00f3n (Rihanna)<\/span><\/p><\/blockquote>\n<p><img loading=\"lazy\" decoding=\"async\" class=\"aligncenter size-full wp-image-176994\" src=\"https:\/\/graziamagazine.com\/es\/wp-content\/uploads\/sites\/12\/2024\/06\/badgalriri.jpg\" alt=\"\" width=\"1350\" height=\"1687\" srcset=\"https:\/\/graziamagazine.com\/es\/wp-content\/uploads\/sites\/12\/2024\/06\/badgalriri.jpg 1350w, https:\/\/graziamagazine.com\/es\/wp-content\/uploads\/sites\/12\/2024\/06\/badgalriri-240x300.jpg 240w, https:\/\/graziamagazine.com\/es\/wp-content\/uploads\/sites\/12\/2024\/06\/badgalriri-819x1024.jpg 819w, https:\/\/graziamagazine.com\/es\/wp-content\/uploads\/sites\/12\/2024\/06\/badgalriri-768x960.jpg 768w, https:\/\/graziamagazine.com\/es\/wp-content\/uploads\/sites\/12\/2024\/06\/badgalriri-1229x1536.jpg 1229w, https:\/\/graziamagazine.com\/es\/wp-content\/uploads\/sites\/12\/2024\/06\/badgalriri-400x500.jpg 400w, https:\/\/graziamagazine.com\/es\/wp-content\/uploads\/sites\/12\/2024\/06\/badgalriri-155x194.jpg 155w\" sizes=\"(max-width: 1350px) 100vw, 1350px\" \/><\/p>\n<p><span lang=\"es-MX\">\u201cSer el nuevo rostro de J\u2019adore es un honor y una misi\u00f3n. Este aroma, el cu\u00e1l he conocido y amado por tanto tiempo, representa mucho para las mujeres. Espec\u00edficamente, estoy ansiosa por unirme a esta aventura y contribuir con mi historia, mis ra\u00edces, as\u00ed como con mi creatividad y mi propia feminidad\u00bb, ha afirmado Rihanna.\u00a0<\/span><\/p>\n<p><span lang=\"es-MX\">\u201cEstamos incre\u00edblemente orgullosos de recibir a Rihanna a la familia Dior. El inusual talento, audacia y cautivadora belleza de esta estrella absoluta son la representaci\u00f3n ideal de la poderosa feminidad de Dior que trasciende generaciones. Definitivamente, Christian Dior la amar\u00eda\u00bb, explica <\/span><span lang=\"es-MX\">V\u00e9ronique Courtois, <\/span>CEO de Parfums Christian Dior.<\/p>\n<p><em>*Im\u00e1genes: cortes\u00eda<\/em><\/p>\n","protected":false},"author":11653,"featured_media":176995,"template":"","format":"standard","categories":[2971],"acf":{"banner":null},"yoast_head":"<!-- This site is optimized with the Yoast SEO Premium plugin v18.5 (Yoast SEO v20.4) - https:\/\/yoast.com\/wordpress\/plugins\/seo\/ -->\n<title>Rihanna nueva musa de Dior J&#039;adore | Grazia<\/title>\n<meta name=\"description\" content=\"El universo Dior crece, concretamente el mundo de perfumes Dior al que llega una nueva celebrity internacional para ser su imagen. La maison anuncia hoy\" \/>\n<meta name=\"robots\" content=\"index, follow, max-snippet:-1, max-image-preview:large, max-video-preview:-1\" \/>\n<link rel=\"canonical\" href=\"https:\/\/graziamagazine.com\/es\/articles\/rihanna-nueva-musa-de-dior-jadore\/\" \/>\n<meta property=\"og:locale\" content=\"es_ES\" \/>\n<meta property=\"og:type\" content=\"article\" \/>\n<meta property=\"og:title\" content=\"Rihanna nueva musa de Dior J&#039;adore\" \/>\n<meta property=\"og:description\" content=\"El universo Dior crece, concretamente el mundo de perfumes Dior al que llega una nueva celebrity internacional para ser su imagen. La maison anuncia hoy\" \/>\n<meta property=\"og:url\" content=\"https:\/\/graziamagazine.com\/es\/articles\/rihanna-nueva-musa-de-dior-jadore\/\" \/>\n<meta property=\"og:site_name\" content=\"Grazia\" \/>\n<meta property=\"og:image\" content=\"https:\/\/graziamagazine.com\/es\/wp-content\/uploads\/sites\/12\/2024\/06\/JPEG-sRGBdior-dreaming-pierremouton-0325-copia.jpg\" \/>\n\t<meta property=\"og:image:width\" content=\"1000\" \/>\n\t<meta property=\"og:image:height\" content=\"563\" \/>\n\t<meta property=\"og:image:type\" content=\"image\/jpeg\" \/>\n<meta name=\"twitter:card\" content=\"summary_large_image\" \/>\n<meta name=\"twitter:label1\" content=\"Est. reading time\" \/>\n\t<meta name=\"twitter:data1\" content=\"2 minutos\" \/>\n<script type=\"application\/ld+json\" class=\"yoast-schema-graph\">{\"@context\":\"https:\/\/schema.org\",\"@graph\":[{\"@type\":\"WebPage\",\"@id\":\"https:\/\/graziamagazine.com\/es\/articles\/rihanna-nueva-musa-de-dior-jadore\/\",\"url\":\"https:\/\/graziamagazine.com\/es\/articles\/rihanna-nueva-musa-de-dior-jadore\/\",\"name\":\"Rihanna nueva musa de Dior J'adore | Grazia\",\"isPartOf\":{\"@id\":\"https:\/\/graziamagazine.com\/es\/#website\"},\"datePublished\":\"2024-06-18T14:54:15+00:00\",\"dateModified\":\"2024-06-18T14:54:15+00:00\",\"description\":\"El universo Dior crece, concretamente el mundo de perfumes Dior al que llega una nueva celebrity internacional para ser su imagen. La maison anuncia hoy\",\"breadcrumb\":{\"@id\":\"https:\/\/graziamagazine.com\/es\/articles\/rihanna-nueva-musa-de-dior-jadore\/#breadcrumb\"},\"inLanguage\":\"es\",\"potentialAction\":[{\"@type\":\"ReadAction\",\"target\":[\"https:\/\/graziamagazine.com\/es\/articles\/rihanna-nueva-musa-de-dior-jadore\/\"]}]},{\"@type\":\"BreadcrumbList\",\"@id\":\"https:\/\/graziamagazine.com\/es\/articles\/rihanna-nueva-musa-de-dior-jadore\/#breadcrumb\",\"itemListElement\":[{\"@type\":\"ListItem\",\"position\":1,\"name\":\"Portada\",\"item\":\"https:\/\/graziamagazine.com\/es\/\"},{\"@type\":\"ListItem\",\"position\":2,\"name\":\"Rihanna nueva musa de Dior J&#8217;adore\"}]},{\"@type\":\"WebSite\",\"@id\":\"https:\/\/graziamagazine.com\/es\/#website\",\"url\":\"https:\/\/graziamagazine.com\/es\/\",\"name\":\"Grazia\",\"description\":\"Moda, belleza, celebrities, estilo de vida...\",\"potentialAction\":[{\"@type\":\"SearchAction\",\"target\":{\"@type\":\"EntryPoint\",\"urlTemplate\":\"https:\/\/graziamagazine.com\/es\/?s={search_term_string}\"},\"query-input\":\"required name=search_term_string\"}],\"inLanguage\":\"es\"}]}<\/script>\n<!-- \/ Yoast SEO Premium plugin. -->","yoast_head_json":{"title":"Rihanna nueva musa de Dior J'adore | Grazia","description":"El universo Dior crece, concretamente el mundo de perfumes Dior al que llega una nueva celebrity internacional para ser su imagen. La maison anuncia hoy","robots":{"index":"index","follow":"follow","max-snippet":"max-snippet:-1","max-image-preview":"max-image-preview:large","max-video-preview":"max-video-preview:-1"},"canonical":"https:\/\/graziamagazine.com\/es\/articles\/rihanna-nueva-musa-de-dior-jadore\/","og_locale":"es_ES","og_type":"article","og_title":"Rihanna nueva musa de Dior J'adore","og_description":"El universo Dior crece, concretamente el mundo de perfumes Dior al que llega una nueva celebrity internacional para ser su imagen. La maison anuncia hoy","og_url":"https:\/\/graziamagazine.com\/es\/articles\/rihanna-nueva-musa-de-dior-jadore\/","og_site_name":"Grazia","og_image":[{"width":1000,"height":563,"url":"https:\/\/graziamagazine.com\/es\/wp-content\/uploads\/sites\/12\/2024\/06\/JPEG-sRGBdior-dreaming-pierremouton-0325-copia.jpg","type":"image\/jpeg"}],"twitter_card":"summary_large_image","twitter_misc":{"Est. reading time":"2 minutos"},"schema":{"@context":"https:\/\/schema.org","@graph":[{"@type":"WebPage","@id":"https:\/\/graziamagazine.com\/es\/articles\/rihanna-nueva-musa-de-dior-jadore\/","url":"https:\/\/graziamagazine.com\/es\/articles\/rihanna-nueva-musa-de-dior-jadore\/","name":"Rihanna nueva musa de Dior J'adore | Grazia","isPartOf":{"@id":"https:\/\/graziamagazine.com\/es\/#website"},"datePublished":"2024-06-18T14:54:15+00:00","dateModified":"2024-06-18T14:54:15+00:00","description":"El universo Dior crece, concretamente el mundo de perfumes Dior al que llega una nueva celebrity internacional para ser su imagen. La maison anuncia hoy","breadcrumb":{"@id":"https:\/\/graziamagazine.com\/es\/articles\/rihanna-nueva-musa-de-dior-jadore\/#breadcrumb"},"inLanguage":"es","potentialAction":[{"@type":"ReadAction","target":["https:\/\/graziamagazine.com\/es\/articles\/rihanna-nueva-musa-de-dior-jadore\/"]}]},{"@type":"BreadcrumbList","@id":"https:\/\/graziamagazine.com\/es\/articles\/rihanna-nueva-musa-de-dior-jadore\/#breadcrumb","itemListElement":[{"@type":"ListItem","position":1,"name":"Portada","item":"https:\/\/graziamagazine.com\/es\/"},{"@type":"ListItem","position":2,"name":"Rihanna nueva musa de Dior J&#8217;adore"}]},{"@type":"WebSite","@id":"https:\/\/graziamagazine.com\/es\/#website","url":"https:\/\/graziamagazine.com\/es\/","name":"Grazia","description":"Moda, belleza, celebrities, estilo de vida...","potentialAction":[{"@type":"SearchAction","target":{"@type":"EntryPoint","urlTemplate":"https:\/\/graziamagazine.com\/es\/?s={search_term_string}"},"query-input":"required name=search_term_string"}],"inLanguage":"es"}]}},"jetpack_sharing_enabled":false,"distributor_meta":false,"distributor_terms":false,"distributor_media":false,"distributor_original_site_name":"Grazia","distributor_original_site_url":"https:\/\/graziamagazine.com\/es","push-errors":false,"_links":{"self":[{"href":"https:\/\/graziamagazine.com\/es\/wp-json\/wp\/v2\/articles\/176992"}],"collection":[{"href":"https:\/\/graziamagazine.com\/es\/wp-json\/wp\/v2\/articles"}],"about":[{"href":"https:\/\/graziamagazine.com\/es\/wp-json\/wp\/v2\/types\/articles"}],"author":[{"embeddable":true,"href":"https:\/\/graziamagazine.com\/es\/wp-json\/wp\/v2\/users\/11653"}],"wp:featuredmedia":[{"embeddable":true,"href":"https:\/\/graziamagazine.com\/es\/wp-json\/wp\/v2\/media\/176995"}],"wp:attachment":[{"href":"https:\/\/graziamagazine.com\/es\/wp-json\/wp\/v2\/media?parent=176992"}],"wp:term":[{"taxonomy":"category","embeddable":true,"href":"https:\/\/graziamagazine.com\/es\/wp-json\/wp\/v2\/categories?post=176992"}],"curies":[{"name":"wp","href":"https:\/\/api.w.org\/{rel}","templated":true}]}}