{"id":176972,"date":"2024-07-01T09:53:33","date_gmt":"2024-07-01T07:53:33","guid":{"rendered":"https:\/\/graziamagazine.com\/es\/?post_type=articles&#038;p=176972"},"modified":"2024-07-01T12:03:50","modified_gmt":"2024-07-01T10:03:50","slug":"consejos-de-experto-para-terminar-con-el-frizz-en-verano","status":"publish","type":"articles","link":"https:\/\/graziamagazine.com\/es\/articles\/consejos-de-experto-para-terminar-con-el-frizz-en-verano\/","title":{"rendered":"Consejos de experto para terminar con el frizz en verano"},"content":{"rendered":"<div class=\"HeaderRenderer_renderer__dpgga\">\n<section class=\"prezly-slate-document\" data-version=\"0.50\">\n<p class=\"Subtitle_subtitle__fvSfR\">Con el verano llega el temido encrespamiento. Y es que el sol, la humedad, la sal y el cloro pueden hacer que tu cabello se vuelva seco, quebradizo y propenso al frizz. Por suerte, l@s expert@s tienen la soluci\u00f3n para que disfrutes de la \u00e9poca estival, sin renunciar a una melena fabulosa.<\/p>\n<h3 class=\"styles_headingTwo__ZQS6u\">\u00bfDe d\u00f3nde sale este encrespamiento?<\/h3>\n<p class=\"styles_paragraph__GiKq6\"><em>\u00abEl gran error que cometemos es no proporcionarle al cabello la hidrataci\u00f3n y la nutrici\u00f3n que precisa. Debemos escoger productos adecuados a sus necesidades espec\u00edficas y\u00a0no olvidarnos del acondicionador, ya que permite que el cabello retenga su propia humedad y facilita el desenredado.\u00a0Otros errores habituales son: abusar de secadores y planchas, exponer el cabello al sol sin protecci\u00f3n, utilizar productos que contienen alcohol (ya que resecan todav\u00eda m\u00e1s la cut\u00edcula), secar el cabello frotando con la toalla (en lugar de envolverlo suavemente) o peinar de forma demasiado en\u00e9rgica\u00bb, <\/em>se\u00f1ala\u00a0<a href=\"https:\/\/www.instagram.com\/llatacarrerapeluqueria\/?hl=es\"class=\"styles_link__gwrpq\"  target=\"_self\" rel=\"noopener noreferrer\" target=\"_blank\">M\u00aa Jos\u00e9 Llata<\/a>,\u00a0Presidenta de Intercoiffure Espa\u00f1a y directora de <a href=\"https:\/\/www.llatacarrera.com\/\"class=\"styles_link__gwrpq\"  target=\"_self\" rel=\"noopener noreferrer\" target=\"_blank\">Peluquer\u00eda Llata Carrer<\/a>a\u00a0(Cantabria).<\/p>\n<h3 class=\"styles_headingTwo__ZQS6u\">Un truco (profesional) extra<\/h3>\n<p class=\"styles_paragraph__GiKq6\"><em>\u00abSi queremos combatir el encrespamiento nuestro cabello debe estar bien hidratado. Pero, si a pesar de estar hidratado sigue apareciendo frizz, podemos ayudarnos con este truco:\u00a0<\/em><em>con el cabello totalmente mojado y antes de aplicar nuestros geles de definici\u00f3n, aplicaremos un poco de aceite seco, como nuestro<\/em><em>\u00a0<\/em><a href=\"https:\/\/www.camposcurlyhair.com\/producto\/aceite-seco-oleum\/\"class=\"styles_link__gwrpq\"  target=\"_self\" rel=\"noopener noreferrer\" target=\"_blank\"><em>Oleum CCH<\/em><\/a><u><em>.<\/em><\/u><em>\u00a0Despu\u00e9s de aplicar los geles, pondremos un pel\u00edn m\u00e1s de aceite seco en nuestra mano y haremos un poco de pulsing. De esta manera conseguiremos sellar totalmente la hidrataci\u00f3n y evitaremos bastante el encrespamiento\u00bb<\/em>, recomienda\u00a0<a href=\"https:\/\/www.instagram.com\/camposcurlyhair\/?hl=es\"class=\"styles_link__gwrpq\"  target=\"_self\" rel=\"noopener noreferrer\" target=\"_blank\">Conchi Arias<\/a>,\u00a0fundadora de\u00a0<a href=\"https:\/\/www.camposcurlyhair.com\/\"class=\"styles_link__gwrpq\"  target=\"_self\" rel=\"noopener noreferrer\" target=\"_blank\">Campos Curlyhair<\/a>, en Granada y creadora de la l\u00ednea\u00a0<a href=\"https:\/\/www.camposcurlyhair.com\/producto\/gel-anti-frizz\/\"class=\"styles_link__gwrpq\"  target=\"_self\" rel=\"noopener noreferrer\" target=\"_blank\">CCH by Campos Curlyhair<\/a>.<\/p>\n<h3 class=\"styles_headingTwo__ZQS6u\">Peinados anti encrespamiento<\/h3>\n<p class=\"styles_paragraph__GiKq6\"><em>\u00abSi tenemos el cabello encrespado y no sabemos qu\u00e9 hacer con \u00e9l, podemos optar por peinados que nos ayuden a controlarlo de forma f\u00e1cil y s\u00faper favorecedora. De cara al verano,<\/em><em>los estilos favoritos para disimular el frizz son los recogidos messy, que podemos acompa\u00f1ar de un pa\u00f1uelo colorido o una cinta noventera, muy en tendencia este temporada.\u00a0<\/em><em>Los estilos wet, tanto recogidos como sueltos, son otra opci\u00f3n infalible y, adem\u00e1s, nos aportan un plus de sofisticaci\u00f3n. Para trabajarlos, usa un producto de fijaci\u00f3n fuerte y efecto mojado. Y en esta lista no pueden faltar las trenzas, especialmente en versi\u00f3n XL<\/em>, sugiere<strong>\u00a0<\/strong><a href=\"https:\/\/www.instagram.com\/miguelbling\/?hl=es\"class=\"styles_link__gwrpq\"  target=\"_self\" rel=\"noopener noreferrer\" target=\"_blank\">Miguel Bling<\/a>, peluquero, maquillador y director de\u00a0<a href=\"https:\/\/www.youglowsalon.com\/\"class=\"styles_link__gwrpq\"  target=\"_self\" rel=\"noopener noreferrer\" target=\"_blank\">You Glow Salon<\/a>, en Madrid.<\/p>\n<h3>productos anti frizz<\/h3>\n<p class=\"heading heading--page product-view__title\" data-ui-id=\"page-title-wrapper\"><strong><span class=\"titulo_producto\">Kuku\u00ed Oil Champ\u00fa Anti-Encrespamiento, de OGX<\/span><\/strong><\/p>\n<p data-ui-id=\"page-title-wrapper\">Contiene una f\u00f3rmula resistente a la humedad para dar suavidad y dejar una textura sedosa en el pelo. <a href=\"https:\/\/www.primor.eu\/es_es\/ogx-kukui-oil-champu-anti-encrespamiento-9109.html\" target=\"_blank\">Su precio ahora en Primor es de 5,98 euros.\u00a0<\/a><\/p>\n<p data-ui-id=\"page-title-wrapper\"><img loading=\"lazy\" decoding=\"async\" class=\"aligncenter wp-image-176977 size-full\" src=\"https:\/\/graziamagazine.com\/es\/wp-content\/uploads\/sites\/12\/2024\/06\/22796974211_imagen_principal_6ff1-1-copia-e1718696032556.jpg\" alt=\"\" width=\"500\" height=\"500\" \/><\/p>\n<p><strong>Miracle Water, de Moncho Moreno<\/strong><\/p>\n<div class=\"product__subheading\">\n<p>Acondicionador anti-frizz a base de semillas de moringa y \u00e1cido hialur\u00f3nico. <a href=\"https:\/\/monchomoreno.com\/collections\/moncho-moreno\/products\/miracle-water?variant=43433216508152\" target=\"_blank\">Su precio es de 39,90 euros<\/a>\u00a0en Moncho Moreno.<\/p>\n<p><img loading=\"lazy\" decoding=\"async\" class=\"aligncenter wp-image-176976 size-full\" src=\"https:\/\/graziamagazine.com\/es\/wp-content\/uploads\/sites\/12\/2024\/06\/Captura-de-pantalla-2024-06-18-a-las-0.14.53-e1718662548738.png\" alt=\"\" width=\"700\" height=\"581\" \/><\/p>\n<\/div>\n<p id=\"elvive-dream-long-stop-frizz-serum-anti-encrespamiento-sin-aclarado\" class=\"wp-block-heading\"><strong>Elvive Dream Long Stop Frizz<\/strong><\/p>\n<p class=\"wp-block-heading\">S\u00e9rum anti-encrespamiento sin aclarado, con queratina vegetal y manteca de cacao, este s\u00e9rum antiencrespamiento sin aclarado para cabello largo, alarga tu melena hasta 4 cm y protege hasta 230\u00baC. <a href=\"https:\/\/www.primor.eu\/es_es\/l-oreal-paris-elvive-dream-long-stop-frizz-serum-anti-encrespamiento-sin-aclarado-8466.html\" target=\"_blank\">Su precio es de 4,50 euros<\/a>\u00a0en Primor.<\/p>\n<p><img loading=\"lazy\" decoding=\"async\" class=\"aligncenter size-full wp-image-176974\" src=\"https:\/\/graziamagazine.com\/es\/wp-content\/uploads\/sites\/12\/2024\/06\/91957OriginalImage-pdpFormat.jpeg\" alt=\"\" width=\"400\" height=\"400\" srcset=\"https:\/\/graziamagazine.com\/es\/wp-content\/uploads\/sites\/12\/2024\/06\/91957OriginalImage-pdpFormat.jpeg 400w, https:\/\/graziamagazine.com\/es\/wp-content\/uploads\/sites\/12\/2024\/06\/91957OriginalImage-pdpFormat-300x300.jpeg 300w, https:\/\/graziamagazine.com\/es\/wp-content\/uploads\/sites\/12\/2024\/06\/91957OriginalImage-pdpFormat-150x150.jpeg 150w, https:\/\/graziamagazine.com\/es\/wp-content\/uploads\/sites\/12\/2024\/06\/91957OriginalImage-pdpFormat-155x155.jpeg 155w\" sizes=\"(max-width: 400px) 100vw, 400px\" \/><\/p>\n<p><strong>Aceite en seco Oleum, de CCH\u00a0<\/strong><\/p>\n<p>Este aceite multifunci\u00f3n sirve como protector capilar oleoso, \u00a0para equilibrar los cueros cabelludos secos, ayuda a que no se deshidrate tu cabello al crear una pel\u00edcula oleosa que lo recubre. <a href=\"https:\/\/www.camposcurlyhair.com\/producto\/aceite-seco-oleum\/\" target=\"_blank\">Su precio es de 38,90 euros en Campos Curly Hair<\/a>.<\/p>\n<p><strong>Moisturizer Curl Cream, de Rulls<\/strong><\/p>\n<p>Hidrata, aporta brillo y reduce el encrespamiento de tus rizos con nuestro acondicionador sin aclarado. <a href=\"https:\/\/rulls.es\/collections\/acondicionador\/products\/mosturizer-curl-cream\" target=\"_blank\">Su precio es de 21,90 euros.\u00a0<\/a><\/p>\n<div class=\"\"><img loading=\"lazy\" decoding=\"async\" class=\"aligncenter size-full wp-image-176978\" src=\"https:\/\/graziamagazine.com\/es\/wp-content\/uploads\/sites\/12\/2024\/06\/7003180-copia.jpg\" alt=\"\" width=\"600\" height=\"600\" srcset=\"https:\/\/graziamagazine.com\/es\/wp-content\/uploads\/sites\/12\/2024\/06\/7003180-copia.jpg 600w, https:\/\/graziamagazine.com\/es\/wp-content\/uploads\/sites\/12\/2024\/06\/7003180-copia-300x300.jpg 300w, https:\/\/graziamagazine.com\/es\/wp-content\/uploads\/sites\/12\/2024\/06\/7003180-copia-150x150.jpg 150w, https:\/\/graziamagazine.com\/es\/wp-content\/uploads\/sites\/12\/2024\/06\/7003180-copia-400x400.jpg 400w, https:\/\/graziamagazine.com\/es\/wp-content\/uploads\/sites\/12\/2024\/06\/7003180-copia-155x155.jpg 155w\" sizes=\"(max-width: 600px) 100vw, 600px\" \/><\/div>\n<div>\n<p><strong>Bruma Anti-Encrespamiento, de Moroccanoil<\/strong><\/p>\n<p>Bruma ligera que act\u00faa sobre la fibra capilar para combatir la humedad y el encrespamiento. Su precio es de 29,99 \u20ac, en <a href=\"https:\/\/tracking.launchmetrics.com\/?ref=LhQAAGEjDxuIVlVRVhoi3HeTqG2vO5BlAQAAABwWhe5ip-fZ9sLw-O5JqkWV-RJJAPhSsLo-VmCOD5v461Bri-JqOi7TYP6npoGgg5mEdV9dn4SJkPWVNtLC9jocmOkDutBdd-mlLFOEpHnXU-WbXjB2lq_7FjBWECOHVptB2lRL3UEAJMWy1mVieKyPnByA8fq-pIZE9bCNeqxC1WuFUF8YvI3S3ThdnabwrsTicEbo4nzxJE2NhDTojRlkNj4BSldpe7LBdWCUhwROBaJf287dkxqY3K4zNr01IxrjHIiUSNbzlLQ84sRGO6HXV6frilJsf5NT3b9o5cZhlgLuC95d5omBoCCQS72p-GGzXSIsMsHZnvslcs4bOvE\" rel=\"noopener noreferrer\" data-auth=\"NotApplicable\" data-linkindex=\"6\" target=\"_blank\">Sephora<\/a><\/p>\n<p><img loading=\"lazy\" decoding=\"async\" class=\"aligncenter wp-image-177275 size-full\" src=\"https:\/\/graziamagazine.com\/es\/wp-content\/uploads\/sites\/12\/2024\/06\/Bruma-Anti-Encrespamiento-MOROCCANOIL-e1719828123261.jpg\" alt=\"\" width=\"800\" height=\"800\" \/><\/p>\n<p><strong>El m\u00edtico Hair Oil, de <\/strong><strong>GISOU<\/strong><\/p>\n<p>Elixir para el cabello que aprovecha las propiedades hidratantes naturales de la miel de Mirsalehi, de la que est\u00e1 enriquecido, para restaurar y reparar el cabello seco y da\u00f1ado, proporcionarle nutrici\u00f3n e hidrataci\u00f3n y controlar el encrespamiento. Su precio es de 22,99 \u20ac, solo en\u00a0<a href=\"https:\/\/tracking.launchmetrics.com\/?ref=LhQAAKudiQzouxvTWsbnQHP_bdzpTpY0AQAAABwWhe5ip-fZ9sLw-O5JqkWV-RJJAPhSsLo-VmCOD5v461Bri-JqOi7TYP6npoGgg5mEdV9dn4SJkPWVNtLC9jocmOkDutBdd-mlLFOEpHnXU-WbXjB2lq_7FjBWECOHVveM7xK0OcqhheKaqqP4G41L216I8gP6F1y8QRCcmrbBhd8nu0snNpIgdiP2LPu78f5dm_V1hxShLiV7Yaxi_HcszwTWagbXSMuKghljvJcWrc2Jl7w5LY6NHWNZU_w86SRkJwklpH4T2EAHL5OjAvXycSwapvEoxQFLlMrTsG-xzL6Njx_fWedCFZSMqIvE77a6IlhzX0eYbGRV_LoFiuo_EB5Snyb9DZnus_XDUVm1-1BNP1wZAWkkQS1c-BeXRH4naMDKnzF5g4_Et7AXXvGZZoNysv42pAwzG2S8zYU23Yu6rcH4Mq5ous--Jgv79lSHEAX5MdprhAOLpdhGMLc\" rel=\"noopener noreferrer\" data-auth=\"NotApplicable\" data-linkindex=\"4\" target=\"_blank\">Sephora<\/a><\/p>\n<p><img loading=\"lazy\" decoding=\"async\" class=\"aligncenter size-full wp-image-177276\" src=\"https:\/\/graziamagazine.com\/es\/wp-content\/uploads\/sites\/12\/2024\/06\/Hair-Oil-GISOU.jpg\" alt=\"\" width=\"1500\" height=\"1500\" srcset=\"https:\/\/graziamagazine.com\/es\/wp-content\/uploads\/sites\/12\/2024\/06\/Hair-Oil-GISOU.jpg 1500w, https:\/\/graziamagazine.com\/es\/wp-content\/uploads\/sites\/12\/2024\/06\/Hair-Oil-GISOU-300x300.jpg 300w, https:\/\/graziamagazine.com\/es\/wp-content\/uploads\/sites\/12\/2024\/06\/Hair-Oil-GISOU-1024x1024.jpg 1024w, https:\/\/graziamagazine.com\/es\/wp-content\/uploads\/sites\/12\/2024\/06\/Hair-Oil-GISOU-150x150.jpg 150w, https:\/\/graziamagazine.com\/es\/wp-content\/uploads\/sites\/12\/2024\/06\/Hair-Oil-GISOU-768x768.jpg 768w, https:\/\/graziamagazine.com\/es\/wp-content\/uploads\/sites\/12\/2024\/06\/Hair-Oil-GISOU-400x400.jpg 400w, https:\/\/graziamagazine.com\/es\/wp-content\/uploads\/sites\/12\/2024\/06\/Hair-Oil-GISOU-155x155.jpg 155w\" sizes=\"(max-width: 1500px) 100vw, 1500px\" \/><\/p>\n<\/div>\n<p><em>*Im\u00e1genes: Pexels y cortes\u00eda<\/em><\/p>\n<\/section>\n<\/div>\n","protected":false},"author":11653,"featured_media":176981,"template":"","format":"standard","categories":[3054],"acf":[],"yoast_head":"<!-- This site is optimized with the Yoast SEO Premium plugin v18.5 (Yoast SEO v20.4) - https:\/\/yoast.com\/wordpress\/plugins\/seo\/ -->\n<title>Consejos de experto para terminar con el frizz en verano<\/title>\n<meta name=\"description\" content=\"Con el verano llega el temido encrespamiento. Y es que el sol, la humedad, la sal y el cloro pueden hacer que tu cabello se vuelva seco, quebradizo y\" \/>\n<meta name=\"robots\" content=\"index, follow, max-snippet:-1, max-image-preview:large, max-video-preview:-1\" \/>\n<link rel=\"canonical\" href=\"https:\/\/graziamagazine.com\/es\/articles\/consejos-de-experto-para-terminar-con-el-frizz-en-verano\/\" \/>\n<meta property=\"og:locale\" content=\"es_ES\" \/>\n<meta property=\"og:type\" content=\"article\" \/>\n<meta property=\"og:title\" content=\"Consejos de experto para terminar con el frizz en verano\" \/>\n<meta property=\"og:description\" content=\"Con el verano llega el temido encrespamiento. Y es que el sol, la humedad, la sal y el cloro pueden hacer que tu cabello se vuelva seco, quebradizo y\" \/>\n<meta property=\"og:url\" content=\"https:\/\/graziamagazine.com\/es\/articles\/consejos-de-experto-para-terminar-con-el-frizz-en-verano\/\" \/>\n<meta property=\"og:site_name\" content=\"Grazia\" \/>\n<meta property=\"article:modified_time\" content=\"2024-07-01T10:03:50+00:00\" \/>\n<meta property=\"og:image\" content=\"https:\/\/graziamagazine.com\/es\/wp-content\/uploads\/sites\/12\/2024\/06\/frizz.jpg\" \/>\n\t<meta property=\"og:image:width\" content=\"1170\" \/>\n\t<meta property=\"og:image:height\" content=\"966\" \/>\n\t<meta property=\"og:image:type\" content=\"image\/jpeg\" \/>\n<meta name=\"twitter:card\" content=\"summary_large_image\" \/>\n<meta name=\"twitter:label1\" content=\"Est. reading time\" \/>\n\t<meta name=\"twitter:data1\" content=\"5 minutos\" \/>\n<script type=\"application\/ld+json\" class=\"yoast-schema-graph\">{\"@context\":\"https:\/\/schema.org\",\"@graph\":[{\"@type\":\"WebPage\",\"@id\":\"https:\/\/graziamagazine.com\/es\/articles\/consejos-de-experto-para-terminar-con-el-frizz-en-verano\/\",\"url\":\"https:\/\/graziamagazine.com\/es\/articles\/consejos-de-experto-para-terminar-con-el-frizz-en-verano\/\",\"name\":\"Consejos de experto para terminar con el frizz en verano\",\"isPartOf\":{\"@id\":\"https:\/\/graziamagazine.com\/es\/#website\"},\"datePublished\":\"2024-07-01T07:53:33+00:00\",\"dateModified\":\"2024-07-01T10:03:50+00:00\",\"description\":\"Con el verano llega el temido encrespamiento. Y es que el sol, la humedad, la sal y el cloro pueden hacer que tu cabello se vuelva seco, quebradizo y\",\"breadcrumb\":{\"@id\":\"https:\/\/graziamagazine.com\/es\/articles\/consejos-de-experto-para-terminar-con-el-frizz-en-verano\/#breadcrumb\"},\"inLanguage\":\"es\",\"potentialAction\":[{\"@type\":\"ReadAction\",\"target\":[\"https:\/\/graziamagazine.com\/es\/articles\/consejos-de-experto-para-terminar-con-el-frizz-en-verano\/\"]}]},{\"@type\":\"BreadcrumbList\",\"@id\":\"https:\/\/graziamagazine.com\/es\/articles\/consejos-de-experto-para-terminar-con-el-frizz-en-verano\/#breadcrumb\",\"itemListElement\":[{\"@type\":\"ListItem\",\"position\":1,\"name\":\"Portada\",\"item\":\"https:\/\/graziamagazine.com\/es\/\"},{\"@type\":\"ListItem\",\"position\":2,\"name\":\"Consejos de experto para terminar con el frizz en verano\"}]},{\"@type\":\"WebSite\",\"@id\":\"https:\/\/graziamagazine.com\/es\/#website\",\"url\":\"https:\/\/graziamagazine.com\/es\/\",\"name\":\"Grazia\",\"description\":\"Moda, belleza, celebrities, estilo de vida...\",\"potentialAction\":[{\"@type\":\"SearchAction\",\"target\":{\"@type\":\"EntryPoint\",\"urlTemplate\":\"https:\/\/graziamagazine.com\/es\/?s={search_term_string}\"},\"query-input\":\"required name=search_term_string\"}],\"inLanguage\":\"es\"}]}<\/script>\n<!-- \/ Yoast SEO Premium plugin. -->","yoast_head_json":{"title":"Consejos de experto para terminar con el frizz en verano","description":"Con el verano llega el temido encrespamiento. Y es que el sol, la humedad, la sal y el cloro pueden hacer que tu cabello se vuelva seco, quebradizo y","robots":{"index":"index","follow":"follow","max-snippet":"max-snippet:-1","max-image-preview":"max-image-preview:large","max-video-preview":"max-video-preview:-1"},"canonical":"https:\/\/graziamagazine.com\/es\/articles\/consejos-de-experto-para-terminar-con-el-frizz-en-verano\/","og_locale":"es_ES","og_type":"article","og_title":"Consejos de experto para terminar con el frizz en verano","og_description":"Con el verano llega el temido encrespamiento. Y es que el sol, la humedad, la sal y el cloro pueden hacer que tu cabello se vuelva seco, quebradizo y","og_url":"https:\/\/graziamagazine.com\/es\/articles\/consejos-de-experto-para-terminar-con-el-frizz-en-verano\/","og_site_name":"Grazia","article_modified_time":"2024-07-01T10:03:50+00:00","og_image":[{"width":1170,"height":966,"url":"https:\/\/graziamagazine.com\/es\/wp-content\/uploads\/sites\/12\/2024\/06\/frizz.jpg","type":"image\/jpeg"}],"twitter_card":"summary_large_image","twitter_misc":{"Est. reading time":"5 minutos"},"schema":{"@context":"https:\/\/schema.org","@graph":[{"@type":"WebPage","@id":"https:\/\/graziamagazine.com\/es\/articles\/consejos-de-experto-para-terminar-con-el-frizz-en-verano\/","url":"https:\/\/graziamagazine.com\/es\/articles\/consejos-de-experto-para-terminar-con-el-frizz-en-verano\/","name":"Consejos de experto para terminar con el frizz en verano","isPartOf":{"@id":"https:\/\/graziamagazine.com\/es\/#website"},"datePublished":"2024-07-01T07:53:33+00:00","dateModified":"2024-07-01T10:03:50+00:00","description":"Con el verano llega el temido encrespamiento. Y es que el sol, la humedad, la sal y el cloro pueden hacer que tu cabello se vuelva seco, quebradizo y","breadcrumb":{"@id":"https:\/\/graziamagazine.com\/es\/articles\/consejos-de-experto-para-terminar-con-el-frizz-en-verano\/#breadcrumb"},"inLanguage":"es","potentialAction":[{"@type":"ReadAction","target":["https:\/\/graziamagazine.com\/es\/articles\/consejos-de-experto-para-terminar-con-el-frizz-en-verano\/"]}]},{"@type":"BreadcrumbList","@id":"https:\/\/graziamagazine.com\/es\/articles\/consejos-de-experto-para-terminar-con-el-frizz-en-verano\/#breadcrumb","itemListElement":[{"@type":"ListItem","position":1,"name":"Portada","item":"https:\/\/graziamagazine.com\/es\/"},{"@type":"ListItem","position":2,"name":"Consejos de experto para terminar con el frizz en verano"}]},{"@type":"WebSite","@id":"https:\/\/graziamagazine.com\/es\/#website","url":"https:\/\/graziamagazine.com\/es\/","name":"Grazia","description":"Moda, belleza, celebrities, estilo de vida...","potentialAction":[{"@type":"SearchAction","target":{"@type":"EntryPoint","urlTemplate":"https:\/\/graziamagazine.com\/es\/?s={search_term_string}"},"query-input":"required name=search_term_string"}],"inLanguage":"es"}]}},"jetpack_sharing_enabled":true,"distributor_meta":false,"distributor_terms":false,"distributor_media":false,"distributor_original_site_name":"Grazia","distributor_original_site_url":"https:\/\/graziamagazine.com\/es","push-errors":false,"_links":{"self":[{"href":"https:\/\/graziamagazine.com\/es\/wp-json\/wp\/v2\/articles\/176972"}],"collection":[{"href":"https:\/\/graziamagazine.com\/es\/wp-json\/wp\/v2\/articles"}],"about":[{"href":"https:\/\/graziamagazine.com\/es\/wp-json\/wp\/v2\/types\/articles"}],"author":[{"embeddable":true,"href":"https:\/\/graziamagazine.com\/es\/wp-json\/wp\/v2\/users\/11653"}],"wp:featuredmedia":[{"embeddable":true,"href":"https:\/\/graziamagazine.com\/es\/wp-json\/wp\/v2\/media\/176981"}],"wp:attachment":[{"href":"https:\/\/graziamagazine.com\/es\/wp-json\/wp\/v2\/media?parent=176972"}],"wp:term":[{"taxonomy":"category","embeddable":true,"href":"https:\/\/graziamagazine.com\/es\/wp-json\/wp\/v2\/categories?post=176972"}],"curies":[{"name":"wp","href":"https:\/\/api.w.org\/{rel}","templated":true}]}}