{"id":176865,"date":"2024-06-14T09:00:20","date_gmt":"2024-06-14T07:00:20","guid":{"rendered":"https:\/\/graziamagazine.com\/es\/?post_type=articles&#038;p=176865"},"modified":"2024-06-14T01:18:27","modified_gmt":"2024-06-13T23:18:27","slug":"bimba-y-lola-x-melissa-la-colaboracion-mas-veraniega-de-la-temporada","status":"publish","type":"articles","link":"https:\/\/graziamagazine.com\/es\/articles\/bimba-y-lola-x-melissa-la-colaboracion-mas-veraniega-de-la-temporada\/","title":{"rendered":"Bimba y Lola x Melissa, la colaboraci\u00f3n m\u00e1s veraniega de la temporada"},"content":{"rendered":"<p>\u00bfPuede haber algo m\u00e1s veraniego que unas cangrejeras? Sin duda son el calzado que nos regresa a nuestra infancia y a otras \u00e9pocas m\u00e1s retro, y que cada vez se impone m\u00e1s en los veranos actuales. Bimba y Lola se une a Melissa, la firma brasile\u00f1a fundada en 1979 que se ha consolidado como uno de los l\u00edderes mundiales en calzado sostenible, gracias al uso de su innovador y famoso material Melflex\u00ae, que adem\u00e1s es reciclable, vegano y altamente flexible.<\/p>\n<p>Su compromiso con el medio ambiente va de la mano con una b\u00fasqueda constante de nuevas y originales formas de expresi\u00f3n. Y eso es, precisamente, lo que ha encontrado con\u00a0<span class=\"marko80evmu9s\" data-markjs=\"true\" data-ogac=\"\" data-ogab=\"\" data-ogsc=\"\" data-ogsb=\"\">BIMBA<\/span>\u00a0Y LOLA: una combinaci\u00f3n ideal entre feminidad y versatilidad, modernidad y clasicismo.<\/p>\n<p><img loading=\"lazy\" decoding=\"async\" class=\"aligncenter size-full wp-image-176867\" src=\"https:\/\/graziamagazine.com\/es\/wp-content\/uploads\/sites\/12\/2024\/06\/24667491-0d53-2553-b676-e161915e63e3-copia-scaled.jpeg\" alt=\"\" width=\"2560\" height=\"2074\" srcset=\"https:\/\/graziamagazine.com\/es\/wp-content\/uploads\/sites\/12\/2024\/06\/24667491-0d53-2553-b676-e161915e63e3-copia-scaled.jpeg 2560w, https:\/\/graziamagazine.com\/es\/wp-content\/uploads\/sites\/12\/2024\/06\/24667491-0d53-2553-b676-e161915e63e3-copia-300x243.jpeg 300w, https:\/\/graziamagazine.com\/es\/wp-content\/uploads\/sites\/12\/2024\/06\/24667491-0d53-2553-b676-e161915e63e3-copia-1024x830.jpeg 1024w, https:\/\/graziamagazine.com\/es\/wp-content\/uploads\/sites\/12\/2024\/06\/24667491-0d53-2553-b676-e161915e63e3-copia-768x622.jpeg 768w, https:\/\/graziamagazine.com\/es\/wp-content\/uploads\/sites\/12\/2024\/06\/24667491-0d53-2553-b676-e161915e63e3-copia-1536x1244.jpeg 1536w, https:\/\/graziamagazine.com\/es\/wp-content\/uploads\/sites\/12\/2024\/06\/24667491-0d53-2553-b676-e161915e63e3-copia-2048x1659.jpeg 2048w, https:\/\/graziamagazine.com\/es\/wp-content\/uploads\/sites\/12\/2024\/06\/24667491-0d53-2553-b676-e161915e63e3-copia-400x324.jpeg 400w, https:\/\/graziamagazine.com\/es\/wp-content\/uploads\/sites\/12\/2024\/06\/24667491-0d53-2553-b676-e161915e63e3-copia-155x126.jpeg 155w\" sizes=\"(max-width: 2560px) 100vw, 2560px\" \/><\/p>\n<p>Ambas marcas han lanzada Bimba y Lola x Melissa, una c\u00e1psula que explora el ADN de ellas y y en la que encontramos 4 bolsos y 3 sandalias tipo cangrejeras <em>glossy<\/em>. La cesta, multifuncional, es perfecta para ir al mercado, la playa o lo que te apetezca y est\u00e1 inspirada en el archivo de la marca espa\u00f1ola. La elecci\u00f3n ideal para los amantes del buen dise\u00f1o combina el ic\u00f3nico aroma tutti-frutti de MELISSA con la versatilidad de los bolsos de\u00a0<span class=\"markctlgitzie\" data-markjs=\"true\" data-ogac=\"\" data-ogab=\"\" data-ogsc=\"\" data-ogsb=\"\">BIMBA<\/span>\u00a0Y LOLA. Este Jelly Shopper <a href=\"https:\/\/www.bimbaylola.com\/es_es\/bolso-jelly-shopper-melissa-bimba-y-lola-azul-241BBZJ1L.10400.html\" target=\"_blank\">est\u00e1 disponible en negro, verde lima, rosa y azul, su precio es de 92 euros<\/a>.<\/p>\n<p><img loading=\"lazy\" decoding=\"async\" class=\"aligncenter size-full wp-image-176868\" src=\"https:\/\/graziamagazine.com\/es\/wp-content\/uploads\/sites\/12\/2024\/06\/BIMBAYLOLA_MELISSA_009-copia.jpeg\" alt=\"\" width=\"2048\" height=\"2500\" srcset=\"https:\/\/graziamagazine.com\/es\/wp-content\/uploads\/sites\/12\/2024\/06\/BIMBAYLOLA_MELISSA_009-copia.jpeg 2048w, https:\/\/graziamagazine.com\/es\/wp-content\/uploads\/sites\/12\/2024\/06\/BIMBAYLOLA_MELISSA_009-copia-246x300.jpeg 246w, https:\/\/graziamagazine.com\/es\/wp-content\/uploads\/sites\/12\/2024\/06\/BIMBAYLOLA_MELISSA_009-copia-839x1024.jpeg 839w, https:\/\/graziamagazine.com\/es\/wp-content\/uploads\/sites\/12\/2024\/06\/BIMBAYLOLA_MELISSA_009-copia-768x938.jpeg 768w, https:\/\/graziamagazine.com\/es\/wp-content\/uploads\/sites\/12\/2024\/06\/BIMBAYLOLA_MELISSA_009-copia-1258x1536.jpeg 1258w, https:\/\/graziamagazine.com\/es\/wp-content\/uploads\/sites\/12\/2024\/06\/BIMBAYLOLA_MELISSA_009-copia-1678x2048.jpeg 1678w, https:\/\/graziamagazine.com\/es\/wp-content\/uploads\/sites\/12\/2024\/06\/BIMBAYLOLA_MELISSA_009-copia-400x488.jpeg 400w, https:\/\/graziamagazine.com\/es\/wp-content\/uploads\/sites\/12\/2024\/06\/BIMBAYLOLA_MELISSA_009-copia-155x189.jpeg 155w\" sizes=\"(max-width: 2048px) 100vw, 2048px\" \/><\/p>\n<p>La colecci\u00f3n se completa con las sandalias cangrejeras que son una reinterpretaci\u00f3n del ic\u00f3nico modelo Possesion de Melissa, dise\u00f1adas para llevar la innovaci\u00f3n y la comodidad a cada paso. <a href=\"https:\/\/www.bimbaylola.com\/es_es\/sandalia-jelly-melissa-bimba-y-lola-en-color-azul-241BZ2609.11446_DL4.html\" target=\"_blank\">Puedes elegirlas en tres colores, azul iridiscente, salm\u00f3n y negro y su precio es de 82 euros.\u00a0<\/a><\/p>\n<div class=\"content-gallery\"><div class=\"gallery-placeholder\"><div class=\"spinner\"><\/div><\/div><span class=\"gallery-pagination\"><\/span><div id=\"gallery-1\" class=\"gallery galleryid-176865 gallery-columns- gallery-size-\"><figure class=\"gallery-item\"><div class=\"gallery-icon landscape\"><img loading=\"lazy\" decoding=\"async\" width=\"1044\" height=\"864\" src=\"https:\/\/graziamagazine.com\/es\/wp-content\/uploads\/sites\/12\/2024\/06\/241BZ2609_12227_D_4-copia-e1718320532709.jpg\" class=\"lazy\" alt=\"\" srcset=\"https:\/\/graziamagazine.com\/es\/wp-content\/uploads\/sites\/12\/2024\/06\/241BZ2609_12227_D_4-copia-e1718320532709.jpg 1044w, https:\/\/graziamagazine.com\/es\/wp-content\/uploads\/sites\/12\/2024\/06\/241BZ2609_12227_D_4-copia-e1718320532709-300x248.jpg 300w, https:\/\/graziamagazine.com\/es\/wp-content\/uploads\/sites\/12\/2024\/06\/241BZ2609_12227_D_4-copia-e1718320532709-1024x847.jpg 1024w, https:\/\/graziamagazine.com\/es\/wp-content\/uploads\/sites\/12\/2024\/06\/241BZ2609_12227_D_4-copia-e1718320532709-768x636.jpg 768w, https:\/\/graziamagazine.com\/es\/wp-content\/uploads\/sites\/12\/2024\/06\/241BZ2609_12227_D_4-copia-e1718320532709-400x331.jpg 400w, https:\/\/graziamagazine.com\/es\/wp-content\/uploads\/sites\/12\/2024\/06\/241BZ2609_12227_D_4-copia-e1718320532709-155x128.jpg 155w\" sizes=\"(max-width: 1044px) 100vw, 1044px\" \/><\/div><\/figure><figure class=\"gallery-item\"><div class=\"gallery-icon landscape\"><img loading=\"lazy\" decoding=\"async\" width=\"1053\" height=\"907\" src=\"https:\/\/graziamagazine.com\/es\/wp-content\/uploads\/sites\/12\/2024\/06\/241BZ2609_10000_D_4-copia-e1718320546454.jpg\" class=\"lazy\" alt=\"\" srcset=\"https:\/\/graziamagazine.com\/es\/wp-content\/uploads\/sites\/12\/2024\/06\/241BZ2609_10000_D_4-copia-e1718320546454.jpg 1053w, https:\/\/graziamagazine.com\/es\/wp-content\/uploads\/sites\/12\/2024\/06\/241BZ2609_10000_D_4-copia-e1718320546454-300x258.jpg 300w, https:\/\/graziamagazine.com\/es\/wp-content\/uploads\/sites\/12\/2024\/06\/241BZ2609_10000_D_4-copia-e1718320546454-1024x882.jpg 1024w, https:\/\/graziamagazine.com\/es\/wp-content\/uploads\/sites\/12\/2024\/06\/241BZ2609_10000_D_4-copia-e1718320546454-768x662.jpg 768w, https:\/\/graziamagazine.com\/es\/wp-content\/uploads\/sites\/12\/2024\/06\/241BZ2609_10000_D_4-copia-e1718320546454-400x345.jpg 400w, https:\/\/graziamagazine.com\/es\/wp-content\/uploads\/sites\/12\/2024\/06\/241BZ2609_10000_D_4-copia-e1718320546454-155x134.jpg 155w\" sizes=\"(max-width: 1053px) 100vw, 1053px\" \/><\/div><\/figure><figure class=\"gallery-item\"><div class=\"gallery-icon landscape\"><img loading=\"lazy\" decoding=\"async\" width=\"1058\" height=\"920\" src=\"https:\/\/graziamagazine.com\/es\/wp-content\/uploads\/sites\/12\/2024\/06\/241BZ2609_11446_DL4_D_4-copia-e1718320559860.jpg\" class=\"lazy\" alt=\"\" srcset=\"https:\/\/graziamagazine.com\/es\/wp-content\/uploads\/sites\/12\/2024\/06\/241BZ2609_11446_DL4_D_4-copia-e1718320559860.jpg 1058w, https:\/\/graziamagazine.com\/es\/wp-content\/uploads\/sites\/12\/2024\/06\/241BZ2609_11446_DL4_D_4-copia-e1718320559860-300x261.jpg 300w, https:\/\/graziamagazine.com\/es\/wp-content\/uploads\/sites\/12\/2024\/06\/241BZ2609_11446_DL4_D_4-copia-e1718320559860-1024x890.jpg 1024w, https:\/\/graziamagazine.com\/es\/wp-content\/uploads\/sites\/12\/2024\/06\/241BZ2609_11446_DL4_D_4-copia-e1718320559860-768x668.jpg 768w, https:\/\/graziamagazine.com\/es\/wp-content\/uploads\/sites\/12\/2024\/06\/241BZ2609_11446_DL4_D_4-copia-e1718320559860-400x348.jpg 400w, https:\/\/graziamagazine.com\/es\/wp-content\/uploads\/sites\/12\/2024\/06\/241BZ2609_11446_DL4_D_4-copia-e1718320559860-155x135.jpg 155w\" sizes=\"(max-width: 1058px) 100vw, 1058px\" \/><\/div><\/figure><\/div><\/div>\n<p>La colecci\u00f3n est\u00e1 disponible en tiendas f\u00edsicas y en la web de Bimba y Lola.<\/p>\n<p><em>*Im\u00e1genes: cortes\u00eda<\/em><\/p>\n<p>&nbsp;<\/p>\n","protected":false},"author":11653,"featured_media":176866,"template":"","format":"standard","categories":[1],"acf":[],"yoast_head":"<!-- This site is optimized with the Yoast SEO Premium plugin v18.5 (Yoast SEO v20.4) - https:\/\/yoast.com\/wordpress\/plugins\/seo\/ -->\n<title>Bimba y Lola x Melissa, la colaboraci\u00f3n m\u00e1s veraniega de la temporada | Grazia<\/title>\n<meta name=\"description\" content=\"La colecci\u00f3n reinterpreta las m\u00edticas cestas y cangrejeras y los eleva al accesorio por excelencia para este verano.\" \/>\n<meta name=\"robots\" content=\"index, follow, max-snippet:-1, max-image-preview:large, max-video-preview:-1\" \/>\n<link rel=\"canonical\" href=\"https:\/\/graziamagazine.com\/es\/articles\/bimba-y-lola-x-melissa-la-colaboracion-mas-veraniega-de-la-temporada\/\" \/>\n<meta property=\"og:locale\" content=\"es_ES\" \/>\n<meta property=\"og:type\" content=\"article\" \/>\n<meta property=\"og:title\" content=\"Bimba y Lola x Melissa, la colaboraci\u00f3n m\u00e1s veraniega de la temporada\" \/>\n<meta property=\"og:description\" content=\"La colecci\u00f3n reinterpreta las m\u00edticas cestas y cangrejeras y los eleva al accesorio por excelencia para este verano.\" \/>\n<meta property=\"og:url\" content=\"https:\/\/graziamagazine.com\/es\/articles\/bimba-y-lola-x-melissa-la-colaboracion-mas-veraniega-de-la-temporada\/\" \/>\n<meta property=\"og:site_name\" content=\"Grazia\" \/>\n<meta property=\"article:modified_time\" content=\"2024-06-13T23:18:27+00:00\" \/>\n<meta property=\"og:image\" content=\"https:\/\/graziamagazine.com\/es\/wp-content\/uploads\/sites\/12\/2024\/06\/BIMBAYLOLA_MELISSA_001-copia-scaled.jpeg\" \/>\n\t<meta property=\"og:image:width\" content=\"2560\" \/>\n\t<meta property=\"og:image:height\" content=\"1920\" \/>\n\t<meta property=\"og:image:type\" content=\"image\/jpeg\" \/>\n<meta name=\"twitter:card\" content=\"summary_large_image\" \/>\n<meta name=\"twitter:label1\" content=\"Est. reading time\" \/>\n\t<meta name=\"twitter:data1\" content=\"2 minutos\" \/>\n<script type=\"application\/ld+json\" class=\"yoast-schema-graph\">{\"@context\":\"https:\/\/schema.org\",\"@graph\":[{\"@type\":\"WebPage\",\"@id\":\"https:\/\/graziamagazine.com\/es\/articles\/bimba-y-lola-x-melissa-la-colaboracion-mas-veraniega-de-la-temporada\/\",\"url\":\"https:\/\/graziamagazine.com\/es\/articles\/bimba-y-lola-x-melissa-la-colaboracion-mas-veraniega-de-la-temporada\/\",\"name\":\"Bimba y Lola x Melissa, la colaboraci\u00f3n m\u00e1s veraniega de la temporada | Grazia\",\"isPartOf\":{\"@id\":\"https:\/\/graziamagazine.com\/es\/#website\"},\"datePublished\":\"2024-06-14T07:00:20+00:00\",\"dateModified\":\"2024-06-13T23:18:27+00:00\",\"description\":\"La colecci\u00f3n reinterpreta las m\u00edticas cestas y cangrejeras y los eleva al accesorio por excelencia para este verano.\",\"breadcrumb\":{\"@id\":\"https:\/\/graziamagazine.com\/es\/articles\/bimba-y-lola-x-melissa-la-colaboracion-mas-veraniega-de-la-temporada\/#breadcrumb\"},\"inLanguage\":\"es\",\"potentialAction\":[{\"@type\":\"ReadAction\",\"target\":[\"https:\/\/graziamagazine.com\/es\/articles\/bimba-y-lola-x-melissa-la-colaboracion-mas-veraniega-de-la-temporada\/\"]}]},{\"@type\":\"BreadcrumbList\",\"@id\":\"https:\/\/graziamagazine.com\/es\/articles\/bimba-y-lola-x-melissa-la-colaboracion-mas-veraniega-de-la-temporada\/#breadcrumb\",\"itemListElement\":[{\"@type\":\"ListItem\",\"position\":1,\"name\":\"Portada\",\"item\":\"https:\/\/graziamagazine.com\/es\/\"},{\"@type\":\"ListItem\",\"position\":2,\"name\":\"Bimba y Lola x Melissa, la colaboraci\u00f3n m\u00e1s veraniega de la temporada\"}]},{\"@type\":\"WebSite\",\"@id\":\"https:\/\/graziamagazine.com\/es\/#website\",\"url\":\"https:\/\/graziamagazine.com\/es\/\",\"name\":\"Grazia\",\"description\":\"Moda, belleza, celebrities, estilo de vida...\",\"potentialAction\":[{\"@type\":\"SearchAction\",\"target\":{\"@type\":\"EntryPoint\",\"urlTemplate\":\"https:\/\/graziamagazine.com\/es\/?s={search_term_string}\"},\"query-input\":\"required name=search_term_string\"}],\"inLanguage\":\"es\"}]}<\/script>\n<!-- \/ Yoast SEO Premium plugin. -->","yoast_head_json":{"title":"Bimba y Lola x Melissa, la colaboraci\u00f3n m\u00e1s veraniega de la temporada | Grazia","description":"La colecci\u00f3n reinterpreta las m\u00edticas cestas y cangrejeras y los eleva al accesorio por excelencia para este verano.","robots":{"index":"index","follow":"follow","max-snippet":"max-snippet:-1","max-image-preview":"max-image-preview:large","max-video-preview":"max-video-preview:-1"},"canonical":"https:\/\/graziamagazine.com\/es\/articles\/bimba-y-lola-x-melissa-la-colaboracion-mas-veraniega-de-la-temporada\/","og_locale":"es_ES","og_type":"article","og_title":"Bimba y Lola x Melissa, la colaboraci\u00f3n m\u00e1s veraniega de la temporada","og_description":"La colecci\u00f3n reinterpreta las m\u00edticas cestas y cangrejeras y los eleva al accesorio por excelencia para este verano.","og_url":"https:\/\/graziamagazine.com\/es\/articles\/bimba-y-lola-x-melissa-la-colaboracion-mas-veraniega-de-la-temporada\/","og_site_name":"Grazia","article_modified_time":"2024-06-13T23:18:27+00:00","og_image":[{"width":2560,"height":1920,"url":"https:\/\/graziamagazine.com\/es\/wp-content\/uploads\/sites\/12\/2024\/06\/BIMBAYLOLA_MELISSA_001-copia-scaled.jpeg","type":"image\/jpeg"}],"twitter_card":"summary_large_image","twitter_misc":{"Est. reading time":"2 minutos"},"schema":{"@context":"https:\/\/schema.org","@graph":[{"@type":"WebPage","@id":"https:\/\/graziamagazine.com\/es\/articles\/bimba-y-lola-x-melissa-la-colaboracion-mas-veraniega-de-la-temporada\/","url":"https:\/\/graziamagazine.com\/es\/articles\/bimba-y-lola-x-melissa-la-colaboracion-mas-veraniega-de-la-temporada\/","name":"Bimba y Lola x Melissa, la colaboraci\u00f3n m\u00e1s veraniega de la temporada | Grazia","isPartOf":{"@id":"https:\/\/graziamagazine.com\/es\/#website"},"datePublished":"2024-06-14T07:00:20+00:00","dateModified":"2024-06-13T23:18:27+00:00","description":"La colecci\u00f3n reinterpreta las m\u00edticas cestas y cangrejeras y los eleva al accesorio por excelencia para este verano.","breadcrumb":{"@id":"https:\/\/graziamagazine.com\/es\/articles\/bimba-y-lola-x-melissa-la-colaboracion-mas-veraniega-de-la-temporada\/#breadcrumb"},"inLanguage":"es","potentialAction":[{"@type":"ReadAction","target":["https:\/\/graziamagazine.com\/es\/articles\/bimba-y-lola-x-melissa-la-colaboracion-mas-veraniega-de-la-temporada\/"]}]},{"@type":"BreadcrumbList","@id":"https:\/\/graziamagazine.com\/es\/articles\/bimba-y-lola-x-melissa-la-colaboracion-mas-veraniega-de-la-temporada\/#breadcrumb","itemListElement":[{"@type":"ListItem","position":1,"name":"Portada","item":"https:\/\/graziamagazine.com\/es\/"},{"@type":"ListItem","position":2,"name":"Bimba y Lola x Melissa, la colaboraci\u00f3n m\u00e1s veraniega de la temporada"}]},{"@type":"WebSite","@id":"https:\/\/graziamagazine.com\/es\/#website","url":"https:\/\/graziamagazine.com\/es\/","name":"Grazia","description":"Moda, belleza, celebrities, estilo de vida...","potentialAction":[{"@type":"SearchAction","target":{"@type":"EntryPoint","urlTemplate":"https:\/\/graziamagazine.com\/es\/?s={search_term_string}"},"query-input":"required name=search_term_string"}],"inLanguage":"es"}]}},"jetpack_sharing_enabled":true,"distributor_meta":false,"distributor_terms":false,"distributor_media":false,"distributor_original_site_name":"Grazia","distributor_original_site_url":"https:\/\/graziamagazine.com\/es","push-errors":false,"_links":{"self":[{"href":"https:\/\/graziamagazine.com\/es\/wp-json\/wp\/v2\/articles\/176865"}],"collection":[{"href":"https:\/\/graziamagazine.com\/es\/wp-json\/wp\/v2\/articles"}],"about":[{"href":"https:\/\/graziamagazine.com\/es\/wp-json\/wp\/v2\/types\/articles"}],"author":[{"embeddable":true,"href":"https:\/\/graziamagazine.com\/es\/wp-json\/wp\/v2\/users\/11653"}],"wp:featuredmedia":[{"embeddable":true,"href":"https:\/\/graziamagazine.com\/es\/wp-json\/wp\/v2\/media\/176866"}],"wp:attachment":[{"href":"https:\/\/graziamagazine.com\/es\/wp-json\/wp\/v2\/media?parent=176865"}],"wp:term":[{"taxonomy":"category","embeddable":true,"href":"https:\/\/graziamagazine.com\/es\/wp-json\/wp\/v2\/categories?post=176865"}],"curies":[{"name":"wp","href":"https:\/\/api.w.org\/{rel}","templated":true}]}}