{"id":176656,"date":"2024-06-06T02:08:51","date_gmt":"2024-06-06T00:08:51","guid":{"rendered":"https:\/\/graziamagazine.com\/es\/articles\/virginie-viard-sale-de-chanel-despues-de-5-anos-como-directora-creativa-de-la-empresa\/"},"modified":"2024-06-06T09:01:08","modified_gmt":"2024-06-06T07:01:08","slug":"virginie-viard-se-despide-por-sorpresa-de-chanel","status":"publish","type":"articles","link":"https:\/\/graziamagazine.com\/es\/articles\/virginie-viard-se-despide-por-sorpresa-de-chanel\/","title":{"rendered":"Virginie Viard se despide por sorpresa de Chanel"},"content":{"rendered":"<p>Este mi\u00e9rcoles, se ha hecho oficial la salida <strong>Virginie Viard <\/strong>de Chanel. Ha sido la marca creada por Coco Chanel la que ha comunicado la salida de la ejecutiva, marcando el final de una era en la que la propuesta de Viard se fusion\u00f3 con la herencia est\u00e9tica resultado de los a\u00f1os que la mujer trabaj\u00f3 al lado de Karl Lagerfeld.<\/p>\n<p><img decoding=\"async\" src=\"https:\/\/images.ecestaticos.com\/c_K2hAeZ9OjuAqa0rS_W1P0MYdU=\/0x0:2272x1514\/1200x900\/filters:fill(white):format(jpg)\/f.elconfidencial.com%2Foriginal%2F700%2Fd81%2Fc14%2F700d81c14f2569355af326071cd829d0.jpg\" alt=\"Foto: Karl Lagerfeld y Virginie Viard. (Getty Images)\" \/><\/p>\n<p>El <strong>comunicado emitido por la maison<\/strong> reza as\u00ed:\u00a0\u00abChanel confirma la salida de Virginie Viard\u00a0tras una rica colaboraci\u00f3n de cinco a\u00f1os como directora art\u00edstica de las colecciones de moda, durante los cuales ha sabido\u00a0renovar los c\u00f3digos de la casa respetando la herencia creativa de Chanel,\u00a0y casi treinta a\u00f1os dentro de la casa\u00bb. Y a\u00f1ade: \u00abChanel quiere agradecer a\u00a0Virginie Viard\u00a0su notable contribuci\u00f3n a la moda, la creatividad y la vitalidad de Chanel\u00bb.<\/p>\n<p>Viard es una figura destacada en la industria de la moda. Inicio su carrera en Chlo\u00e9 y posteriormente se incorpor\u00f3 a Chanel en 1987. Su cercan\u00eda con Lagerfeld la llev\u00f3 a asumir un papel crucial en la preservaci\u00f3n y evoluci\u00f3n de la visi\u00f3n de la moda de la marca, fusionando su propio estilo con la est\u00e9tica de Lagerfeld.<\/p>\n<p>Bajo la direcci\u00f3n de Viard Chanel dio vida a las colecciones Pr\u00eat-\u00e0-porter, Cruise y Haute Couture de Chanel, introduciendo una versi\u00f3n m\u00e1s fresca y contempor\u00e1nea de la marca en bolsos, joyer\u00eda y calzado, lo que se tradujo en un notable aumento en las ventas.<\/p>\n<blockquote><p>La colecci\u00f3n de Allta Costura oto\u00f1o-invierno 2024\/25 se presentar\u00e1 el 25 de junio en la \u00d3pera Garnier y ser\u00e1 la \u00faltima con Virginie Viard al frente<\/p><\/blockquote>\n<p>Con la partida de Viard, la pregunta obligada es qui\u00e9n ser\u00e1 el pr\u00f3ximo Director Creativo de Chanel. Las quinielas est\u00e1n sobre la mesa y nombres como Hedi Slimane, Pierpaolo Piccioli o Sarah Burton suenan en el horizonte, aunque la maison todav\u00eda no se ha pronunciado y enfrenta un momento de expectaci\u00f3n ante la b\u00fasqueda de su pr\u00f3ximo l\u00edder creativo.<\/p>\n<p><em>*Im\u00e1genes: Getty Images<\/em><\/p>\n","protected":false},"author":16349,"featured_media":176659,"template":"","format":"standard","categories":[1],"acf":[],"yoast_head":"<!-- This site is optimized with the Yoast SEO Premium plugin v18.5 (Yoast SEO v20.4) - https:\/\/yoast.com\/wordpress\/plugins\/seo\/ -->\n<title>Virginie Viard se despide por sorpresa de Chanel<\/title>\n<meta name=\"description\" content=\"La mano derecha y sucesora de Karl Lagerfeld se va despu\u00e9s de 30 a\u00f1os de contribuciones al legado de la marca.\" \/>\n<meta name=\"robots\" content=\"index, follow, max-snippet:-1, max-image-preview:large, max-video-preview:-1\" \/>\n<link rel=\"canonical\" href=\"https:\/\/graziamagazine.com\/es\/articles\/virginie-viard-se-despide-por-sorpresa-de-chanel\/\" \/>\n<meta property=\"og:locale\" content=\"es_ES\" \/>\n<meta property=\"og:type\" content=\"article\" \/>\n<meta property=\"og:title\" content=\"Virginie Viard se despide por sorpresa de Chanel\" \/>\n<meta property=\"og:description\" content=\"La mano derecha y sucesora de Karl Lagerfeld se va despu\u00e9s de 30 a\u00f1os de contribuciones al legado de la marca.\" \/>\n<meta property=\"og:url\" content=\"https:\/\/graziamagazine.com\/es\/articles\/virginie-viard-se-despide-por-sorpresa-de-chanel\/\" \/>\n<meta property=\"og:site_name\" content=\"Grazia\" \/>\n<meta property=\"article:modified_time\" content=\"2024-06-06T07:01:08+00:00\" \/>\n<meta property=\"og:image\" content=\"https:\/\/graziamagazine.com\/es\/wp-content\/uploads\/sites\/12\/2024\/06\/virginie-viard-deja-chanel_98-copia.jpg\" \/>\n\t<meta property=\"og:image:width\" content=\"1900\" \/>\n\t<meta property=\"og:image:height\" content=\"1069\" \/>\n\t<meta property=\"og:image:type\" content=\"image\/jpeg\" \/>\n<meta name=\"twitter:card\" content=\"summary_large_image\" \/>\n<meta name=\"twitter:label1\" content=\"Est. reading time\" \/>\n\t<meta name=\"twitter:data1\" content=\"2 minutos\" \/>\n<script type=\"application\/ld+json\" class=\"yoast-schema-graph\">{\"@context\":\"https:\/\/schema.org\",\"@graph\":[{\"@type\":\"WebPage\",\"@id\":\"https:\/\/graziamagazine.com\/es\/articles\/virginie-viard-se-despide-por-sorpresa-de-chanel\/\",\"url\":\"https:\/\/graziamagazine.com\/es\/articles\/virginie-viard-se-despide-por-sorpresa-de-chanel\/\",\"name\":\"Virginie Viard se despide por sorpresa de Chanel\",\"isPartOf\":{\"@id\":\"https:\/\/graziamagazine.com\/es\/#website\"},\"datePublished\":\"2024-06-06T00:08:51+00:00\",\"dateModified\":\"2024-06-06T07:01:08+00:00\",\"description\":\"La mano derecha y sucesora de Karl Lagerfeld se va despu\u00e9s de 30 a\u00f1os de contribuciones al legado de la marca.\",\"breadcrumb\":{\"@id\":\"https:\/\/graziamagazine.com\/es\/articles\/virginie-viard-se-despide-por-sorpresa-de-chanel\/#breadcrumb\"},\"inLanguage\":\"es\",\"potentialAction\":[{\"@type\":\"ReadAction\",\"target\":[\"https:\/\/graziamagazine.com\/es\/articles\/virginie-viard-se-despide-por-sorpresa-de-chanel\/\"]}]},{\"@type\":\"BreadcrumbList\",\"@id\":\"https:\/\/graziamagazine.com\/es\/articles\/virginie-viard-se-despide-por-sorpresa-de-chanel\/#breadcrumb\",\"itemListElement\":[{\"@type\":\"ListItem\",\"position\":1,\"name\":\"Portada\",\"item\":\"https:\/\/graziamagazine.com\/es\/\"},{\"@type\":\"ListItem\",\"position\":2,\"name\":\"Virginie Viard se despide por sorpresa de Chanel\"}]},{\"@type\":\"WebSite\",\"@id\":\"https:\/\/graziamagazine.com\/es\/#website\",\"url\":\"https:\/\/graziamagazine.com\/es\/\",\"name\":\"Grazia\",\"description\":\"Moda, belleza, celebrities, estilo de vida...\",\"potentialAction\":[{\"@type\":\"SearchAction\",\"target\":{\"@type\":\"EntryPoint\",\"urlTemplate\":\"https:\/\/graziamagazine.com\/es\/?s={search_term_string}\"},\"query-input\":\"required name=search_term_string\"}],\"inLanguage\":\"es\"}]}<\/script>\n<!-- \/ Yoast SEO Premium plugin. -->","yoast_head_json":{"title":"Virginie Viard se despide por sorpresa de Chanel","description":"La mano derecha y sucesora de Karl Lagerfeld se va despu\u00e9s de 30 a\u00f1os de contribuciones al legado de la marca.","robots":{"index":"index","follow":"follow","max-snippet":"max-snippet:-1","max-image-preview":"max-image-preview:large","max-video-preview":"max-video-preview:-1"},"canonical":"https:\/\/graziamagazine.com\/es\/articles\/virginie-viard-se-despide-por-sorpresa-de-chanel\/","og_locale":"es_ES","og_type":"article","og_title":"Virginie Viard se despide por sorpresa de Chanel","og_description":"La mano derecha y sucesora de Karl Lagerfeld se va despu\u00e9s de 30 a\u00f1os de contribuciones al legado de la marca.","og_url":"https:\/\/graziamagazine.com\/es\/articles\/virginie-viard-se-despide-por-sorpresa-de-chanel\/","og_site_name":"Grazia","article_modified_time":"2024-06-06T07:01:08+00:00","og_image":[{"width":1900,"height":1069,"url":"https:\/\/graziamagazine.com\/es\/wp-content\/uploads\/sites\/12\/2024\/06\/virginie-viard-deja-chanel_98-copia.jpg","type":"image\/jpeg"}],"twitter_card":"summary_large_image","twitter_misc":{"Est. reading time":"2 minutos"},"schema":{"@context":"https:\/\/schema.org","@graph":[{"@type":"WebPage","@id":"https:\/\/graziamagazine.com\/es\/articles\/virginie-viard-se-despide-por-sorpresa-de-chanel\/","url":"https:\/\/graziamagazine.com\/es\/articles\/virginie-viard-se-despide-por-sorpresa-de-chanel\/","name":"Virginie Viard se despide por sorpresa de Chanel","isPartOf":{"@id":"https:\/\/graziamagazine.com\/es\/#website"},"datePublished":"2024-06-06T00:08:51+00:00","dateModified":"2024-06-06T07:01:08+00:00","description":"La mano derecha y sucesora de Karl Lagerfeld se va despu\u00e9s de 30 a\u00f1os de contribuciones al legado de la marca.","breadcrumb":{"@id":"https:\/\/graziamagazine.com\/es\/articles\/virginie-viard-se-despide-por-sorpresa-de-chanel\/#breadcrumb"},"inLanguage":"es","potentialAction":[{"@type":"ReadAction","target":["https:\/\/graziamagazine.com\/es\/articles\/virginie-viard-se-despide-por-sorpresa-de-chanel\/"]}]},{"@type":"BreadcrumbList","@id":"https:\/\/graziamagazine.com\/es\/articles\/virginie-viard-se-despide-por-sorpresa-de-chanel\/#breadcrumb","itemListElement":[{"@type":"ListItem","position":1,"name":"Portada","item":"https:\/\/graziamagazine.com\/es\/"},{"@type":"ListItem","position":2,"name":"Virginie Viard se despide por sorpresa de Chanel"}]},{"@type":"WebSite","@id":"https:\/\/graziamagazine.com\/es\/#website","url":"https:\/\/graziamagazine.com\/es\/","name":"Grazia","description":"Moda, belleza, celebrities, estilo de vida...","potentialAction":[{"@type":"SearchAction","target":{"@type":"EntryPoint","urlTemplate":"https:\/\/graziamagazine.com\/es\/?s={search_term_string}"},"query-input":"required name=search_term_string"}],"inLanguage":"es"}]}},"jetpack_sharing_enabled":true,"distributor_meta":false,"distributor_terms":false,"distributor_media":false,"distributor_original_site_name":"Grazia","distributor_original_site_url":"https:\/\/graziamagazine.com\/es","push-errors":false,"_links":{"self":[{"href":"https:\/\/graziamagazine.com\/es\/wp-json\/wp\/v2\/articles\/176656"}],"collection":[{"href":"https:\/\/graziamagazine.com\/es\/wp-json\/wp\/v2\/articles"}],"about":[{"href":"https:\/\/graziamagazine.com\/es\/wp-json\/wp\/v2\/types\/articles"}],"author":[{"embeddable":true,"href":"https:\/\/graziamagazine.com\/es\/wp-json\/wp\/v2\/users\/16349"}],"wp:featuredmedia":[{"embeddable":true,"href":"https:\/\/graziamagazine.com\/es\/wp-json\/wp\/v2\/media\/176659"}],"wp:attachment":[{"href":"https:\/\/graziamagazine.com\/es\/wp-json\/wp\/v2\/media?parent=176656"}],"wp:term":[{"taxonomy":"category","embeddable":true,"href":"https:\/\/graziamagazine.com\/es\/wp-json\/wp\/v2\/categories?post=176656"}],"curies":[{"name":"wp","href":"https:\/\/api.w.org\/{rel}","templated":true}]}}