{"id":176558,"date":"2024-05-31T13:45:44","date_gmt":"2024-05-31T11:45:44","guid":{"rendered":"https:\/\/graziamagazine.com\/es\/?post_type=articles&#038;p=176558"},"modified":"2024-05-31T13:45:44","modified_gmt":"2024-05-31T11:45:44","slug":"carolina-herrera-presentara-en-mexico-su-coleccion-crucero-2025","status":"publish","type":"articles","link":"https:\/\/graziamagazine.com\/es\/articles\/carolina-herrera-presentara-en-mexico-su-coleccion-crucero-2025\/","title":{"rendered":"Carolina Herrera presentar\u00e1 en M\u00e9xico su colecci\u00f3n Crucero 2025"},"content":{"rendered":"<p>Este noviembre, <strong>Carolina Herrera<\/strong>, bajo la direcci\u00f3n creativa de <strong>Wes Gordon<\/strong>, regresar\u00e1 a <strong>M\u00e9xico<\/strong> para presentar su esperada <strong>colecci\u00f3n Resort 2025.\u00a0<\/strong><\/p>\n<p><img loading=\"lazy\" decoding=\"async\" class=\"size-large wp-image-137618\" src=\"https:\/\/graziamagazine.com\/mx\/wp-content\/uploads\/sites\/13\/2024\/05\/Captura-de-Pantalla-2024-05-30-a-las-14.24.45-685x1024.png\" alt=\"Un regreso anhelado: Carolina herrera regresa a M\u00e9xico\" width=\"685\" height=\"1024\" \/><\/p>\n<h2>Una relaci\u00f3n de amor a M\u00e9xico<\/h2>\n<p>En 2015 Carolina Herrera deslumbr\u00f3 al p\u00fablico mexicano con su elegancia y sofisticaci\u00f3n en un desfile inolvidable. Diez a\u00f1os m\u00e1s tarde, la marca vuelve a la Ciudad de M\u00e9xico, esta vez con Wes Gordon al tim\u00f3n creativo. M\u00e9xico ha sido una fuente de inspiraci\u00f3n constante para muchos dise\u00f1adores, y Wes Gordon no es una excepci\u00f3n. Con una profunda apreciaci\u00f3n por la <strong>artesan\u00eda<\/strong> y el <strong>colorido vibrante<\/strong> de la<strong> cultura mexicana<\/strong>, es probable que la colecci\u00f3n Resort 2025 refleje esta influencia.<\/p>\n<figure id=\"attachment_137618\" class=\"wp-caption alignnone\" style=\"width: 685px\" aria-describedby=\"caption-attachment-137618\"><figcaption id=\"caption-attachment-137618\" class=\"wp-caption-text\"><img decoding=\"async\" src=\"https:\/\/media.glamour.mx\/photos\/665895abf1166bfeac0ce065\/master\/w_1600%2Cc_limit\/Carolina%2520Herrera%2520Runway.jpg\" alt=\"cuando sera el desfile de carolina herrera en mexico\" \/><\/figcaption><\/figure>\n<p>Los tejidos tradicionales, los bordados intrincados y los colores vivos podr\u00edan ser elementos destacados en las nuevas creaciones, celebrando la conexi\u00f3n cultural entre Carolina Herrera y M\u00e9xico.<\/p>\n<p>Desde que asumi\u00f3 la direcci\u00f3n creativa en 2018, Gordon ha aportado una <strong>nueva energ\u00eda y modernidad a la marca<\/strong>, sin perder la esencia de la elegancia cl\u00e1sica que caracteriza a Carolina Herrera.<\/p>\n<p>La presentaci\u00f3n de la colecci\u00f3n Resort 2025 en M\u00e9xico est\u00e1 generando una gran expectativa. La ubicaci\u00f3n exacta del desfile se mantendr\u00e1 en secreto hasta despu\u00e9s de la presentaci\u00f3n de la colecci\u00f3n Primavera 2025 en septiembre, durante la <strong>Semana de la Moda de Nueva York.<\/strong><\/p>\n<figure id=\"attachment_137619\" class=\"wp-caption alignnone\" style=\"width: 765px\" aria-describedby=\"caption-attachment-137619\"><img loading=\"lazy\" decoding=\"async\" class=\"size-large wp-image-137619\" src=\"https:\/\/graziamagazine.com\/mx\/wp-content\/uploads\/sites\/13\/2024\/05\/Screen-Shot-2022-11-10-at-12.12.38-AM-765x1024.png\" alt=\"Un regreso anhelado: Carolina herrera regresa a M\u00e9xico\" width=\"765\" height=\"1024\" \/><\/figure>\n<h2>\u00bfCu\u00e1ndo ser\u00e1 el desfile de Carolina Herrera?<\/h2>\n<p>Aunque los detalles del evento a\u00fan est\u00e1n por definirse y la locaci\u00f3n exacta tambi\u00e9n, la fecha tentativa del\u00a0<strong>desfile Resort 2025 de Carolina Herrera es el 14 de noviembre<\/strong>. Se especula que el evento podr\u00eda llevarse a cabo en un emblem\u00e1tico edificio colonial o en un museo contempor\u00e1neo de la Ciudad de M\u00e9xico, lugares que resaltar\u00edan la riqueza hist\u00f3rica y cultural de la capital.<\/p>\n<p>El regreso de Carolina Herrera a M\u00e9xico es un evento significativo para la industria de la moda en el pa\u00eds. No solo destaca la importancia del mercado mexicano para las grandes casas de moda internacionales, sino que tambi\u00e9n subraya el crecimiento y la relevancia de la <strong>moda latinoamericana en el escenario global. <\/strong>Tendremos que esperar para los dem\u00e1s detalles del esperado desfile.<\/p>\n<p><em>*Im\u00e1genes: Getty Images<\/em><\/p>\n","protected":false},"author":16349,"featured_media":176563,"template":"","format":"standard","categories":[1],"acf":[],"yoast_head":"<!-- This site is optimized with the Yoast SEO Premium plugin v18.5 (Yoast SEO v20.4) - https:\/\/yoast.com\/wordpress\/plugins\/seo\/ -->\n<title>Carolina Herrera presentar\u00e1 en M\u00e9xico su colecci\u00f3n Crucero 2025<\/title>\n<meta name=\"description\" content=\"La firma, con Wes Gordon al frente, volver\u00e1 al pa\u00eds azteca diez a\u00f1os despu\u00e9s de su anterior presentaci\u00f3n, ampliando los lazos que les unen.\" \/>\n<meta name=\"robots\" content=\"index, follow, max-snippet:-1, max-image-preview:large, max-video-preview:-1\" \/>\n<link rel=\"canonical\" href=\"https:\/\/graziamagazine.com\/es\/articles\/carolina-herrera-presentara-en-mexico-su-coleccion-crucero-2025\/\" \/>\n<meta property=\"og:locale\" content=\"es_ES\" \/>\n<meta property=\"og:type\" content=\"article\" \/>\n<meta property=\"og:title\" content=\"Carolina Herrera presentar\u00e1 en M\u00e9xico su colecci\u00f3n Crucero 2025\" \/>\n<meta property=\"og:description\" content=\"La firma, con Wes Gordon al frente, volver\u00e1 al pa\u00eds azteca diez a\u00f1os despu\u00e9s de su anterior presentaci\u00f3n, ampliando los lazos que les unen.\" \/>\n<meta property=\"og:url\" content=\"https:\/\/graziamagazine.com\/es\/articles\/carolina-herrera-presentara-en-mexico-su-coleccion-crucero-2025\/\" \/>\n<meta property=\"og:site_name\" content=\"Grazia\" \/>\n<meta property=\"og:image\" content=\"https:\/\/graziamagazine.com\/es\/wp-content\/uploads\/sites\/12\/2024\/05\/a493-e1717155797258.jpeg\" \/>\n\t<meta property=\"og:image:width\" content=\"785\" \/>\n\t<meta property=\"og:image:height\" content=\"581\" \/>\n\t<meta property=\"og:image:type\" content=\"image\/jpeg\" \/>\n<meta name=\"twitter:card\" content=\"summary_large_image\" \/>\n<meta name=\"twitter:label1\" content=\"Est. reading time\" \/>\n\t<meta name=\"twitter:data1\" content=\"3 minutos\" \/>\n<script type=\"application\/ld+json\" class=\"yoast-schema-graph\">{\"@context\":\"https:\/\/schema.org\",\"@graph\":[{\"@type\":\"WebPage\",\"@id\":\"https:\/\/graziamagazine.com\/es\/articles\/carolina-herrera-presentara-en-mexico-su-coleccion-crucero-2025\/\",\"url\":\"https:\/\/graziamagazine.com\/es\/articles\/carolina-herrera-presentara-en-mexico-su-coleccion-crucero-2025\/\",\"name\":\"Carolina Herrera presentar\u00e1 en M\u00e9xico su colecci\u00f3n Crucero 2025\",\"isPartOf\":{\"@id\":\"https:\/\/graziamagazine.com\/es\/#website\"},\"datePublished\":\"2024-05-31T11:45:44+00:00\",\"dateModified\":\"2024-05-31T11:45:44+00:00\",\"description\":\"La firma, con Wes Gordon al frente, volver\u00e1 al pa\u00eds azteca diez a\u00f1os despu\u00e9s de su anterior presentaci\u00f3n, ampliando los lazos que les unen.\",\"breadcrumb\":{\"@id\":\"https:\/\/graziamagazine.com\/es\/articles\/carolina-herrera-presentara-en-mexico-su-coleccion-crucero-2025\/#breadcrumb\"},\"inLanguage\":\"es\",\"potentialAction\":[{\"@type\":\"ReadAction\",\"target\":[\"https:\/\/graziamagazine.com\/es\/articles\/carolina-herrera-presentara-en-mexico-su-coleccion-crucero-2025\/\"]}]},{\"@type\":\"BreadcrumbList\",\"@id\":\"https:\/\/graziamagazine.com\/es\/articles\/carolina-herrera-presentara-en-mexico-su-coleccion-crucero-2025\/#breadcrumb\",\"itemListElement\":[{\"@type\":\"ListItem\",\"position\":1,\"name\":\"Portada\",\"item\":\"https:\/\/graziamagazine.com\/es\/\"},{\"@type\":\"ListItem\",\"position\":2,\"name\":\"Carolina Herrera presentar\u00e1 en M\u00e9xico su colecci\u00f3n Crucero 2025\"}]},{\"@type\":\"WebSite\",\"@id\":\"https:\/\/graziamagazine.com\/es\/#website\",\"url\":\"https:\/\/graziamagazine.com\/es\/\",\"name\":\"Grazia\",\"description\":\"Moda, belleza, celebrities, estilo de vida...\",\"potentialAction\":[{\"@type\":\"SearchAction\",\"target\":{\"@type\":\"EntryPoint\",\"urlTemplate\":\"https:\/\/graziamagazine.com\/es\/?s={search_term_string}\"},\"query-input\":\"required name=search_term_string\"}],\"inLanguage\":\"es\"}]}<\/script>\n<!-- \/ Yoast SEO Premium plugin. -->","yoast_head_json":{"title":"Carolina Herrera presentar\u00e1 en M\u00e9xico su colecci\u00f3n Crucero 2025","description":"La firma, con Wes Gordon al frente, volver\u00e1 al pa\u00eds azteca diez a\u00f1os despu\u00e9s de su anterior presentaci\u00f3n, ampliando los lazos que les unen.","robots":{"index":"index","follow":"follow","max-snippet":"max-snippet:-1","max-image-preview":"max-image-preview:large","max-video-preview":"max-video-preview:-1"},"canonical":"https:\/\/graziamagazine.com\/es\/articles\/carolina-herrera-presentara-en-mexico-su-coleccion-crucero-2025\/","og_locale":"es_ES","og_type":"article","og_title":"Carolina Herrera presentar\u00e1 en M\u00e9xico su colecci\u00f3n Crucero 2025","og_description":"La firma, con Wes Gordon al frente, volver\u00e1 al pa\u00eds azteca diez a\u00f1os despu\u00e9s de su anterior presentaci\u00f3n, ampliando los lazos que les unen.","og_url":"https:\/\/graziamagazine.com\/es\/articles\/carolina-herrera-presentara-en-mexico-su-coleccion-crucero-2025\/","og_site_name":"Grazia","og_image":[{"width":785,"height":581,"url":"https:\/\/graziamagazine.com\/es\/wp-content\/uploads\/sites\/12\/2024\/05\/a493-e1717155797258.jpeg","type":"image\/jpeg"}],"twitter_card":"summary_large_image","twitter_misc":{"Est. reading time":"3 minutos"},"schema":{"@context":"https:\/\/schema.org","@graph":[{"@type":"WebPage","@id":"https:\/\/graziamagazine.com\/es\/articles\/carolina-herrera-presentara-en-mexico-su-coleccion-crucero-2025\/","url":"https:\/\/graziamagazine.com\/es\/articles\/carolina-herrera-presentara-en-mexico-su-coleccion-crucero-2025\/","name":"Carolina Herrera presentar\u00e1 en M\u00e9xico su colecci\u00f3n Crucero 2025","isPartOf":{"@id":"https:\/\/graziamagazine.com\/es\/#website"},"datePublished":"2024-05-31T11:45:44+00:00","dateModified":"2024-05-31T11:45:44+00:00","description":"La firma, con Wes Gordon al frente, volver\u00e1 al pa\u00eds azteca diez a\u00f1os despu\u00e9s de su anterior presentaci\u00f3n, ampliando los lazos que les unen.","breadcrumb":{"@id":"https:\/\/graziamagazine.com\/es\/articles\/carolina-herrera-presentara-en-mexico-su-coleccion-crucero-2025\/#breadcrumb"},"inLanguage":"es","potentialAction":[{"@type":"ReadAction","target":["https:\/\/graziamagazine.com\/es\/articles\/carolina-herrera-presentara-en-mexico-su-coleccion-crucero-2025\/"]}]},{"@type":"BreadcrumbList","@id":"https:\/\/graziamagazine.com\/es\/articles\/carolina-herrera-presentara-en-mexico-su-coleccion-crucero-2025\/#breadcrumb","itemListElement":[{"@type":"ListItem","position":1,"name":"Portada","item":"https:\/\/graziamagazine.com\/es\/"},{"@type":"ListItem","position":2,"name":"Carolina Herrera presentar\u00e1 en M\u00e9xico su colecci\u00f3n Crucero 2025"}]},{"@type":"WebSite","@id":"https:\/\/graziamagazine.com\/es\/#website","url":"https:\/\/graziamagazine.com\/es\/","name":"Grazia","description":"Moda, belleza, celebrities, estilo de vida...","potentialAction":[{"@type":"SearchAction","target":{"@type":"EntryPoint","urlTemplate":"https:\/\/graziamagazine.com\/es\/?s={search_term_string}"},"query-input":"required name=search_term_string"}],"inLanguage":"es"}]}},"jetpack_sharing_enabled":true,"distributor_meta":false,"distributor_terms":false,"distributor_media":false,"distributor_original_site_name":"Grazia","distributor_original_site_url":"https:\/\/graziamagazine.com\/es","push-errors":false,"_links":{"self":[{"href":"https:\/\/graziamagazine.com\/es\/wp-json\/wp\/v2\/articles\/176558"}],"collection":[{"href":"https:\/\/graziamagazine.com\/es\/wp-json\/wp\/v2\/articles"}],"about":[{"href":"https:\/\/graziamagazine.com\/es\/wp-json\/wp\/v2\/types\/articles"}],"author":[{"embeddable":true,"href":"https:\/\/graziamagazine.com\/es\/wp-json\/wp\/v2\/users\/16349"}],"wp:featuredmedia":[{"embeddable":true,"href":"https:\/\/graziamagazine.com\/es\/wp-json\/wp\/v2\/media\/176563"}],"wp:attachment":[{"href":"https:\/\/graziamagazine.com\/es\/wp-json\/wp\/v2\/media?parent=176558"}],"wp:term":[{"taxonomy":"category","embeddable":true,"href":"https:\/\/graziamagazine.com\/es\/wp-json\/wp\/v2\/categories?post=176558"}],"curies":[{"name":"wp","href":"https:\/\/api.w.org\/{rel}","templated":true}]}}