{"id":176335,"date":"2024-05-27T10:44:23","date_gmt":"2024-05-27T08:44:23","guid":{"rendered":"https:\/\/graziamagazine.com\/es\/?post_type=articles&#038;p=176335"},"modified":"2024-05-27T10:44:23","modified_gmt":"2024-05-27T08:44:23","slug":"la-colaboracion-de-loewe-con-on-se-extiende-al-pret-a-porter","status":"publish","type":"articles","link":"https:\/\/graziamagazine.com\/es\/articles\/la-colaboracion-de-loewe-con-on-se-extiende-al-pret-a-porter\/","title":{"rendered":"La colaboraci\u00f3n de LOEWE con On se extiende al pr\u00eat-\u00e0-porter"},"content":{"rendered":"<p>Si has sido fan de la colaboraci\u00f3n de la firma de lujo Loewe y las piezas deportivas de On, est\u00e1s de enhorabuena porque llega al mercado una quinta entrega ideal para los amantes de las prendas t\u00e9cnicas y el dise\u00f1o. Combinando el dise\u00f1o espa\u00f1ol de lujo con la ingenier\u00eda suiza y la inconfundible est\u00e9tica LOEWE con las innovaciones t\u00e9cnicas de On, la colecci\u00f3n est\u00e1 dise\u00f1ada como un armario completo, pensado para explorar paisajes naturales y entornos urbanos. La colecci\u00f3n cuenta con el nuevo logo conjunto de <a href=\"https:\/\/www.loewe.com\/eur\/es\/loewe-x-on\/women?gad_source=1&amp;gclid=Cj0KCQjw3tCyBhDBARIsAEY0XNmWPidkSVNNGfS3SJDYubcmdyTicz9LpiftgeCoTG_1KWGjnnZWYhMaAm_QEALw_wcB\" target=\"_blank\">LOEWE x On<\/a>, en el que las dos \u201cLs\u201d del anagrama de la casa espa\u00f1ola aparecen entre las letras identificativas de On.<\/p>\n<p>Se incide en la simplicidad y la optimizaci\u00f3n: tejidos t\u00e9cnicos dise\u00f1ados en un fluido colour-blocking con tonalidades naturales, as\u00ed como prendas exteriores para todas las condiciones clim\u00e1ticas. La colecci\u00f3n incluye parkas aislantes, puffers y chalecos acabados con un estampado \u201cStorm\u201d sutilmente te\u00f1ido.<\/p>\n<p><img loading=\"lazy\" decoding=\"async\" class=\"aligncenter size-full wp-image-176404\" src=\"https:\/\/graziamagazine.com\/es\/wp-content\/uploads\/sites\/12\/2024\/05\/mariogarciaromo.jpg\" alt=\"\" width=\"1440\" height=\"1800\" srcset=\"https:\/\/graziamagazine.com\/es\/wp-content\/uploads\/sites\/12\/2024\/05\/mariogarciaromo.jpg 1440w, https:\/\/graziamagazine.com\/es\/wp-content\/uploads\/sites\/12\/2024\/05\/mariogarciaromo-240x300.jpg 240w, https:\/\/graziamagazine.com\/es\/wp-content\/uploads\/sites\/12\/2024\/05\/mariogarciaromo-819x1024.jpg 819w, https:\/\/graziamagazine.com\/es\/wp-content\/uploads\/sites\/12\/2024\/05\/mariogarciaromo-768x960.jpg 768w, https:\/\/graziamagazine.com\/es\/wp-content\/uploads\/sites\/12\/2024\/05\/mariogarciaromo-1229x1536.jpg 1229w, https:\/\/graziamagazine.com\/es\/wp-content\/uploads\/sites\/12\/2024\/05\/mariogarciaromo-400x500.jpg 400w, https:\/\/graziamagazine.com\/es\/wp-content\/uploads\/sites\/12\/2024\/05\/mariogarciaromo-155x194.jpg 155w\" sizes=\"(max-width: 1440px) 100vw, 1440px\" \/><\/p>\n<p>Hay chaquetas y parkas ultraligeras confeccionadas con un tejido ripstop de dos l\u00e1minas y media y capas impermeables de tres l\u00e1minas con revestimientos y cremalleras adornados con el nuevo logotipo en material reflectante.<\/p>\n<p>Bas\u00e1<span lang=\"ES-TRAD\">ndose en la comodidad y versatilidad de las\u00a0<\/span><span lang=\"NL\">Cloudtilt<\/span><span lang=\"FR\">\u00a0dise<\/span><span lang=\"ES-TRAD\">\u00f1<\/span><span lang=\"PT\">adas conjuntamente,\u00a0<\/span><span lang=\"ES-TRAD\">las nuevas\u00a0<\/span><span lang=\"NL\">Cloudtilt 2.0<\/span><span lang=\"ES-TRAD\">\u00a0tienen una parte superior multicapa compuesta de\u00a0malla de alto rendimiento y tejido,\u00a0mejoras como\u00a0punteras de goma, acolchado adicional en la leng<\/span>\u00fc<span lang=\"ES-TRAD\">eta y el cuello de la zapatilla y una trabilla con la marca en el tal\u00f3<\/span><span lang=\"IT\">n<\/span><span lang=\"IT\">.\u00a0<\/span><\/p>\n<div class=\"content-gallery\"><div class=\"gallery-placeholder\"><div class=\"spinner\"><\/div><\/div><span class=\"gallery-pagination\"><\/span><div id=\"gallery-1\" class=\"gallery galleryid-176335 gallery-columns- gallery-size-\"><figure class=\"gallery-item\"><div class=\"gallery-icon landscape\"><img loading=\"lazy\" decoding=\"async\" width=\"1625\" height=\"1553\" src=\"https:\/\/graziamagazine.com\/es\/wp-content\/uploads\/sites\/12\/2024\/05\/09fea96d-d0bd-479e-834f-ebd692d64b33-scaled-e1716799179859.jpeg\" class=\"lazy\" alt=\"\" srcset=\"https:\/\/graziamagazine.com\/es\/wp-content\/uploads\/sites\/12\/2024\/05\/09fea96d-d0bd-479e-834f-ebd692d64b33-scaled-e1716799179859.jpeg 1625w, https:\/\/graziamagazine.com\/es\/wp-content\/uploads\/sites\/12\/2024\/05\/09fea96d-d0bd-479e-834f-ebd692d64b33-scaled-e1716799179859-300x287.jpeg 300w, https:\/\/graziamagazine.com\/es\/wp-content\/uploads\/sites\/12\/2024\/05\/09fea96d-d0bd-479e-834f-ebd692d64b33-scaled-e1716799179859-1024x979.jpeg 1024w, https:\/\/graziamagazine.com\/es\/wp-content\/uploads\/sites\/12\/2024\/05\/09fea96d-d0bd-479e-834f-ebd692d64b33-scaled-e1716799179859-768x734.jpeg 768w, https:\/\/graziamagazine.com\/es\/wp-content\/uploads\/sites\/12\/2024\/05\/09fea96d-d0bd-479e-834f-ebd692d64b33-scaled-e1716799179859-1536x1468.jpeg 1536w, https:\/\/graziamagazine.com\/es\/wp-content\/uploads\/sites\/12\/2024\/05\/09fea96d-d0bd-479e-834f-ebd692d64b33-scaled-e1716799179859-400x382.jpeg 400w, https:\/\/graziamagazine.com\/es\/wp-content\/uploads\/sites\/12\/2024\/05\/09fea96d-d0bd-479e-834f-ebd692d64b33-scaled-e1716799179859-155x148.jpeg 155w\" sizes=\"(max-width: 1625px) 100vw, 1625px\" \/><\/div><\/figure><figure class=\"gallery-item\"><div class=\"gallery-icon landscape\"><img loading=\"lazy\" decoding=\"async\" width=\"1629\" height=\"1548\" src=\"https:\/\/graziamagazine.com\/es\/wp-content\/uploads\/sites\/12\/2024\/05\/65d046de-7cef-4631-88a3-d44f90306f7a-scaled-e1716799195859.jpeg\" class=\"lazy\" alt=\"\" srcset=\"https:\/\/graziamagazine.com\/es\/wp-content\/uploads\/sites\/12\/2024\/05\/65d046de-7cef-4631-88a3-d44f90306f7a-scaled-e1716799195859.jpeg 1629w, https:\/\/graziamagazine.com\/es\/wp-content\/uploads\/sites\/12\/2024\/05\/65d046de-7cef-4631-88a3-d44f90306f7a-scaled-e1716799195859-300x285.jpeg 300w, https:\/\/graziamagazine.com\/es\/wp-content\/uploads\/sites\/12\/2024\/05\/65d046de-7cef-4631-88a3-d44f90306f7a-scaled-e1716799195859-1024x973.jpeg 1024w, https:\/\/graziamagazine.com\/es\/wp-content\/uploads\/sites\/12\/2024\/05\/65d046de-7cef-4631-88a3-d44f90306f7a-scaled-e1716799195859-768x730.jpeg 768w, https:\/\/graziamagazine.com\/es\/wp-content\/uploads\/sites\/12\/2024\/05\/65d046de-7cef-4631-88a3-d44f90306f7a-scaled-e1716799195859-1536x1460.jpeg 1536w, https:\/\/graziamagazine.com\/es\/wp-content\/uploads\/sites\/12\/2024\/05\/65d046de-7cef-4631-88a3-d44f90306f7a-scaled-e1716799195859-400x380.jpeg 400w, https:\/\/graziamagazine.com\/es\/wp-content\/uploads\/sites\/12\/2024\/05\/65d046de-7cef-4631-88a3-d44f90306f7a-scaled-e1716799195859-155x147.jpeg 155w\" sizes=\"(max-width: 1629px) 100vw, 1629px\" \/><\/div><\/figure><figure class=\"gallery-item\"><div class=\"gallery-icon landscape\"><img loading=\"lazy\" decoding=\"async\" width=\"1655\" height=\"1553\" src=\"https:\/\/graziamagazine.com\/es\/wp-content\/uploads\/sites\/12\/2024\/05\/462ada34-1c20-4ff5-950f-f72c78834a8a-scaled-e1716799212944.jpeg\" class=\"lazy\" alt=\"\" srcset=\"https:\/\/graziamagazine.com\/es\/wp-content\/uploads\/sites\/12\/2024\/05\/462ada34-1c20-4ff5-950f-f72c78834a8a-scaled-e1716799212944.jpeg 1655w, https:\/\/graziamagazine.com\/es\/wp-content\/uploads\/sites\/12\/2024\/05\/462ada34-1c20-4ff5-950f-f72c78834a8a-scaled-e1716799212944-300x282.jpeg 300w, https:\/\/graziamagazine.com\/es\/wp-content\/uploads\/sites\/12\/2024\/05\/462ada34-1c20-4ff5-950f-f72c78834a8a-scaled-e1716799212944-1024x961.jpeg 1024w, https:\/\/graziamagazine.com\/es\/wp-content\/uploads\/sites\/12\/2024\/05\/462ada34-1c20-4ff5-950f-f72c78834a8a-scaled-e1716799212944-768x721.jpeg 768w, https:\/\/graziamagazine.com\/es\/wp-content\/uploads\/sites\/12\/2024\/05\/462ada34-1c20-4ff5-950f-f72c78834a8a-scaled-e1716799212944-1536x1441.jpeg 1536w, https:\/\/graziamagazine.com\/es\/wp-content\/uploads\/sites\/12\/2024\/05\/462ada34-1c20-4ff5-950f-f72c78834a8a-scaled-e1716799212944-400x375.jpeg 400w, https:\/\/graziamagazine.com\/es\/wp-content\/uploads\/sites\/12\/2024\/05\/462ada34-1c20-4ff5-950f-f72c78834a8a-scaled-e1716799212944-155x145.jpeg 155w\" sizes=\"(max-width: 1655px) 100vw, 1655px\" \/><\/div><\/figure><\/div><\/div>\n<p>Los tops t\u00e9cnicos, camisetas de tirantes y camisetas sin mangas tank est\u00e1n confeccionadas con tejido t\u00e9cnico reciclado y las sudaderas y hoodies de forro vienen en bonded jersey. Las prendas inferiores t\u00e9cnicas, como los pantalones de ch\u00e1ndal, los pantalones cortos de deporte, los pantalones de ciclismo y las mallas, ofrecen comodidad, mientras que los accesorios, como las polainas, los calcetines, los manguitos, las gorras y la ropa interior, contribuyen al rendimiento en todas las condiciones meteorol\u00f3gicas. La gama de pr\u00eat-\u00e0-porter abarca desde vibrantes colores naranja, rosa y azul hasta tonos monocrom\u00e1ticos neutros y apagados, pasando por el tie-dye \u201cStorm\u201d en azul, gris y blanco.<\/p>\n<p><img loading=\"lazy\" decoding=\"async\" class=\"aligncenter size-full wp-image-176405\" src=\"https:\/\/graziamagazine.com\/es\/wp-content\/uploads\/sites\/12\/2024\/05\/hollysilius.jpg\" alt=\"\" width=\"1440\" height=\"1800\" srcset=\"https:\/\/graziamagazine.com\/es\/wp-content\/uploads\/sites\/12\/2024\/05\/hollysilius.jpg 1440w, https:\/\/graziamagazine.com\/es\/wp-content\/uploads\/sites\/12\/2024\/05\/hollysilius-240x300.jpg 240w, https:\/\/graziamagazine.com\/es\/wp-content\/uploads\/sites\/12\/2024\/05\/hollysilius-819x1024.jpg 819w, https:\/\/graziamagazine.com\/es\/wp-content\/uploads\/sites\/12\/2024\/05\/hollysilius-768x960.jpg 768w, https:\/\/graziamagazine.com\/es\/wp-content\/uploads\/sites\/12\/2024\/05\/hollysilius-1229x1536.jpg 1229w, https:\/\/graziamagazine.com\/es\/wp-content\/uploads\/sites\/12\/2024\/05\/hollysilius-400x500.jpg 400w, https:\/\/graziamagazine.com\/es\/wp-content\/uploads\/sites\/12\/2024\/05\/hollysilius-155x194.jpg 155w\" sizes=\"(max-width: 1440px) 100vw, 1440px\" \/><\/p>\n<p class=\"x_MsoNormal\">P<span lang=\"ES-TRAD\">ara\u00a0captar la colecci\u00f3<\/span><span lang=\"NL\">n en\u00a0<\/span><span lang=\"ES-TRAD\">movimiento<\/span>,\u00a0<span lang=\"DE\"><span class=\"mark9an2o837v\" data-markjs=\"true\" data-ogac=\"\" data-ogab=\"\" data-ogsc=\"\" data-ogsb=\"\">LOEWE<\/span>\u00a0<\/span><span lang=\"ES-TRAD\">y<\/span><span lang=\"DE\">\u00a0On<\/span><span lang=\"ES-TRAD\">\u00a0se desplazaron a los salvajes paisajes californianos de\u00a0Indian Canyon, Palm Springs y Simi Valley, donde el artista estadounidense\u00a0Ryan McGinley\u00a0fotografi\u00f3\u00a0<\/span><span lang=\"PT\">a\u00a0atletas de\u00a0<\/span><span lang=\"FR\">\u00e9<\/span><span lang=\"ES-TRAD\">lite<\/span><span lang=\"ES-TRAD\">\u00a0de todo el mundo en acci\u00f3<\/span>n\u00a0<span lang=\"ES-TRAD\">para la colecci\u00f3<\/span>n.<\/p>\n<div class=\"content-gallery\"><div class=\"gallery-placeholder\"><div class=\"spinner\"><\/div><\/div><span class=\"gallery-pagination\"><\/span><div id=\"gallery-2\" class=\"gallery galleryid-176335 gallery-columns- gallery-size-\"><figure class=\"gallery-item\"><div class=\"gallery-icon landscape\"><img loading=\"lazy\" decoding=\"async\" width=\"1638\" height=\"896\" src=\"https:\/\/graziamagazine.com\/es\/wp-content\/uploads\/sites\/12\/2024\/05\/331ffb7e-dfa0-46a5-bfc2-b21f4f3ffa54-scaled-e1716799339678.jpeg\" class=\"lazy\" alt=\"\" srcset=\"https:\/\/graziamagazine.com\/es\/wp-content\/uploads\/sites\/12\/2024\/05\/331ffb7e-dfa0-46a5-bfc2-b21f4f3ffa54-scaled-e1716799339678.jpeg 1638w, https:\/\/graziamagazine.com\/es\/wp-content\/uploads\/sites\/12\/2024\/05\/331ffb7e-dfa0-46a5-bfc2-b21f4f3ffa54-scaled-e1716799339678-300x164.jpeg 300w, https:\/\/graziamagazine.com\/es\/wp-content\/uploads\/sites\/12\/2024\/05\/331ffb7e-dfa0-46a5-bfc2-b21f4f3ffa54-scaled-e1716799339678-1024x560.jpeg 1024w, https:\/\/graziamagazine.com\/es\/wp-content\/uploads\/sites\/12\/2024\/05\/331ffb7e-dfa0-46a5-bfc2-b21f4f3ffa54-scaled-e1716799339678-768x420.jpeg 768w, https:\/\/graziamagazine.com\/es\/wp-content\/uploads\/sites\/12\/2024\/05\/331ffb7e-dfa0-46a5-bfc2-b21f4f3ffa54-scaled-e1716799339678-1536x840.jpeg 1536w, https:\/\/graziamagazine.com\/es\/wp-content\/uploads\/sites\/12\/2024\/05\/331ffb7e-dfa0-46a5-bfc2-b21f4f3ffa54-scaled-e1716799339678-400x219.jpeg 400w, https:\/\/graziamagazine.com\/es\/wp-content\/uploads\/sites\/12\/2024\/05\/331ffb7e-dfa0-46a5-bfc2-b21f4f3ffa54-scaled-e1716799339678-155x85.jpeg 155w\" sizes=\"(max-width: 1638px) 100vw, 1638px\" \/><\/div><\/figure><figure class=\"gallery-item\"><div class=\"gallery-icon landscape\"><img loading=\"lazy\" decoding=\"async\" width=\"1659\" height=\"883\" src=\"https:\/\/graziamagazine.com\/es\/wp-content\/uploads\/sites\/12\/2024\/05\/0f672f6e-6180-44ef-b9be-e22b5a591ce7-scaled-e1716799367791.jpeg\" class=\"lazy\" alt=\"\" srcset=\"https:\/\/graziamagazine.com\/es\/wp-content\/uploads\/sites\/12\/2024\/05\/0f672f6e-6180-44ef-b9be-e22b5a591ce7-scaled-e1716799367791.jpeg 1659w, https:\/\/graziamagazine.com\/es\/wp-content\/uploads\/sites\/12\/2024\/05\/0f672f6e-6180-44ef-b9be-e22b5a591ce7-scaled-e1716799367791-300x160.jpeg 300w, https:\/\/graziamagazine.com\/es\/wp-content\/uploads\/sites\/12\/2024\/05\/0f672f6e-6180-44ef-b9be-e22b5a591ce7-scaled-e1716799367791-1024x545.jpeg 1024w, https:\/\/graziamagazine.com\/es\/wp-content\/uploads\/sites\/12\/2024\/05\/0f672f6e-6180-44ef-b9be-e22b5a591ce7-scaled-e1716799367791-768x409.jpeg 768w, https:\/\/graziamagazine.com\/es\/wp-content\/uploads\/sites\/12\/2024\/05\/0f672f6e-6180-44ef-b9be-e22b5a591ce7-scaled-e1716799367791-1536x818.jpeg 1536w, https:\/\/graziamagazine.com\/es\/wp-content\/uploads\/sites\/12\/2024\/05\/0f672f6e-6180-44ef-b9be-e22b5a591ce7-scaled-e1716799367791-400x213.jpeg 400w, https:\/\/graziamagazine.com\/es\/wp-content\/uploads\/sites\/12\/2024\/05\/0f672f6e-6180-44ef-b9be-e22b5a591ce7-scaled-e1716799367791-155x82.jpeg 155w\" sizes=\"(max-width: 1659px) 100vw, 1659px\" \/><\/div><\/figure><figure class=\"gallery-item\"><div class=\"gallery-icon landscape\"><img loading=\"lazy\" decoding=\"async\" width=\"1655\" height=\"908\" src=\"https:\/\/graziamagazine.com\/es\/wp-content\/uploads\/sites\/12\/2024\/05\/531e544c-2c5e-4eae-acec-9163f4b10758-scaled-e1716799351431.jpeg\" class=\"lazy\" alt=\"\" srcset=\"https:\/\/graziamagazine.com\/es\/wp-content\/uploads\/sites\/12\/2024\/05\/531e544c-2c5e-4eae-acec-9163f4b10758-scaled-e1716799351431.jpeg 1655w, https:\/\/graziamagazine.com\/es\/wp-content\/uploads\/sites\/12\/2024\/05\/531e544c-2c5e-4eae-acec-9163f4b10758-scaled-e1716799351431-300x165.jpeg 300w, https:\/\/graziamagazine.com\/es\/wp-content\/uploads\/sites\/12\/2024\/05\/531e544c-2c5e-4eae-acec-9163f4b10758-scaled-e1716799351431-1024x562.jpeg 1024w, https:\/\/graziamagazine.com\/es\/wp-content\/uploads\/sites\/12\/2024\/05\/531e544c-2c5e-4eae-acec-9163f4b10758-scaled-e1716799351431-768x421.jpeg 768w, https:\/\/graziamagazine.com\/es\/wp-content\/uploads\/sites\/12\/2024\/05\/531e544c-2c5e-4eae-acec-9163f4b10758-scaled-e1716799351431-1536x843.jpeg 1536w, https:\/\/graziamagazine.com\/es\/wp-content\/uploads\/sites\/12\/2024\/05\/531e544c-2c5e-4eae-acec-9163f4b10758-scaled-e1716799351431-400x219.jpeg 400w, https:\/\/graziamagazine.com\/es\/wp-content\/uploads\/sites\/12\/2024\/05\/531e544c-2c5e-4eae-acec-9163f4b10758-scaled-e1716799351431-155x85.jpeg 155w\" sizes=\"(max-width: 1655px) 100vw, 1655px\" \/><\/div><\/figure><\/div><\/div>\n<p><span lang=\"ES-TRAD\">La <a href=\"https:\/\/www.loewe.com\/eur\/es\/loewe-x-on\/women?gad_source=1&amp;gclid=Cj0KCQjw3tCyBhDBARIsAEY0XNmWPidkSVNNGfS3SJDYubcmdyTicz9LpiftgeCoTG_1KWGjnnZWYhMaAm_QEALw_wcB\" target=\"_blank\">quinta entrega de\u00a0<\/a><\/span><span lang=\"IT\"><span class=\"mark9an2o837v\" data-markjs=\"true\" data-ogac=\"\" data-ogab=\"\" data-ogsc=\"\" data-ogsb=\"\">LOEWE<\/span>\u00a0x On<\/span><span lang=\"ES-TRAD\"> est\u00e1 disponible desde <\/span><span lang=\"ES-TRAD\">el 23 de mayo, y contar\u00e1 con una serie de tiendas especiales <\/span><i>pop-up<\/i><span lang=\"ES-TRAD\">\u00a0en todo el mundo que ofrecer<\/span>\u00e1n\u00a0<i><span lang=\"DE\">pr\u00ea<\/span><\/i><i>t-<\/i><i><span lang=\"DE\">\u00e0<\/span><\/i><i><span lang=\"FR\">-porter<\/span><\/i><span lang=\"ES-TRAD\">\u00a0y zapatos en colores exclusivos.<\/span><\/p>\n<p><em>*Im\u00e1genes: cortes\u00eda de Loewe<\/em><\/p>\n","protected":false},"author":11653,"featured_media":176403,"template":"","format":"standard","categories":[1],"acf":[],"yoast_head":"<!-- This site is optimized with the Yoast SEO Premium plugin v18.5 (Yoast SEO v20.4) - https:\/\/yoast.com\/wordpress\/plugins\/seo\/ -->\n<title>La colaboraci\u00f3n de LOEWE con On se extiende al pr\u00eat-\u00e0-porter<\/title>\n<meta name=\"description\" content=\"Esta nueva alianza lanza una colecci\u00f3n de ropa t\u00e9cnica, prendas de abrigo y calzado con amortiguaci\u00f3n para hombre y mujer.\" \/>\n<meta name=\"robots\" content=\"index, follow, max-snippet:-1, max-image-preview:large, max-video-preview:-1\" \/>\n<link rel=\"canonical\" href=\"https:\/\/graziamagazine.com\/es\/articles\/la-colaboracion-de-loewe-con-on-se-extiende-al-pret-a-porter\/\" \/>\n<meta property=\"og:locale\" content=\"es_ES\" \/>\n<meta property=\"og:type\" content=\"article\" \/>\n<meta property=\"og:title\" content=\"La colaboraci\u00f3n de LOEWE con On se extiende al pr\u00eat-\u00e0-porter\" \/>\n<meta property=\"og:description\" content=\"Esta nueva alianza lanza una colecci\u00f3n de ropa t\u00e9cnica, prendas de abrigo y calzado con amortiguaci\u00f3n para hombre y mujer.\" \/>\n<meta property=\"og:url\" content=\"https:\/\/graziamagazine.com\/es\/articles\/la-colaboracion-de-loewe-con-on-se-extiende-al-pret-a-porter\/\" \/>\n<meta property=\"og:site_name\" content=\"Grazia\" \/>\n<meta property=\"og:image\" content=\"https:\/\/graziamagazine.com\/es\/wp-content\/uploads\/sites\/12\/2024\/05\/LOEWE_FW24_ON_D5_RTW_SINTAYEHU_VISSA_RGB_CROPPED_2880x1620_0270_06-copia.jpg\" \/>\n\t<meta property=\"og:image:width\" content=\"1600\" \/>\n\t<meta property=\"og:image:height\" content=\"900\" \/>\n\t<meta property=\"og:image:type\" content=\"image\/jpeg\" \/>\n<meta name=\"twitter:card\" content=\"summary_large_image\" \/>\n<meta name=\"twitter:label1\" content=\"Est. reading time\" \/>\n\t<meta name=\"twitter:data1\" content=\"3 minutos\" \/>\n<script type=\"application\/ld+json\" class=\"yoast-schema-graph\">{\"@context\":\"https:\/\/schema.org\",\"@graph\":[{\"@type\":\"WebPage\",\"@id\":\"https:\/\/graziamagazine.com\/es\/articles\/la-colaboracion-de-loewe-con-on-se-extiende-al-pret-a-porter\/\",\"url\":\"https:\/\/graziamagazine.com\/es\/articles\/la-colaboracion-de-loewe-con-on-se-extiende-al-pret-a-porter\/\",\"name\":\"La colaboraci\u00f3n de LOEWE con On se extiende al pr\u00eat-\u00e0-porter\",\"isPartOf\":{\"@id\":\"https:\/\/graziamagazine.com\/es\/#website\"},\"datePublished\":\"2024-05-27T08:44:23+00:00\",\"dateModified\":\"2024-05-27T08:44:23+00:00\",\"description\":\"Esta nueva alianza lanza una colecci\u00f3n de ropa t\u00e9cnica, prendas de abrigo y calzado con amortiguaci\u00f3n para hombre y mujer.\",\"breadcrumb\":{\"@id\":\"https:\/\/graziamagazine.com\/es\/articles\/la-colaboracion-de-loewe-con-on-se-extiende-al-pret-a-porter\/#breadcrumb\"},\"inLanguage\":\"es\",\"potentialAction\":[{\"@type\":\"ReadAction\",\"target\":[\"https:\/\/graziamagazine.com\/es\/articles\/la-colaboracion-de-loewe-con-on-se-extiende-al-pret-a-porter\/\"]}]},{\"@type\":\"BreadcrumbList\",\"@id\":\"https:\/\/graziamagazine.com\/es\/articles\/la-colaboracion-de-loewe-con-on-se-extiende-al-pret-a-porter\/#breadcrumb\",\"itemListElement\":[{\"@type\":\"ListItem\",\"position\":1,\"name\":\"Portada\",\"item\":\"https:\/\/graziamagazine.com\/es\/\"},{\"@type\":\"ListItem\",\"position\":2,\"name\":\"La colaboraci\u00f3n de LOEWE con On se extiende al pr\u00eat-\u00e0-porter\"}]},{\"@type\":\"WebSite\",\"@id\":\"https:\/\/graziamagazine.com\/es\/#website\",\"url\":\"https:\/\/graziamagazine.com\/es\/\",\"name\":\"Grazia\",\"description\":\"Moda, belleza, celebrities, estilo de vida...\",\"potentialAction\":[{\"@type\":\"SearchAction\",\"target\":{\"@type\":\"EntryPoint\",\"urlTemplate\":\"https:\/\/graziamagazine.com\/es\/?s={search_term_string}\"},\"query-input\":\"required name=search_term_string\"}],\"inLanguage\":\"es\"}]}<\/script>\n<!-- \/ Yoast SEO Premium plugin. -->","yoast_head_json":{"title":"La colaboraci\u00f3n de LOEWE con On se extiende al pr\u00eat-\u00e0-porter","description":"Esta nueva alianza lanza una colecci\u00f3n de ropa t\u00e9cnica, prendas de abrigo y calzado con amortiguaci\u00f3n para hombre y mujer.","robots":{"index":"index","follow":"follow","max-snippet":"max-snippet:-1","max-image-preview":"max-image-preview:large","max-video-preview":"max-video-preview:-1"},"canonical":"https:\/\/graziamagazine.com\/es\/articles\/la-colaboracion-de-loewe-con-on-se-extiende-al-pret-a-porter\/","og_locale":"es_ES","og_type":"article","og_title":"La colaboraci\u00f3n de LOEWE con On se extiende al pr\u00eat-\u00e0-porter","og_description":"Esta nueva alianza lanza una colecci\u00f3n de ropa t\u00e9cnica, prendas de abrigo y calzado con amortiguaci\u00f3n para hombre y mujer.","og_url":"https:\/\/graziamagazine.com\/es\/articles\/la-colaboracion-de-loewe-con-on-se-extiende-al-pret-a-porter\/","og_site_name":"Grazia","og_image":[{"width":1600,"height":900,"url":"https:\/\/graziamagazine.com\/es\/wp-content\/uploads\/sites\/12\/2024\/05\/LOEWE_FW24_ON_D5_RTW_SINTAYEHU_VISSA_RGB_CROPPED_2880x1620_0270_06-copia.jpg","type":"image\/jpeg"}],"twitter_card":"summary_large_image","twitter_misc":{"Est. reading time":"3 minutos"},"schema":{"@context":"https:\/\/schema.org","@graph":[{"@type":"WebPage","@id":"https:\/\/graziamagazine.com\/es\/articles\/la-colaboracion-de-loewe-con-on-se-extiende-al-pret-a-porter\/","url":"https:\/\/graziamagazine.com\/es\/articles\/la-colaboracion-de-loewe-con-on-se-extiende-al-pret-a-porter\/","name":"La colaboraci\u00f3n de LOEWE con On se extiende al pr\u00eat-\u00e0-porter","isPartOf":{"@id":"https:\/\/graziamagazine.com\/es\/#website"},"datePublished":"2024-05-27T08:44:23+00:00","dateModified":"2024-05-27T08:44:23+00:00","description":"Esta nueva alianza lanza una colecci\u00f3n de ropa t\u00e9cnica, prendas de abrigo y calzado con amortiguaci\u00f3n para hombre y mujer.","breadcrumb":{"@id":"https:\/\/graziamagazine.com\/es\/articles\/la-colaboracion-de-loewe-con-on-se-extiende-al-pret-a-porter\/#breadcrumb"},"inLanguage":"es","potentialAction":[{"@type":"ReadAction","target":["https:\/\/graziamagazine.com\/es\/articles\/la-colaboracion-de-loewe-con-on-se-extiende-al-pret-a-porter\/"]}]},{"@type":"BreadcrumbList","@id":"https:\/\/graziamagazine.com\/es\/articles\/la-colaboracion-de-loewe-con-on-se-extiende-al-pret-a-porter\/#breadcrumb","itemListElement":[{"@type":"ListItem","position":1,"name":"Portada","item":"https:\/\/graziamagazine.com\/es\/"},{"@type":"ListItem","position":2,"name":"La colaboraci\u00f3n de LOEWE con On se extiende al pr\u00eat-\u00e0-porter"}]},{"@type":"WebSite","@id":"https:\/\/graziamagazine.com\/es\/#website","url":"https:\/\/graziamagazine.com\/es\/","name":"Grazia","description":"Moda, belleza, celebrities, estilo de vida...","potentialAction":[{"@type":"SearchAction","target":{"@type":"EntryPoint","urlTemplate":"https:\/\/graziamagazine.com\/es\/?s={search_term_string}"},"query-input":"required name=search_term_string"}],"inLanguage":"es"}]}},"jetpack_sharing_enabled":true,"distributor_meta":false,"distributor_terms":false,"distributor_media":false,"distributor_original_site_name":"Grazia","distributor_original_site_url":"https:\/\/graziamagazine.com\/es","push-errors":false,"_links":{"self":[{"href":"https:\/\/graziamagazine.com\/es\/wp-json\/wp\/v2\/articles\/176335"}],"collection":[{"href":"https:\/\/graziamagazine.com\/es\/wp-json\/wp\/v2\/articles"}],"about":[{"href":"https:\/\/graziamagazine.com\/es\/wp-json\/wp\/v2\/types\/articles"}],"author":[{"embeddable":true,"href":"https:\/\/graziamagazine.com\/es\/wp-json\/wp\/v2\/users\/11653"}],"wp:featuredmedia":[{"embeddable":true,"href":"https:\/\/graziamagazine.com\/es\/wp-json\/wp\/v2\/media\/176403"}],"wp:attachment":[{"href":"https:\/\/graziamagazine.com\/es\/wp-json\/wp\/v2\/media?parent=176335"}],"wp:term":[{"taxonomy":"category","embeddable":true,"href":"https:\/\/graziamagazine.com\/es\/wp-json\/wp\/v2\/categories?post=176335"}],"curies":[{"name":"wp","href":"https:\/\/api.w.org\/{rel}","templated":true}]}}