{"id":176322,"date":"2024-05-22T09:00:58","date_gmt":"2024-05-22T07:00:58","guid":{"rendered":"https:\/\/graziamagazine.com\/es\/?post_type=articles&#038;p=176322"},"modified":"2024-05-22T10:04:59","modified_gmt":"2024-05-22T08:04:59","slug":"las-nuevas-herramientas-para-un-peinado-perfecto-todo-el-dia","status":"publish","type":"articles","link":"https:\/\/graziamagazine.com\/es\/articles\/las-nuevas-herramientas-para-un-peinado-perfecto-todo-el-dia\/","title":{"rendered":"Las nuevas herramientas para un peinado perfecto todo el d\u00eda"},"content":{"rendered":"<p>Llega el verano y las vacaciones y con ellos las maletas de ida y vueltas de tus viajes. Por un lado, no siempre tenemos espacio para llevar todas las herramientas de belleza que tenemos, y por otro, las largas jornadas de sol hacen que no siempre los peinados nos duren como quisi\u00e9ramos.<\/p>\n<p>Pues bien, ahora Beter, la firma espa\u00f1ola de cuidado personal que naci\u00f3 en 1936, ha lanzado dos productos, dos herramientas de peinado que podr\u00e1s llevar a todas partes porque no tienen cables, algo genial incluso para tu bolsa de la playa. \u00bfQui\u00e9n no ha so\u00f1ado con tener una plancha del pelo que se cargue por USB?, \u00bfo un cepillo el\u00e9ctrico que elimine el molesto <em>frizz<\/em> del cabello?<\/p>\n<p>Esos dos sue\u00f1os ahora son realidad en tama\u00f1o mini y se convertir\u00e1n en los compa\u00f1eros perfectos para tu d\u00eda a d\u00eda estival, porque est\u00e1n creados para un calentamiento r\u00e1pido, algo que te ayudar\u00e1 hasta en un ba\u00f1o de avi\u00f3n.<\/p>\n<h3><a href=\"https:\/\/beter.es\/es\/inicio\/3570-cepillo-ionico-inalambrico-grwm-rojo.html\" target=\"_blank\">UNPLUGGED IONIC BRUSH<\/a><\/h3>\n<p>El cepillo i\u00f3nico el\u00e9ctrico alcanza los 200 \u00b0C y es perfecto para moldear y alisar el cabello. Su superficie antiquemaduras, garantiza un uso seguro, mientras que el efecto anti-frizz de su cabezal, ofrece un acabado brillante sin encrespamiento. Su autonom\u00eda es de 60 minutos.<\/p>\n<p><img loading=\"lazy\" decoding=\"async\" class=\"aligncenter wp-image-176324 size-full\" src=\"https:\/\/graziamagazine.com\/es\/wp-content\/uploads\/sites\/12\/2024\/05\/cepillo-ionico-inalambrico-grwm-rojo-e1716334971843.jpg\" alt=\"\" width=\"600\" height=\"497\" \/><\/p>\n<h3><a href=\"https:\/\/beter.es\/es\/inicio\/3574-plancha-de-cabello-inalambrica-grwm-azul.html\" target=\"_blank\">UNPLUGGED FLAT IRON<\/a><\/h3>\n<p>Por otro lado, la plancha de pelo alisa el cabello sin esfuerzo y es perfecta para crear ondas al instante en cualquier lugar. El dise\u00f1o redondeado de sus extremos permite que se deslice con la m\u00e1xima suavidad y la superficie de aluminio de sus placas recubiertas con cer\u00e1mica protegen la estructura del cabello. El indicador de temperatura es regulable a 160 \u00b0C, 180 \u00b0C o 200 \u00b0C y su autonom\u00eda es de 35 minutos.<\/p>\n<p><img loading=\"lazy\" decoding=\"async\" class=\"aligncenter wp-image-176323 size-full\" src=\"https:\/\/graziamagazine.com\/es\/wp-content\/uploads\/sites\/12\/2024\/05\/plancha-de-cabello-inalambrica-grwm-azul-e1716334988186.jpg\" alt=\"\" width=\"600\" height=\"489\" \/><\/p>\n<p>Otras de las cosas. buenas de estos dos productos es que puedes puedes elegirlos en tres colores vibrantes, azul el\u00e9ctrico, rojo y rosa fucsia y por supuesto el precio: puedes encontrar ambas herramientas en la web de la marca por 34,95 euros.<\/p>\n<p>*Im\u00e1genes:<\/p>\n","protected":false},"author":11653,"featured_media":176325,"template":"","format":"standard","categories":[7],"acf":[],"yoast_head":"<!-- This site is optimized with the Yoast SEO Premium plugin v18.5 (Yoast SEO v20.4) - https:\/\/yoast.com\/wordpress\/plugins\/seo\/ -->\n<title>Las nuevas herramientas para un peinado perfecto todo el d\u00eda<\/title>\n<meta name=\"description\" content=\"La firma de cuidado Beter lanza su nueva plancha y cepillo inal\u00e1mbricos que ayudan a tener para un peinado perfecto en cualquier lugar.\" \/>\n<meta name=\"robots\" content=\"index, follow, max-snippet:-1, max-image-preview:large, max-video-preview:-1\" \/>\n<link rel=\"canonical\" href=\"https:\/\/graziamagazine.com\/es\/articles\/las-nuevas-herramientas-para-un-peinado-perfecto-todo-el-dia\/\" \/>\n<meta property=\"og:locale\" content=\"es_ES\" \/>\n<meta property=\"og:type\" content=\"article\" \/>\n<meta property=\"og:title\" content=\"Las nuevas herramientas para un peinado perfecto todo el d\u00eda\" \/>\n<meta property=\"og:description\" content=\"La firma de cuidado Beter lanza su nueva plancha y cepillo inal\u00e1mbricos que ayudan a tener para un peinado perfecto en cualquier lugar.\" \/>\n<meta property=\"og:url\" content=\"https:\/\/graziamagazine.com\/es\/articles\/las-nuevas-herramientas-para-un-peinado-perfecto-todo-el-dia\/\" \/>\n<meta property=\"og:site_name\" content=\"Grazia\" \/>\n<meta property=\"article:modified_time\" content=\"2024-05-22T08:04:59+00:00\" \/>\n<meta property=\"og:image\" content=\"https:\/\/graziamagazine.com\/es\/wp-content\/uploads\/sites\/12\/2024\/05\/pelo-verano.jpg-copia.jpg\" \/>\n\t<meta property=\"og:image:width\" content=\"1200\" \/>\n\t<meta property=\"og:image:height\" content=\"675\" \/>\n\t<meta property=\"og:image:type\" content=\"image\/jpeg\" \/>\n<meta name=\"twitter:card\" content=\"summary_large_image\" \/>\n<meta name=\"twitter:label1\" content=\"Est. reading time\" \/>\n\t<meta name=\"twitter:data1\" content=\"2 minutos\" \/>\n<script type=\"application\/ld+json\" class=\"yoast-schema-graph\">{\"@context\":\"https:\/\/schema.org\",\"@graph\":[{\"@type\":\"WebPage\",\"@id\":\"https:\/\/graziamagazine.com\/es\/articles\/las-nuevas-herramientas-para-un-peinado-perfecto-todo-el-dia\/\",\"url\":\"https:\/\/graziamagazine.com\/es\/articles\/las-nuevas-herramientas-para-un-peinado-perfecto-todo-el-dia\/\",\"name\":\"Las nuevas herramientas para un peinado perfecto todo el d\u00eda\",\"isPartOf\":{\"@id\":\"https:\/\/graziamagazine.com\/es\/#website\"},\"datePublished\":\"2024-05-22T07:00:58+00:00\",\"dateModified\":\"2024-05-22T08:04:59+00:00\",\"description\":\"La firma de cuidado Beter lanza su nueva plancha y cepillo inal\u00e1mbricos que ayudan a tener para un peinado perfecto en cualquier lugar.\",\"breadcrumb\":{\"@id\":\"https:\/\/graziamagazine.com\/es\/articles\/las-nuevas-herramientas-para-un-peinado-perfecto-todo-el-dia\/#breadcrumb\"},\"inLanguage\":\"es\",\"potentialAction\":[{\"@type\":\"ReadAction\",\"target\":[\"https:\/\/graziamagazine.com\/es\/articles\/las-nuevas-herramientas-para-un-peinado-perfecto-todo-el-dia\/\"]}]},{\"@type\":\"BreadcrumbList\",\"@id\":\"https:\/\/graziamagazine.com\/es\/articles\/las-nuevas-herramientas-para-un-peinado-perfecto-todo-el-dia\/#breadcrumb\",\"itemListElement\":[{\"@type\":\"ListItem\",\"position\":1,\"name\":\"Portada\",\"item\":\"https:\/\/graziamagazine.com\/es\/\"},{\"@type\":\"ListItem\",\"position\":2,\"name\":\"Las nuevas herramientas para un peinado perfecto todo el d\u00eda\"}]},{\"@type\":\"WebSite\",\"@id\":\"https:\/\/graziamagazine.com\/es\/#website\",\"url\":\"https:\/\/graziamagazine.com\/es\/\",\"name\":\"Grazia\",\"description\":\"Moda, belleza, celebrities, estilo de vida...\",\"potentialAction\":[{\"@type\":\"SearchAction\",\"target\":{\"@type\":\"EntryPoint\",\"urlTemplate\":\"https:\/\/graziamagazine.com\/es\/?s={search_term_string}\"},\"query-input\":\"required name=search_term_string\"}],\"inLanguage\":\"es\"}]}<\/script>\n<!-- \/ Yoast SEO Premium plugin. -->","yoast_head_json":{"title":"Las nuevas herramientas para un peinado perfecto todo el d\u00eda","description":"La firma de cuidado Beter lanza su nueva plancha y cepillo inal\u00e1mbricos que ayudan a tener para un peinado perfecto en cualquier lugar.","robots":{"index":"index","follow":"follow","max-snippet":"max-snippet:-1","max-image-preview":"max-image-preview:large","max-video-preview":"max-video-preview:-1"},"canonical":"https:\/\/graziamagazine.com\/es\/articles\/las-nuevas-herramientas-para-un-peinado-perfecto-todo-el-dia\/","og_locale":"es_ES","og_type":"article","og_title":"Las nuevas herramientas para un peinado perfecto todo el d\u00eda","og_description":"La firma de cuidado Beter lanza su nueva plancha y cepillo inal\u00e1mbricos que ayudan a tener para un peinado perfecto en cualquier lugar.","og_url":"https:\/\/graziamagazine.com\/es\/articles\/las-nuevas-herramientas-para-un-peinado-perfecto-todo-el-dia\/","og_site_name":"Grazia","article_modified_time":"2024-05-22T08:04:59+00:00","og_image":[{"width":1200,"height":675,"url":"https:\/\/graziamagazine.com\/es\/wp-content\/uploads\/sites\/12\/2024\/05\/pelo-verano.jpg-copia.jpg","type":"image\/jpeg"}],"twitter_card":"summary_large_image","twitter_misc":{"Est. reading time":"2 minutos"},"schema":{"@context":"https:\/\/schema.org","@graph":[{"@type":"WebPage","@id":"https:\/\/graziamagazine.com\/es\/articles\/las-nuevas-herramientas-para-un-peinado-perfecto-todo-el-dia\/","url":"https:\/\/graziamagazine.com\/es\/articles\/las-nuevas-herramientas-para-un-peinado-perfecto-todo-el-dia\/","name":"Las nuevas herramientas para un peinado perfecto todo el d\u00eda","isPartOf":{"@id":"https:\/\/graziamagazine.com\/es\/#website"},"datePublished":"2024-05-22T07:00:58+00:00","dateModified":"2024-05-22T08:04:59+00:00","description":"La firma de cuidado Beter lanza su nueva plancha y cepillo inal\u00e1mbricos que ayudan a tener para un peinado perfecto en cualquier lugar.","breadcrumb":{"@id":"https:\/\/graziamagazine.com\/es\/articles\/las-nuevas-herramientas-para-un-peinado-perfecto-todo-el-dia\/#breadcrumb"},"inLanguage":"es","potentialAction":[{"@type":"ReadAction","target":["https:\/\/graziamagazine.com\/es\/articles\/las-nuevas-herramientas-para-un-peinado-perfecto-todo-el-dia\/"]}]},{"@type":"BreadcrumbList","@id":"https:\/\/graziamagazine.com\/es\/articles\/las-nuevas-herramientas-para-un-peinado-perfecto-todo-el-dia\/#breadcrumb","itemListElement":[{"@type":"ListItem","position":1,"name":"Portada","item":"https:\/\/graziamagazine.com\/es\/"},{"@type":"ListItem","position":2,"name":"Las nuevas herramientas para un peinado perfecto todo el d\u00eda"}]},{"@type":"WebSite","@id":"https:\/\/graziamagazine.com\/es\/#website","url":"https:\/\/graziamagazine.com\/es\/","name":"Grazia","description":"Moda, belleza, celebrities, estilo de vida...","potentialAction":[{"@type":"SearchAction","target":{"@type":"EntryPoint","urlTemplate":"https:\/\/graziamagazine.com\/es\/?s={search_term_string}"},"query-input":"required name=search_term_string"}],"inLanguage":"es"}]}},"jetpack_sharing_enabled":true,"distributor_meta":false,"distributor_terms":false,"distributor_media":false,"distributor_original_site_name":"Grazia","distributor_original_site_url":"https:\/\/graziamagazine.com\/es","push-errors":false,"_links":{"self":[{"href":"https:\/\/graziamagazine.com\/es\/wp-json\/wp\/v2\/articles\/176322"}],"collection":[{"href":"https:\/\/graziamagazine.com\/es\/wp-json\/wp\/v2\/articles"}],"about":[{"href":"https:\/\/graziamagazine.com\/es\/wp-json\/wp\/v2\/types\/articles"}],"author":[{"embeddable":true,"href":"https:\/\/graziamagazine.com\/es\/wp-json\/wp\/v2\/users\/11653"}],"wp:featuredmedia":[{"embeddable":true,"href":"https:\/\/graziamagazine.com\/es\/wp-json\/wp\/v2\/media\/176325"}],"wp:attachment":[{"href":"https:\/\/graziamagazine.com\/es\/wp-json\/wp\/v2\/media?parent=176322"}],"wp:term":[{"taxonomy":"category","embeddable":true,"href":"https:\/\/graziamagazine.com\/es\/wp-json\/wp\/v2\/categories?post=176322"}],"curies":[{"name":"wp","href":"https:\/\/api.w.org\/{rel}","templated":true}]}}