{"id":176122,"date":"2024-05-14T09:00:37","date_gmt":"2024-05-14T07:00:37","guid":{"rendered":"https:\/\/graziamagazine.com\/es\/?post_type=articles&#038;p=176122"},"modified":"2024-05-15T01:16:41","modified_gmt":"2024-05-14T23:16:41","slug":"polvos-fijadores-6-razones-para-sumarlos-a-tu-rutina-de-maquillaje","status":"publish","type":"articles","link":"https:\/\/graziamagazine.com\/es\/articles\/polvos-fijadores-6-razones-para-sumarlos-a-tu-rutina-de-maquillaje\/","title":{"rendered":"Polvos fijadores: 6 razones para sumarlos a tu rutina de maquillaje"},"content":{"rendered":"<p>Los polvos fijadores son como el toque final en una obra de arte, asegurando que tu maquillaje se mantenga impecable durante todo el d\u00eda. \u00bfTe preguntas por qu\u00e9 deber\u00edas incluirlos en tu rutina de belleza? Aqu\u00ed hay algunas razones clave que te convencer\u00e1n.<\/p>\n<h3>Control del brillo<\/h3>\n<p>Los polvos fijadores son el arma secreta contra el brillo no deseado. Absorben el exceso de aceite de la piel, manteniendo tu rostro con un acabado mate y fresco.<\/p>\n<h3>Durabilidad del maquillaje<\/h3>\n<p>\u00bfQuieres que tu maquillaje dure desde la ma\u00f1ana hasta la noche? Los polvos fijadores son tu mejor aliado. Ayudan a fijar el maquillaje l\u00edquido o en crema, evitando que se desvanezca o se corra con el paso de las horas.<\/p>\n<h3>Acabado profesional<\/h3>\n<p>Si buscas un acabado suave y pulido, los polvos fijadores son esenciales. Ayudan a difuminar las l\u00edneas y a unificar el tono de la piel, dej\u00e1ndola con un aspecto impecable y natural.<\/p>\n<h3>Minimiza la apariencia de los poros<\/h3>\n<p>\u00bfQuieres reducir la visibilidad de los poros y lograr una piel suave y uniforme? Los polvos fijadores pueden hacerlo por ti. Al aplicar una capa ligera sobre la piel, ayudan a difuminar los poros, creando una base perfecta para el resto del maquillaje.<\/p>\n<h3>Sellado del corrector y base<\/h3>\n<p>Para evitar que el corrector y la base se acumulen en las l\u00edneas finas o se muevan a lo largo del d\u00eda, los polvos fijadores son imprescindibles. Simplemente aplica una peque\u00f1a cantidad sobre las \u00e1reas donde hayas aplicado corrector o base para un acabado impecable y duradero.<\/p>\n<h3>Versatilidad<\/h3>\n<p>Los polvos fijadores vienen en una variedad de tonos para adaptarse a diferentes tipos de piel y necesidades. Ya sea que prefieras un acabado mate, luminoso o transl\u00facido, hay una opci\u00f3n para ti.<\/p>\n<h3>polvos favoritos que no puedes dejar de probar<\/h3>\n<h4 class=\"ProductDetails__Title\">Invisible Touch Face Fixing Powder, de KIKO Milano<\/h4>\n<p>Su textura crea una capa transparente con un acabado mate. Durante la aplicaci\u00f3n, se adhiere a la perfecci\u00f3n a la piel y proporciona al rostro un delicado efecto \u00absegunda piel\u00bb imperceptible al tacto. <a href=\"https:\/\/www.kikocosmetics.com\/es-es\/Invisible-Touch-Face-Fixing-Powder\/p-KM000000431001B?queryId=5ea5eced4f0e5344b37d24498a917c2b&amp;q=polvos\" target=\"_blank\">Su precio es de 14,99 euros.\u00a0<\/a><\/p>\n<p><img loading=\"lazy\" decoding=\"async\" class=\"size-full wp-image-176212\" src=\"https:\/\/graziamagazine.com\/es\/wp-content\/uploads\/sites\/12\/2024\/05\/KM0010800900144principale_900Wx900H-e1715728542952.jpg\" alt=\"\" width=\"868\" height=\"730\" data-wp-editing=\"1\" \/><\/p>\n<h4 class=\"page-title-wrapper product product-configurable\"><span class=\"page-title\">Studio Fix Micro Veil Loose Powder, de MAC Cosmetics<\/span><\/h4>\n<p>Ayudan a fijar el maquillaje durante todo el dia y a\u00a0absorber\u00a0el\u00a0exceso\u00a0de\u00a0grasa\u00a0con un\u00a0acabado mate perfecto para fotos. <a href=\"https:\/\/www.druni.es\/studio-fix-micro-veil-loose-powder-mac-cosmetics-polvo-fijador-matificante\" target=\"_blank\">Su precio es de 33,60 euros en Druni.<\/a><\/p>\n<p><img loading=\"lazy\" decoding=\"async\" class=\"aligncenter wp-image-176160 size-full\" src=\"https:\/\/graziamagazine.com\/es\/wp-content\/uploads\/sites\/12\/2024\/05\/3730288-copia-e1715626676406.jpg\" alt=\"\" width=\"580\" height=\"476\" srcset=\"https:\/\/graziamagazine.com\/es\/wp-content\/uploads\/sites\/12\/2024\/05\/3730288-copia-e1715626676406.jpg 580w, https:\/\/graziamagazine.com\/es\/wp-content\/uploads\/sites\/12\/2024\/05\/3730288-copia-e1715626676406-300x246.jpg 300w, https:\/\/graziamagazine.com\/es\/wp-content\/uploads\/sites\/12\/2024\/05\/3730288-copia-e1715626676406-400x328.jpg 400w, https:\/\/graziamagazine.com\/es\/wp-content\/uploads\/sites\/12\/2024\/05\/3730288-copia-e1715626676406-155x127.jpg 155w\" sizes=\"(max-width: 580px) 100vw, 580px\" \/><\/p>\n<h4>Polvos Compactos All About Matt, de Essence<\/h4>\n<p>Polvos compactos para matificar el rostro y sellar y prolongar la duraci\u00f3n del maquillaje. Est\u00e1n pensandos para todo tipo de pieles. <a href=\"https:\/\/www.druni.es\/all-about-matt-fixing-compact-powder-essence-essence-polvos-compactos?gad_source=1&amp;gclid=CjwKCAjw9IayBhBJEiwAVuc3flGpV0UgR8XUSBikx2Jc6t18BuQm6ZC11PZ0itfVSGR6SszmztzEPBoCLMcQAvD_BwE\" target=\"_blank\">Su precio es de 2,45 euros en Druni<\/a>.<\/p>\n<p><img loading=\"lazy\" decoding=\"async\" class=\"aligncenter wp-image-176164 size-full\" src=\"https:\/\/graziamagazine.com\/es\/wp-content\/uploads\/sites\/12\/2024\/05\/1701214-copia-e1715627848685.jpg\" alt=\"\" width=\"500\" height=\"500\" \/><\/p>\n<h4>Easy Bake, de Huda Beauty<\/h4>\n<p>Los pigmentos en polvo suelto ultrarrefinados aportanuna textura ligera y sedosa, no comedog\u00e9nica, y un toque de luminosidad a la piel. <a href=\"https:\/\/www.sephora.es\/p\/easy-bake---polvos-sueltos-fijadores-sin-perfumes-P10057342.html#product-info\" target=\"_blank\">Su precio es de 39,99 euros en Sephora<\/a>.<\/p>\n<p><img loading=\"lazy\" decoding=\"async\" class=\"aligncenter wp-image-176162 size-full\" src=\"https:\/\/graziamagazine.com\/es\/wp-content\/uploads\/sites\/12\/2024\/05\/723460_swatch-copia-e1715627875534.jpg\" alt=\"\" width=\"600\" height=\"600\" \/><\/p>\n<h4 class=\"heading heading--page product-view__title\" data-ui-id=\"page-title-wrapper\"><span class=\"titulo_producto\">Ever Matte Polvos Sueltos, de Clarins<\/span><\/h4>\n<p>Aliado ideal para fijar el maquillaje, ofrecen un tratamiento fijador y matificante gracias a sus ingredientes de origen natural. La leche de melocotonero que suaviza la piel, salicornia bio que conserva la hidrataci\u00f3n de la piel y polvos de bamb\u00fa para un acabado inamovible. <a href=\"https:\/\/www.primor.eu\/es_es\/clarins-ever-matte-polvos-sueltos-48841.html\" target=\"_blank\">Su precio es de 29,95 euros en Primor<\/a>.<\/p>\n<p><img loading=\"lazy\" decoding=\"async\" class=\"aligncenter size-full wp-image-176161\" src=\"https:\/\/graziamagazine.com\/es\/wp-content\/uploads\/sites\/12\/2024\/05\/0MR21788_2_0421-copia.jpg\" alt=\"\" width=\"700\" height=\"700\" srcset=\"https:\/\/graziamagazine.com\/es\/wp-content\/uploads\/sites\/12\/2024\/05\/0MR21788_2_0421-copia.jpg 700w, https:\/\/graziamagazine.com\/es\/wp-content\/uploads\/sites\/12\/2024\/05\/0MR21788_2_0421-copia-300x300.jpg 300w, https:\/\/graziamagazine.com\/es\/wp-content\/uploads\/sites\/12\/2024\/05\/0MR21788_2_0421-copia-150x150.jpg 150w, https:\/\/graziamagazine.com\/es\/wp-content\/uploads\/sites\/12\/2024\/05\/0MR21788_2_0421-copia-400x400.jpg 400w, https:\/\/graziamagazine.com\/es\/wp-content\/uploads\/sites\/12\/2024\/05\/0MR21788_2_0421-copia-155x155.jpg 155w\" sizes=\"(max-width: 700px) 100vw, 700px\" \/><\/p>\n<h4>Polvos transparentes matificantes de larga duraci\u00f3n, de Sephora Collection<\/h4>\n<p>Transl\u00facidos, ligeros y de larga duraci\u00f3n que fijan el maquillaje. Su tono universal se adapta a todos los tonos de piel. <a href=\"https:\/\/www.sephora.es\/p\/polvos-sueltos-fijadores---polvos-transparentes-matificantes-de-larga-duracion-669006.html#product-info\" target=\"_blank\">Su precio es de 15,99 euros en Sephora<\/a>.<\/p>\n<p><img loading=\"lazy\" decoding=\"async\" class=\"aligncenter size-full wp-image-176163\" src=\"https:\/\/graziamagazine.com\/es\/wp-content\/uploads\/sites\/12\/2024\/05\/P10058413_1-copia-e1715627393381.jpg\" alt=\"\" width=\"1435\" height=\"812\" srcset=\"https:\/\/graziamagazine.com\/es\/wp-content\/uploads\/sites\/12\/2024\/05\/P10058413_1-copia-e1715627393381.jpg 1435w, https:\/\/graziamagazine.com\/es\/wp-content\/uploads\/sites\/12\/2024\/05\/P10058413_1-copia-e1715627393381-300x170.jpg 300w, https:\/\/graziamagazine.com\/es\/wp-content\/uploads\/sites\/12\/2024\/05\/P10058413_1-copia-e1715627393381-1024x579.jpg 1024w, https:\/\/graziamagazine.com\/es\/wp-content\/uploads\/sites\/12\/2024\/05\/P10058413_1-copia-e1715627393381-768x435.jpg 768w, https:\/\/graziamagazine.com\/es\/wp-content\/uploads\/sites\/12\/2024\/05\/P10058413_1-copia-e1715627393381-830x470.jpg 830w, https:\/\/graziamagazine.com\/es\/wp-content\/uploads\/sites\/12\/2024\/05\/P10058413_1-copia-e1715627393381-400x226.jpg 400w, https:\/\/graziamagazine.com\/es\/wp-content\/uploads\/sites\/12\/2024\/05\/P10058413_1-copia-e1715627393381-155x88.jpg 155w\" sizes=\"(max-width: 1435px) 100vw, 1435px\" \/><\/p>\n<h4 class=\"heading heading--page product-view__title\" data-ui-id=\"page-title-wrapper\"><span class=\"titulo_producto\">Lasting Fix Polvos Transl\u00facidos, de Maybelline New York<\/span><\/h4>\n<p>Polvos microfinos y transl\u00facidos que fijan, matifican, camuflan y suavizan la piel para un acabado natural e imperceptible. Adem\u00e1s crean un efecto desenfocado mientras fija el maquillaje. <a href=\"https:\/\/www.primor.eu\/es_es\/maybelline-new-york-lasting-fix-polvos-translucidos-35974.html?gad_source=1&amp;gclid=CjwKCAjw9IayBhBJEiwAVuc3fkw3Xn99cK_PSnvt4ZbfDuCfrF2uwsaN45GNV7-GzaUIXycf7HylYBoC86kQAvD_BwE\" target=\"_blank\">Su precio es de 6,74 euros<\/a>.<\/p>\n<p><img loading=\"lazy\" decoding=\"async\" class=\"aligncenter wp-image-176165 size-full\" src=\"https:\/\/graziamagazine.com\/es\/wp-content\/uploads\/sites\/12\/2024\/05\/0MR12998_1_7f9d-copia-e1715628073912.jpg\" alt=\"\" width=\"600\" height=\"460\" \/><\/p>\n<p><em>*Im\u00e1genes: Getty Images y cortes\u00eda<\/em><\/p>\n","protected":false},"author":11653,"featured_media":176159,"template":"","format":"standard","categories":[7],"acf":[],"yoast_head":"<!-- This site is optimized with the Yoast SEO Premium plugin v18.5 (Yoast SEO v20.4) - https:\/\/yoast.com\/wordpress\/plugins\/seo\/ -->\n<title>Polvos fijadores: 6 razones para sumarlos a tu rutina de maquillaje<\/title>\n<meta name=\"description\" content=\"Con el calor el maquillaje comienza a desaparecer a lo largo del d\u00eda, pero tenemos la soluci\u00f3n y hemos seleccionados nuestros favoritos.\" \/>\n<meta name=\"robots\" content=\"index, follow, max-snippet:-1, max-image-preview:large, max-video-preview:-1\" \/>\n<link rel=\"canonical\" href=\"https:\/\/graziamagazine.com\/es\/articles\/polvos-fijadores-6-razones-para-sumarlos-a-tu-rutina-de-maquillaje\/\" \/>\n<meta property=\"og:locale\" content=\"es_ES\" \/>\n<meta property=\"og:type\" content=\"article\" \/>\n<meta property=\"og:title\" content=\"Polvos fijadores: 6 razones para sumarlos a tu rutina de maquillaje\" \/>\n<meta property=\"og:description\" content=\"Con el calor el maquillaje comienza a desaparecer a lo largo del d\u00eda, pero tenemos la soluci\u00f3n y hemos seleccionados nuestros favoritos.\" \/>\n<meta property=\"og:url\" content=\"https:\/\/graziamagazine.com\/es\/articles\/polvos-fijadores-6-razones-para-sumarlos-a-tu-rutina-de-maquillaje\/\" \/>\n<meta property=\"og:site_name\" content=\"Grazia\" \/>\n<meta property=\"article:modified_time\" content=\"2024-05-14T23:16:41+00:00\" \/>\n<meta property=\"og:image\" content=\"https:\/\/graziamagazine.com\/es\/wp-content\/uploads\/sites\/12\/2024\/05\/aplicando-maquillaje-en-polvo-copia.jpg\" \/>\n\t<meta property=\"og:image:width\" content=\"2560\" \/>\n\t<meta property=\"og:image:height\" content=\"1440\" \/>\n\t<meta property=\"og:image:type\" content=\"image\/jpeg\" \/>\n<meta name=\"twitter:card\" content=\"summary_large_image\" \/>\n<meta name=\"twitter:label1\" content=\"Est. reading time\" \/>\n\t<meta name=\"twitter:data1\" content=\"5 minutos\" \/>\n<script type=\"application\/ld+json\" class=\"yoast-schema-graph\">{\"@context\":\"https:\/\/schema.org\",\"@graph\":[{\"@type\":\"WebPage\",\"@id\":\"https:\/\/graziamagazine.com\/es\/articles\/polvos-fijadores-6-razones-para-sumarlos-a-tu-rutina-de-maquillaje\/\",\"url\":\"https:\/\/graziamagazine.com\/es\/articles\/polvos-fijadores-6-razones-para-sumarlos-a-tu-rutina-de-maquillaje\/\",\"name\":\"Polvos fijadores: 6 razones para sumarlos a tu rutina de maquillaje\",\"isPartOf\":{\"@id\":\"https:\/\/graziamagazine.com\/es\/#website\"},\"datePublished\":\"2024-05-14T07:00:37+00:00\",\"dateModified\":\"2024-05-14T23:16:41+00:00\",\"description\":\"Con el calor el maquillaje comienza a desaparecer a lo largo del d\u00eda, pero tenemos la soluci\u00f3n y hemos seleccionados nuestros favoritos.\",\"breadcrumb\":{\"@id\":\"https:\/\/graziamagazine.com\/es\/articles\/polvos-fijadores-6-razones-para-sumarlos-a-tu-rutina-de-maquillaje\/#breadcrumb\"},\"inLanguage\":\"es\",\"potentialAction\":[{\"@type\":\"ReadAction\",\"target\":[\"https:\/\/graziamagazine.com\/es\/articles\/polvos-fijadores-6-razones-para-sumarlos-a-tu-rutina-de-maquillaje\/\"]}]},{\"@type\":\"BreadcrumbList\",\"@id\":\"https:\/\/graziamagazine.com\/es\/articles\/polvos-fijadores-6-razones-para-sumarlos-a-tu-rutina-de-maquillaje\/#breadcrumb\",\"itemListElement\":[{\"@type\":\"ListItem\",\"position\":1,\"name\":\"Portada\",\"item\":\"https:\/\/graziamagazine.com\/es\/\"},{\"@type\":\"ListItem\",\"position\":2,\"name\":\"Polvos fijadores: 6 razones para sumarlos a tu rutina de maquillaje\"}]},{\"@type\":\"WebSite\",\"@id\":\"https:\/\/graziamagazine.com\/es\/#website\",\"url\":\"https:\/\/graziamagazine.com\/es\/\",\"name\":\"Grazia\",\"description\":\"Moda, belleza, celebrities, estilo de vida...\",\"potentialAction\":[{\"@type\":\"SearchAction\",\"target\":{\"@type\":\"EntryPoint\",\"urlTemplate\":\"https:\/\/graziamagazine.com\/es\/?s={search_term_string}\"},\"query-input\":\"required name=search_term_string\"}],\"inLanguage\":\"es\"}]}<\/script>\n<!-- \/ Yoast SEO Premium plugin. -->","yoast_head_json":{"title":"Polvos fijadores: 6 razones para sumarlos a tu rutina de maquillaje","description":"Con el calor el maquillaje comienza a desaparecer a lo largo del d\u00eda, pero tenemos la soluci\u00f3n y hemos seleccionados nuestros favoritos.","robots":{"index":"index","follow":"follow","max-snippet":"max-snippet:-1","max-image-preview":"max-image-preview:large","max-video-preview":"max-video-preview:-1"},"canonical":"https:\/\/graziamagazine.com\/es\/articles\/polvos-fijadores-6-razones-para-sumarlos-a-tu-rutina-de-maquillaje\/","og_locale":"es_ES","og_type":"article","og_title":"Polvos fijadores: 6 razones para sumarlos a tu rutina de maquillaje","og_description":"Con el calor el maquillaje comienza a desaparecer a lo largo del d\u00eda, pero tenemos la soluci\u00f3n y hemos seleccionados nuestros favoritos.","og_url":"https:\/\/graziamagazine.com\/es\/articles\/polvos-fijadores-6-razones-para-sumarlos-a-tu-rutina-de-maquillaje\/","og_site_name":"Grazia","article_modified_time":"2024-05-14T23:16:41+00:00","og_image":[{"width":2560,"height":1440,"url":"https:\/\/graziamagazine.com\/es\/wp-content\/uploads\/sites\/12\/2024\/05\/aplicando-maquillaje-en-polvo-copia.jpg","type":"image\/jpeg"}],"twitter_card":"summary_large_image","twitter_misc":{"Est. reading time":"5 minutos"},"schema":{"@context":"https:\/\/schema.org","@graph":[{"@type":"WebPage","@id":"https:\/\/graziamagazine.com\/es\/articles\/polvos-fijadores-6-razones-para-sumarlos-a-tu-rutina-de-maquillaje\/","url":"https:\/\/graziamagazine.com\/es\/articles\/polvos-fijadores-6-razones-para-sumarlos-a-tu-rutina-de-maquillaje\/","name":"Polvos fijadores: 6 razones para sumarlos a tu rutina de maquillaje","isPartOf":{"@id":"https:\/\/graziamagazine.com\/es\/#website"},"datePublished":"2024-05-14T07:00:37+00:00","dateModified":"2024-05-14T23:16:41+00:00","description":"Con el calor el maquillaje comienza a desaparecer a lo largo del d\u00eda, pero tenemos la soluci\u00f3n y hemos seleccionados nuestros favoritos.","breadcrumb":{"@id":"https:\/\/graziamagazine.com\/es\/articles\/polvos-fijadores-6-razones-para-sumarlos-a-tu-rutina-de-maquillaje\/#breadcrumb"},"inLanguage":"es","potentialAction":[{"@type":"ReadAction","target":["https:\/\/graziamagazine.com\/es\/articles\/polvos-fijadores-6-razones-para-sumarlos-a-tu-rutina-de-maquillaje\/"]}]},{"@type":"BreadcrumbList","@id":"https:\/\/graziamagazine.com\/es\/articles\/polvos-fijadores-6-razones-para-sumarlos-a-tu-rutina-de-maquillaje\/#breadcrumb","itemListElement":[{"@type":"ListItem","position":1,"name":"Portada","item":"https:\/\/graziamagazine.com\/es\/"},{"@type":"ListItem","position":2,"name":"Polvos fijadores: 6 razones para sumarlos a tu rutina de maquillaje"}]},{"@type":"WebSite","@id":"https:\/\/graziamagazine.com\/es\/#website","url":"https:\/\/graziamagazine.com\/es\/","name":"Grazia","description":"Moda, belleza, celebrities, estilo de vida...","potentialAction":[{"@type":"SearchAction","target":{"@type":"EntryPoint","urlTemplate":"https:\/\/graziamagazine.com\/es\/?s={search_term_string}"},"query-input":"required name=search_term_string"}],"inLanguage":"es"}]}},"jetpack_sharing_enabled":true,"distributor_meta":false,"distributor_terms":false,"distributor_media":false,"distributor_original_site_name":"Grazia","distributor_original_site_url":"https:\/\/graziamagazine.com\/es","push-errors":false,"_links":{"self":[{"href":"https:\/\/graziamagazine.com\/es\/wp-json\/wp\/v2\/articles\/176122"}],"collection":[{"href":"https:\/\/graziamagazine.com\/es\/wp-json\/wp\/v2\/articles"}],"about":[{"href":"https:\/\/graziamagazine.com\/es\/wp-json\/wp\/v2\/types\/articles"}],"author":[{"embeddable":true,"href":"https:\/\/graziamagazine.com\/es\/wp-json\/wp\/v2\/users\/11653"}],"wp:featuredmedia":[{"embeddable":true,"href":"https:\/\/graziamagazine.com\/es\/wp-json\/wp\/v2\/media\/176159"}],"wp:attachment":[{"href":"https:\/\/graziamagazine.com\/es\/wp-json\/wp\/v2\/media?parent=176122"}],"wp:term":[{"taxonomy":"category","embeddable":true,"href":"https:\/\/graziamagazine.com\/es\/wp-json\/wp\/v2\/categories?post=176122"}],"curies":[{"name":"wp","href":"https:\/\/api.w.org\/{rel}","templated":true}]}}