{"id":176087,"date":"2024-05-09T10:03:03","date_gmt":"2024-05-09T08:03:03","guid":{"rendered":"https:\/\/graziamagazine.com\/es\/?post_type=articles&#038;p=176087"},"modified":"2024-05-10T12:11:20","modified_gmt":"2024-05-10T10:11:20","slug":"7-motivos-por-los-cuales-los-protectores-solares-minerales-estan-arrasando","status":"publish","type":"articles","link":"https:\/\/graziamagazine.com\/es\/articles\/7-motivos-por-los-cuales-los-protectores-solares-minerales-estan-arrasando\/","title":{"rendered":"7 motivos por los cuales los protectores solares minerales est\u00e1n arrasando"},"content":{"rendered":"<div class=\"field field-name-field-quehaydenuevo-teaser field-type-text-long field-label-hidden\">\n<div class=\"field-items\">\n<div class=\"field-item even\">\n<p>Cada vez somos m\u00e1s conscientes de la importancia de elegir bien los productos que consumimos y eso incluye los cosm\u00e9ticos. La protecci\u00f3n solar mineral ahora va mucho m\u00e1s all\u00e1: protege, hidrata, aten\u00faa manchas y unifica el tono.<\/p>\n<\/div>\n<\/div>\n<\/div>\n<div class=\"field field-name-field-foto-principal field-type-image field-label-hidden\">\n<div class=\"field-items\">\n<p>Ya sabemos que nuestro cuerpo absorbe muchos de los componentes que aplicamos sobre la piel, as\u00ed que, si leemos las etiquetas de los alimentos \u00bfpor qu\u00e9 no hacer lo mismo con la cosm\u00e9tica?<\/p>\n<p>La protecci\u00f3n solar es uno de esos casos en los que una buena elecci\u00f3n marca la diferencia. Los filtros minerales ofrecen muchas ventajas, la m\u00e1s importante de ellas es que los m\u00e1s utilizados (el \u00f3xido de zinc y\/o el di\u00f3xido de titanio en su forma no nano), no se absorben, sino que se quedan en la superficie de la piel, actuando como un espejo que protege de una forma efectiva y saludable ante los rayos solares.<\/p>\n<h3><strong>7 MOTIVOS PARA ELEGIR UN PROTECTOR SOLAR MINERAL<\/strong><\/h3>\n<ol>\n<li>Ofrece una protecci\u00f3n de amplio espectro (UVA y UVB) de forma natural.<\/li>\n<li>Es ideal para pieles sensibles: las pantallas f\u00edsicas permanecen en la superficie de la piel y por eso no irritan.<\/li>\n<li>Es la mejor opci\u00f3n para personas que se hayan sometido a un tratamiento de l\u00e1ser, peeling o que tengan cicatrices, ya que son hipoalerg\u00e9nicos.<\/li>\n<li>No tienes que esperar antes de salir de casa, ya que la pantalla act\u00faa de forma inmediata.<\/li>\n<li>Es la mejor opci\u00f3n para los ni\u00f1os y mujeres embarazadas, ya que no contiene elementos que puedan ser absorbidos por las c\u00e9lulas de la piel.<\/li>\n<li>Los protectores solares minerales son m\u00e1s estables y no se descomponen tan f\u00e1cilmente bajo la exposici\u00f3n solar.<\/li>\n<li>Son respetuosos con el medio ambiente, ya que sus ingredientes no causan impacto ambiental en los ecosistemas acu\u00e1ticos.<\/li>\n<\/ol>\n<p>Una buena opci\u00f3n para sumarte a la tendencia de los solares minerales es el nuevo ANTI-POLLUTION AGE REPAIR DARK SPORT DEFENSE, de Alma Secret. Este fotoprotector mineral de amplio espectro no solo protege del sol y de la contaminaci\u00f3n, tambi\u00e9n aporta beneficios adicionales para el cuidado de la piel: reduce manchas, ilumina, rellena, hidrata, unifica el tono y mejora la textura al tiempo que combate el fotoenvejecimiento.<\/p>\n<p><img loading=\"lazy\" decoding=\"async\" class=\"aligncenter size-full wp-image-176089\" src=\"https:\/\/graziamagazine.com\/es\/wp-content\/uploads\/sites\/12\/2024\/05\/ALMA_SECRET_SOLAR-FACIAL-COLOR_3120E1_1-scaled.jpg\" alt=\"\" width=\"2560\" height=\"2560\" srcset=\"https:\/\/graziamagazine.com\/es\/wp-content\/uploads\/sites\/12\/2024\/05\/ALMA_SECRET_SOLAR-FACIAL-COLOR_3120E1_1-scaled.jpg 2560w, https:\/\/graziamagazine.com\/es\/wp-content\/uploads\/sites\/12\/2024\/05\/ALMA_SECRET_SOLAR-FACIAL-COLOR_3120E1_1-300x300.jpg 300w, https:\/\/graziamagazine.com\/es\/wp-content\/uploads\/sites\/12\/2024\/05\/ALMA_SECRET_SOLAR-FACIAL-COLOR_3120E1_1-1024x1024.jpg 1024w, https:\/\/graziamagazine.com\/es\/wp-content\/uploads\/sites\/12\/2024\/05\/ALMA_SECRET_SOLAR-FACIAL-COLOR_3120E1_1-150x150.jpg 150w, https:\/\/graziamagazine.com\/es\/wp-content\/uploads\/sites\/12\/2024\/05\/ALMA_SECRET_SOLAR-FACIAL-COLOR_3120E1_1-768x768.jpg 768w, https:\/\/graziamagazine.com\/es\/wp-content\/uploads\/sites\/12\/2024\/05\/ALMA_SECRET_SOLAR-FACIAL-COLOR_3120E1_1-1536x1536.jpg 1536w, https:\/\/graziamagazine.com\/es\/wp-content\/uploads\/sites\/12\/2024\/05\/ALMA_SECRET_SOLAR-FACIAL-COLOR_3120E1_1-2048x2048.jpg 2048w, https:\/\/graziamagazine.com\/es\/wp-content\/uploads\/sites\/12\/2024\/05\/ALMA_SECRET_SOLAR-FACIAL-COLOR_3120E1_1-400x400.jpg 400w, https:\/\/graziamagazine.com\/es\/wp-content\/uploads\/sites\/12\/2024\/05\/ALMA_SECRET_SOLAR-FACIAL-COLOR_3120E1_1-155x155.jpg 155w\" sizes=\"(max-width: 2560px) 100vw, 2560px\" \/><\/p>\n<p>Su f\u00f3rmula avanzada con SPF 50 y filtros minerales (Di\u00f3xido de Titanio y \u00d3xido de Zinc) sin nanopart\u00edculas, protege la piel de los rayos UVA, UVB, Infrarrojos y Luz Azul (HEVis). Incluye Ceramidas que protegen la funci\u00f3n barrera, \u00c1cido Hialur\u00f3nico que hidrata a niveles profundos, Arabian Cotton, un potente activo proveniente de c\u00e9lulas madre de Algod\u00f3n \u00c1rabe que protegen la piel de las quemaduras solares, y el complejo Dark Spot Defense, que reduce la pigmentaci\u00f3n y aporta luminosidad a la piel.<\/p>\n<p>Tambi\u00e9n contiene extractos de T\u00e9 Blanco y Verde, Regaliz, Edelweiss, Cal\u00e9ndula, Centella Asi\u00e1tica y Granada, que tienen propiedades calmantes, antioxidantes, anti-inflamatorias y reparadoras.<\/p>\n<p>Su precio es de 35,10 euros (formato 50ml)<\/p>\n<p><em>*Im\u00e1genes: Getty Images y cortes\u00eda<\/em><\/p>\n<p>&nbsp;<\/p>\n<\/div>\n<\/div>\n","protected":false},"author":11653,"featured_media":176090,"template":"","format":"standard","categories":[7],"acf":[],"yoast_head":"<!-- This site is optimized with the Yoast SEO Premium plugin v18.5 (Yoast SEO v20.4) - https:\/\/yoast.com\/wordpress\/plugins\/seo\/ -->\n<title>7 motivos por los cuales los protectores solares minerales arrasan<\/title>\n<meta name=\"description\" content=\"Cada vez somos m\u00e1s conscientes de la importancia de elegir bien los productos que consumimos y eso incluye los cosm\u00e9ticos. La protecci\u00f3n solar mineral\" \/>\n<meta name=\"robots\" content=\"index, follow, max-snippet:-1, max-image-preview:large, max-video-preview:-1\" \/>\n<link rel=\"canonical\" href=\"https:\/\/graziamagazine.com\/es\/articles\/7-motivos-por-los-cuales-los-protectores-solares-minerales-estan-arrasando\/\" \/>\n<meta property=\"og:locale\" content=\"es_ES\" \/>\n<meta property=\"og:type\" content=\"article\" \/>\n<meta property=\"og:title\" content=\"7 motivos por los cuales los protectores solares minerales est\u00e1n arrasando\" \/>\n<meta property=\"og:description\" content=\"Cada vez somos m\u00e1s conscientes de la importancia de elegir bien los productos que consumimos y eso incluye los cosm\u00e9ticos. La protecci\u00f3n solar mineral\" \/>\n<meta property=\"og:url\" content=\"https:\/\/graziamagazine.com\/es\/articles\/7-motivos-por-los-cuales-los-protectores-solares-minerales-estan-arrasando\/\" \/>\n<meta property=\"og:site_name\" content=\"Grazia\" \/>\n<meta property=\"article:modified_time\" content=\"2024-05-10T10:11:20+00:00\" \/>\n<meta property=\"og:image\" content=\"https:\/\/graziamagazine.com\/es\/wp-content\/uploads\/sites\/12\/2024\/05\/233638-copia.jpg\" \/>\n\t<meta property=\"og:image:width\" content=\"1600\" \/>\n\t<meta property=\"og:image:height\" content=\"840\" \/>\n\t<meta property=\"og:image:type\" content=\"image\/jpeg\" \/>\n<meta name=\"twitter:card\" content=\"summary_large_image\" \/>\n<meta name=\"twitter:label1\" content=\"Est. reading time\" \/>\n\t<meta name=\"twitter:data1\" content=\"3 minutos\" \/>\n<script type=\"application\/ld+json\" class=\"yoast-schema-graph\">{\"@context\":\"https:\/\/schema.org\",\"@graph\":[{\"@type\":\"WebPage\",\"@id\":\"https:\/\/graziamagazine.com\/es\/articles\/7-motivos-por-los-cuales-los-protectores-solares-minerales-estan-arrasando\/\",\"url\":\"https:\/\/graziamagazine.com\/es\/articles\/7-motivos-por-los-cuales-los-protectores-solares-minerales-estan-arrasando\/\",\"name\":\"7 motivos por los cuales los protectores solares minerales arrasan\",\"isPartOf\":{\"@id\":\"https:\/\/graziamagazine.com\/es\/#website\"},\"datePublished\":\"2024-05-09T08:03:03+00:00\",\"dateModified\":\"2024-05-10T10:11:20+00:00\",\"description\":\"Cada vez somos m\u00e1s conscientes de la importancia de elegir bien los productos que consumimos y eso incluye los cosm\u00e9ticos. La protecci\u00f3n solar mineral\",\"breadcrumb\":{\"@id\":\"https:\/\/graziamagazine.com\/es\/articles\/7-motivos-por-los-cuales-los-protectores-solares-minerales-estan-arrasando\/#breadcrumb\"},\"inLanguage\":\"es\",\"potentialAction\":[{\"@type\":\"ReadAction\",\"target\":[\"https:\/\/graziamagazine.com\/es\/articles\/7-motivos-por-los-cuales-los-protectores-solares-minerales-estan-arrasando\/\"]}]},{\"@type\":\"BreadcrumbList\",\"@id\":\"https:\/\/graziamagazine.com\/es\/articles\/7-motivos-por-los-cuales-los-protectores-solares-minerales-estan-arrasando\/#breadcrumb\",\"itemListElement\":[{\"@type\":\"ListItem\",\"position\":1,\"name\":\"Portada\",\"item\":\"https:\/\/graziamagazine.com\/es\/\"},{\"@type\":\"ListItem\",\"position\":2,\"name\":\"7 motivos por los cuales los protectores solares minerales est\u00e1n arrasando\"}]},{\"@type\":\"WebSite\",\"@id\":\"https:\/\/graziamagazine.com\/es\/#website\",\"url\":\"https:\/\/graziamagazine.com\/es\/\",\"name\":\"Grazia\",\"description\":\"Moda, belleza, celebrities, estilo de vida...\",\"potentialAction\":[{\"@type\":\"SearchAction\",\"target\":{\"@type\":\"EntryPoint\",\"urlTemplate\":\"https:\/\/graziamagazine.com\/es\/?s={search_term_string}\"},\"query-input\":\"required name=search_term_string\"}],\"inLanguage\":\"es\"}]}<\/script>\n<!-- \/ Yoast SEO Premium plugin. -->","yoast_head_json":{"title":"7 motivos por los cuales los protectores solares minerales arrasan","description":"Cada vez somos m\u00e1s conscientes de la importancia de elegir bien los productos que consumimos y eso incluye los cosm\u00e9ticos. La protecci\u00f3n solar mineral","robots":{"index":"index","follow":"follow","max-snippet":"max-snippet:-1","max-image-preview":"max-image-preview:large","max-video-preview":"max-video-preview:-1"},"canonical":"https:\/\/graziamagazine.com\/es\/articles\/7-motivos-por-los-cuales-los-protectores-solares-minerales-estan-arrasando\/","og_locale":"es_ES","og_type":"article","og_title":"7 motivos por los cuales los protectores solares minerales est\u00e1n arrasando","og_description":"Cada vez somos m\u00e1s conscientes de la importancia de elegir bien los productos que consumimos y eso incluye los cosm\u00e9ticos. La protecci\u00f3n solar mineral","og_url":"https:\/\/graziamagazine.com\/es\/articles\/7-motivos-por-los-cuales-los-protectores-solares-minerales-estan-arrasando\/","og_site_name":"Grazia","article_modified_time":"2024-05-10T10:11:20+00:00","og_image":[{"width":1600,"height":840,"url":"https:\/\/graziamagazine.com\/es\/wp-content\/uploads\/sites\/12\/2024\/05\/233638-copia.jpg","type":"image\/jpeg"}],"twitter_card":"summary_large_image","twitter_misc":{"Est. reading time":"3 minutos"},"schema":{"@context":"https:\/\/schema.org","@graph":[{"@type":"WebPage","@id":"https:\/\/graziamagazine.com\/es\/articles\/7-motivos-por-los-cuales-los-protectores-solares-minerales-estan-arrasando\/","url":"https:\/\/graziamagazine.com\/es\/articles\/7-motivos-por-los-cuales-los-protectores-solares-minerales-estan-arrasando\/","name":"7 motivos por los cuales los protectores solares minerales arrasan","isPartOf":{"@id":"https:\/\/graziamagazine.com\/es\/#website"},"datePublished":"2024-05-09T08:03:03+00:00","dateModified":"2024-05-10T10:11:20+00:00","description":"Cada vez somos m\u00e1s conscientes de la importancia de elegir bien los productos que consumimos y eso incluye los cosm\u00e9ticos. La protecci\u00f3n solar mineral","breadcrumb":{"@id":"https:\/\/graziamagazine.com\/es\/articles\/7-motivos-por-los-cuales-los-protectores-solares-minerales-estan-arrasando\/#breadcrumb"},"inLanguage":"es","potentialAction":[{"@type":"ReadAction","target":["https:\/\/graziamagazine.com\/es\/articles\/7-motivos-por-los-cuales-los-protectores-solares-minerales-estan-arrasando\/"]}]},{"@type":"BreadcrumbList","@id":"https:\/\/graziamagazine.com\/es\/articles\/7-motivos-por-los-cuales-los-protectores-solares-minerales-estan-arrasando\/#breadcrumb","itemListElement":[{"@type":"ListItem","position":1,"name":"Portada","item":"https:\/\/graziamagazine.com\/es\/"},{"@type":"ListItem","position":2,"name":"7 motivos por los cuales los protectores solares minerales est\u00e1n arrasando"}]},{"@type":"WebSite","@id":"https:\/\/graziamagazine.com\/es\/#website","url":"https:\/\/graziamagazine.com\/es\/","name":"Grazia","description":"Moda, belleza, celebrities, estilo de vida...","potentialAction":[{"@type":"SearchAction","target":{"@type":"EntryPoint","urlTemplate":"https:\/\/graziamagazine.com\/es\/?s={search_term_string}"},"query-input":"required name=search_term_string"}],"inLanguage":"es"}]}},"jetpack_sharing_enabled":true,"distributor_meta":false,"distributor_terms":false,"distributor_media":false,"distributor_original_site_name":"Grazia","distributor_original_site_url":"https:\/\/graziamagazine.com\/es","push-errors":false,"_links":{"self":[{"href":"https:\/\/graziamagazine.com\/es\/wp-json\/wp\/v2\/articles\/176087"}],"collection":[{"href":"https:\/\/graziamagazine.com\/es\/wp-json\/wp\/v2\/articles"}],"about":[{"href":"https:\/\/graziamagazine.com\/es\/wp-json\/wp\/v2\/types\/articles"}],"author":[{"embeddable":true,"href":"https:\/\/graziamagazine.com\/es\/wp-json\/wp\/v2\/users\/11653"}],"wp:featuredmedia":[{"embeddable":true,"href":"https:\/\/graziamagazine.com\/es\/wp-json\/wp\/v2\/media\/176090"}],"wp:attachment":[{"href":"https:\/\/graziamagazine.com\/es\/wp-json\/wp\/v2\/media?parent=176087"}],"wp:term":[{"taxonomy":"category","embeddable":true,"href":"https:\/\/graziamagazine.com\/es\/wp-json\/wp\/v2\/categories?post=176087"}],"curies":[{"name":"wp","href":"https:\/\/api.w.org\/{rel}","templated":true}]}}