{"id":175999,"date":"2024-05-06T23:29:52","date_gmt":"2024-05-06T21:29:52","guid":{"rendered":"https:\/\/graziamagazine.com\/es\/?post_type=articles&#038;p=175999"},"modified":"2024-05-07T11:49:42","modified_gmt":"2024-05-07T09:49:42","slug":"gala-met-2024-todos-los-looks-de-la-alfombra-roja","status":"publish","type":"articles","link":"https:\/\/graziamagazine.com\/es\/articles\/gala-met-2024-todos-los-looks-de-la-alfombra-roja\/","title":{"rendered":"Gala MET 2024: todos los looks de la alfombra roja"},"content":{"rendered":"<p>Como cada primer lunes de mayo, o mejor dicho, cada noche del primer lunes de mayo las m\u00edticas escaleras de l Museo Metropolitano de Arte de Nueva York, el MET, se visten de fiesta para recibir a la gran noche de la moda internacional: la MET Gala.<\/p>\n<p>Cada a\u00f1o la noche gira en torno a una tem\u00e1tica, y bajo el tema \u00ab<strong>Sleeping Beauties: Reawakening Fashion<\/strong>\u00ab, esta edici\u00f3n invita a explorar la relaci\u00f3n entre la moda y la sostenibilidad, fusionando la creatividad est\u00e9tica con la conciencia ambiental en un evento que dejar\u00e1 huella en la historia de la moda. Adem\u00e1s, y como ya es habitual, la gala tienen un c\u00f3digo de vestimenta que en esta ocasi\u00f3n se ha denominado\u00a0<strong>&#8216;The Garden of time&#8217; (El jard\u00edn del tiempo), una tem\u00e1tica que ser\u00e1 una oda a la naturaleza, <\/strong>por lo que las flores han sido las protagonistas.\u00a0 Aqu\u00ed hacemos un repaso a los mejores looks que han pasado por la alfombra roja del MET, desde sus anfitriones -Zendaya,\u00a0 Jennifer Lopez, Bad Bunny y Chris Hemsworth- al resto de los invitados.<\/p>\n<h3>Zendaya, de Givenchy vintage<\/h3>\n<p>Estaba claro que Zendaya ten\u00eda que sorprender y lo hizo con un segundo look creado por John Galliano para la colecci\u00f3n Alta Costura Primavera\/Verano 1996 de Givenchy, que acompa\u00f1\u00f3 con un gran tocado de flores XL creado por el sombrerista irland\u00e9s Philip Treacy para la colecci\u00f3n Primavera\/Verano 2007 de Alexander McQueen.<\/p>\n<p><img decoding=\"async\" src=\"https:\/\/media.vogue.es\/photos\/66397eea682ee8aa5c3b58fc\/master\/w_2580%2Cc_limit\/2151802247\" \/><\/p>\n<h3>Rosal\u00eda, de Dior<\/h3>\n<p>Rosal\u00eda luci\u00f3 un bustier negro de lana y seda de la colecci\u00f3n de Alta Costura, con larga cola y falda,<br \/>\nzapatos y un tocado Dior. Complet\u00f3 su total look con un\u00a0collar Dior Delicat con oro blanco, diamantes y diamante amarillo de Dior Joaillerie. El maquillaje tambi\u00e9n estuvo a cargo de\u00a0Dior Beauty.<\/p>\n<p><img loading=\"lazy\" decoding=\"async\" class=\"aligncenter size-full wp-image-176034\" src=\"https:\/\/graziamagazine.com\/es\/wp-content\/uploads\/sites\/12\/2024\/05\/vanitatis-2.jpg\" alt=\"\" width=\"1440\" height=\"1795\" srcset=\"https:\/\/graziamagazine.com\/es\/wp-content\/uploads\/sites\/12\/2024\/05\/vanitatis-2.jpg 1440w, https:\/\/graziamagazine.com\/es\/wp-content\/uploads\/sites\/12\/2024\/05\/vanitatis-2-241x300.jpg 241w, https:\/\/graziamagazine.com\/es\/wp-content\/uploads\/sites\/12\/2024\/05\/vanitatis-2-821x1024.jpg 821w, https:\/\/graziamagazine.com\/es\/wp-content\/uploads\/sites\/12\/2024\/05\/vanitatis-2-768x957.jpg 768w, https:\/\/graziamagazine.com\/es\/wp-content\/uploads\/sites\/12\/2024\/05\/vanitatis-2-1232x1536.jpg 1232w, https:\/\/graziamagazine.com\/es\/wp-content\/uploads\/sites\/12\/2024\/05\/vanitatis-2-400x499.jpg 400w, https:\/\/graziamagazine.com\/es\/wp-content\/uploads\/sites\/12\/2024\/05\/vanitatis-2-155x193.jpg 155w\" sizes=\"(max-width: 1440px) 100vw, 1440px\" \/><\/p>\n<h3>Nicole Kidman, de Balenciaga<\/h3>\n<p>Con una reinterpretaci\u00f3n de un ic\u00f3nico vestido de Balenciaga del a\u00f1o 1951.<\/p>\n<p><img decoding=\"async\" src=\"https:\/\/hips.hearstapps.com\/hmg-prod\/images\/nicole-kidman-attends-the-2024-met-gala-celebrating-news-photo-1715039419.jpg?crop=0.53344xw:1xh;center,top&amp;resize=980:*\" alt=\"nicole kidman\" \/><\/p>\n<h3>Karol G, de Marc Jacobs<\/h3>\n<p><img decoding=\"async\" src=\"https:\/\/hips.hearstapps.com\/hmg-prod\/images\/karol-g-attends-the-2024-met-gala-celebrating-sleeping-news-photo-1715038232.jpg?crop=1xw:1xh;center,top&amp;resize=980:*\" alt=\"karol g met gala 2024\" \/><\/p>\n<h3>Pen\u00e9lope Cruz, de Chanel<\/h3>\n<p><img loading=\"lazy\" decoding=\"async\" class=\"aligncenter size-full wp-image-176025\" src=\"https:\/\/graziamagazine.com\/es\/wp-content\/uploads\/sites\/12\/2024\/05\/voguespain-6.jpg\" alt=\"\" width=\"1440\" height=\"1800\" srcset=\"https:\/\/graziamagazine.com\/es\/wp-content\/uploads\/sites\/12\/2024\/05\/voguespain-6.jpg 1440w, https:\/\/graziamagazine.com\/es\/wp-content\/uploads\/sites\/12\/2024\/05\/voguespain-6-240x300.jpg 240w, https:\/\/graziamagazine.com\/es\/wp-content\/uploads\/sites\/12\/2024\/05\/voguespain-6-819x1024.jpg 819w, https:\/\/graziamagazine.com\/es\/wp-content\/uploads\/sites\/12\/2024\/05\/voguespain-6-768x960.jpg 768w, https:\/\/graziamagazine.com\/es\/wp-content\/uploads\/sites\/12\/2024\/05\/voguespain-6-1229x1536.jpg 1229w, https:\/\/graziamagazine.com\/es\/wp-content\/uploads\/sites\/12\/2024\/05\/voguespain-6-400x500.jpg 400w, https:\/\/graziamagazine.com\/es\/wp-content\/uploads\/sites\/12\/2024\/05\/voguespain-6-155x194.jpg 155w\" sizes=\"(max-width: 1440px) 100vw, 1440px\" \/><\/p>\n<h3 class=\"css-1kcx7z8 eutn2uj7\">Amanda Seyfrred<\/h3>\n<p><img decoding=\"async\" src=\"https:\/\/hips.hearstapps.com\/hmg-prod\/images\/amanda-seyfried-attends-the-2024-met-gala-celebrating-news-photo-1715038905.jpg?crop=1xw:1xh;center,top&amp;resize=980:*\" alt=\"amanda seyfried met gala 2024\" \/><\/p>\n<div class=\"css-83h77z eutn2uj6\"><\/div>\n<h3>Demi Moore, de Harris Reed<\/h3>\n<p><img decoding=\"async\" src=\"https:\/\/hips.hearstapps.com\/hmg-prod\/images\/demi-moore-attends-the-2024-met-gala-celebrating-sleeping-news-photo-1715037286.jpg?crop=1xw:1xh;center,top&amp;resize=980:*\" alt=\"demi moore met gala 2024\" \/><\/p>\n<h3>Harris Reed<\/h3>\n<p><img decoding=\"async\" src=\"https:\/\/hips.hearstapps.com\/hmg-prod\/images\/harris-reed-attends-the-2024-met-gala-celebrating-sleeping-news-photo-1715038165.jpg?crop=1xw:1xh;center,top&amp;resize=980:*\" alt=\"harris reed\" \/><\/p>\n<h3><span lang=\"en-US\">Elizabeth Debicki, de Dior<\/span><\/h3>\n<p>La actriz luci\u00f3 un vestido largo de terciopelo de seda bronce Dior Haute Couture y un tocado Dior. En cuanto a joyas apost\u00f3 por\u00a0unos pendientes RoseDior con oro rosa y diamantes y un anillo RoseDior con oro rosa y blanco, diamantes, zafiros rosas y rub\u00edes de Dior Joaillerie.<\/p>\n<p><img decoding=\"async\" src=\"https:\/\/refresh-bee-production.s3.amazonaws.com\/beefree\/images\/e05f16a6042bbd86604bb1af5a712c26f726d542447c51c9c162aa5001223fac\/editor_images\/2024\/05\/Elizabeth%20Debicki%20_%20MET.jpg\" \/><\/p>\n<h3>Elle Fanning, en un custom Balmain<\/h3>\n<p><img loading=\"lazy\" decoding=\"async\" class=\"aligncenter size-full wp-image-176029\" src=\"https:\/\/graziamagazine.com\/es\/wp-content\/uploads\/sites\/12\/2024\/05\/metmuseum-8.jpg\" alt=\"\" width=\"1440\" height=\"1800\" srcset=\"https:\/\/graziamagazine.com\/es\/wp-content\/uploads\/sites\/12\/2024\/05\/metmuseum-8.jpg 1440w, https:\/\/graziamagazine.com\/es\/wp-content\/uploads\/sites\/12\/2024\/05\/metmuseum-8-240x300.jpg 240w, https:\/\/graziamagazine.com\/es\/wp-content\/uploads\/sites\/12\/2024\/05\/metmuseum-8-819x1024.jpg 819w, https:\/\/graziamagazine.com\/es\/wp-content\/uploads\/sites\/12\/2024\/05\/metmuseum-8-768x960.jpg 768w, https:\/\/graziamagazine.com\/es\/wp-content\/uploads\/sites\/12\/2024\/05\/metmuseum-8-1229x1536.jpg 1229w, https:\/\/graziamagazine.com\/es\/wp-content\/uploads\/sites\/12\/2024\/05\/metmuseum-8-400x500.jpg 400w, https:\/\/graziamagazine.com\/es\/wp-content\/uploads\/sites\/12\/2024\/05\/metmuseum-8-155x194.jpg 155w\" sizes=\"(max-width: 1440px) 100vw, 1440px\" \/><\/p>\n<h3>Shakira, de Carolina Herrera<\/h3>\n<p><img decoding=\"async\" src=\"https:\/\/hips.hearstapps.com\/hmg-prod\/images\/shakira-attends-the-2024-met-gala-celebrating-sleeping-news-photo-1715041037.jpg?crop=1xw:1xh;center,top&amp;resize=980:*\" alt=\"shakira met gala 2024\" \/><\/p>\n<h3>Ariana Grande, de Loewe<\/h3>\n<p><img decoding=\"async\" src=\"https:\/\/hips.hearstapps.com\/hmg-prod\/images\/ariana-grande-attends-the-2024-met-gala-celebrating-news-photo-1715038135.jpg?crop=1xw:1xh;center,top&amp;resize=980:*\" alt=\"ariana grande met gala 2024\" \/><\/p>\n<h3>Naomi Watts en un custom Balenciaga<\/h3>\n<p><img loading=\"lazy\" decoding=\"async\" class=\"aligncenter wp-image-176030 size-full\" src=\"https:\/\/graziamagazine.com\/es\/wp-content\/uploads\/sites\/12\/2024\/05\/balenciaga-1-e1715072408306.jpg\" alt=\"\" width=\"1181\" height=\"1780\" srcset=\"https:\/\/graziamagazine.com\/es\/wp-content\/uploads\/sites\/12\/2024\/05\/balenciaga-1-e1715072408306.jpg 1181w, https:\/\/graziamagazine.com\/es\/wp-content\/uploads\/sites\/12\/2024\/05\/balenciaga-1-e1715072408306-199x300.jpg 199w, https:\/\/graziamagazine.com\/es\/wp-content\/uploads\/sites\/12\/2024\/05\/balenciaga-1-e1715072408306-679x1024.jpg 679w, https:\/\/graziamagazine.com\/es\/wp-content\/uploads\/sites\/12\/2024\/05\/balenciaga-1-e1715072408306-768x1158.jpg 768w, https:\/\/graziamagazine.com\/es\/wp-content\/uploads\/sites\/12\/2024\/05\/balenciaga-1-e1715072408306-1019x1536.jpg 1019w, https:\/\/graziamagazine.com\/es\/wp-content\/uploads\/sites\/12\/2024\/05\/balenciaga-1-e1715072408306-400x603.jpg 400w, https:\/\/graziamagazine.com\/es\/wp-content\/uploads\/sites\/12\/2024\/05\/balenciaga-1-e1715072408306-143x215.jpg 143w\" sizes=\"(max-width: 1181px) 100vw, 1181px\" \/><\/p>\n<h3><span lang=\"en-US\">Alexandra Daddario, de Dior<\/span><\/h3>\n<p>Alexandra Daddario luci\u00f3 un guipur largo de oro bru\u00f1ido de Dior Alta Costura con mariposas bordadas y tocado Dior.\u00a0Maquillaje de Dior Beauty.<\/p>\n<p><img decoding=\"async\" src=\"https:\/\/refresh-bee-production.s3.amazonaws.com\/beefree\/images\/e05f16a6042bbd86604bb1af5a712c26f726d542447c51c9c162aa5001223fac\/editor_images\/2024\/05\/Alexandra%20Daddario%20_%20MET.jpg\" \/><\/p>\n<h3>Kendall jenner, de Givenchy<\/h3>\n<p>La modelo ha sorprendido con un dise\u00f1o en negro con aberturas y transparencias de 1998, que nunca hab\u00eda sid utilizado.<\/p>\n<p><img decoding=\"async\" src=\"https:\/\/hips.hearstapps.com\/hmg-prod\/images\/kendall-jenner-attends-the-2024-met-gala-celebrating-news-photo-1715039066.jpg?crop=1xw:1xh;center,top&amp;resize=980:*\" alt=\"kendal jenner met gala 2024\" \/><\/p>\n<h3 class=\"css-1kcx7z8 eutn2uj7\">Phoebe Dynevor, de victoria beckham<\/h3>\n<p><img decoding=\"async\" src=\"https:\/\/hips.hearstapps.com\/hmg-prod\/images\/phoebe-dynevor-attends-the-2024-met-gala-celebrating-news-photo-1715038679.jpg?crop=1xw:1xh;center,top&amp;resize=980:*\" alt=\"phoebe dynevor met gala 2024\" \/><\/p>\n<h3>Naomi Campbell, de BUrberry<\/h3>\n<p><img decoding=\"async\" src=\"https:\/\/hips.hearstapps.com\/hmg-prod\/images\/naomi-campbell-attends-the-2024-met-gala-celebrating-news-photo-1715040637.jpg?crop=1xw:1xh;center,top&amp;resize=980:*\" alt=\"naomi campbell met gala 2024\" \/><\/p>\n<h3>Zendaya, de Margiela<\/h3>\n<p>Lo ha acompa\u00f1ado con un tocado de <strong>Stephen Jones<\/strong>\u00a0y zapatos \u2018Tabi\u2019 de\u00a0<strong>Christian Louboutin para Maison Margiela<\/strong>.<\/p>\n<p><img loading=\"lazy\" decoding=\"async\" class=\"aligncenter size-full wp-image-176012\" src=\"https:\/\/graziamagazine.com\/es\/wp-content\/uploads\/sites\/12\/2024\/05\/zendaya-5.jpg\" alt=\"\" width=\"1440\" height=\"1800\" srcset=\"https:\/\/graziamagazine.com\/es\/wp-content\/uploads\/sites\/12\/2024\/05\/zendaya-5.jpg 1440w, https:\/\/graziamagazine.com\/es\/wp-content\/uploads\/sites\/12\/2024\/05\/zendaya-5-240x300.jpg 240w, https:\/\/graziamagazine.com\/es\/wp-content\/uploads\/sites\/12\/2024\/05\/zendaya-5-819x1024.jpg 819w, https:\/\/graziamagazine.com\/es\/wp-content\/uploads\/sites\/12\/2024\/05\/zendaya-5-768x960.jpg 768w, https:\/\/graziamagazine.com\/es\/wp-content\/uploads\/sites\/12\/2024\/05\/zendaya-5-1229x1536.jpg 1229w, https:\/\/graziamagazine.com\/es\/wp-content\/uploads\/sites\/12\/2024\/05\/zendaya-5-400x500.jpg 400w, https:\/\/graziamagazine.com\/es\/wp-content\/uploads\/sites\/12\/2024\/05\/zendaya-5-155x194.jpg 155w\" sizes=\"(max-width: 1440px) 100vw, 1440px\" \/><\/p>\n<h3>Jennifer Lopez, de Schiaparelli<\/h3>\n<p><img loading=\"lazy\" decoding=\"async\" class=\"aligncenter size-full wp-image-176013\" src=\"https:\/\/graziamagazine.com\/es\/wp-content\/uploads\/sites\/12\/2024\/05\/metmuseum-3.jpg\" alt=\"\" width=\"1440\" height=\"1800\" srcset=\"https:\/\/graziamagazine.com\/es\/wp-content\/uploads\/sites\/12\/2024\/05\/metmuseum-3.jpg 1440w, https:\/\/graziamagazine.com\/es\/wp-content\/uploads\/sites\/12\/2024\/05\/metmuseum-3-240x300.jpg 240w, https:\/\/graziamagazine.com\/es\/wp-content\/uploads\/sites\/12\/2024\/05\/metmuseum-3-819x1024.jpg 819w, https:\/\/graziamagazine.com\/es\/wp-content\/uploads\/sites\/12\/2024\/05\/metmuseum-3-768x960.jpg 768w, https:\/\/graziamagazine.com\/es\/wp-content\/uploads\/sites\/12\/2024\/05\/metmuseum-3-1229x1536.jpg 1229w, https:\/\/graziamagazine.com\/es\/wp-content\/uploads\/sites\/12\/2024\/05\/metmuseum-3-400x500.jpg 400w, https:\/\/graziamagazine.com\/es\/wp-content\/uploads\/sites\/12\/2024\/05\/metmuseum-3-155x194.jpg 155w\" sizes=\"(max-width: 1440px) 100vw, 1440px\" \/><\/p>\n<h3>Kylie Jenner, de Jean Paul Gaultier<\/h3>\n<p><img decoding=\"async\" src=\"https:\/\/hips.hearstapps.com\/hmg-prod\/images\/kylie-jenner-attends-the-2024-met-gala-celebrating-sleeping-news-photo-1715040089.jpg?crop=1xw:1xh;center,top&amp;resize=980:*\" alt=\"kylie jenner met gala 2024\" \/><\/p>\n<h3>Gigi Hadid, de Thom Browne<\/h3>\n<p><img loading=\"lazy\" decoding=\"async\" class=\"aligncenter size-full wp-image-176023\" src=\"https:\/\/graziamagazine.com\/es\/wp-content\/uploads\/sites\/12\/2024\/05\/gigihadid.jpg\" alt=\"\" width=\"1440\" height=\"1800\" srcset=\"https:\/\/graziamagazine.com\/es\/wp-content\/uploads\/sites\/12\/2024\/05\/gigihadid.jpg 1440w, https:\/\/graziamagazine.com\/es\/wp-content\/uploads\/sites\/12\/2024\/05\/gigihadid-240x300.jpg 240w, https:\/\/graziamagazine.com\/es\/wp-content\/uploads\/sites\/12\/2024\/05\/gigihadid-819x1024.jpg 819w, https:\/\/graziamagazine.com\/es\/wp-content\/uploads\/sites\/12\/2024\/05\/gigihadid-768x960.jpg 768w, https:\/\/graziamagazine.com\/es\/wp-content\/uploads\/sites\/12\/2024\/05\/gigihadid-1229x1536.jpg 1229w, https:\/\/graziamagazine.com\/es\/wp-content\/uploads\/sites\/12\/2024\/05\/gigihadid-400x500.jpg 400w, https:\/\/graziamagazine.com\/es\/wp-content\/uploads\/sites\/12\/2024\/05\/gigihadid-155x194.jpg 155w\" sizes=\"(max-width: 1440px) 100vw, 1440px\" \/><\/p>\n<h3 class=\"css-1kcx7z8 eutn2uj7\">Lana del Rey, con una reinterpretaci\u00f3n de Alexander McQueen de 2006<\/h3>\n<p><strong><img decoding=\"async\" src=\"https:\/\/hips.hearstapps.com\/hmg-prod\/images\/lana-del-rey-attends-the-2024-met-gala-celebrating-sleeping-news-photo-1715039183.jpg?crop=1xw:1xh;center,top&amp;resize=980:*\" alt=\"lana del rey met gala 2024\" \/><\/strong><\/p>\n<h3>Brie Larson en un custom Prada<\/h3>\n<p><img loading=\"lazy\" decoding=\"async\" class=\"aligncenter size-full wp-image-176031\" src=\"https:\/\/graziamagazine.com\/es\/wp-content\/uploads\/sites\/12\/2024\/05\/metmuseum-9.jpg\" alt=\"\" width=\"1440\" height=\"1800\" srcset=\"https:\/\/graziamagazine.com\/es\/wp-content\/uploads\/sites\/12\/2024\/05\/metmuseum-9.jpg 1440w, https:\/\/graziamagazine.com\/es\/wp-content\/uploads\/sites\/12\/2024\/05\/metmuseum-9-240x300.jpg 240w, https:\/\/graziamagazine.com\/es\/wp-content\/uploads\/sites\/12\/2024\/05\/metmuseum-9-819x1024.jpg 819w, https:\/\/graziamagazine.com\/es\/wp-content\/uploads\/sites\/12\/2024\/05\/metmuseum-9-768x960.jpg 768w, https:\/\/graziamagazine.com\/es\/wp-content\/uploads\/sites\/12\/2024\/05\/metmuseum-9-1229x1536.jpg 1229w, https:\/\/graziamagazine.com\/es\/wp-content\/uploads\/sites\/12\/2024\/05\/metmuseum-9-400x500.jpg 400w, https:\/\/graziamagazine.com\/es\/wp-content\/uploads\/sites\/12\/2024\/05\/metmuseum-9-155x194.jpg 155w\" sizes=\"(max-width: 1440px) 100vw, 1440px\" \/><\/p>\n<h3>Kim Kardashian, de Margiela<\/h3>\n<p><img decoding=\"async\" src=\"https:\/\/hips.hearstapps.com\/hmg-prod\/images\/kim-kardashian-attends-the-2024-met-gala-celebrating-news-photo-1715039742.jpg?crop=1xw:1xh;center,top&amp;resize=980:*\" alt=\"kim kardashian met gala 2024\" \/><\/p>\n<h3 class=\"css-1kcx7z8 eutn2uj7\">Sydney Sweeney, con cambio de look<\/h3>\n<p><img decoding=\"async\" src=\"https:\/\/hips.hearstapps.com\/hmg-prod\/images\/sydney-sweeney-attends-the-2024-met-gala-celebrating-news-photo-1715042804.jpg?crop=1xw:1xh;center,top&amp;resize=980:*\" alt=\"sydney sweeney met gala 2024\" \/><\/p>\n<h3>Emma Chamberlain, de Jean paul gaultier<\/h3>\n<p><img loading=\"lazy\" decoding=\"async\" class=\"aligncenter size-full wp-image-176010\" src=\"https:\/\/graziamagazine.com\/es\/wp-content\/uploads\/sites\/12\/2024\/05\/metmuseum-2.jpg\" alt=\"\" width=\"1440\" height=\"1440\" srcset=\"https:\/\/graziamagazine.com\/es\/wp-content\/uploads\/sites\/12\/2024\/05\/metmuseum-2.jpg 1440w, https:\/\/graziamagazine.com\/es\/wp-content\/uploads\/sites\/12\/2024\/05\/metmuseum-2-300x300.jpg 300w, https:\/\/graziamagazine.com\/es\/wp-content\/uploads\/sites\/12\/2024\/05\/metmuseum-2-1024x1024.jpg 1024w, https:\/\/graziamagazine.com\/es\/wp-content\/uploads\/sites\/12\/2024\/05\/metmuseum-2-150x150.jpg 150w, https:\/\/graziamagazine.com\/es\/wp-content\/uploads\/sites\/12\/2024\/05\/metmuseum-2-768x768.jpg 768w, https:\/\/graziamagazine.com\/es\/wp-content\/uploads\/sites\/12\/2024\/05\/metmuseum-2-400x400.jpg 400w, https:\/\/graziamagazine.com\/es\/wp-content\/uploads\/sites\/12\/2024\/05\/metmuseum-2-155x155.jpg 155w\" sizes=\"(max-width: 1440px) 100vw, 1440px\" \/><\/p>\n<h3>Sarah Jessica Parker, de Richard Quinn<\/h3>\n<p><img loading=\"lazy\" decoding=\"async\" class=\"aligncenter wp-image-176022 size-full\" src=\"https:\/\/graziamagazine.com\/es\/wp-content\/uploads\/sites\/12\/2024\/05\/richardquinn-e1715035163413.jpg\" alt=\"\" width=\"1139\" height=\"1744\" srcset=\"https:\/\/graziamagazine.com\/es\/wp-content\/uploads\/sites\/12\/2024\/05\/richardquinn-e1715035163413.jpg 1139w, https:\/\/graziamagazine.com\/es\/wp-content\/uploads\/sites\/12\/2024\/05\/richardquinn-e1715035163413-196x300.jpg 196w, https:\/\/graziamagazine.com\/es\/wp-content\/uploads\/sites\/12\/2024\/05\/richardquinn-e1715035163413-669x1024.jpg 669w, https:\/\/graziamagazine.com\/es\/wp-content\/uploads\/sites\/12\/2024\/05\/richardquinn-e1715035163413-768x1176.jpg 768w, https:\/\/graziamagazine.com\/es\/wp-content\/uploads\/sites\/12\/2024\/05\/richardquinn-e1715035163413-1003x1536.jpg 1003w, https:\/\/graziamagazine.com\/es\/wp-content\/uploads\/sites\/12\/2024\/05\/richardquinn-e1715035163413-400x612.jpg 400w, https:\/\/graziamagazine.com\/es\/wp-content\/uploads\/sites\/12\/2024\/05\/richardquinn-e1715035163413-140x215.jpg 140w\" sizes=\"(max-width: 1139px) 100vw, 1139px\" \/><\/p>\n<h3>dua lipa, de marc jacobs<\/h3>\n<p><img decoding=\"async\" src=\"https:\/\/hips.hearstapps.com\/hmg-prod\/images\/dua-lipa-attends-the-2024-met-gala-celebrating-sleeping-news-photo-1715040122.jpg?crop=1xw:1xh;center,top&amp;resize=980:*\" alt=\"dua lipa met gala 2024\" \/><\/p>\n<h3 class=\"css-1kcx7z8 eutn2uj7\">Emily Ratajkowski, con vintage Versace<\/h3>\n<p><img decoding=\"async\" src=\"https:\/\/hips.hearstapps.com\/hmg-prod\/images\/emily-ratajkowski-attends-the-2024-met-gala-celebrating-news-photo-1715036004.jpg?crop=1xw:1xh;center,top&amp;resize=980:*\" alt=\"emily ratajkowski met gala 2024\" \/><\/p>\n<h3>Lana Del Rey, de Alexander McQueen<\/h3>\n<p><img loading=\"lazy\" decoding=\"async\" class=\"aligncenter size-full wp-image-176032\" src=\"https:\/\/graziamagazine.com\/es\/wp-content\/uploads\/sites\/12\/2024\/05\/alexandermcqueen.jpg\" alt=\"\" width=\"1440\" height=\"1795\" srcset=\"https:\/\/graziamagazine.com\/es\/wp-content\/uploads\/sites\/12\/2024\/05\/alexandermcqueen.jpg 1440w, https:\/\/graziamagazine.com\/es\/wp-content\/uploads\/sites\/12\/2024\/05\/alexandermcqueen-241x300.jpg 241w, https:\/\/graziamagazine.com\/es\/wp-content\/uploads\/sites\/12\/2024\/05\/alexandermcqueen-821x1024.jpg 821w, https:\/\/graziamagazine.com\/es\/wp-content\/uploads\/sites\/12\/2024\/05\/alexandermcqueen-768x957.jpg 768w, https:\/\/graziamagazine.com\/es\/wp-content\/uploads\/sites\/12\/2024\/05\/alexandermcqueen-1232x1536.jpg 1232w, https:\/\/graziamagazine.com\/es\/wp-content\/uploads\/sites\/12\/2024\/05\/alexandermcqueen-400x499.jpg 400w, https:\/\/graziamagazine.com\/es\/wp-content\/uploads\/sites\/12\/2024\/05\/alexandermcqueen-155x193.jpg 155w\" sizes=\"(max-width: 1440px) 100vw, 1440px\" \/><\/p>\n<h3 class=\"css-1kcx7z8 eutn2uj7\">Cara Delevingne, de Stella McCartney<\/h3>\n<p><img decoding=\"async\" src=\"https:\/\/hips.hearstapps.com\/hmg-prod\/images\/cara-delevingne-attends-the-2024-met-gala-celebrating-news-photo-1715040860.jpg?crop=1xw:1xh;center,top&amp;resize=980:*\" alt=\"cara delevigne met gala 2024\" \/><\/p>\n<div class=\"css-83h77z eutn2uj6\"><\/div>\n<h3>Ayo Edebiri, un custom Loewe<\/h3>\n<p><img loading=\"lazy\" decoding=\"async\" class=\"aligncenter size-full wp-image-176018\" src=\"https:\/\/graziamagazine.com\/es\/wp-content\/uploads\/sites\/12\/2024\/05\/daniellegoldberg.jpg\" alt=\"\" width=\"1440\" height=\"1800\" srcset=\"https:\/\/graziamagazine.com\/es\/wp-content\/uploads\/sites\/12\/2024\/05\/daniellegoldberg.jpg 1440w, https:\/\/graziamagazine.com\/es\/wp-content\/uploads\/sites\/12\/2024\/05\/daniellegoldberg-240x300.jpg 240w, https:\/\/graziamagazine.com\/es\/wp-content\/uploads\/sites\/12\/2024\/05\/daniellegoldberg-819x1024.jpg 819w, https:\/\/graziamagazine.com\/es\/wp-content\/uploads\/sites\/12\/2024\/05\/daniellegoldberg-768x960.jpg 768w, https:\/\/graziamagazine.com\/es\/wp-content\/uploads\/sites\/12\/2024\/05\/daniellegoldberg-1229x1536.jpg 1229w, https:\/\/graziamagazine.com\/es\/wp-content\/uploads\/sites\/12\/2024\/05\/daniellegoldberg-400x500.jpg 400w, https:\/\/graziamagazine.com\/es\/wp-content\/uploads\/sites\/12\/2024\/05\/daniellegoldberg-155x194.jpg 155w\" sizes=\"(max-width: 1440px) 100vw, 1440px\" \/><\/p>\n<h3>bad bunny, de margiela<\/h3>\n<p><img loading=\"lazy\" decoding=\"async\" class=\"aligncenter wp-image-176006 size-full\" src=\"https:\/\/graziamagazine.com\/es\/wp-content\/uploads\/sites\/12\/2024\/05\/badbunnypr-e1715031282704.jpg\" alt=\"\" width=\"1256\" height=\"1726\" srcset=\"https:\/\/graziamagazine.com\/es\/wp-content\/uploads\/sites\/12\/2024\/05\/badbunnypr-e1715031282704.jpg 1256w, https:\/\/graziamagazine.com\/es\/wp-content\/uploads\/sites\/12\/2024\/05\/badbunnypr-e1715031282704-218x300.jpg 218w, https:\/\/graziamagazine.com\/es\/wp-content\/uploads\/sites\/12\/2024\/05\/badbunnypr-e1715031282704-745x1024.jpg 745w, https:\/\/graziamagazine.com\/es\/wp-content\/uploads\/sites\/12\/2024\/05\/badbunnypr-e1715031282704-768x1055.jpg 768w, https:\/\/graziamagazine.com\/es\/wp-content\/uploads\/sites\/12\/2024\/05\/badbunnypr-e1715031282704-1118x1536.jpg 1118w, https:\/\/graziamagazine.com\/es\/wp-content\/uploads\/sites\/12\/2024\/05\/badbunnypr-e1715031282704-400x550.jpg 400w, https:\/\/graziamagazine.com\/es\/wp-content\/uploads\/sites\/12\/2024\/05\/badbunnypr-e1715031282704-155x213.jpg 155w\" sizes=\"(max-width: 1256px) 100vw, 1256px\" \/><\/p>\n<h3>Cardi B, con el vestido m\u00e1s grande de la gala<\/h3>\n<p><img decoding=\"async\" src=\"https:\/\/hips.hearstapps.com\/hmg-prod\/images\/cardi-b-attends-the-2024-met-gala-celebrating-sleeping-news-photo-1715041857.jpg?crop=1xw:1xh;center,top&amp;resize=980:*\" alt=\"cardi b met gala 2024\" \/><\/p>\n<h3>Chris Hemsworth y Elsa Pataky, de Tom Ford<\/h3>\n<p><img loading=\"lazy\" decoding=\"async\" class=\"aligncenter wp-image-176009 size-full\" src=\"https:\/\/graziamagazine.com\/es\/wp-content\/uploads\/sites\/12\/2024\/05\/metmuseum-1-e1715031312832.jpg\" alt=\"\" width=\"1178\" height=\"1732\" srcset=\"https:\/\/graziamagazine.com\/es\/wp-content\/uploads\/sites\/12\/2024\/05\/metmuseum-1-e1715031312832.jpg 1178w, https:\/\/graziamagazine.com\/es\/wp-content\/uploads\/sites\/12\/2024\/05\/metmuseum-1-e1715031312832-204x300.jpg 204w, https:\/\/graziamagazine.com\/es\/wp-content\/uploads\/sites\/12\/2024\/05\/metmuseum-1-e1715031312832-696x1024.jpg 696w, https:\/\/graziamagazine.com\/es\/wp-content\/uploads\/sites\/12\/2024\/05\/metmuseum-1-e1715031312832-768x1129.jpg 768w, https:\/\/graziamagazine.com\/es\/wp-content\/uploads\/sites\/12\/2024\/05\/metmuseum-1-e1715031312832-1045x1536.jpg 1045w, https:\/\/graziamagazine.com\/es\/wp-content\/uploads\/sites\/12\/2024\/05\/metmuseum-1-e1715031312832-400x588.jpg 400w, https:\/\/graziamagazine.com\/es\/wp-content\/uploads\/sites\/12\/2024\/05\/metmuseum-1-e1715031312832-146x215.jpg 146w\" sizes=\"(max-width: 1178px) 100vw, 1178px\" \/><\/p>\n<h3>Sabrina Carpenter, de Oscar de la renta<\/h3>\n<p><img decoding=\"async\" src=\"https:\/\/hips.hearstapps.com\/hmg-prod\/images\/sabrina-carpenter-attends-the-2024-met-gala-celebrating-news-photo-1715041571.jpg?crop=0.535xw:1.00xh;0.163xw,0&amp;resize=980:*\" alt=\"sabrina carpenter met gala 2024\" \/><\/p>\n<h3>Lily James, de Erdem<\/h3>\n<p><img loading=\"lazy\" decoding=\"async\" class=\"aligncenter size-full wp-image-176014\" src=\"https:\/\/graziamagazine.com\/es\/wp-content\/uploads\/sites\/12\/2024\/05\/metmuseum-4.jpg\" alt=\"\" width=\"1440\" height=\"1800\" srcset=\"https:\/\/graziamagazine.com\/es\/wp-content\/uploads\/sites\/12\/2024\/05\/metmuseum-4.jpg 1440w, https:\/\/graziamagazine.com\/es\/wp-content\/uploads\/sites\/12\/2024\/05\/metmuseum-4-240x300.jpg 240w, https:\/\/graziamagazine.com\/es\/wp-content\/uploads\/sites\/12\/2024\/05\/metmuseum-4-819x1024.jpg 819w, https:\/\/graziamagazine.com\/es\/wp-content\/uploads\/sites\/12\/2024\/05\/metmuseum-4-768x960.jpg 768w, https:\/\/graziamagazine.com\/es\/wp-content\/uploads\/sites\/12\/2024\/05\/metmuseum-4-1229x1536.jpg 1229w, https:\/\/graziamagazine.com\/es\/wp-content\/uploads\/sites\/12\/2024\/05\/metmuseum-4-400x500.jpg 400w, https:\/\/graziamagazine.com\/es\/wp-content\/uploads\/sites\/12\/2024\/05\/metmuseum-4-155x194.jpg 155w\" sizes=\"(max-width: 1440px) 100vw, 1440px\" \/><\/p>\n<h3>Gwendoline Christie, de margiela<\/h3>\n<p><img loading=\"lazy\" decoding=\"async\" class=\"aligncenter size-full wp-image-176004\" src=\"https:\/\/graziamagazine.com\/es\/wp-content\/uploads\/sites\/12\/2024\/05\/justjared-4.jpg\" alt=\"\" width=\"1440\" height=\"1800\" srcset=\"https:\/\/graziamagazine.com\/es\/wp-content\/uploads\/sites\/12\/2024\/05\/justjared-4.jpg 1440w, https:\/\/graziamagazine.com\/es\/wp-content\/uploads\/sites\/12\/2024\/05\/justjared-4-240x300.jpg 240w, https:\/\/graziamagazine.com\/es\/wp-content\/uploads\/sites\/12\/2024\/05\/justjared-4-819x1024.jpg 819w, https:\/\/graziamagazine.com\/es\/wp-content\/uploads\/sites\/12\/2024\/05\/justjared-4-768x960.jpg 768w, https:\/\/graziamagazine.com\/es\/wp-content\/uploads\/sites\/12\/2024\/05\/justjared-4-1229x1536.jpg 1229w, https:\/\/graziamagazine.com\/es\/wp-content\/uploads\/sites\/12\/2024\/05\/justjared-4-400x500.jpg 400w, https:\/\/graziamagazine.com\/es\/wp-content\/uploads\/sites\/12\/2024\/05\/justjared-4-155x194.jpg 155w\" sizes=\"(max-width: 1440px) 100vw, 1440px\" \/><\/p>\n<h3>Rita Ora y Taika Waititi, de Marni<\/h3>\n<p><img loading=\"lazy\" decoding=\"async\" class=\"aligncenter size-full wp-image-176027\" src=\"https:\/\/graziamagazine.com\/es\/wp-content\/uploads\/sites\/12\/2024\/05\/taikawaititi.jpg\" alt=\"\" width=\"1440\" height=\"1800\" srcset=\"https:\/\/graziamagazine.com\/es\/wp-content\/uploads\/sites\/12\/2024\/05\/taikawaititi.jpg 1440w, https:\/\/graziamagazine.com\/es\/wp-content\/uploads\/sites\/12\/2024\/05\/taikawaititi-240x300.jpg 240w, https:\/\/graziamagazine.com\/es\/wp-content\/uploads\/sites\/12\/2024\/05\/taikawaititi-819x1024.jpg 819w, https:\/\/graziamagazine.com\/es\/wp-content\/uploads\/sites\/12\/2024\/05\/taikawaititi-768x960.jpg 768w, https:\/\/graziamagazine.com\/es\/wp-content\/uploads\/sites\/12\/2024\/05\/taikawaititi-1229x1536.jpg 1229w, https:\/\/graziamagazine.com\/es\/wp-content\/uploads\/sites\/12\/2024\/05\/taikawaititi-400x500.jpg 400w, https:\/\/graziamagazine.com\/es\/wp-content\/uploads\/sites\/12\/2024\/05\/taikawaititi-155x194.jpg 155w\" sizes=\"(max-width: 1440px) 100vw, 1440px\" \/><\/p>\n<h3>Dove Cameron, de Marni y Damiano David, de Diesel<\/h3>\n<p><img loading=\"lazy\" decoding=\"async\" class=\"aligncenter size-full wp-image-176028\" src=\"https:\/\/graziamagazine.com\/es\/wp-content\/uploads\/sites\/12\/2024\/05\/dovecameron.jpg\" alt=\"\" width=\"1440\" height=\"1800\" srcset=\"https:\/\/graziamagazine.com\/es\/wp-content\/uploads\/sites\/12\/2024\/05\/dovecameron.jpg 1440w, https:\/\/graziamagazine.com\/es\/wp-content\/uploads\/sites\/12\/2024\/05\/dovecameron-240x300.jpg 240w, https:\/\/graziamagazine.com\/es\/wp-content\/uploads\/sites\/12\/2024\/05\/dovecameron-819x1024.jpg 819w, https:\/\/graziamagazine.com\/es\/wp-content\/uploads\/sites\/12\/2024\/05\/dovecameron-768x960.jpg 768w, https:\/\/graziamagazine.com\/es\/wp-content\/uploads\/sites\/12\/2024\/05\/dovecameron-1229x1536.jpg 1229w, https:\/\/graziamagazine.com\/es\/wp-content\/uploads\/sites\/12\/2024\/05\/dovecameron-400x500.jpg 400w, https:\/\/graziamagazine.com\/es\/wp-content\/uploads\/sites\/12\/2024\/05\/dovecameron-155x194.jpg 155w\" sizes=\"(max-width: 1440px) 100vw, 1440px\" \/><\/p>\n<h3 class=\"css-1kcx7z8 eutn2uj7\">Willow Smith, de Dior, y Jaden Smith<\/h3>\n<p><img decoding=\"async\" src=\"https:\/\/hips.hearstapps.com\/hmg-prod\/images\/willow-smith-and-jaden-smith-attend-the-2024-met-gala-news-photo-1715041110.jpg?crop=1xw:1xh;center,top&amp;resize=980:*\" alt=\"willow y jaden smith met gala 2024\" \/><\/p>\n<h3>Ashley Graham, de\u00a0 Ludovic de Saint Sernin<\/h3>\n<p><img loading=\"lazy\" decoding=\"async\" class=\"aligncenter size-full wp-image-176005\" src=\"https:\/\/graziamagazine.com\/es\/wp-content\/uploads\/sites\/12\/2024\/05\/ashleygraham.jpg\" alt=\"\" width=\"1440\" height=\"1800\" srcset=\"https:\/\/graziamagazine.com\/es\/wp-content\/uploads\/sites\/12\/2024\/05\/ashleygraham.jpg 1440w, https:\/\/graziamagazine.com\/es\/wp-content\/uploads\/sites\/12\/2024\/05\/ashleygraham-240x300.jpg 240w, https:\/\/graziamagazine.com\/es\/wp-content\/uploads\/sites\/12\/2024\/05\/ashleygraham-819x1024.jpg 819w, https:\/\/graziamagazine.com\/es\/wp-content\/uploads\/sites\/12\/2024\/05\/ashleygraham-768x960.jpg 768w, https:\/\/graziamagazine.com\/es\/wp-content\/uploads\/sites\/12\/2024\/05\/ashleygraham-1229x1536.jpg 1229w, https:\/\/graziamagazine.com\/es\/wp-content\/uploads\/sites\/12\/2024\/05\/ashleygraham-400x500.jpg 400w, https:\/\/graziamagazine.com\/es\/wp-content\/uploads\/sites\/12\/2024\/05\/ashleygraham-155x194.jpg 155w\" sizes=\"(max-width: 1440px) 100vw, 1440px\" \/><\/p>\n<h3 class=\"css-1kcx7z8 eutn2uj7\">Mindy Kaling, de Gaurav Gupta<\/h3>\n<p><img loading=\"lazy\" decoding=\"async\" class=\"aligncenter size-full wp-image-176019\" src=\"https:\/\/graziamagazine.com\/es\/wp-content\/uploads\/sites\/12\/2024\/05\/mindykaling.jpg\" alt=\"\" width=\"1440\" height=\"1440\" srcset=\"https:\/\/graziamagazine.com\/es\/wp-content\/uploads\/sites\/12\/2024\/05\/mindykaling.jpg 1440w, https:\/\/graziamagazine.com\/es\/wp-content\/uploads\/sites\/12\/2024\/05\/mindykaling-300x300.jpg 300w, https:\/\/graziamagazine.com\/es\/wp-content\/uploads\/sites\/12\/2024\/05\/mindykaling-1024x1024.jpg 1024w, https:\/\/graziamagazine.com\/es\/wp-content\/uploads\/sites\/12\/2024\/05\/mindykaling-150x150.jpg 150w, https:\/\/graziamagazine.com\/es\/wp-content\/uploads\/sites\/12\/2024\/05\/mindykaling-768x768.jpg 768w, https:\/\/graziamagazine.com\/es\/wp-content\/uploads\/sites\/12\/2024\/05\/mindykaling-400x400.jpg 400w, https:\/\/graziamagazine.com\/es\/wp-content\/uploads\/sites\/12\/2024\/05\/mindykaling-155x155.jpg 155w\" sizes=\"(max-width: 1440px) 100vw, 1440px\" \/><\/p>\n<h3 class=\"css-1kcx7z8 eutn2uj7\">Lea Michele, de Rodarte<\/h3>\n<p><img decoding=\"async\" src=\"https:\/\/hips.hearstapps.com\/hmg-prod\/images\/lea-michele-attends-the-2024-met-gala-celebrating-sleeping-news-photo-1715032336.jpg?crop=1xw:1xh;center,top&amp;resize=980:*\" alt=\"lea michelle met gala 2024\" \/><\/p>\n<div class=\"GallerySlideWrapper-yxPsh buqWBo\" data-event-boundary=\"click\" data-in-view=\"{&quot;pattern&quot;:&quot;GallerySlide&quot;}\" data-event-click=\"{&quot;pattern&quot;:&quot;GallerySlide&quot;}\" data-item=\"{&quot;dangerousHed&quot;:&quot;Sabrina Harrison&quot;,&quot;brand&quot;:{&quot;name&quot;:&quot;&quot;},&quot;id&quot;:&quot;66395751f927b4f86223ad6f&quot;,&quot;index&quot;:8,&quot;contentType&quot;:&quot;photo&quot;,&quot;offers&quot;:[],&quot;component&quot;:&quot;gallery_slide_component&quot;}\" data-testid=\"GallerySlideWrapper\" data-include-experiments=\"true\">\n<figure class=\"GallerySlideFigure-jhDfjI bGQGmP\"><figcaption class=\"GallerySlideFigCaptionWrapper-QgqEb jqOVHf GallerySlideCaptionWrapper-cVIrXn gmZcZa\">\n<div class=\"GallerySlideFigCaption-dOeyTg dJsBXf\">\n<h3 class=\"BaseWrap-sc-gjQpdd BaseText-ewhhUZ GallerySlideCaptionHed-fiZQOl iUEiRd knlBl grNYxq\"><span class=\"GallerySlideCaptionHedText-iqjOmM jwPuvZ\">Sabrina Harrison, de Schiaparelli<\/span><\/h3>\n<div class=\"GallerySlideCaptionDekContainer-hLUdt gSWuis\" data-testid=\"GallerySlideCaptionDekContainer\">\n<div class=\"GallerySlideCaptionDek-cXnbPe iuQNYi\">\n<div><img loading=\"lazy\" decoding=\"async\" class=\"aligncenter size-full wp-image-176024\" src=\"https:\/\/graziamagazine.com\/es\/wp-content\/uploads\/sites\/12\/2024\/05\/2151782736-copia-scaled.jpg\" alt=\"\" width=\"1794\" height=\"2560\" srcset=\"https:\/\/graziamagazine.com\/es\/wp-content\/uploads\/sites\/12\/2024\/05\/2151782736-copia-scaled.jpg 1794w, https:\/\/graziamagazine.com\/es\/wp-content\/uploads\/sites\/12\/2024\/05\/2151782736-copia-210x300.jpg 210w, https:\/\/graziamagazine.com\/es\/wp-content\/uploads\/sites\/12\/2024\/05\/2151782736-copia-718x1024.jpg 718w, https:\/\/graziamagazine.com\/es\/wp-content\/uploads\/sites\/12\/2024\/05\/2151782736-copia-768x1096.jpg 768w, https:\/\/graziamagazine.com\/es\/wp-content\/uploads\/sites\/12\/2024\/05\/2151782736-copia-1076x1536.jpg 1076w, https:\/\/graziamagazine.com\/es\/wp-content\/uploads\/sites\/12\/2024\/05\/2151782736-copia-1435x2048.jpg 1435w, https:\/\/graziamagazine.com\/es\/wp-content\/uploads\/sites\/12\/2024\/05\/2151782736-copia-400x571.jpg 400w, https:\/\/graziamagazine.com\/es\/wp-content\/uploads\/sites\/12\/2024\/05\/2151782736-copia-151x215.jpg 151w\" sizes=\"(max-width: 1794px) 100vw, 1794px\" \/><\/div>\n<\/div>\n<\/div>\n<\/div>\n<\/figcaption><\/figure>\n<\/div>\n<div class=\"GalleryVotingSlideWrapper-ERrMk eVeWAC\" data-event-boundary=\"click\" data-event-click=\"{&quot;pattern&quot;:&quot;GalleryVotingSlide&quot;}\" data-in-view=\"{&quot;pattern&quot;:&quot;GalleryVotingSlide&quot;}\" data-include-experiments=\"true\">\n<div class=\"VotingWrapper-khmsAf oxmNr\" data-testid=\"voting\"><\/div>\n<\/div>\n<h3>Tyla literally, en un vestido de &#8216;de arena&#8217; de Balmain<\/h3>\n<p><img loading=\"lazy\" decoding=\"async\" class=\"aligncenter size-full wp-image-176021\" src=\"https:\/\/graziamagazine.com\/es\/wp-content\/uploads\/sites\/12\/2024\/05\/metmuseum-7.jpg\" alt=\"\" width=\"1440\" height=\"1800\" srcset=\"https:\/\/graziamagazine.com\/es\/wp-content\/uploads\/sites\/12\/2024\/05\/metmuseum-7.jpg 1440w, https:\/\/graziamagazine.com\/es\/wp-content\/uploads\/sites\/12\/2024\/05\/metmuseum-7-240x300.jpg 240w, https:\/\/graziamagazine.com\/es\/wp-content\/uploads\/sites\/12\/2024\/05\/metmuseum-7-819x1024.jpg 819w, https:\/\/graziamagazine.com\/es\/wp-content\/uploads\/sites\/12\/2024\/05\/metmuseum-7-768x960.jpg 768w, https:\/\/graziamagazine.com\/es\/wp-content\/uploads\/sites\/12\/2024\/05\/metmuseum-7-1229x1536.jpg 1229w, https:\/\/graziamagazine.com\/es\/wp-content\/uploads\/sites\/12\/2024\/05\/metmuseum-7-400x500.jpg 400w, https:\/\/graziamagazine.com\/es\/wp-content\/uploads\/sites\/12\/2024\/05\/metmuseum-7-155x194.jpg 155w\" sizes=\"(max-width: 1440px) 100vw, 1440px\" \/><\/p>\n<h3>Zoe Salda\u00f1a, de Chloe<\/h3>\n<p><img decoding=\"async\" src=\"https:\/\/graziamagazine.com\/mx\/wp-content\/uploads\/sites\/13\/2024\/05\/Captura-de-Pantalla-2024-05-06-a-las-16.17.17-685x1024.png\" \/><\/p>\n<h3 class=\"BaseWrap-sc-gjQpdd BaseText-ewhhUZ GallerySlideCaptionHed-fiZQOl iUEiRd knlBl grNYxq\"><span class=\"GallerySlideCaptionHedText-iqjOmM jwPuvZ\">GRETA GERWIG, en total black de chloe<\/span><\/h3>\n<p><img decoding=\"async\" src=\"https:\/\/graziamagazine.com\/mx\/wp-content\/uploads\/sites\/13\/2024\/05\/Captura-de-Pantalla-2024-05-06-a-las-16.17.09-655x1024.png\" \/><\/p>\n<h3>Sienna Miller, Greta Gerwig, Emma Mackey, Zoe Saldana, Chemena Kamali de Chloe<\/h3>\n<p><img loading=\"lazy\" decoding=\"async\" class=\"aligncenter size-full wp-image-176016\" src=\"https:\/\/graziamagazine.com\/es\/wp-content\/uploads\/sites\/12\/2024\/05\/metmuseum-5-e1715034736634.jpg\" alt=\"\" width=\"1410\" height=\"1335\" srcset=\"https:\/\/graziamagazine.com\/es\/wp-content\/uploads\/sites\/12\/2024\/05\/metmuseum-5-e1715034736634.jpg 1410w, https:\/\/graziamagazine.com\/es\/wp-content\/uploads\/sites\/12\/2024\/05\/metmuseum-5-e1715034736634-300x284.jpg 300w, https:\/\/graziamagazine.com\/es\/wp-content\/uploads\/sites\/12\/2024\/05\/metmuseum-5-e1715034736634-1024x970.jpg 1024w, https:\/\/graziamagazine.com\/es\/wp-content\/uploads\/sites\/12\/2024\/05\/metmuseum-5-e1715034736634-768x727.jpg 768w, https:\/\/graziamagazine.com\/es\/wp-content\/uploads\/sites\/12\/2024\/05\/metmuseum-5-e1715034736634-400x379.jpg 400w, https:\/\/graziamagazine.com\/es\/wp-content\/uploads\/sites\/12\/2024\/05\/metmuseum-5-e1715034736634-155x147.jpg 155w\" sizes=\"(max-width: 1410px) 100vw, 1410px\" \/><\/p>\n<h3>Taylor Russell, de loewe<\/h3>\n<p><img loading=\"lazy\" decoding=\"async\" class=\"aligncenter size-full wp-image-176026\" src=\"https:\/\/graziamagazine.com\/es\/wp-content\/uploads\/sites\/12\/2024\/05\/loewe-e1715038181531.jpg\" alt=\"\" width=\"1223\" height=\"1768\" srcset=\"https:\/\/graziamagazine.com\/es\/wp-content\/uploads\/sites\/12\/2024\/05\/loewe-e1715038181531.jpg 1223w, https:\/\/graziamagazine.com\/es\/wp-content\/uploads\/sites\/12\/2024\/05\/loewe-e1715038181531-208x300.jpg 208w, https:\/\/graziamagazine.com\/es\/wp-content\/uploads\/sites\/12\/2024\/05\/loewe-e1715038181531-708x1024.jpg 708w, https:\/\/graziamagazine.com\/es\/wp-content\/uploads\/sites\/12\/2024\/05\/loewe-e1715038181531-768x1110.jpg 768w, https:\/\/graziamagazine.com\/es\/wp-content\/uploads\/sites\/12\/2024\/05\/loewe-e1715038181531-1063x1536.jpg 1063w, https:\/\/graziamagazine.com\/es\/wp-content\/uploads\/sites\/12\/2024\/05\/loewe-e1715038181531-400x578.jpg 400w, https:\/\/graziamagazine.com\/es\/wp-content\/uploads\/sites\/12\/2024\/05\/loewe-e1715038181531-149x215.jpg 149w\" sizes=\"(max-width: 1223px) 100vw, 1223px\" \/><\/p>\n<div class=\"GallerySlideWrapper-yxPsh dHxnaX\" data-event-boundary=\"click\" data-in-view=\"{&quot;pattern&quot;:&quot;GallerySlide&quot;}\" data-event-click=\"{&quot;pattern&quot;:&quot;GallerySlide&quot;}\" data-item=\"{&quot;dangerousHed&quot;:&quot;Anna Wintour&quot;,&quot;brand&quot;:{&quot;name&quot;:&quot;&quot;},&quot;id&quot;:&quot;66394748ee268d86c359642f&quot;,&quot;index&quot;:0,&quot;contentType&quot;:&quot;photo&quot;,&quot;offers&quot;:[],&quot;component&quot;:&quot;gallery_slide_component&quot;}\" data-testid=\"GallerySlideWrapper\" data-include-experiments=\"true\">\n<figure class=\"GallerySlideFigure-jhDfjI bGQGmP\"><figcaption class=\"GallerySlideFigCaptionWrapper-QgqEb jqOVHf GallerySlideCaptionWrapper-cVIrXn gmZcZa\">\n<div class=\"GallerySlideFigCaption-dOeyTg dJsBXf\">\n<h3 class=\"BaseWrap-sc-gjQpdd BaseText-ewhhUZ GallerySlideCaptionHed-fiZQOl iUEiRd knlBl grNYxq\"><span class=\"GallerySlideCaptionHedText-iqjOmM jwPuvZ\">Anna Wintour, de Loewe<\/span><\/h3>\n<\/div>\n<\/figcaption><\/figure>\n<\/div>\n<p><img decoding=\"async\" src=\"https:\/\/media.vogue.es\/photos\/66394748ee268d86c359642f\/master\/w_2580%2Cc_limit\/2151774093\" \/><\/p>\n<h3>Rebecca Ferguson, de Thom Browne<br \/>\n<img loading=\"lazy\" decoding=\"async\" class=\"aligncenter size-full wp-image-176011\" src=\"https:\/\/graziamagazine.com\/es\/wp-content\/uploads\/sites\/12\/2024\/05\/metmuseum-2-1.jpg\" alt=\"\" width=\"1440\" height=\"1440\" srcset=\"https:\/\/graziamagazine.com\/es\/wp-content\/uploads\/sites\/12\/2024\/05\/metmuseum-2-1.jpg 1440w, https:\/\/graziamagazine.com\/es\/wp-content\/uploads\/sites\/12\/2024\/05\/metmuseum-2-1-300x300.jpg 300w, https:\/\/graziamagazine.com\/es\/wp-content\/uploads\/sites\/12\/2024\/05\/metmuseum-2-1-1024x1024.jpg 1024w, https:\/\/graziamagazine.com\/es\/wp-content\/uploads\/sites\/12\/2024\/05\/metmuseum-2-1-150x150.jpg 150w, https:\/\/graziamagazine.com\/es\/wp-content\/uploads\/sites\/12\/2024\/05\/metmuseum-2-1-768x768.jpg 768w, https:\/\/graziamagazine.com\/es\/wp-content\/uploads\/sites\/12\/2024\/05\/metmuseum-2-1-400x400.jpg 400w, https:\/\/graziamagazine.com\/es\/wp-content\/uploads\/sites\/12\/2024\/05\/metmuseum-2-1-155x155.jpg 155w\" sizes=\"(max-width: 1440px) 100vw, 1440px\" \/><\/h3>\n<h3><span class=\"GallerySlideCaptionHedText-iqjOmM jwPuvZ\">LA LA ANTHONY, de Alexander McQueen<\/span><\/h3>\n<p><img loading=\"lazy\" decoding=\"async\" class=\"aligncenter size-full wp-image-176015\" src=\"https:\/\/graziamagazine.com\/es\/wp-content\/uploads\/sites\/12\/2024\/05\/Captura-de-Pantalla-2024-05-06-a-las-15.24.40.png\" alt=\"\" width=\"978\" height=\"1500\" srcset=\"https:\/\/graziamagazine.com\/es\/wp-content\/uploads\/sites\/12\/2024\/05\/Captura-de-Pantalla-2024-05-06-a-las-15.24.40.png 978w, https:\/\/graziamagazine.com\/es\/wp-content\/uploads\/sites\/12\/2024\/05\/Captura-de-Pantalla-2024-05-06-a-las-15.24.40-196x300.png 196w, https:\/\/graziamagazine.com\/es\/wp-content\/uploads\/sites\/12\/2024\/05\/Captura-de-Pantalla-2024-05-06-a-las-15.24.40-668x1024.png 668w, https:\/\/graziamagazine.com\/es\/wp-content\/uploads\/sites\/12\/2024\/05\/Captura-de-Pantalla-2024-05-06-a-las-15.24.40-768x1178.png 768w, https:\/\/graziamagazine.com\/es\/wp-content\/uploads\/sites\/12\/2024\/05\/Captura-de-Pantalla-2024-05-06-a-las-15.24.40-400x613.png 400w, https:\/\/graziamagazine.com\/es\/wp-content\/uploads\/sites\/12\/2024\/05\/Captura-de-Pantalla-2024-05-06-a-las-15.24.40-140x215.png 140w\" sizes=\"(max-width: 978px) 100vw, 978px\" \/><\/p>\n<h3>Rachel Smith, con vestido asim\u00e9trico<\/h3>\n<p><img decoding=\"async\" src=\"https:\/\/graziamagazine.com\/mx\/wp-content\/uploads\/sites\/13\/2024\/05\/Captura-de-Pantalla-2024-05-06-a-las-15.05.57-669x1024.png\" \/><\/p>\n<h3>Rebecca Hall, de Danielle Frankel<\/h3>\n<p><img loading=\"lazy\" decoding=\"async\" class=\"aligncenter size-full wp-image-176017\" src=\"https:\/\/graziamagazine.com\/es\/wp-content\/uploads\/sites\/12\/2024\/05\/daniellefrankelstudio-e1715034855214.jpg\" alt=\"\" width=\"1407\" height=\"1017\" srcset=\"https:\/\/graziamagazine.com\/es\/wp-content\/uploads\/sites\/12\/2024\/05\/daniellefrankelstudio-e1715034855214.jpg 1407w, https:\/\/graziamagazine.com\/es\/wp-content\/uploads\/sites\/12\/2024\/05\/daniellefrankelstudio-e1715034855214-300x217.jpg 300w, https:\/\/graziamagazine.com\/es\/wp-content\/uploads\/sites\/12\/2024\/05\/daniellefrankelstudio-e1715034855214-1024x740.jpg 1024w, https:\/\/graziamagazine.com\/es\/wp-content\/uploads\/sites\/12\/2024\/05\/daniellefrankelstudio-e1715034855214-768x555.jpg 768w, https:\/\/graziamagazine.com\/es\/wp-content\/uploads\/sites\/12\/2024\/05\/daniellefrankelstudio-e1715034855214-400x289.jpg 400w, https:\/\/graziamagazine.com\/es\/wp-content\/uploads\/sites\/12\/2024\/05\/daniellefrankelstudio-e1715034855214-155x112.jpg 155w\" sizes=\"(max-width: 1407px) 100vw, 1407px\" \/><\/p>\n<h3 class=\"BaseWrap-sc-gjQpdd BaseText-ewhhUZ GallerySlideCaptionHed-fiZQOl iUEiRd knlBl grNYxq\"><span class=\"GallerySlideCaptionHedText-iqjOmM jwPuvZ\">ALEXANDRA MICHLER KOPELMAN, con flores<\/span><\/h3>\n<p><img decoding=\"async\" src=\"https:\/\/graziamagazine.com\/mx\/wp-content\/uploads\/sites\/13\/2024\/05\/Captura-de-Pantalla-2024-05-06-a-las-15.06.03-677x1024.png\" alt=\"Met Gala 2024: Los mejores looks de la alfombra roja \" \/><\/p>\n<p>*Art\u00edculo en actualizaci\u00f3n<\/p>\n<p><em>*Im\u00e1genes: Getty Images, Instagram y cortes\u00eda<\/em><\/p>\n<p>&nbsp;<\/p>\n<div id=\"intext-sunmedia-1\">\n<div id=\"sm-it-main-container-1715024504388\" class=\"sm-it-main-container\" data-it=\"fba50fcc-ba74-4e0e-a5a7-53291fd79552\" data-device=\"desktop\" data-index=\"0\"><\/div>\n<\/div>\n<p>&nbsp;<\/p>\n","protected":false},"author":11653,"featured_media":176035,"template":"","format":"standard","categories":[2971,1],"acf":{"banner":null},"yoast_head":"<!-- This site is optimized with the Yoast SEO Premium plugin v18.5 (Yoast SEO v20.4) - https:\/\/yoast.com\/wordpress\/plugins\/seo\/ -->\n<title>Gala MET 2024: todos los looks de la alfombra roja | Grazia<\/title>\n<meta name=\"description\" content=\"Hacemos un repaso por los mejores looks que nos han dejado las celebrities durante la gran noche del MET en Nueva York.\" \/>\n<meta name=\"robots\" content=\"index, follow, max-snippet:-1, max-image-preview:large, max-video-preview:-1\" \/>\n<link rel=\"canonical\" href=\"https:\/\/graziamagazine.com\/es\/articles\/gala-met-2024-todos-los-looks-de-la-alfombra-roja\/\" \/>\n<meta property=\"og:locale\" content=\"es_ES\" \/>\n<meta property=\"og:type\" content=\"article\" \/>\n<meta property=\"og:title\" content=\"Gala MET 2024: todos los looks de la alfombra roja\" \/>\n<meta property=\"og:description\" content=\"Hacemos un repaso por los mejores looks que nos han dejado las celebrities durante la gran noche del MET en Nueva York.\" \/>\n<meta property=\"og:url\" content=\"https:\/\/graziamagazine.com\/es\/articles\/gala-met-2024-todos-los-looks-de-la-alfombra-roja\/\" \/>\n<meta property=\"og:site_name\" content=\"Grazia\" \/>\n<meta property=\"article:modified_time\" content=\"2024-05-07T09:49:42+00:00\" \/>\n<meta property=\"og:image\" content=\"https:\/\/graziamagazine.com\/es\/wp-content\/uploads\/sites\/12\/2024\/05\/GettyImages-2151796190-copia-scaled.jpg\" \/>\n\t<meta property=\"og:image:width\" content=\"2560\" \/>\n\t<meta property=\"og:image:height\" content=\"1440\" \/>\n\t<meta property=\"og:image:type\" content=\"image\/jpeg\" \/>\n<meta name=\"twitter:card\" content=\"summary_large_image\" \/>\n<meta name=\"twitter:label1\" content=\"Est. reading time\" \/>\n\t<meta name=\"twitter:data1\" content=\"15 minutos\" \/>\n<script type=\"application\/ld+json\" class=\"yoast-schema-graph\">{\"@context\":\"https:\/\/schema.org\",\"@graph\":[{\"@type\":\"WebPage\",\"@id\":\"https:\/\/graziamagazine.com\/es\/articles\/gala-met-2024-todos-los-looks-de-la-alfombra-roja\/\",\"url\":\"https:\/\/graziamagazine.com\/es\/articles\/gala-met-2024-todos-los-looks-de-la-alfombra-roja\/\",\"name\":\"Gala MET 2024: todos los looks de la alfombra roja | Grazia\",\"isPartOf\":{\"@id\":\"https:\/\/graziamagazine.com\/es\/#website\"},\"datePublished\":\"2024-05-06T21:29:52+00:00\",\"dateModified\":\"2024-05-07T09:49:42+00:00\",\"description\":\"Hacemos un repaso por los mejores looks que nos han dejado las celebrities durante la gran noche del MET en Nueva York.\",\"breadcrumb\":{\"@id\":\"https:\/\/graziamagazine.com\/es\/articles\/gala-met-2024-todos-los-looks-de-la-alfombra-roja\/#breadcrumb\"},\"inLanguage\":\"es\",\"potentialAction\":[{\"@type\":\"ReadAction\",\"target\":[\"https:\/\/graziamagazine.com\/es\/articles\/gala-met-2024-todos-los-looks-de-la-alfombra-roja\/\"]}]},{\"@type\":\"BreadcrumbList\",\"@id\":\"https:\/\/graziamagazine.com\/es\/articles\/gala-met-2024-todos-los-looks-de-la-alfombra-roja\/#breadcrumb\",\"itemListElement\":[{\"@type\":\"ListItem\",\"position\":1,\"name\":\"Portada\",\"item\":\"https:\/\/graziamagazine.com\/es\/\"},{\"@type\":\"ListItem\",\"position\":2,\"name\":\"Gala MET 2024: todos los looks de la alfombra roja\"}]},{\"@type\":\"WebSite\",\"@id\":\"https:\/\/graziamagazine.com\/es\/#website\",\"url\":\"https:\/\/graziamagazine.com\/es\/\",\"name\":\"Grazia\",\"description\":\"Moda, belleza, celebrities, estilo de vida...\",\"potentialAction\":[{\"@type\":\"SearchAction\",\"target\":{\"@type\":\"EntryPoint\",\"urlTemplate\":\"https:\/\/graziamagazine.com\/es\/?s={search_term_string}\"},\"query-input\":\"required name=search_term_string\"}],\"inLanguage\":\"es\"}]}<\/script>\n<!-- \/ Yoast SEO Premium plugin. -->","yoast_head_json":{"title":"Gala MET 2024: todos los looks de la alfombra roja | Grazia","description":"Hacemos un repaso por los mejores looks que nos han dejado las celebrities durante la gran noche del MET en Nueva York.","robots":{"index":"index","follow":"follow","max-snippet":"max-snippet:-1","max-image-preview":"max-image-preview:large","max-video-preview":"max-video-preview:-1"},"canonical":"https:\/\/graziamagazine.com\/es\/articles\/gala-met-2024-todos-los-looks-de-la-alfombra-roja\/","og_locale":"es_ES","og_type":"article","og_title":"Gala MET 2024: todos los looks de la alfombra roja","og_description":"Hacemos un repaso por los mejores looks que nos han dejado las celebrities durante la gran noche del MET en Nueva York.","og_url":"https:\/\/graziamagazine.com\/es\/articles\/gala-met-2024-todos-los-looks-de-la-alfombra-roja\/","og_site_name":"Grazia","article_modified_time":"2024-05-07T09:49:42+00:00","og_image":[{"width":2560,"height":1440,"url":"https:\/\/graziamagazine.com\/es\/wp-content\/uploads\/sites\/12\/2024\/05\/GettyImages-2151796190-copia-scaled.jpg","type":"image\/jpeg"}],"twitter_card":"summary_large_image","twitter_misc":{"Est. reading time":"15 minutos"},"schema":{"@context":"https:\/\/schema.org","@graph":[{"@type":"WebPage","@id":"https:\/\/graziamagazine.com\/es\/articles\/gala-met-2024-todos-los-looks-de-la-alfombra-roja\/","url":"https:\/\/graziamagazine.com\/es\/articles\/gala-met-2024-todos-los-looks-de-la-alfombra-roja\/","name":"Gala MET 2024: todos los looks de la alfombra roja | Grazia","isPartOf":{"@id":"https:\/\/graziamagazine.com\/es\/#website"},"datePublished":"2024-05-06T21:29:52+00:00","dateModified":"2024-05-07T09:49:42+00:00","description":"Hacemos un repaso por los mejores looks que nos han dejado las celebrities durante la gran noche del MET en Nueva York.","breadcrumb":{"@id":"https:\/\/graziamagazine.com\/es\/articles\/gala-met-2024-todos-los-looks-de-la-alfombra-roja\/#breadcrumb"},"inLanguage":"es","potentialAction":[{"@type":"ReadAction","target":["https:\/\/graziamagazine.com\/es\/articles\/gala-met-2024-todos-los-looks-de-la-alfombra-roja\/"]}]},{"@type":"BreadcrumbList","@id":"https:\/\/graziamagazine.com\/es\/articles\/gala-met-2024-todos-los-looks-de-la-alfombra-roja\/#breadcrumb","itemListElement":[{"@type":"ListItem","position":1,"name":"Portada","item":"https:\/\/graziamagazine.com\/es\/"},{"@type":"ListItem","position":2,"name":"Gala MET 2024: todos los looks de la alfombra roja"}]},{"@type":"WebSite","@id":"https:\/\/graziamagazine.com\/es\/#website","url":"https:\/\/graziamagazine.com\/es\/","name":"Grazia","description":"Moda, belleza, celebrities, estilo de vida...","potentialAction":[{"@type":"SearchAction","target":{"@type":"EntryPoint","urlTemplate":"https:\/\/graziamagazine.com\/es\/?s={search_term_string}"},"query-input":"required name=search_term_string"}],"inLanguage":"es"}]}},"jetpack_sharing_enabled":true,"distributor_meta":false,"distributor_terms":false,"distributor_media":false,"distributor_original_site_name":"Grazia","distributor_original_site_url":"https:\/\/graziamagazine.com\/es","push-errors":false,"_links":{"self":[{"href":"https:\/\/graziamagazine.com\/es\/wp-json\/wp\/v2\/articles\/175999"}],"collection":[{"href":"https:\/\/graziamagazine.com\/es\/wp-json\/wp\/v2\/articles"}],"about":[{"href":"https:\/\/graziamagazine.com\/es\/wp-json\/wp\/v2\/types\/articles"}],"author":[{"embeddable":true,"href":"https:\/\/graziamagazine.com\/es\/wp-json\/wp\/v2\/users\/11653"}],"wp:featuredmedia":[{"embeddable":true,"href":"https:\/\/graziamagazine.com\/es\/wp-json\/wp\/v2\/media\/176035"}],"wp:attachment":[{"href":"https:\/\/graziamagazine.com\/es\/wp-json\/wp\/v2\/media?parent=175999"}],"wp:term":[{"taxonomy":"category","embeddable":true,"href":"https:\/\/graziamagazine.com\/es\/wp-json\/wp\/v2\/categories?post=175999"}],"curies":[{"name":"wp","href":"https:\/\/api.w.org\/{rel}","templated":true}]}}