{"id":175989,"date":"2024-05-06T13:45:55","date_gmt":"2024-05-06T11:45:55","guid":{"rendered":"https:\/\/graziamagazine.com\/es\/?post_type=articles&#038;p=175989"},"modified":"2024-05-06T13:46:36","modified_gmt":"2024-05-06T11:46:36","slug":"las-zapatillas-deportivas-espanolas-de-la-reina-letizia","status":"publish","type":"articles","link":"https:\/\/graziamagazine.com\/es\/articles\/las-zapatillas-deportivas-espanolas-de-la-reina-letizia\/","title":{"rendered":"Las zapatillas deportivas espa\u00f1olas de la reina Letizia"},"content":{"rendered":"<p>De todos es sabido que la reina Letizia tiene ciertas dolencias en sus pies, junto al ya conocido neuroma de Morton y una metatarsalgia, ahora ha sumado un peque\u00f1o accidente dom\u00e9stico que ha provocado una lesi\u00f3n en la falange del pie derecho. Es por eso que la reina ha iniciado su agenda semanal con un look m\u00e1s casual y confortable de lo habitual, asistiendo al Teatro Real al convierto &#8216;Emoci\u00f3nArte&#8217;, un acto que fomenta la educaci\u00f3n en bienestar emocional entre los j\u00f3venes y que se desarrollar\u00e1 en el marco de la proclamaci\u00f3n del Premio Princesa de Girona \u201cInternacional 2024\u201d.<\/p>\n<p><img loading=\"lazy\" decoding=\"async\" class=\"aligncenter size-full wp-image-175993\" src=\"https:\/\/graziamagazine.com\/es\/wp-content\/uploads\/sites\/12\/2024\/05\/GM461tMWAAAzvvq-1-scaled.jpeg\" alt=\"\" width=\"2560\" height=\"1707\" srcset=\"https:\/\/graziamagazine.com\/es\/wp-content\/uploads\/sites\/12\/2024\/05\/GM461tMWAAAzvvq-1-scaled.jpeg 2560w, https:\/\/graziamagazine.com\/es\/wp-content\/uploads\/sites\/12\/2024\/05\/GM461tMWAAAzvvq-1-300x200.jpeg 300w, https:\/\/graziamagazine.com\/es\/wp-content\/uploads\/sites\/12\/2024\/05\/GM461tMWAAAzvvq-1-1024x683.jpeg 1024w, https:\/\/graziamagazine.com\/es\/wp-content\/uploads\/sites\/12\/2024\/05\/GM461tMWAAAzvvq-1-768x512.jpeg 768w, https:\/\/graziamagazine.com\/es\/wp-content\/uploads\/sites\/12\/2024\/05\/GM461tMWAAAzvvq-1-1536x1024.jpeg 1536w, https:\/\/graziamagazine.com\/es\/wp-content\/uploads\/sites\/12\/2024\/05\/GM461tMWAAAzvvq-1-2048x1366.jpeg 2048w, https:\/\/graziamagazine.com\/es\/wp-content\/uploads\/sites\/12\/2024\/05\/GM461tMWAAAzvvq-1-400x267.jpeg 400w, https:\/\/graziamagazine.com\/es\/wp-content\/uploads\/sites\/12\/2024\/05\/GM461tMWAAAzvvq-1-155x103.jpeg 155w\" sizes=\"(max-width: 2560px) 100vw, 2560px\" \/><\/p>\n<p>Ha sido la propia do\u00f1a Letizia quien, al llegar visiblemente dolorida, ha compartido con los periodistas lo ocurrido: \u00ab<em>Una mala suerte, pero esto se cura. No sab\u00eda lo que me pasaba hasta que me hicieron la radiograf\u00eda<\/em>\u00ab.\u00a0 La Fundaci\u00f3n Princesa de Girona, Art House y el Teatro Real se unen para promover el bienestar emocional entre los j\u00f3venes con este concierto, presidido por la Reina, dirigido a centros educativos de secundaria y que congreg\u00f3 a m\u00e1s de mil j\u00f3venes en el Teatro Real.<\/p>\n<p><img loading=\"lazy\" decoding=\"async\" class=\"aligncenter size-full wp-image-175991\" src=\"https:\/\/graziamagazine.com\/es\/wp-content\/uploads\/sites\/12\/2024\/05\/instylespain-3-e1714995085127.jpg\" alt=\"\" width=\"1182\" height=\"1788\" srcset=\"https:\/\/graziamagazine.com\/es\/wp-content\/uploads\/sites\/12\/2024\/05\/instylespain-3-e1714995085127.jpg 1182w, https:\/\/graziamagazine.com\/es\/wp-content\/uploads\/sites\/12\/2024\/05\/instylespain-3-e1714995085127-198x300.jpg 198w, https:\/\/graziamagazine.com\/es\/wp-content\/uploads\/sites\/12\/2024\/05\/instylespain-3-e1714995085127-677x1024.jpg 677w, https:\/\/graziamagazine.com\/es\/wp-content\/uploads\/sites\/12\/2024\/05\/instylespain-3-e1714995085127-768x1162.jpg 768w, https:\/\/graziamagazine.com\/es\/wp-content\/uploads\/sites\/12\/2024\/05\/instylespain-3-e1714995085127-1015x1536.jpg 1015w, https:\/\/graziamagazine.com\/es\/wp-content\/uploads\/sites\/12\/2024\/05\/instylespain-3-e1714995085127-400x605.jpg 400w, https:\/\/graziamagazine.com\/es\/wp-content\/uploads\/sites\/12\/2024\/05\/instylespain-3-e1714995085127-142x215.jpg 142w\" sizes=\"(max-width: 1182px) 100vw, 1182px\" \/><\/p>\n<p>Para la ocasi\u00f3n la reina ha elegido una chaqueta de tweed larca y de corte recto, de Mango en color fucsia, con doble botonadura y bajo deshilachado. La mala noticia es que ya no est\u00e1 disponible en la web de la firma espa\u00f1ola porque pertenece a una colecci\u00f3n anterior.<\/p>\n<p>La buena noticia es que tenemos todos los datos de <strong>las zapatillas, tambi\u00e9n de marca espa\u00f1ola: MU The Brand<\/strong>, una firma de zapatillas deportivas \u00fanicas, v\u00e9rsatiles y c\u00f3modas, dise\u00f1adas y fabricadas de manera sostenible, con materiales certificados en su taller artesano en Elche, Espa\u00f1a.<\/p>\n<p><img loading=\"lazy\" decoding=\"async\" class=\"aligncenter size-full wp-image-175995\" src=\"https:\/\/graziamagazine.com\/es\/wp-content\/uploads\/sites\/12\/2024\/05\/f.elconfidencial.com_original_677_b22_9c1_677b229c1defb2cc7fb11f690405f8a1.jpg\" alt=\"\" width=\"1440\" height=\"810\" srcset=\"https:\/\/graziamagazine.com\/es\/wp-content\/uploads\/sites\/12\/2024\/05\/f.elconfidencial.com_original_677_b22_9c1_677b229c1defb2cc7fb11f690405f8a1.jpg 1440w, https:\/\/graziamagazine.com\/es\/wp-content\/uploads\/sites\/12\/2024\/05\/f.elconfidencial.com_original_677_b22_9c1_677b229c1defb2cc7fb11f690405f8a1-300x169.jpg 300w, https:\/\/graziamagazine.com\/es\/wp-content\/uploads\/sites\/12\/2024\/05\/f.elconfidencial.com_original_677_b22_9c1_677b229c1defb2cc7fb11f690405f8a1-1024x576.jpg 1024w, https:\/\/graziamagazine.com\/es\/wp-content\/uploads\/sites\/12\/2024\/05\/f.elconfidencial.com_original_677_b22_9c1_677b229c1defb2cc7fb11f690405f8a1-768x432.jpg 768w, https:\/\/graziamagazine.com\/es\/wp-content\/uploads\/sites\/12\/2024\/05\/f.elconfidencial.com_original_677_b22_9c1_677b229c1defb2cc7fb11f690405f8a1-400x225.jpg 400w, https:\/\/graziamagazine.com\/es\/wp-content\/uploads\/sites\/12\/2024\/05\/f.elconfidencial.com_original_677_b22_9c1_677b229c1defb2cc7fb11f690405f8a1-155x87.jpg 155w\" sizes=\"(max-width: 1440px) 100vw, 1440px\" \/><\/p>\n<p>El modelo elegido por la reina es el MU01, con la parte trasera en gris y leng\u00fceta beige, que ya hemos visto en m\u00e1s ocasiones. <a href=\"https:\/\/muthebrandstore.com\/products\/mu-01\" target=\"_blank\">Su precio es de 113 euros en la web de la firma espa\u00f1ola<\/a>.<\/p>\n<p><img loading=\"lazy\" decoding=\"async\" class=\"aligncenter size-full wp-image-175996\" src=\"https:\/\/graziamagazine.com\/es\/wp-content\/uploads\/sites\/12\/2024\/05\/IMG-6519-copia.jpg\" alt=\"\" width=\"800\" height=\"1200\" srcset=\"https:\/\/graziamagazine.com\/es\/wp-content\/uploads\/sites\/12\/2024\/05\/IMG-6519-copia.jpg 800w, https:\/\/graziamagazine.com\/es\/wp-content\/uploads\/sites\/12\/2024\/05\/IMG-6519-copia-200x300.jpg 200w, https:\/\/graziamagazine.com\/es\/wp-content\/uploads\/sites\/12\/2024\/05\/IMG-6519-copia-683x1024.jpg 683w, https:\/\/graziamagazine.com\/es\/wp-content\/uploads\/sites\/12\/2024\/05\/IMG-6519-copia-768x1152.jpg 768w, https:\/\/graziamagazine.com\/es\/wp-content\/uploads\/sites\/12\/2024\/05\/IMG-6519-copia-400x600.jpg 400w, https:\/\/graziamagazine.com\/es\/wp-content\/uploads\/sites\/12\/2024\/05\/IMG-6519-copia-143x215.jpg 143w\" sizes=\"(max-width: 800px) 100vw, 800px\" \/><\/p>\n<p><em>*Im\u00e1genes: Getty Images, Casa Real<\/em><\/p>\n","protected":false},"author":11653,"featured_media":175990,"template":"","format":"standard","categories":[2971],"acf":{"banner":null},"yoast_head":"<!-- This site is optimized with the Yoast SEO Premium plugin v18.5 (Yoast SEO v20.4) - https:\/\/yoast.com\/wordpress\/plugins\/seo\/ -->\n<title>Las zapatillas deportivas espa\u00f1olas de la reina Letizia | Grazia<\/title>\n<meta name=\"description\" content=\"Do\u00f1a Letizia ha iniciado su agenda semanal con una lesi\u00f3n en su pie derecho y ha optado por un calzado c\u00f3modo y made in Spain.\" \/>\n<meta name=\"robots\" content=\"index, follow, max-snippet:-1, max-image-preview:large, max-video-preview:-1\" \/>\n<link rel=\"canonical\" href=\"https:\/\/graziamagazine.com\/es\/articles\/las-zapatillas-deportivas-espanolas-de-la-reina-letizia\/\" \/>\n<meta property=\"og:locale\" content=\"es_ES\" \/>\n<meta property=\"og:type\" content=\"article\" \/>\n<meta property=\"og:title\" content=\"Las zapatillas deportivas espa\u00f1olas de la reina Letizia\" \/>\n<meta property=\"og:description\" content=\"Do\u00f1a Letizia ha iniciado su agenda semanal con una lesi\u00f3n en su pie derecho y ha optado por un calzado c\u00f3modo y made in Spain.\" \/>\n<meta property=\"og:url\" content=\"https:\/\/graziamagazine.com\/es\/articles\/las-zapatillas-deportivas-espanolas-de-la-reina-letizia\/\" \/>\n<meta property=\"og:site_name\" content=\"Grazia\" \/>\n<meta property=\"article:modified_time\" content=\"2024-05-06T11:46:36+00:00\" \/>\n<meta property=\"og:image\" content=\"https:\/\/graziamagazine.com\/es\/wp-content\/uploads\/sites\/12\/2024\/05\/instylespain-2-e1714995986125.jpg\" \/>\n\t<meta property=\"og:image:width\" content=\"1404\" \/>\n\t<meta property=\"og:image:height\" content=\"1248\" \/>\n\t<meta property=\"og:image:type\" content=\"image\/jpeg\" \/>\n<meta name=\"twitter:card\" content=\"summary_large_image\" \/>\n<meta name=\"twitter:label1\" content=\"Est. reading time\" \/>\n\t<meta name=\"twitter:data1\" content=\"3 minutos\" \/>\n<script type=\"application\/ld+json\" class=\"yoast-schema-graph\">{\"@context\":\"https:\/\/schema.org\",\"@graph\":[{\"@type\":\"WebPage\",\"@id\":\"https:\/\/graziamagazine.com\/es\/articles\/las-zapatillas-deportivas-espanolas-de-la-reina-letizia\/\",\"url\":\"https:\/\/graziamagazine.com\/es\/articles\/las-zapatillas-deportivas-espanolas-de-la-reina-letizia\/\",\"name\":\"Las zapatillas deportivas espa\u00f1olas de la reina Letizia | Grazia\",\"isPartOf\":{\"@id\":\"https:\/\/graziamagazine.com\/es\/#website\"},\"datePublished\":\"2024-05-06T11:45:55+00:00\",\"dateModified\":\"2024-05-06T11:46:36+00:00\",\"description\":\"Do\u00f1a Letizia ha iniciado su agenda semanal con una lesi\u00f3n en su pie derecho y ha optado por un calzado c\u00f3modo y made in Spain.\",\"breadcrumb\":{\"@id\":\"https:\/\/graziamagazine.com\/es\/articles\/las-zapatillas-deportivas-espanolas-de-la-reina-letizia\/#breadcrumb\"},\"inLanguage\":\"es\",\"potentialAction\":[{\"@type\":\"ReadAction\",\"target\":[\"https:\/\/graziamagazine.com\/es\/articles\/las-zapatillas-deportivas-espanolas-de-la-reina-letizia\/\"]}]},{\"@type\":\"BreadcrumbList\",\"@id\":\"https:\/\/graziamagazine.com\/es\/articles\/las-zapatillas-deportivas-espanolas-de-la-reina-letizia\/#breadcrumb\",\"itemListElement\":[{\"@type\":\"ListItem\",\"position\":1,\"name\":\"Portada\",\"item\":\"https:\/\/graziamagazine.com\/es\/\"},{\"@type\":\"ListItem\",\"position\":2,\"name\":\"Las zapatillas deportivas espa\u00f1olas de la reina Letizia\"}]},{\"@type\":\"WebSite\",\"@id\":\"https:\/\/graziamagazine.com\/es\/#website\",\"url\":\"https:\/\/graziamagazine.com\/es\/\",\"name\":\"Grazia\",\"description\":\"Moda, belleza, celebrities, estilo de vida...\",\"potentialAction\":[{\"@type\":\"SearchAction\",\"target\":{\"@type\":\"EntryPoint\",\"urlTemplate\":\"https:\/\/graziamagazine.com\/es\/?s={search_term_string}\"},\"query-input\":\"required name=search_term_string\"}],\"inLanguage\":\"es\"}]}<\/script>\n<!-- \/ Yoast SEO Premium plugin. -->","yoast_head_json":{"title":"Las zapatillas deportivas espa\u00f1olas de la reina Letizia | Grazia","description":"Do\u00f1a Letizia ha iniciado su agenda semanal con una lesi\u00f3n en su pie derecho y ha optado por un calzado c\u00f3modo y made in Spain.","robots":{"index":"index","follow":"follow","max-snippet":"max-snippet:-1","max-image-preview":"max-image-preview:large","max-video-preview":"max-video-preview:-1"},"canonical":"https:\/\/graziamagazine.com\/es\/articles\/las-zapatillas-deportivas-espanolas-de-la-reina-letizia\/","og_locale":"es_ES","og_type":"article","og_title":"Las zapatillas deportivas espa\u00f1olas de la reina Letizia","og_description":"Do\u00f1a Letizia ha iniciado su agenda semanal con una lesi\u00f3n en su pie derecho y ha optado por un calzado c\u00f3modo y made in Spain.","og_url":"https:\/\/graziamagazine.com\/es\/articles\/las-zapatillas-deportivas-espanolas-de-la-reina-letizia\/","og_site_name":"Grazia","article_modified_time":"2024-05-06T11:46:36+00:00","og_image":[{"width":1404,"height":1248,"url":"https:\/\/graziamagazine.com\/es\/wp-content\/uploads\/sites\/12\/2024\/05\/instylespain-2-e1714995986125.jpg","type":"image\/jpeg"}],"twitter_card":"summary_large_image","twitter_misc":{"Est. reading time":"3 minutos"},"schema":{"@context":"https:\/\/schema.org","@graph":[{"@type":"WebPage","@id":"https:\/\/graziamagazine.com\/es\/articles\/las-zapatillas-deportivas-espanolas-de-la-reina-letizia\/","url":"https:\/\/graziamagazine.com\/es\/articles\/las-zapatillas-deportivas-espanolas-de-la-reina-letizia\/","name":"Las zapatillas deportivas espa\u00f1olas de la reina Letizia | Grazia","isPartOf":{"@id":"https:\/\/graziamagazine.com\/es\/#website"},"datePublished":"2024-05-06T11:45:55+00:00","dateModified":"2024-05-06T11:46:36+00:00","description":"Do\u00f1a Letizia ha iniciado su agenda semanal con una lesi\u00f3n en su pie derecho y ha optado por un calzado c\u00f3modo y made in Spain.","breadcrumb":{"@id":"https:\/\/graziamagazine.com\/es\/articles\/las-zapatillas-deportivas-espanolas-de-la-reina-letizia\/#breadcrumb"},"inLanguage":"es","potentialAction":[{"@type":"ReadAction","target":["https:\/\/graziamagazine.com\/es\/articles\/las-zapatillas-deportivas-espanolas-de-la-reina-letizia\/"]}]},{"@type":"BreadcrumbList","@id":"https:\/\/graziamagazine.com\/es\/articles\/las-zapatillas-deportivas-espanolas-de-la-reina-letizia\/#breadcrumb","itemListElement":[{"@type":"ListItem","position":1,"name":"Portada","item":"https:\/\/graziamagazine.com\/es\/"},{"@type":"ListItem","position":2,"name":"Las zapatillas deportivas espa\u00f1olas de la reina Letizia"}]},{"@type":"WebSite","@id":"https:\/\/graziamagazine.com\/es\/#website","url":"https:\/\/graziamagazine.com\/es\/","name":"Grazia","description":"Moda, belleza, celebrities, estilo de vida...","potentialAction":[{"@type":"SearchAction","target":{"@type":"EntryPoint","urlTemplate":"https:\/\/graziamagazine.com\/es\/?s={search_term_string}"},"query-input":"required name=search_term_string"}],"inLanguage":"es"}]}},"jetpack_sharing_enabled":true,"distributor_meta":false,"distributor_terms":false,"distributor_media":false,"distributor_original_site_name":"Grazia","distributor_original_site_url":"https:\/\/graziamagazine.com\/es","push-errors":false,"_links":{"self":[{"href":"https:\/\/graziamagazine.com\/es\/wp-json\/wp\/v2\/articles\/175989"}],"collection":[{"href":"https:\/\/graziamagazine.com\/es\/wp-json\/wp\/v2\/articles"}],"about":[{"href":"https:\/\/graziamagazine.com\/es\/wp-json\/wp\/v2\/types\/articles"}],"author":[{"embeddable":true,"href":"https:\/\/graziamagazine.com\/es\/wp-json\/wp\/v2\/users\/11653"}],"wp:featuredmedia":[{"embeddable":true,"href":"https:\/\/graziamagazine.com\/es\/wp-json\/wp\/v2\/media\/175990"}],"wp:attachment":[{"href":"https:\/\/graziamagazine.com\/es\/wp-json\/wp\/v2\/media?parent=175989"}],"wp:term":[{"taxonomy":"category","embeddable":true,"href":"https:\/\/graziamagazine.com\/es\/wp-json\/wp\/v2\/categories?post=175989"}],"curies":[{"name":"wp","href":"https:\/\/api.w.org\/{rel}","templated":true}]}}