{"id":175975,"date":"2024-05-06T11:44:49","date_gmt":"2024-05-06T09:44:49","guid":{"rendered":"https:\/\/graziamagazine.com\/es\/?post_type=articles&#038;p=175975"},"modified":"2024-05-06T11:48:33","modified_gmt":"2024-05-06T09:48:33","slug":"sienna-miller-tiene-el-trench-de-mango","status":"publish","type":"articles","link":"https:\/\/graziamagazine.com\/es\/articles\/sienna-miller-tiene-el-trench-de-mango\/","title":{"rendered":"Sienna Miller tiene el trench de Mango x Victoria Beckham"},"content":{"rendered":"<p>Si hay una colecci\u00f3n que est\u00e1 dando que hablar esta temporada esa es la de Mango y Victoria Beckham. La colaboraci\u00f3n, que reinterpreta y eleva los esenciales de fondo de armario, se compone de formas deconstruidas y materiales de primera calidad, elementos clave de esta colecci\u00f3n que es a la vez femenina y audaz, reflejando la identidad ecl\u00e9ctica y sofisticada de la mujer actual.<\/p>\n<p>Despu\u00e9s de la presentaci\u00f3n que tuvo lugar en la Costa Brava, y en la que nadie quiso perderse este lanzamiento entre la marca espa\u00f1ola y la dise\u00f1adora, estaba claro que las <em>celebrities<\/em> iban a caer rendidas a ella. Y as\u00ed ha sido, la primera en lucir una de las prendas ha sido Sienna Miller, reconocida siempre por su estilo y su mezcla de tendencias, y obviamente no pod\u00eda elegir otra pieza de la colecci\u00f3n que la m\u00e1s <em>british<\/em> de todas: el trench.<\/p>\n<p><img loading=\"lazy\" decoding=\"async\" class=\"aligncenter size-full wp-image-175976\" src=\"https:\/\/graziamagazine.com\/es\/wp-content\/uploads\/sites\/12\/2024\/05\/dl-u555448-004-6634e0c92e7b7.jpg\" alt=\"\" width=\"1200\" height=\"1681\" \/><\/p>\n<p class=\"product-info-text\">Si hay una prenda que no puede faltar en el armario de primavera temporada tras temporada esa es la gabardina, y si est\u00e1s pensando en hacerte con una, puedes elegir esta pieza que adem\u00e1s no es nada tradicional, al contrario.<\/p>\n<h3>El trench asim\u00e9trico de Mango x Victoria Beckham<\/h3>\n<p>Se trata de un trench 100% algod\u00f3n, de dise\u00f1o largo, recto\u00a0 y con capas en la parte posterior. Adem\u00e1s cuenta con cuello pico con solapas con muesca y cierre de lazo en los pu\u00f1os con bolsillos laterales. El bajo es asim\u00e9trico, con abertura lateral y adem\u00e1s con detalle de lazo ajustable en la cintura. <img loading=\"lazy\" decoding=\"async\" class=\"aligncenter size-full wp-image-175979\" src=\"https:\/\/graziamagazine.com\/es\/wp-content\/uploads\/sites\/12\/2024\/05\/67068657_08_01_B-copia.jpg\" alt=\"\" width=\"621\" height=\"869\" srcset=\"https:\/\/graziamagazine.com\/es\/wp-content\/uploads\/sites\/12\/2024\/05\/67068657_08_01_B-copia.jpg 621w, https:\/\/graziamagazine.com\/es\/wp-content\/uploads\/sites\/12\/2024\/05\/67068657_08_01_B-copia-214x300.jpg 214w, https:\/\/graziamagazine.com\/es\/wp-content\/uploads\/sites\/12\/2024\/05\/67068657_08_01_B-copia-400x560.jpg 400w\" sizes=\"(max-width: 621px) 100vw, 621px\" \/><\/p>\n<p>Puedes conseguirla en la web de Mango en las tallas S, M y L. <a href=\"https:\/\/shop.mango.com\/es\/mujer\/abrigos-gabardinas\/trench-largo-100-algodon_67068657.html?c=08&amp;l=01\" target=\"_blank\">Su precio es de 250 euros<\/a><\/p>\n<p><em>*Im\u00e1genes: Getty Images y cortes\u00eda<\/em><\/p>\n","protected":false},"author":11653,"featured_media":175976,"template":"","format":"standard","categories":[13],"acf":[],"yoast_head":"<!-- This site is optimized with the Yoast SEO Premium plugin v18.5 (Yoast SEO v20.4) - https:\/\/yoast.com\/wordpress\/plugins\/seo\/ -->\n<title>Sienna Miller tiene el trench de Mango x Victoria Beckham | Grazia<\/title>\n<meta name=\"description\" content=\"La actriz ha elegido una de las prendas m\u00e1s buscadas de la colecci\u00f3n y que se convierte en una pieza clave de la temporada.\" \/>\n<meta name=\"robots\" content=\"index, follow, max-snippet:-1, max-image-preview:large, max-video-preview:-1\" \/>\n<link rel=\"canonical\" href=\"https:\/\/graziamagazine.com\/es\/articles\/sienna-miller-tiene-el-trench-de-mango\/\" \/>\n<meta property=\"og:locale\" content=\"es_ES\" \/>\n<meta property=\"og:type\" content=\"article\" \/>\n<meta property=\"og:title\" content=\"Sienna Miller tiene el trench de Mango x Victoria Beckham\" \/>\n<meta property=\"og:description\" content=\"La actriz ha elegido una de las prendas m\u00e1s buscadas de la colecci\u00f3n y que se convierte en una pieza clave de la temporada.\" \/>\n<meta property=\"og:url\" content=\"https:\/\/graziamagazine.com\/es\/articles\/sienna-miller-tiene-el-trench-de-mango\/\" \/>\n<meta property=\"og:site_name\" content=\"Grazia\" \/>\n<meta property=\"article:modified_time\" content=\"2024-05-06T09:48:33+00:00\" \/>\n<meta property=\"og:image\" content=\"https:\/\/graziamagazine.com\/es\/wp-content\/uploads\/sites\/12\/2024\/05\/dl-u555448-004-6634e0c92e7b7-e1714988537911.jpg\" \/>\n\t<meta property=\"og:image:width\" content=\"1154\" \/>\n\t<meta property=\"og:image:height\" content=\"829\" \/>\n\t<meta property=\"og:image:type\" content=\"image\/jpeg\" \/>\n<meta name=\"twitter:card\" content=\"summary_large_image\" \/>\n<meta name=\"twitter:label1\" content=\"Est. reading time\" \/>\n\t<meta name=\"twitter:data1\" content=\"2 minutos\" \/>\n<script type=\"application\/ld+json\" class=\"yoast-schema-graph\">{\"@context\":\"https:\/\/schema.org\",\"@graph\":[{\"@type\":\"WebPage\",\"@id\":\"https:\/\/graziamagazine.com\/es\/articles\/sienna-miller-tiene-el-trench-de-mango\/\",\"url\":\"https:\/\/graziamagazine.com\/es\/articles\/sienna-miller-tiene-el-trench-de-mango\/\",\"name\":\"Sienna Miller tiene el trench de Mango x Victoria Beckham | Grazia\",\"isPartOf\":{\"@id\":\"https:\/\/graziamagazine.com\/es\/#website\"},\"datePublished\":\"2024-05-06T09:44:49+00:00\",\"dateModified\":\"2024-05-06T09:48:33+00:00\",\"description\":\"La actriz ha elegido una de las prendas m\u00e1s buscadas de la colecci\u00f3n y que se convierte en una pieza clave de la temporada.\",\"breadcrumb\":{\"@id\":\"https:\/\/graziamagazine.com\/es\/articles\/sienna-miller-tiene-el-trench-de-mango\/#breadcrumb\"},\"inLanguage\":\"es\",\"potentialAction\":[{\"@type\":\"ReadAction\",\"target\":[\"https:\/\/graziamagazine.com\/es\/articles\/sienna-miller-tiene-el-trench-de-mango\/\"]}]},{\"@type\":\"BreadcrumbList\",\"@id\":\"https:\/\/graziamagazine.com\/es\/articles\/sienna-miller-tiene-el-trench-de-mango\/#breadcrumb\",\"itemListElement\":[{\"@type\":\"ListItem\",\"position\":1,\"name\":\"Portada\",\"item\":\"https:\/\/graziamagazine.com\/es\/\"},{\"@type\":\"ListItem\",\"position\":2,\"name\":\"Sienna Miller tiene el trench de Mango x Victoria Beckham\"}]},{\"@type\":\"WebSite\",\"@id\":\"https:\/\/graziamagazine.com\/es\/#website\",\"url\":\"https:\/\/graziamagazine.com\/es\/\",\"name\":\"Grazia\",\"description\":\"Moda, belleza, celebrities, estilo de vida...\",\"potentialAction\":[{\"@type\":\"SearchAction\",\"target\":{\"@type\":\"EntryPoint\",\"urlTemplate\":\"https:\/\/graziamagazine.com\/es\/?s={search_term_string}\"},\"query-input\":\"required name=search_term_string\"}],\"inLanguage\":\"es\"}]}<\/script>\n<!-- \/ Yoast SEO Premium plugin. -->","yoast_head_json":{"title":"Sienna Miller tiene el trench de Mango x Victoria Beckham | Grazia","description":"La actriz ha elegido una de las prendas m\u00e1s buscadas de la colecci\u00f3n y que se convierte en una pieza clave de la temporada.","robots":{"index":"index","follow":"follow","max-snippet":"max-snippet:-1","max-image-preview":"max-image-preview:large","max-video-preview":"max-video-preview:-1"},"canonical":"https:\/\/graziamagazine.com\/es\/articles\/sienna-miller-tiene-el-trench-de-mango\/","og_locale":"es_ES","og_type":"article","og_title":"Sienna Miller tiene el trench de Mango x Victoria Beckham","og_description":"La actriz ha elegido una de las prendas m\u00e1s buscadas de la colecci\u00f3n y que se convierte en una pieza clave de la temporada.","og_url":"https:\/\/graziamagazine.com\/es\/articles\/sienna-miller-tiene-el-trench-de-mango\/","og_site_name":"Grazia","article_modified_time":"2024-05-06T09:48:33+00:00","og_image":[{"width":1154,"height":829,"url":"https:\/\/graziamagazine.com\/es\/wp-content\/uploads\/sites\/12\/2024\/05\/dl-u555448-004-6634e0c92e7b7-e1714988537911.jpg","type":"image\/jpeg"}],"twitter_card":"summary_large_image","twitter_misc":{"Est. reading time":"2 minutos"},"schema":{"@context":"https:\/\/schema.org","@graph":[{"@type":"WebPage","@id":"https:\/\/graziamagazine.com\/es\/articles\/sienna-miller-tiene-el-trench-de-mango\/","url":"https:\/\/graziamagazine.com\/es\/articles\/sienna-miller-tiene-el-trench-de-mango\/","name":"Sienna Miller tiene el trench de Mango x Victoria Beckham | Grazia","isPartOf":{"@id":"https:\/\/graziamagazine.com\/es\/#website"},"datePublished":"2024-05-06T09:44:49+00:00","dateModified":"2024-05-06T09:48:33+00:00","description":"La actriz ha elegido una de las prendas m\u00e1s buscadas de la colecci\u00f3n y que se convierte en una pieza clave de la temporada.","breadcrumb":{"@id":"https:\/\/graziamagazine.com\/es\/articles\/sienna-miller-tiene-el-trench-de-mango\/#breadcrumb"},"inLanguage":"es","potentialAction":[{"@type":"ReadAction","target":["https:\/\/graziamagazine.com\/es\/articles\/sienna-miller-tiene-el-trench-de-mango\/"]}]},{"@type":"BreadcrumbList","@id":"https:\/\/graziamagazine.com\/es\/articles\/sienna-miller-tiene-el-trench-de-mango\/#breadcrumb","itemListElement":[{"@type":"ListItem","position":1,"name":"Portada","item":"https:\/\/graziamagazine.com\/es\/"},{"@type":"ListItem","position":2,"name":"Sienna Miller tiene el trench de Mango x Victoria Beckham"}]},{"@type":"WebSite","@id":"https:\/\/graziamagazine.com\/es\/#website","url":"https:\/\/graziamagazine.com\/es\/","name":"Grazia","description":"Moda, belleza, celebrities, estilo de vida...","potentialAction":[{"@type":"SearchAction","target":{"@type":"EntryPoint","urlTemplate":"https:\/\/graziamagazine.com\/es\/?s={search_term_string}"},"query-input":"required name=search_term_string"}],"inLanguage":"es"}]}},"jetpack_sharing_enabled":true,"distributor_meta":false,"distributor_terms":false,"distributor_media":false,"distributor_original_site_name":"Grazia","distributor_original_site_url":"https:\/\/graziamagazine.com\/es","push-errors":false,"_links":{"self":[{"href":"https:\/\/graziamagazine.com\/es\/wp-json\/wp\/v2\/articles\/175975"}],"collection":[{"href":"https:\/\/graziamagazine.com\/es\/wp-json\/wp\/v2\/articles"}],"about":[{"href":"https:\/\/graziamagazine.com\/es\/wp-json\/wp\/v2\/types\/articles"}],"author":[{"embeddable":true,"href":"https:\/\/graziamagazine.com\/es\/wp-json\/wp\/v2\/users\/11653"}],"wp:featuredmedia":[{"embeddable":true,"href":"https:\/\/graziamagazine.com\/es\/wp-json\/wp\/v2\/media\/175976"}],"wp:attachment":[{"href":"https:\/\/graziamagazine.com\/es\/wp-json\/wp\/v2\/media?parent=175975"}],"wp:term":[{"taxonomy":"category","embeddable":true,"href":"https:\/\/graziamagazine.com\/es\/wp-json\/wp\/v2\/categories?post=175975"}],"curies":[{"name":"wp","href":"https:\/\/api.w.org\/{rel}","templated":true}]}}