{"id":175959,"date":"2024-05-06T09:00:55","date_gmt":"2024-05-06T07:00:55","guid":{"rendered":"https:\/\/graziamagazine.com\/es\/?post_type=articles&#038;p=175959"},"modified":"2024-05-05T22:22:26","modified_gmt":"2024-05-05T20:22:26","slug":"raul-avila-el-decorador-colombiano-detras-de-la-gala-met","status":"publish","type":"articles","link":"https:\/\/graziamagazine.com\/es\/articles\/raul-avila-el-decorador-colombiano-detras-de-la-gala-met\/","title":{"rendered":"Ra\u00fal \u00c1vila, el decorador colombiano detr\u00e1s de la Gala MET"},"content":{"rendered":"<p>Detr\u00e1s del deslumbrante escenario de la <strong>Met Gala<\/strong>, uno de los eventos m\u00e1s ic\u00f3nicos de la industria de la moda, se encuentra un talento colombiano que ha dejado su huella en el mundo del <strong>dise\u00f1o y la decoraci\u00f3n.<\/strong><\/p>\n<p><strong>Ra\u00fal \u00c1vila<\/strong>, con sus ra\u00edces en <strong>Colombia<\/strong>, ha conquistado la escena internacional con su creatividad y visi\u00f3n \u00fanica.<\/p>\n<p>Desde su partida de Colombia en 1984 en busca de oportunidades en los <strong>Estados Unidos<\/strong>, \u00c1vila ha recorrido un camino impresionante en el mundo de la moda y los eventos.<\/p>\n<div class=\"content-gallery\">\n<div class=\"gallery-placeholder\">\n<div class=\"spinner\"><\/div>\n<\/div>\n<p>&nbsp;<\/p>\n<div id=\"gallery-1\" class=\"gallery galleryid- gallery-columns- gallery-size-\">\n<figure class=\"gallery-item\">\n<div class=\"gallery-icon landscape\"><img loading=\"lazy\" decoding=\"async\" class=\"lazy\" src=\"https:\/\/graziamagazine.com\/mx\/wp-content\/uploads\/sites\/13\/2024\/05\/Captura-de-Pantalla-2024-05-03-a-las-9.47.28.png\" alt=\"\" width=\"2040\" height=\"1358\" \/><\/div>\n<\/figure>\n<figure class=\"gallery-item\">\n<div class=\"gallery-icon landscape\"><img loading=\"lazy\" decoding=\"async\" class=\"lazy\" src=\"https:\/\/graziamagazine.com\/mx\/wp-content\/uploads\/sites\/13\/2024\/05\/Captura-de-Pantalla-2024-05-03-a-las-9.47.14.png\" alt=\"\" width=\"2028\" height=\"1344\" \/><\/div>\n<\/figure>\n<figure class=\"gallery-item\">\n<div class=\"gallery-icon landscape\"><img loading=\"lazy\" decoding=\"async\" class=\"lazy\" src=\"https:\/\/graziamagazine.com\/mx\/wp-content\/uploads\/sites\/13\/2024\/05\/Captura-de-Pantalla-2024-05-03-a-las-9.47.21.png\" alt=\"\" width=\"2036\" height=\"1344\" \/><\/div>\n<\/figure>\n<\/div>\n<\/div>\n<p>Su primer acercamiento fue a trav\u00e9s del modelaje, donde r\u00e1pidamente se dio cuenta del impacto que una decoraci\u00f3n bien elaborada pod\u00eda tener en un evento. Esta revelaci\u00f3n lo llev\u00f3 a preguntarse qui\u00e9n estaba detr\u00e1s de la magia, y as\u00ed comenz\u00f3 su viaje en el mundo del dise\u00f1o y la decoraci\u00f3n de eventos.<\/p>\n<p>Su camino hacia la excelencia lo llev\u00f3 a trabajar con el legendario<strong> Robert Isabell durante 14 a\u00f1os<\/strong>, donde absorbi\u00f3 conocimientos sobre planificaci\u00f3n, arquitectura, dise\u00f1o de interiores y todo lo relacionado con su labor.<\/p>\n<p>En una entrevista para Forbes, \u00c1vila expres\u00f3 su gratitud hacia Isabell, destacando que aprender de los mejores es la mejor escuela.<\/p>\n<div class=\"content-gallery\">\n<div class=\"gallery-placeholder\">\n<div class=\"spinner\"><\/div>\n<\/div>\n<p>&nbsp;<\/p>\n<div id=\"gallery-2\" class=\"gallery galleryid- gallery-columns- gallery-size-\">\n<figure class=\"gallery-item\">\n<div class=\"gallery-icon landscape\"><img loading=\"lazy\" decoding=\"async\" class=\"lazy\" src=\"https:\/\/graziamagazine.com\/mx\/wp-content\/uploads\/sites\/13\/2024\/05\/Captura-de-Pantalla-2024-05-03-a-las-9.47.06.png\" alt=\"\" width=\"1000\" height=\"1536\" \/><\/div>\n<\/figure>\n<figure class=\"gallery-item\">\n<div class=\"gallery-icon landscape\"><img loading=\"lazy\" decoding=\"async\" class=\"lazy\" src=\"https:\/\/graziamagazine.com\/mx\/wp-content\/uploads\/sites\/13\/2024\/05\/Captura-de-Pantalla-2024-05-03-a-las-9.46.36.png\" alt=\"\" width=\"1010\" height=\"1528\" \/><\/div>\n<\/figure>\n<\/div>\n<\/div>\n<p>En 2005, \u00c1vila dio un <strong>paso audaz y fund\u00f3<\/strong> su propia empresa, estableci\u00e9ndose como un dise\u00f1ador y decorador de eventos de renombre.<\/p>\n<p>in embargo, fue en <strong>2007<\/strong> cuando su nombre brill\u00f3 con a\u00fan m\u00e1s fuerza al ser <strong>seleccionado para dise\u00f1ar la Met Gala<\/strong>, un evento que estableci\u00f3 su reputaci\u00f3n como un maestro del dise\u00f1o de eventos de alto nivel.<\/p>\n<p>A lo largo de los a\u00f1os, \u00c1vila ha deslumbrado al mundo con sus creaciones en la Met Gala, superando las expectativas a\u00f1o tras a\u00f1o y cautivando a<strong> Anna Wintour<\/strong>, la mente maestra detr\u00e1s del evento.<\/p>\n<p>Su habilidad para combinar creatividad, elegancia y visi\u00f3n art\u00edstica lo ha convertido en un referente en la industria de la moda y el dise\u00f1o.<\/p>\n<div class=\"content-gallery\">\n<div class=\"gallery-placeholder\">\n<div class=\"spinner\"><\/div>\n<\/div>\n<p>&nbsp;<\/p>\n<div id=\"gallery-3\" class=\"gallery galleryid- gallery-columns- gallery-size-\">\n<figure class=\"gallery-item\">\n<div class=\"gallery-icon landscape\"><img loading=\"lazy\" decoding=\"async\" class=\"lazy\" src=\"https:\/\/graziamagazine.com\/mx\/wp-content\/uploads\/sites\/13\/2024\/05\/Captura-de-Pantalla-2024-05-03-a-las-9.47.00.png\" alt=\"\" width=\"2056\" height=\"1336\" \/><\/div>\n<\/figure>\n<figure class=\"gallery-item\">\n<div class=\"gallery-icon landscape\"><img loading=\"lazy\" decoding=\"async\" class=\"lazy\" src=\"https:\/\/graziamagazine.com\/mx\/wp-content\/uploads\/sites\/13\/2024\/05\/Captura-de-Pantalla-2024-05-03-a-las-9.46.44.png\" alt=\"\" width=\"1010\" height=\"1532\" \/><\/div>\n<\/figure>\n<figure class=\"gallery-item\">\n<div class=\"gallery-icon landscape\"><img loading=\"lazy\" decoding=\"async\" class=\"lazy\" src=\"https:\/\/graziamagazine.com\/mx\/wp-content\/uploads\/sites\/13\/2024\/05\/Captura-de-Pantalla-2024-05-03-a-las-9.47.36.png\" alt=\"\" width=\"2046\" height=\"1344\" \/><\/div>\n<\/figure>\n<\/div>\n<\/div>\n<p>Con la llegada de cada nueva edici\u00f3n de la Met Gala, la anticipaci\u00f3n por el dise\u00f1o de \u00c1vila alcanza su punto m\u00e1ximo. Los amantes de <strong>la<\/strong> <strong>moda y los eventos<\/strong> esperan con ansias ver c\u00f3mo transformar\u00e1 el espacio para reflejar el tema y la visi\u00f3n del evento.<\/p>\n<p>Ra\u00fal \u00c1vila es un ejemplo inspirador del <strong>talento latino<\/strong> en la cima de la industria de la moda. Su ascenso desde Colombia hasta convertirse en el decorador de la Met Gala demuestra que con dedicaci\u00f3n, pasi\u00f3n y talento, no hay l\u00edmites para lo que se puede lograr.<\/p>\n<p><em>*Im\u00e1genes: cortes\u00eda y Getty Images<\/em><\/p>\n<p>&nbsp;<\/p>\n","protected":false},"author":16349,"featured_media":175960,"template":"","format":"standard","categories":[2971],"acf":{"banner":null},"yoast_head":"<!-- This site is optimized with the Yoast SEO Premium plugin v18.5 (Yoast SEO v20.4) - https:\/\/yoast.com\/wordpress\/plugins\/seo\/ -->\n<title>Ra\u00fal \u00c1vila, el decorador colombiano detr\u00e1s de la Gala MET<\/title>\n<meta name=\"description\" content=\"El trabajo de Ra\u00fal \u00c1vila va m\u00e1s all\u00e1 de la est\u00e9tica. Sus dise\u00f1os son una oda a la cultura, la historia y la creatividad humana.\" \/>\n<meta name=\"robots\" content=\"index, follow, max-snippet:-1, max-image-preview:large, max-video-preview:-1\" \/>\n<link rel=\"canonical\" href=\"https:\/\/graziamagazine.com\/es\/articles\/raul-avila-el-decorador-colombiano-detras-de-la-gala-met\/\" \/>\n<meta property=\"og:locale\" content=\"es_ES\" \/>\n<meta property=\"og:type\" content=\"article\" \/>\n<meta property=\"og:title\" content=\"Ra\u00fal \u00c1vila, el decorador colombiano detr\u00e1s de la Gala MET\" \/>\n<meta property=\"og:description\" content=\"El trabajo de Ra\u00fal \u00c1vila va m\u00e1s all\u00e1 de la est\u00e9tica. Sus dise\u00f1os son una oda a la cultura, la historia y la creatividad humana.\" \/>\n<meta property=\"og:url\" content=\"https:\/\/graziamagazine.com\/es\/articles\/raul-avila-el-decorador-colombiano-detras-de-la-gala-met\/\" \/>\n<meta property=\"og:site_name\" content=\"Grazia\" \/>\n<meta property=\"article:modified_time\" content=\"2024-05-05T20:22:26+00:00\" \/>\n<meta property=\"og:image\" content=\"https:\/\/graziamagazine.com\/es\/wp-content\/uploads\/sites\/12\/2024\/05\/Captura-de-Pantalla-2024-05-03-a-las-9.46.27.png\" \/>\n\t<meta property=\"og:image:width\" content=\"1944\" \/>\n\t<meta property=\"og:image:height\" content=\"1094\" \/>\n\t<meta property=\"og:image:type\" content=\"image\/png\" \/>\n<meta name=\"twitter:card\" content=\"summary_large_image\" \/>\n<meta name=\"twitter:label1\" content=\"Est. reading time\" \/>\n\t<meta name=\"twitter:data1\" content=\"4 minutos\" \/>\n<script type=\"application\/ld+json\" class=\"yoast-schema-graph\">{\"@context\":\"https:\/\/schema.org\",\"@graph\":[{\"@type\":\"WebPage\",\"@id\":\"https:\/\/graziamagazine.com\/es\/articles\/raul-avila-el-decorador-colombiano-detras-de-la-gala-met\/\",\"url\":\"https:\/\/graziamagazine.com\/es\/articles\/raul-avila-el-decorador-colombiano-detras-de-la-gala-met\/\",\"name\":\"Ra\u00fal \u00c1vila, el decorador colombiano detr\u00e1s de la Gala MET\",\"isPartOf\":{\"@id\":\"https:\/\/graziamagazine.com\/es\/#website\"},\"datePublished\":\"2024-05-06T07:00:55+00:00\",\"dateModified\":\"2024-05-05T20:22:26+00:00\",\"description\":\"El trabajo de Ra\u00fal \u00c1vila va m\u00e1s all\u00e1 de la est\u00e9tica. Sus dise\u00f1os son una oda a la cultura, la historia y la creatividad humana.\",\"breadcrumb\":{\"@id\":\"https:\/\/graziamagazine.com\/es\/articles\/raul-avila-el-decorador-colombiano-detras-de-la-gala-met\/#breadcrumb\"},\"inLanguage\":\"es\",\"potentialAction\":[{\"@type\":\"ReadAction\",\"target\":[\"https:\/\/graziamagazine.com\/es\/articles\/raul-avila-el-decorador-colombiano-detras-de-la-gala-met\/\"]}]},{\"@type\":\"BreadcrumbList\",\"@id\":\"https:\/\/graziamagazine.com\/es\/articles\/raul-avila-el-decorador-colombiano-detras-de-la-gala-met\/#breadcrumb\",\"itemListElement\":[{\"@type\":\"ListItem\",\"position\":1,\"name\":\"Portada\",\"item\":\"https:\/\/graziamagazine.com\/es\/\"},{\"@type\":\"ListItem\",\"position\":2,\"name\":\"Ra\u00fal \u00c1vila, el decorador colombiano detr\u00e1s de la Gala MET\"}]},{\"@type\":\"WebSite\",\"@id\":\"https:\/\/graziamagazine.com\/es\/#website\",\"url\":\"https:\/\/graziamagazine.com\/es\/\",\"name\":\"Grazia\",\"description\":\"Moda, belleza, celebrities, estilo de vida...\",\"potentialAction\":[{\"@type\":\"SearchAction\",\"target\":{\"@type\":\"EntryPoint\",\"urlTemplate\":\"https:\/\/graziamagazine.com\/es\/?s={search_term_string}\"},\"query-input\":\"required name=search_term_string\"}],\"inLanguage\":\"es\"}]}<\/script>\n<!-- \/ Yoast SEO Premium plugin. -->","yoast_head_json":{"title":"Ra\u00fal \u00c1vila, el decorador colombiano detr\u00e1s de la Gala MET","description":"El trabajo de Ra\u00fal \u00c1vila va m\u00e1s all\u00e1 de la est\u00e9tica. Sus dise\u00f1os son una oda a la cultura, la historia y la creatividad humana.","robots":{"index":"index","follow":"follow","max-snippet":"max-snippet:-1","max-image-preview":"max-image-preview:large","max-video-preview":"max-video-preview:-1"},"canonical":"https:\/\/graziamagazine.com\/es\/articles\/raul-avila-el-decorador-colombiano-detras-de-la-gala-met\/","og_locale":"es_ES","og_type":"article","og_title":"Ra\u00fal \u00c1vila, el decorador colombiano detr\u00e1s de la Gala MET","og_description":"El trabajo de Ra\u00fal \u00c1vila va m\u00e1s all\u00e1 de la est\u00e9tica. Sus dise\u00f1os son una oda a la cultura, la historia y la creatividad humana.","og_url":"https:\/\/graziamagazine.com\/es\/articles\/raul-avila-el-decorador-colombiano-detras-de-la-gala-met\/","og_site_name":"Grazia","article_modified_time":"2024-05-05T20:22:26+00:00","og_image":[{"width":1944,"height":1094,"url":"https:\/\/graziamagazine.com\/es\/wp-content\/uploads\/sites\/12\/2024\/05\/Captura-de-Pantalla-2024-05-03-a-las-9.46.27.png","type":"image\/png"}],"twitter_card":"summary_large_image","twitter_misc":{"Est. reading time":"4 minutos"},"schema":{"@context":"https:\/\/schema.org","@graph":[{"@type":"WebPage","@id":"https:\/\/graziamagazine.com\/es\/articles\/raul-avila-el-decorador-colombiano-detras-de-la-gala-met\/","url":"https:\/\/graziamagazine.com\/es\/articles\/raul-avila-el-decorador-colombiano-detras-de-la-gala-met\/","name":"Ra\u00fal \u00c1vila, el decorador colombiano detr\u00e1s de la Gala MET","isPartOf":{"@id":"https:\/\/graziamagazine.com\/es\/#website"},"datePublished":"2024-05-06T07:00:55+00:00","dateModified":"2024-05-05T20:22:26+00:00","description":"El trabajo de Ra\u00fal \u00c1vila va m\u00e1s all\u00e1 de la est\u00e9tica. Sus dise\u00f1os son una oda a la cultura, la historia y la creatividad humana.","breadcrumb":{"@id":"https:\/\/graziamagazine.com\/es\/articles\/raul-avila-el-decorador-colombiano-detras-de-la-gala-met\/#breadcrumb"},"inLanguage":"es","potentialAction":[{"@type":"ReadAction","target":["https:\/\/graziamagazine.com\/es\/articles\/raul-avila-el-decorador-colombiano-detras-de-la-gala-met\/"]}]},{"@type":"BreadcrumbList","@id":"https:\/\/graziamagazine.com\/es\/articles\/raul-avila-el-decorador-colombiano-detras-de-la-gala-met\/#breadcrumb","itemListElement":[{"@type":"ListItem","position":1,"name":"Portada","item":"https:\/\/graziamagazine.com\/es\/"},{"@type":"ListItem","position":2,"name":"Ra\u00fal \u00c1vila, el decorador colombiano detr\u00e1s de la Gala MET"}]},{"@type":"WebSite","@id":"https:\/\/graziamagazine.com\/es\/#website","url":"https:\/\/graziamagazine.com\/es\/","name":"Grazia","description":"Moda, belleza, celebrities, estilo de vida...","potentialAction":[{"@type":"SearchAction","target":{"@type":"EntryPoint","urlTemplate":"https:\/\/graziamagazine.com\/es\/?s={search_term_string}"},"query-input":"required name=search_term_string"}],"inLanguage":"es"}]}},"jetpack_sharing_enabled":true,"distributor_meta":false,"distributor_terms":false,"distributor_media":false,"distributor_original_site_name":"Grazia","distributor_original_site_url":"https:\/\/graziamagazine.com\/es","push-errors":false,"_links":{"self":[{"href":"https:\/\/graziamagazine.com\/es\/wp-json\/wp\/v2\/articles\/175959"}],"collection":[{"href":"https:\/\/graziamagazine.com\/es\/wp-json\/wp\/v2\/articles"}],"about":[{"href":"https:\/\/graziamagazine.com\/es\/wp-json\/wp\/v2\/types\/articles"}],"author":[{"embeddable":true,"href":"https:\/\/graziamagazine.com\/es\/wp-json\/wp\/v2\/users\/16349"}],"wp:featuredmedia":[{"embeddable":true,"href":"https:\/\/graziamagazine.com\/es\/wp-json\/wp\/v2\/media\/175960"}],"wp:attachment":[{"href":"https:\/\/graziamagazine.com\/es\/wp-json\/wp\/v2\/media?parent=175959"}],"wp:term":[{"taxonomy":"category","embeddable":true,"href":"https:\/\/graziamagazine.com\/es\/wp-json\/wp\/v2\/categories?post=175959"}],"curies":[{"name":"wp","href":"https:\/\/api.w.org\/{rel}","templated":true}]}}