{"id":175897,"date":"2024-05-02T09:00:17","date_gmt":"2024-05-02T07:00:17","guid":{"rendered":"https:\/\/graziamagazine.com\/es\/?post_type=articles&#038;p=175897"},"modified":"2024-05-06T15:25:20","modified_gmt":"2024-05-06T13:25:20","slug":"gala-met-2024-lo-que-tienes-que-saber-de-su-edicion-2024","status":"publish","type":"articles","link":"https:\/\/graziamagazine.com\/es\/articles\/gala-met-2024-lo-que-tienes-que-saber-de-su-edicion-2024\/","title":{"rendered":"Gala MET 2024: lo que tienes que saber de su edici\u00f3n 2024"},"content":{"rendered":"<p>La Met Gala, ese evento anual que nos hace suspirar por la moda y anticipar los looks m\u00e1s extravagantes de nuestras celebridades favoritas, est\u00e1 a punto de llegar una vez m\u00e1s.<\/p>\n<p>\u00bfEst\u00e1s listo para sumergirte en el mundo del glamour y la creatividad desenfrenada? Aqu\u00ed te contamos todo lo que necesitas saber sobre la <strong>Met Gala 2024.<\/strong><\/p>\n<h3><strong>Fecha y Anfitriones<\/strong><\/h3>\n<figure id=\"attachment_136573\" class=\"wp-caption alignnone\" style=\"width: 661px\" aria-describedby=\"caption-attachment-136573\"><img loading=\"lazy\" decoding=\"async\" class=\"size-large wp-image-136573\" src=\"https:\/\/graziamagazine.com\/mx\/wp-content\/uploads\/sites\/13\/2024\/04\/Captura-de-Pantalla-2024-04-30-a-las-10.51.20-661x1024.png\" alt=\"\u00a1Ya viene la Met Gala! Te recordamos todos lo que tienes que saber de su edici\u00f3n 2024\" width=\"661\" height=\"1024\" \/><figcaption id=\"caption-attachment-136573\" class=\"wp-caption-text\">\u00a1Ya viene la Met Gala! Te recordamos todos lo que tienes que saber de su edici\u00f3n 2024<\/figcaption><\/figure>\n<p>La Met Gala 2024 se llevar\u00e1 a cabo el primer lunes de mayo, espec\u00edficamente el 6 de mayo. Como es tradici\u00f3n, las estrellas comenzar\u00e1n a desfilar por la alfombra roja alrededor de las <strong>18:00 hrs<\/strong> de la tarde, hora local de<strong> Nueva York.<\/strong><\/p>\n<p>Este a\u00f1o, los anfitriones de la gala son una mezcla ecl\u00e9ctica de talento y glamour. <strong>Anna Wintour<\/strong>, la infame editora, ha nombrado a <strong>Zendaya, Jennifer L\u00f3pez, Bad Bunny y Chris Hemsworth<\/strong> como los copresidentes del evento.<\/p>\n<p>Con este variado grupo, podemos esperar una mezcla emocionante de estilos y personalidades en la alfombra roja.<\/p>\n<h3><strong>Tema de este a\u00f1o<\/strong><\/h3>\n<figure id=\"attachment_136572\" class=\"wp-caption alignnone\" style=\"width: 673px\" aria-describedby=\"caption-attachment-136572\"><img loading=\"lazy\" decoding=\"async\" class=\"size-large wp-image-136572\" src=\"https:\/\/graziamagazine.com\/mx\/wp-content\/uploads\/sites\/13\/2024\/04\/Captura-de-Pantalla-2024-04-30-a-las-10.51.08-673x1024.png\" alt=\"\u00a1Ya viene la Met Gala! Te recordamos todos lo que tienes que saber de su edici\u00f3n 2024\" width=\"673\" height=\"1024\" \/><figcaption id=\"caption-attachment-136572\" class=\"wp-caption-text\">\u00a1Ya viene la Met Gala! Te recordamos todos lo que tienes que saber de su edici\u00f3n 2024<\/figcaption><\/figure>\n<p>El tema de la Met Gala 2024 gira en torno a la exposici\u00f3n anual de primavera del Costume Institute, titulada<strong> \u201cBellezas Durmientes: El Despertar de la Moda\u201d.<\/strong><\/p>\n<p>Esta exhibici\u00f3n, que estar\u00e1 abierta al p\u00fablico desde el <strong>10 de mayo hasta el 2 de septiembre de 2024<\/strong>, explorar\u00e1 400 a\u00f1os de historia de la moda, centr\u00e1ndose en temas c\u00edclicos de renacimiento y renovaci\u00f3n.<\/p>\n<p>Se espera que la naturaleza desempe\u00f1e un papel crucial en esta exposici\u00f3n, con dise\u00f1os vintage de reconocidos dise\u00f1adores como <strong>Elsa Schiaparelli, Yves Saint Laurent y Christian Dior. <\/strong><\/p>\n<p>El tema <strong>\u201cJard\u00edn del Tiempo\u201d<\/strong> ser\u00e1 el enfoque principal del c\u00f3digo de vestimenta, por lo que podemos esperar ver una explosi\u00f3n de flores, estampados con ramas y elementos inspirados en la naturaleza.<\/p>\n<h3><strong>C\u00f3digo de Vestimenta<\/strong><\/h3>\n<figure id=\"attachment_136571\" class=\"wp-caption alignnone\" style=\"width: 683px\" aria-describedby=\"caption-attachment-136571\"><img loading=\"lazy\" decoding=\"async\" class=\"size-large wp-image-136571\" src=\"https:\/\/graziamagazine.com\/mx\/wp-content\/uploads\/sites\/13\/2024\/04\/naomi-campbell-1557305184-683x1024.jpg\" alt=\"\u00a1Ya viene la Met Gala! Te recordamos todos lo que tienes que saber de su edici\u00f3n 2024\" width=\"683\" height=\"1024\" \/><figcaption id=\"caption-attachment-136571\" class=\"wp-caption-text\">\u00a1Ya viene la Met Gala! Te recordamos todos lo que tienes que saber de su edici\u00f3n 2024<\/figcaption><\/figure>\n<p>Con el tema \u201cJard\u00edn del Tiempo\u201d como gu\u00eda, el c\u00f3digo de vestimenta de este gran evento promete ser tan <strong>extravagante como imaginativo. <\/strong><\/p>\n<p>Se espera que los asistentes opten por looks que reflejen la belleza ef\u00edmera y el paso del tiempo, aprovechando la oportunidad para lucir prendas inspiradas en la naturaleza y el renacimiento.<\/p>\n<p>Desde vestidos de ensue\u00f1o adornados con flores hasta trajes que evocan la belleza et\u00e9rea del tiempo, podemos esperar una variedad de interpretaciones creativas del tema por parte de las celebridades y dise\u00f1adores de moda m\u00e1s influyentes del momento.<\/p>\n<p>\u00a1Prep\u00e1rate para ser transportado a un mundo de belleza y elegancia mientras las estrellas iluminan la alfombra roja con sus deslumbrantes looks inspirados en el tema \u201cBellezas Durmientes: El Despertar de la Moda\u201d!<\/p>\n<p><em><strong>*IMAGEN: Google Images<\/strong><\/em><\/p>\n","protected":false},"author":28953,"featured_media":175900,"template":"","format":"standard","categories":[1],"acf":[],"yoast_head":"<!-- This site is optimized with the Yoast SEO Premium plugin v18.5 (Yoast SEO v20.4) - https:\/\/yoast.com\/wordpress\/plugins\/seo\/ -->\n<title>Gala MET 2024: lo que tienes que saber de su edici\u00f3n 2024<\/title>\n<meta name=\"description\" content=\"Prep\u00e1rate para una noche llena de glamour, moda y extravagancia con la edici\u00f3n 2024 de la Met Gala en el Museo Metropolitano de Nueva York\" \/>\n<meta name=\"robots\" content=\"index, follow, max-snippet:-1, max-image-preview:large, max-video-preview:-1\" \/>\n<link rel=\"canonical\" href=\"https:\/\/graziamagazine.com\/es\/articles\/gala-met-2024-lo-que-tienes-que-saber-de-su-edicion-2024\/\" \/>\n<meta property=\"og:locale\" content=\"es_ES\" \/>\n<meta property=\"og:type\" content=\"article\" \/>\n<meta property=\"og:title\" content=\"Gala MET 2024: lo que tienes que saber de su edici\u00f3n 2024\" \/>\n<meta property=\"og:description\" content=\"Prep\u00e1rate para una noche llena de glamour, moda y extravagancia con la edici\u00f3n 2024 de la Met Gala en el Museo Metropolitano de Nueva York\" \/>\n<meta property=\"og:url\" content=\"https:\/\/graziamagazine.com\/es\/articles\/gala-met-2024-lo-que-tienes-que-saber-de-su-edicion-2024\/\" \/>\n<meta property=\"og:site_name\" content=\"Grazia\" \/>\n<meta property=\"article:modified_time\" content=\"2024-05-06T13:25:20+00:00\" \/>\n<meta property=\"og:image\" content=\"https:\/\/graziamagazine.com\/es\/wp-content\/uploads\/sites\/12\/2024\/05\/98-1-copia.jpg\" \/>\n\t<meta property=\"og:image:width\" content=\"1900\" \/>\n\t<meta property=\"og:image:height\" content=\"1069\" \/>\n\t<meta property=\"og:image:type\" content=\"image\/jpeg\" \/>\n<meta name=\"twitter:card\" content=\"summary_large_image\" \/>\n<meta name=\"twitter:label1\" content=\"Est. reading time\" \/>\n\t<meta name=\"twitter:data1\" content=\"3 minutos\" \/>\n<script type=\"application\/ld+json\" class=\"yoast-schema-graph\">{\"@context\":\"https:\/\/schema.org\",\"@graph\":[{\"@type\":\"WebPage\",\"@id\":\"https:\/\/graziamagazine.com\/es\/articles\/gala-met-2024-lo-que-tienes-que-saber-de-su-edicion-2024\/\",\"url\":\"https:\/\/graziamagazine.com\/es\/articles\/gala-met-2024-lo-que-tienes-que-saber-de-su-edicion-2024\/\",\"name\":\"Gala MET 2024: lo que tienes que saber de su edici\u00f3n 2024\",\"isPartOf\":{\"@id\":\"https:\/\/graziamagazine.com\/es\/#website\"},\"datePublished\":\"2024-05-02T07:00:17+00:00\",\"dateModified\":\"2024-05-06T13:25:20+00:00\",\"description\":\"Prep\u00e1rate para una noche llena de glamour, moda y extravagancia con la edici\u00f3n 2024 de la Met Gala en el Museo Metropolitano de Nueva York\",\"breadcrumb\":{\"@id\":\"https:\/\/graziamagazine.com\/es\/articles\/gala-met-2024-lo-que-tienes-que-saber-de-su-edicion-2024\/#breadcrumb\"},\"inLanguage\":\"es\",\"potentialAction\":[{\"@type\":\"ReadAction\",\"target\":[\"https:\/\/graziamagazine.com\/es\/articles\/gala-met-2024-lo-que-tienes-que-saber-de-su-edicion-2024\/\"]}]},{\"@type\":\"BreadcrumbList\",\"@id\":\"https:\/\/graziamagazine.com\/es\/articles\/gala-met-2024-lo-que-tienes-que-saber-de-su-edicion-2024\/#breadcrumb\",\"itemListElement\":[{\"@type\":\"ListItem\",\"position\":1,\"name\":\"Portada\",\"item\":\"https:\/\/graziamagazine.com\/es\/\"},{\"@type\":\"ListItem\",\"position\":2,\"name\":\"Gala MET 2024: lo que tienes que saber de su edici\u00f3n 2024\"}]},{\"@type\":\"WebSite\",\"@id\":\"https:\/\/graziamagazine.com\/es\/#website\",\"url\":\"https:\/\/graziamagazine.com\/es\/\",\"name\":\"Grazia\",\"description\":\"Moda, belleza, celebrities, estilo de vida...\",\"potentialAction\":[{\"@type\":\"SearchAction\",\"target\":{\"@type\":\"EntryPoint\",\"urlTemplate\":\"https:\/\/graziamagazine.com\/es\/?s={search_term_string}\"},\"query-input\":\"required name=search_term_string\"}],\"inLanguage\":\"es\"}]}<\/script>\n<!-- \/ Yoast SEO Premium plugin. -->","yoast_head_json":{"title":"Gala MET 2024: lo que tienes que saber de su edici\u00f3n 2024","description":"Prep\u00e1rate para una noche llena de glamour, moda y extravagancia con la edici\u00f3n 2024 de la Met Gala en el Museo Metropolitano de Nueva York","robots":{"index":"index","follow":"follow","max-snippet":"max-snippet:-1","max-image-preview":"max-image-preview:large","max-video-preview":"max-video-preview:-1"},"canonical":"https:\/\/graziamagazine.com\/es\/articles\/gala-met-2024-lo-que-tienes-que-saber-de-su-edicion-2024\/","og_locale":"es_ES","og_type":"article","og_title":"Gala MET 2024: lo que tienes que saber de su edici\u00f3n 2024","og_description":"Prep\u00e1rate para una noche llena de glamour, moda y extravagancia con la edici\u00f3n 2024 de la Met Gala en el Museo Metropolitano de Nueva York","og_url":"https:\/\/graziamagazine.com\/es\/articles\/gala-met-2024-lo-que-tienes-que-saber-de-su-edicion-2024\/","og_site_name":"Grazia","article_modified_time":"2024-05-06T13:25:20+00:00","og_image":[{"width":1900,"height":1069,"url":"https:\/\/graziamagazine.com\/es\/wp-content\/uploads\/sites\/12\/2024\/05\/98-1-copia.jpg","type":"image\/jpeg"}],"twitter_card":"summary_large_image","twitter_misc":{"Est. reading time":"3 minutos"},"schema":{"@context":"https:\/\/schema.org","@graph":[{"@type":"WebPage","@id":"https:\/\/graziamagazine.com\/es\/articles\/gala-met-2024-lo-que-tienes-que-saber-de-su-edicion-2024\/","url":"https:\/\/graziamagazine.com\/es\/articles\/gala-met-2024-lo-que-tienes-que-saber-de-su-edicion-2024\/","name":"Gala MET 2024: lo que tienes que saber de su edici\u00f3n 2024","isPartOf":{"@id":"https:\/\/graziamagazine.com\/es\/#website"},"datePublished":"2024-05-02T07:00:17+00:00","dateModified":"2024-05-06T13:25:20+00:00","description":"Prep\u00e1rate para una noche llena de glamour, moda y extravagancia con la edici\u00f3n 2024 de la Met Gala en el Museo Metropolitano de Nueva York","breadcrumb":{"@id":"https:\/\/graziamagazine.com\/es\/articles\/gala-met-2024-lo-que-tienes-que-saber-de-su-edicion-2024\/#breadcrumb"},"inLanguage":"es","potentialAction":[{"@type":"ReadAction","target":["https:\/\/graziamagazine.com\/es\/articles\/gala-met-2024-lo-que-tienes-que-saber-de-su-edicion-2024\/"]}]},{"@type":"BreadcrumbList","@id":"https:\/\/graziamagazine.com\/es\/articles\/gala-met-2024-lo-que-tienes-que-saber-de-su-edicion-2024\/#breadcrumb","itemListElement":[{"@type":"ListItem","position":1,"name":"Portada","item":"https:\/\/graziamagazine.com\/es\/"},{"@type":"ListItem","position":2,"name":"Gala MET 2024: lo que tienes que saber de su edici\u00f3n 2024"}]},{"@type":"WebSite","@id":"https:\/\/graziamagazine.com\/es\/#website","url":"https:\/\/graziamagazine.com\/es\/","name":"Grazia","description":"Moda, belleza, celebrities, estilo de vida...","potentialAction":[{"@type":"SearchAction","target":{"@type":"EntryPoint","urlTemplate":"https:\/\/graziamagazine.com\/es\/?s={search_term_string}"},"query-input":"required name=search_term_string"}],"inLanguage":"es"}]}},"jetpack_sharing_enabled":true,"distributor_meta":false,"distributor_terms":false,"distributor_media":false,"distributor_original_site_name":"Grazia","distributor_original_site_url":"https:\/\/graziamagazine.com\/es","push-errors":false,"_links":{"self":[{"href":"https:\/\/graziamagazine.com\/es\/wp-json\/wp\/v2\/articles\/175897"}],"collection":[{"href":"https:\/\/graziamagazine.com\/es\/wp-json\/wp\/v2\/articles"}],"about":[{"href":"https:\/\/graziamagazine.com\/es\/wp-json\/wp\/v2\/types\/articles"}],"author":[{"embeddable":true,"href":"https:\/\/graziamagazine.com\/es\/wp-json\/wp\/v2\/users\/28953"}],"wp:featuredmedia":[{"embeddable":true,"href":"https:\/\/graziamagazine.com\/es\/wp-json\/wp\/v2\/media\/175900"}],"wp:attachment":[{"href":"https:\/\/graziamagazine.com\/es\/wp-json\/wp\/v2\/media?parent=175897"}],"wp:term":[{"taxonomy":"category","embeddable":true,"href":"https:\/\/graziamagazine.com\/es\/wp-json\/wp\/v2\/categories?post=175897"}],"curies":[{"name":"wp","href":"https:\/\/api.w.org\/{rel}","templated":true}]}}